{"id":9546,"date":"2022-11-14T23:51:23","date_gmt":"2022-11-15T02:51:23","guid":{"rendered":"https:\/\/www.delexodo.com.ar\/?p=9546"},"modified":"2022-11-15T00:01:42","modified_gmt":"2022-11-15T03:01:42","slug":"crespo-cerro-la-30ma-edicion-de-la-fna-con-18-mil-almas-a-pura-konga","status":"publish","type":"post","link":"https:\/\/www.delexodo.com.ar\/?p=9546","title":{"rendered":"CRESPO: CERR\u00d3 LA 30ma. EDICI\u00d3N DE LA FNA CON 18 MIL ALMAS A PURA KONGA"},"content":{"rendered":"\n<p>Una multitud se congreg\u00f3 a disfrutar del show de La K&#8217;onga en la noche clausura de la \u00abFiesta Nacional de la Avicultura\u00bb en su trig\u00e9sima edici\u00f3n en Crespo. Adem\u00e1s, se realiz\u00f3 el \u201cConcurso Nacional de Pollo al Disco\u201d con representante local en el primer puesto.<\/p>\n\n\n\n<p>Diecinueve equipos encendieron el fuego y animaron el show gastron\u00f3mico del quinto concurso del pollo al disco, realizado el domingo 13 de noviembre en el contexto de la \u201830\u00aa Fiesta Nacional de la Avicultura\u2019.<\/p>\n\n\n\n<p>Este espect\u00e1culo fue patrocinado por&nbsp;<strong>CALISA y el Grupo Motta<\/strong>, mientras que la empresa&nbsp;<strong>AlboRap Turismo<\/strong>, dispuso como premio principal un viaje a Mendoza para cada uno de los integrantes del grupo ganador.<\/p>\n\n\n\n<p>Finalmente el jurado defini\u00f3 como plato destacado en esta edici\u00f3n, la receta elaborada por el equipo crespense&nbsp;<strong>\u2018Los insuperables\u2019<\/strong>, integrado por: Gabriel Bar\u00f3n, C\u00e9sar Holzauer, Fabi\u00e1n M\u00fcller y Carlos Rickert (Crespo).<\/p>\n\n\n\n<p>Todas las presentaciones cocinadas fueron evaluadas por: Natalia Cettour, Francisco Taverna, Mariela Gallinger, Dar\u00edo Schneider y Ricardo Unrrein. La coordinaci\u00f3n estuvo a cargo de Lautaro Marche. Los equipos participantes recibieron diploma de participaci\u00f3n en el concurso y merchandising de la FNA.<\/p>\n\n\n\n<p><strong>\u2022 LOS MEJORES DE LA NOCHE<\/strong><\/p>\n\n\n\n<p><strong>-Plato ganador<\/strong><\/p>\n\n\n\n<figure class=\"wp-block-image size-large\"><img loading=\"lazy\" decoding=\"async\" width=\"1024\" height=\"576\" src=\"https:\/\/www.delexodo.com.ar\/wp-content\/uploads\/2022\/11\/0-LOS-INSUPERABLES-PREMIO-1024x576.jpg\" alt=\"\" class=\"wp-image-9547\" srcset=\"https:\/\/www.delexodo.com.ar\/wp-content\/uploads\/2022\/11\/0-LOS-INSUPERABLES-PREMIO-1024x576.jpg 1024w, https:\/\/www.delexodo.com.ar\/wp-content\/uploads\/2022\/11\/0-LOS-INSUPERABLES-PREMIO-300x169.jpg 300w, https:\/\/www.delexodo.com.ar\/wp-content\/uploads\/2022\/11\/0-LOS-INSUPERABLES-PREMIO-768x432.jpg 768w, https:\/\/www.delexodo.com.ar\/wp-content\/uploads\/2022\/11\/0-LOS-INSUPERABLES-PREMIO-1536x864.jpg 1536w, https:\/\/www.delexodo.com.ar\/wp-content\/uploads\/2022\/11\/0-LOS-INSUPERABLES-PREMIO-2048x1152.jpg 2048w\" sizes=\"auto, (max-width: 1024px) 100vw, 1024px\" \/><figcaption><strong><em>Los Insuperables:<\/em><\/strong>\u00a0Gabriel Bar\u00f3n, C\u00e9sar Holzauer, Fabi\u00e1n Muller y Carlos Rickert (Crespo)<\/figcaption><\/figure>\n\n\n\n<p><strong>-Segundo puesto<\/strong><\/p>\n\n\n\n<figure class=\"wp-block-image size-large\"><img loading=\"lazy\" decoding=\"async\" width=\"1024\" height=\"577\" src=\"https:\/\/www.delexodo.com.ar\/wp-content\/uploads\/2022\/11\/0-FUEGO-SAGRADO-1024x577.jpg\" alt=\"\" class=\"wp-image-9548\" srcset=\"https:\/\/www.delexodo.com.ar\/wp-content\/uploads\/2022\/11\/0-FUEGO-SAGRADO-1024x577.jpg 1024w, https:\/\/www.delexodo.com.ar\/wp-content\/uploads\/2022\/11\/0-FUEGO-SAGRADO-300x169.jpg 300w, https:\/\/www.delexodo.com.ar\/wp-content\/uploads\/2022\/11\/0-FUEGO-SAGRADO-768x433.jpg 768w, https:\/\/www.delexodo.com.ar\/wp-content\/uploads\/2022\/11\/0-FUEGO-SAGRADO.jpg 1131w\" sizes=\"auto, (max-width: 1024px) 100vw, 1024px\" \/><figcaption><strong><em>Fuego sagrado:<\/em><\/strong>\u00a0Fabi\u00e1n Jos\u00e9 Mayoraz, Elba Faure, Fabi\u00e1n M\u00fcller y C\u00e9sar Blanc (San Jos\u00e9)<\/figcaption><\/figure>\n\n\n\n<p><strong>-Tercer puesto:<\/strong><\/p>\n\n\n\n<figure class=\"wp-block-image size-large\"><img loading=\"lazy\" decoding=\"async\" width=\"1024\" height=\"577\" src=\"https:\/\/www.delexodo.com.ar\/wp-content\/uploads\/2022\/11\/0-La-Rosa-y-sus-Pimpollos-1024x577.jpg\" alt=\"\" class=\"wp-image-9549\" srcset=\"https:\/\/www.delexodo.com.ar\/wp-content\/uploads\/2022\/11\/0-La-Rosa-y-sus-Pimpollos-1024x577.jpg 1024w, https:\/\/www.delexodo.com.ar\/wp-content\/uploads\/2022\/11\/0-La-Rosa-y-sus-Pimpollos-300x169.jpg 300w, https:\/\/www.delexodo.com.ar\/wp-content\/uploads\/2022\/11\/0-La-Rosa-y-sus-Pimpollos-768x433.jpg 768w, https:\/\/www.delexodo.com.ar\/wp-content\/uploads\/2022\/11\/0-La-Rosa-y-sus-Pimpollos.jpg 1283w\" sizes=\"auto, (max-width: 1024px) 100vw, 1024px\" \/><figcaption><strong><em>La Rosa y sus Pimpollos:<\/em><\/strong>\u00a0Rosa Exner, Emiliano Leicker, Gonzalo Leicker y Ra\u00fal Leicker (Crespo)<\/figcaption><\/figure>\n\n\n\n<p><strong>-MENCIONES<\/strong><\/p>\n\n\n\n<p><strong>-Mejor Indumentaria<\/strong><\/p>\n\n\n\n<figure class=\"wp-block-image size-large\"><img loading=\"lazy\" decoding=\"async\" width=\"1024\" height=\"577\" src=\"https:\/\/www.delexodo.com.ar\/wp-content\/uploads\/2022\/11\/0-LOS-COQUETOS-DE-LUCAS-1024x577.jpg\" alt=\"\" class=\"wp-image-9550\" srcset=\"https:\/\/www.delexodo.com.ar\/wp-content\/uploads\/2022\/11\/0-LOS-COQUETOS-DE-LUCAS-1024x577.jpg 1024w, https:\/\/www.delexodo.com.ar\/wp-content\/uploads\/2022\/11\/0-LOS-COQUETOS-DE-LUCAS-300x169.jpg 300w, https:\/\/www.delexodo.com.ar\/wp-content\/uploads\/2022\/11\/0-LOS-COQUETOS-DE-LUCAS-768x433.jpg 768w, https:\/\/www.delexodo.com.ar\/wp-content\/uploads\/2022\/11\/0-LOS-COQUETOS-DE-LUCAS.jpg 1193w\" sizes=\"auto, (max-width: 1024px) 100vw, 1024px\" \/><figcaption><strong><em>Los Coquetos de Lucas<\/em><\/strong>: Pablo Spalla, Siomara Spalla, Cristian Franz y Lucas Barroso (Lucas Gonz\u00e1lez)<\/figcaption><\/figure>\n\n\n\n<p><strong>-Mejor Ornamentaci\u00f3n<\/strong><\/p>\n\n\n\n<figure class=\"wp-block-image size-large\"><img loading=\"lazy\" decoding=\"async\" width=\"1024\" height=\"576\" src=\"https:\/\/www.delexodo.com.ar\/wp-content\/uploads\/2022\/11\/0-LOS-INSUPERABLES-PREMIO-1024x576.jpg\" alt=\"\" class=\"wp-image-9547\" srcset=\"https:\/\/www.delexodo.com.ar\/wp-content\/uploads\/2022\/11\/0-LOS-INSUPERABLES-PREMIO-1024x576.jpg 1024w, https:\/\/www.delexodo.com.ar\/wp-content\/uploads\/2022\/11\/0-LOS-INSUPERABLES-PREMIO-300x169.jpg 300w, https:\/\/www.delexodo.com.ar\/wp-content\/uploads\/2022\/11\/0-LOS-INSUPERABLES-PREMIO-768x432.jpg 768w, https:\/\/www.delexodo.com.ar\/wp-content\/uploads\/2022\/11\/0-LOS-INSUPERABLES-PREMIO-1536x864.jpg 1536w, https:\/\/www.delexodo.com.ar\/wp-content\/uploads\/2022\/11\/0-LOS-INSUPERABLES-PREMIO-2048x1152.jpg 2048w\" sizes=\"auto, (max-width: 1024px) 100vw, 1024px\" \/><figcaption><strong><em>Los Insuperables:<\/em><\/strong>\u00a0Gabriel Bar\u00f3n, C\u00e9sar Holzauer, Fabi\u00e1n M\u00fcller y Carlos Rickert (Crespo)<\/figcaption><\/figure>\n\n\n\n<p><strong>-Mise en place<\/strong><\/p>\n\n\n\n<figure class=\"wp-block-image size-large\"><img loading=\"lazy\" decoding=\"async\" width=\"1024\" height=\"683\" src=\"https:\/\/www.delexodo.com.ar\/wp-content\/uploads\/2022\/11\/Mujeres-al-Fuego-1024x683-1.jpg\" alt=\"\" class=\"wp-image-9551\" srcset=\"https:\/\/www.delexodo.com.ar\/wp-content\/uploads\/2022\/11\/Mujeres-al-Fuego-1024x683-1.jpg 1024w, https:\/\/www.delexodo.com.ar\/wp-content\/uploads\/2022\/11\/Mujeres-al-Fuego-1024x683-1-300x200.jpg 300w, https:\/\/www.delexodo.com.ar\/wp-content\/uploads\/2022\/11\/Mujeres-al-Fuego-1024x683-1-768x512.jpg 768w\" sizes=\"auto, (max-width: 1024px) 100vw, 1024px\" \/><figcaption><strong><em>Mujeres al Fuego:\u00a0<\/em><\/strong>Mar\u00eda Eugenia Gareis, Giuliana Gareis y Patricia Eclessia (de Crespo)<\/figcaption><\/figure>\n\n\n\n<p><strong>EL JURADO<\/strong><\/p>\n\n\n\n<figure class=\"wp-block-image size-large\"><img loading=\"lazy\" decoding=\"async\" width=\"893\" height=\"1024\" src=\"https:\/\/www.delexodo.com.ar\/wp-content\/uploads\/2022\/11\/0-EL-JURADO-893x1024.jpg\" alt=\"\" class=\"wp-image-9552\" srcset=\"https:\/\/www.delexodo.com.ar\/wp-content\/uploads\/2022\/11\/0-EL-JURADO-893x1024.jpg 893w, https:\/\/www.delexodo.com.ar\/wp-content\/uploads\/2022\/11\/0-EL-JURADO-262x300.jpg 262w, https:\/\/www.delexodo.com.ar\/wp-content\/uploads\/2022\/11\/0-EL-JURADO-768x880.jpg 768w, https:\/\/www.delexodo.com.ar\/wp-content\/uploads\/2022\/11\/0-EL-JURADO.jpg 1149w\" sizes=\"auto, (max-width: 893px) 100vw, 893px\" \/><figcaption>Ricardo Unrrein, Natalia Cettour, Francisco Taverna, Mariela Gallinger y Dar\u00edo Schneider.<\/figcaption><\/figure>\n\n\n\n<p>El escenario mayor de la <strong>\u201cFiesta Nacional de la Avicultura\u201d<\/strong> tuvo a \u00abLa K&#8217;onga\u00bb como el n\u00famero art\u00edstico que le puso el broche de oro a la 30\u00aa edici\u00f3n. Pese a las inclemencias de las horas previas, la banda se encontr\u00f3 con una multitud que los esperaba, seg\u00fan datos de la organizaci\u00f3n, 18 mil almas que acompa\u00f1aron la \u00faltima jornada festiva en Crespo.<\/p>\n\n\n\n<div class=\"wp-block-image\"><figure class=\"aligncenter size-large\"><img loading=\"lazy\" decoding=\"async\" width=\"1024\" height=\"577\" src=\"https:\/\/www.delexodo.com.ar\/wp-content\/uploads\/2022\/11\/20221113_234727-1024x577.jpg\" alt=\"\" class=\"wp-image-9553\" srcset=\"https:\/\/www.delexodo.com.ar\/wp-content\/uploads\/2022\/11\/20221113_234727-1024x577.jpg 1024w, https:\/\/www.delexodo.com.ar\/wp-content\/uploads\/2022\/11\/20221113_234727-300x169.jpg 300w, https:\/\/www.delexodo.com.ar\/wp-content\/uploads\/2022\/11\/20221113_234727-768x433.jpg 768w, https:\/\/www.delexodo.com.ar\/wp-content\/uploads\/2022\/11\/20221113_234727-1536x865.jpg 1536w, https:\/\/www.delexodo.com.ar\/wp-content\/uploads\/2022\/11\/20221113_234727.jpg 1587w\" sizes=\"auto, (max-width: 1024px) 100vw, 1024px\" \/><\/figure><\/div>\n","protected":false},"excerpt":{"rendered":"<p>Una multitud se congreg\u00f3 a disfrutar del show de La K&#8217;onga en la noche clausura de la \u00abFiesta Nacional de&hellip;<\/p>\n","protected":false},"author":1,"featured_media":9553,"comment_status":"closed","ping_status":"closed","sticky":false,"template":"","format":"standard","meta":{"_joinchat":[],"footnotes":""},"categories":[355,65,354,346,1,69],"tags":[345],"class_list":["post-9546","post","type-post","status-publish","format-standard","has-post-thumbnail","hentry","category-cultura","category-destacados","category-espectaculos","category-musica","category-sincategoria","category-noticias","tag-destacar"],"yoast_head":"<!-- This site is optimized with the Yoast SEO plugin v25.1 - https:\/\/yoast.com\/wordpress\/plugins\/seo\/ -->\n<title>CRESPO: CERR\u00d3 LA 30ma. EDICI\u00d3N DE LA FNA CON 18 MIL ALMAS A PURA KONGA - Del \u00c9xodo Nogoy\u00e1<\/title>\n<meta name=\"robots\" content=\"index, follow, max-snippet:-1, max-image-preview:large, max-video-preview:-1\" \/>\n<link rel=\"canonical\" href=\"https:\/\/www.delexodo.com.ar\/?p=9546\" \/>\n<meta property=\"og:locale\" content=\"es_ES\" \/>\n<meta property=\"og:type\" content=\"article\" \/>\n<meta property=\"og:title\" content=\"CRESPO: CERR\u00d3 LA 30ma. EDICI\u00d3N DE LA FNA CON 18 MIL ALMAS A PURA KONGA - Del \u00c9xodo Nogoy\u00e1\" \/>\n<meta property=\"og:description\" content=\"Una multitud se congreg\u00f3 a disfrutar del show de La K&#8217;onga en la noche clausura de la \u00abFiesta Nacional de&hellip;\" \/>\n<meta property=\"og:url\" content=\"https:\/\/www.delexodo.com.ar\/?p=9546\" \/>\n<meta property=\"og:site_name\" content=\"Del \u00c9xodo Nogoy\u00e1\" \/>\n<meta property=\"article:published_time\" content=\"2022-11-15T02:51:23+00:00\" \/>\n<meta property=\"article:modified_time\" content=\"2022-11-15T03:01:42+00:00\" \/>\n<meta property=\"og:image\" content=\"https:\/\/www.delexodo.com.ar\/wp-content\/uploads\/2022\/11\/20221113_234727.jpg\" \/>\n\t<meta property=\"og:image:width\" content=\"1587\" \/>\n\t<meta property=\"og:image:height\" content=\"894\" \/>\n\t<meta property=\"og:image:type\" content=\"image\/jpeg\" \/>\n<meta name=\"author\" content=\"admin\" \/>\n<meta name=\"twitter:card\" content=\"summary_large_image\" \/>\n<meta name=\"twitter:label1\" content=\"Escrito por\" \/>\n\t<meta name=\"twitter:data1\" content=\"admin\" \/>\n\t<meta name=\"twitter:label2\" content=\"Tiempo de lectura\" \/>\n\t<meta name=\"twitter:data2\" content=\"2 minutos\" \/>\n<script type=\"application\/ld+json\" class=\"yoast-schema-graph\">{\"@context\":\"https:\/\/schema.org\",\"@graph\":[{\"@type\":\"Article\",\"@id\":\"https:\/\/www.delexodo.com.ar\/?p=9546#article\",\"isPartOf\":{\"@id\":\"https:\/\/www.delexodo.com.ar\/?p=9546\"},\"author\":{\"name\":\"admin\",\"@id\":\"https:\/\/www.delexodo.com.ar\/#\/schema\/person\/bbed37f7da8e938660b34f2013ba449d\"},\"headline\":\"CRESPO: CERR\u00d3 LA 30ma. EDICI\u00d3N DE LA FNA CON 18 MIL ALMAS A PURA KONGA\",\"datePublished\":\"2022-11-15T02:51:23+00:00\",\"dateModified\":\"2022-11-15T03:01:42+00:00\",\"mainEntityOfPage\":{\"@id\":\"https:\/\/www.delexodo.com.ar\/?p=9546\"},\"wordCount\":411,\"publisher\":{\"@id\":\"https:\/\/www.delexodo.com.ar\/#organization\"},\"image\":{\"@id\":\"https:\/\/www.delexodo.com.ar\/?p=9546#primaryimage\"},\"thumbnailUrl\":\"https:\/\/www.delexodo.com.ar\/wp-content\/uploads\/2022\/11\/20221113_234727.jpg\",\"keywords\":[\"destacar\"],\"articleSection\":[\"Cultura\",\"Destacados\",\"Espectaculos\",\"Musica\",\"Nogoya\",\"NOTICIAS\"],\"inLanguage\":\"es\"},{\"@type\":\"WebPage\",\"@id\":\"https:\/\/www.delexodo.com.ar\/?p=9546\",\"url\":\"https:\/\/www.delexodo.com.ar\/?p=9546\",\"name\":\"CRESPO: CERR\u00d3 LA 30ma. EDICI\u00d3N DE LA FNA CON 18 MIL ALMAS A PURA KONGA - Del \u00c9xodo Nogoy\u00e1\",\"isPartOf\":{\"@id\":\"https:\/\/www.delexodo.com.ar\/#website\"},\"primaryImageOfPage\":{\"@id\":\"https:\/\/www.delexodo.com.ar\/?p=9546#primaryimage\"},\"image\":{\"@id\":\"https:\/\/www.delexodo.com.ar\/?p=9546#primaryimage\"},\"thumbnailUrl\":\"https:\/\/www.delexodo.com.ar\/wp-content\/uploads\/2022\/11\/20221113_234727.jpg\",\"datePublished\":\"2022-11-15T02:51:23+00:00\",\"dateModified\":\"2022-11-15T03:01:42+00:00\",\"breadcrumb\":{\"@id\":\"https:\/\/www.delexodo.com.ar\/?p=9546#breadcrumb\"},\"inLanguage\":\"es\",\"potentialAction\":[{\"@type\":\"ReadAction\",\"target\":[\"https:\/\/www.delexodo.com.ar\/?p=9546\"]}]},{\"@type\":\"ImageObject\",\"inLanguage\":\"es\",\"@id\":\"https:\/\/www.delexodo.com.ar\/?p=9546#primaryimage\",\"url\":\"https:\/\/www.delexodo.com.ar\/wp-content\/uploads\/2022\/11\/20221113_234727.jpg\",\"contentUrl\":\"https:\/\/www.delexodo.com.ar\/wp-content\/uploads\/2022\/11\/20221113_234727.jpg\",\"width\":1587,\"height\":894},{\"@type\":\"BreadcrumbList\",\"@id\":\"https:\/\/www.delexodo.com.ar\/?p=9546#breadcrumb\",\"itemListElement\":[{\"@type\":\"ListItem\",\"position\":1,\"name\":\"Portada\",\"item\":\"https:\/\/www.delexodo.com.ar\/\"},{\"@type\":\"ListItem\",\"position\":2,\"name\":\"CRESPO: CERR\u00d3 LA 30ma. EDICI\u00d3N DE LA FNA CON 18 MIL ALMAS A PURA KONGA\"}]},{\"@type\":\"WebSite\",\"@id\":\"https:\/\/www.delexodo.com.ar\/#website\",\"url\":\"https:\/\/www.delexodo.com.ar\/\",\"name\":\"Del \u00c9xodo Nogoy\u00e1\",\"description\":\"El Portal de Noticias de la Regi\u00f3n\",\"publisher\":{\"@id\":\"https:\/\/www.delexodo.com.ar\/#organization\"},\"potentialAction\":[{\"@type\":\"SearchAction\",\"target\":{\"@type\":\"EntryPoint\",\"urlTemplate\":\"https:\/\/www.delexodo.com.ar\/?s={search_term_string}\"},\"query-input\":{\"@type\":\"PropertyValueSpecification\",\"valueRequired\":true,\"valueName\":\"search_term_string\"}}],\"inLanguage\":\"es\"},{\"@type\":\"Organization\",\"@id\":\"https:\/\/www.delexodo.com.ar\/#organization\",\"name\":\"Del \u00c9xodo Nogoy\u00e1\",\"url\":\"https:\/\/www.delexodo.com.ar\/\",\"logo\":{\"@type\":\"ImageObject\",\"inLanguage\":\"es\",\"@id\":\"https:\/\/www.delexodo.com.ar\/#\/schema\/logo\/image\/\",\"url\":\"https:\/\/www.delexodo.com.ar\/wp-content\/uploads\/2024\/10\/cropped-cropped-LOGO24.png\",\"contentUrl\":\"https:\/\/www.delexodo.com.ar\/wp-content\/uploads\/2024\/10\/cropped-cropped-LOGO24.png\",\"width\":512,\"height\":349,\"caption\":\"Del \u00c9xodo Nogoy\u00e1\"},\"image\":{\"@id\":\"https:\/\/www.delexodo.com.ar\/#\/schema\/logo\/image\/\"}},{\"@type\":\"Person\",\"@id\":\"https:\/\/www.delexodo.com.ar\/#\/schema\/person\/bbed37f7da8e938660b34f2013ba449d\",\"name\":\"admin\",\"image\":{\"@type\":\"ImageObject\",\"inLanguage\":\"es\",\"@id\":\"https:\/\/www.delexodo.com.ar\/#\/schema\/person\/image\/\",\"url\":\"https:\/\/secure.gravatar.com\/avatar\/6b1558d1b6df085f1901bd5bd98523d7?s=96&d=mm&r=g\",\"contentUrl\":\"https:\/\/secure.gravatar.com\/avatar\/6b1558d1b6df085f1901bd5bd98523d7?s=96&d=mm&r=g\",\"caption\":\"admin\"},\"url\":\"https:\/\/www.delexodo.com.ar\/?author=1\"}]}<\/script>\n<!-- \/ Yoast SEO plugin. -->","yoast_head_json":{"title":"CRESPO: CERR\u00d3 LA 30ma. EDICI\u00d3N DE LA FNA CON 18 MIL ALMAS A PURA KONGA - Del \u00c9xodo Nogoy\u00e1","robots":{"index":"index","follow":"follow","max-snippet":"max-snippet:-1","max-image-preview":"max-image-preview:large","max-video-preview":"max-video-preview:-1"},"canonical":"https:\/\/www.delexodo.com.ar\/?p=9546","og_locale":"es_ES","og_type":"article","og_title":"CRESPO: CERR\u00d3 LA 30ma. EDICI\u00d3N DE LA FNA CON 18 MIL ALMAS A PURA KONGA - Del \u00c9xodo Nogoy\u00e1","og_description":"Una multitud se congreg\u00f3 a disfrutar del show de La K&#8217;onga en la noche clausura de la \u00abFiesta Nacional de&hellip;","og_url":"https:\/\/www.delexodo.com.ar\/?p=9546","og_site_name":"Del \u00c9xodo Nogoy\u00e1","article_published_time":"2022-11-15T02:51:23+00:00","article_modified_time":"2022-11-15T03:01:42+00:00","og_image":[{"width":1587,"height":894,"url":"https:\/\/www.delexodo.com.ar\/wp-content\/uploads\/2022\/11\/20221113_234727.jpg","type":"image\/jpeg"}],"author":"admin","twitter_card":"summary_large_image","twitter_misc":{"Escrito por":"admin","Tiempo de lectura":"2 minutos"},"schema":{"@context":"https:\/\/schema.org","@graph":[{"@type":"Article","@id":"https:\/\/www.delexodo.com.ar\/?p=9546#article","isPartOf":{"@id":"https:\/\/www.delexodo.com.ar\/?p=9546"},"author":{"name":"admin","@id":"https:\/\/www.delexodo.com.ar\/#\/schema\/person\/bbed37f7da8e938660b34f2013ba449d"},"headline":"CRESPO: CERR\u00d3 LA 30ma. EDICI\u00d3N DE LA FNA CON 18 MIL ALMAS A PURA KONGA","datePublished":"2022-11-15T02:51:23+00:00","dateModified":"2022-11-15T03:01:42+00:00","mainEntityOfPage":{"@id":"https:\/\/www.delexodo.com.ar\/?p=9546"},"wordCount":411,"publisher":{"@id":"https:\/\/www.delexodo.com.ar\/#organization"},"image":{"@id":"https:\/\/www.delexodo.com.ar\/?p=9546#primaryimage"},"thumbnailUrl":"https:\/\/www.delexodo.com.ar\/wp-content\/uploads\/2022\/11\/20221113_234727.jpg","keywords":["destacar"],"articleSection":["Cultura","Destacados","Espectaculos","Musica","Nogoya","NOTICIAS"],"inLanguage":"es"},{"@type":"WebPage","@id":"https:\/\/www.delexodo.com.ar\/?p=9546","url":"https:\/\/www.delexodo.com.ar\/?p=9546","name":"CRESPO: CERR\u00d3 LA 30ma. EDICI\u00d3N DE LA FNA CON 18 MIL ALMAS A PURA KONGA - Del \u00c9xodo Nogoy\u00e1","isPartOf":{"@id":"https:\/\/www.delexodo.com.ar\/#website"},"primaryImageOfPage":{"@id":"https:\/\/www.delexodo.com.ar\/?p=9546#primaryimage"},"image":{"@id":"https:\/\/www.delexodo.com.ar\/?p=9546#primaryimage"},"thumbnailUrl":"https:\/\/www.delexodo.com.ar\/wp-content\/uploads\/2022\/11\/20221113_234727.jpg","datePublished":"2022-11-15T02:51:23+00:00","dateModified":"2022-11-15T03:01:42+00:00","breadcrumb":{"@id":"https:\/\/www.delexodo.com.ar\/?p=9546#breadcrumb"},"inLanguage":"es","potentialAction":[{"@type":"ReadAction","target":["https:\/\/www.delexodo.com.ar\/?p=9546"]}]},{"@type":"ImageObject","inLanguage":"es","@id":"https:\/\/www.delexodo.com.ar\/?p=9546#primaryimage","url":"https:\/\/www.delexodo.com.ar\/wp-content\/uploads\/2022\/11\/20221113_234727.jpg","contentUrl":"https:\/\/www.delexodo.com.ar\/wp-content\/uploads\/2022\/11\/20221113_234727.jpg","width":1587,"height":894},{"@type":"BreadcrumbList","@id":"https:\/\/www.delexodo.com.ar\/?p=9546#breadcrumb","itemListElement":[{"@type":"ListItem","position":1,"name":"Portada","item":"https:\/\/www.delexodo.com.ar\/"},{"@type":"ListItem","position":2,"name":"CRESPO: CERR\u00d3 LA 30ma. EDICI\u00d3N DE LA FNA CON 18 MIL ALMAS A PURA KONGA"}]},{"@type":"WebSite","@id":"https:\/\/www.delexodo.com.ar\/#website","url":"https:\/\/www.delexodo.com.ar\/","name":"Del \u00c9xodo Nogoy\u00e1","description":"El Portal de Noticias de la Regi\u00f3n","publisher":{"@id":"https:\/\/www.delexodo.com.ar\/#organization"},"potentialAction":[{"@type":"SearchAction","target":{"@type":"EntryPoint","urlTemplate":"https:\/\/www.delexodo.com.ar\/?s={search_term_string}"},"query-input":{"@type":"PropertyValueSpecification","valueRequired":true,"valueName":"search_term_string"}}],"inLanguage":"es"},{"@type":"Organization","@id":"https:\/\/www.delexodo.com.ar\/#organization","name":"Del \u00c9xodo Nogoy\u00e1","url":"https:\/\/www.delexodo.com.ar\/","logo":{"@type":"ImageObject","inLanguage":"es","@id":"https:\/\/www.delexodo.com.ar\/#\/schema\/logo\/image\/","url":"https:\/\/www.delexodo.com.ar\/wp-content\/uploads\/2024\/10\/cropped-cropped-LOGO24.png","contentUrl":"https:\/\/www.delexodo.com.ar\/wp-content\/uploads\/2024\/10\/cropped-cropped-LOGO24.png","width":512,"height":349,"caption":"Del \u00c9xodo Nogoy\u00e1"},"image":{"@id":"https:\/\/www.delexodo.com.ar\/#\/schema\/logo\/image\/"}},{"@type":"Person","@id":"https:\/\/www.delexodo.com.ar\/#\/schema\/person\/bbed37f7da8e938660b34f2013ba449d","name":"admin","image":{"@type":"ImageObject","inLanguage":"es","@id":"https:\/\/www.delexodo.com.ar\/#\/schema\/person\/image\/","url":"https:\/\/secure.gravatar.com\/avatar\/6b1558d1b6df085f1901bd5bd98523d7?s=96&d=mm&r=g","contentUrl":"https:\/\/secure.gravatar.com\/avatar\/6b1558d1b6df085f1901bd5bd98523d7?s=96&d=mm&r=g","caption":"admin"},"url":"https:\/\/www.delexodo.com.ar\/?author=1"}]}},"_links":{"self":[{"href":"https:\/\/www.delexodo.com.ar\/index.php?rest_route=\/wp\/v2\/posts\/9546","targetHints":{"allow":["GET"]}}],"collection":[{"href":"https:\/\/www.delexodo.com.ar\/index.php?rest_route=\/wp\/v2\/posts"}],"about":[{"href":"https:\/\/www.delexodo.com.ar\/index.php?rest_route=\/wp\/v2\/types\/post"}],"author":[{"embeddable":true,"href":"https:\/\/www.delexodo.com.ar\/index.php?rest_route=\/wp\/v2\/users\/1"}],"replies":[{"embeddable":true,"href":"https:\/\/www.delexodo.com.ar\/index.php?rest_route=%2Fwp%2Fv2%2Fcomments&post=9546"}],"version-history":[{"count":0,"href":"https:\/\/www.delexodo.com.ar\/index.php?rest_route=\/wp\/v2\/posts\/9546\/revisions"}],"wp:featuredmedia":[{"embeddable":true,"href":"https:\/\/www.delexodo.com.ar\/index.php?rest_route=\/wp\/v2\/media\/9553"}],"wp:attachment":[{"href":"https:\/\/www.delexodo.com.ar\/index.php?rest_route=%2Fwp%2Fv2%2Fmedia&parent=9546"}],"wp:term":[{"taxonomy":"category","embeddable":true,"href":"https:\/\/www.delexodo.com.ar\/index.php?rest_route=%2Fwp%2Fv2%2Fcategories&post=9546"},{"taxonomy":"post_tag","embeddable":true,"href":"https:\/\/www.delexodo.com.ar\/index.php?rest_route=%2Fwp%2Fv2%2Ftags&post=9546"}],"curies":[{"name":"wp","href":"https:\/\/api.w.org\/{rel}","templated":true}]}}