{"id":9541,"date":"2022-11-10T21:38:01","date_gmt":"2022-11-11T00:38:01","guid":{"rendered":"https:\/\/www.delexodo.com.ar\/?p=9541"},"modified":"2022-11-10T21:38:03","modified_gmt":"2022-11-11T00:38:03","slug":"raverta-y-massa-anunciaron-aumento-por-movilidad-y-ninguna-jubilacion-quedara-por-debajo-de-los-60-mil-pesos","status":"publish","type":"post","link":"https:\/\/www.delexodo.com.ar\/?p=9541","title":{"rendered":"RAVERTA Y MASSA ANUNCIARON AUMENTO POR MOVILIDAD Y NINGUNA JUBILACI\u00d3N QUEDAR\u00c1 POR DEBAJO DE LOS 60 MIL PESOS"},"content":{"rendered":"\n<p>La directora ejecutiva de <strong>ANSES<\/strong>, Fernanda Raverta, y el ministro de Econom\u00eda, Sergio Massa, anunciaron hoy un nuevo aumento por movilidad y tambi\u00e9n un refuerzo para las jubilaciones y pensiones de hasta dos haberes m\u00ednimos que se pagar\u00e1 desde diciembre y permitir\u00e1 que ninguna jubilaci\u00f3n quede por debajo de los 60 mil pesos.<\/p>\n\n\n\n<figure class=\"wp-block-embed is-type-video is-provider-youtube wp-block-embed-youtube wp-embed-aspect-16-9 wp-has-aspect-ratio\"><div class=\"wp-block-embed__wrapper\">\n<iframe loading=\"lazy\" title=\"NUEVO AUMENTO POR MOVILIDAD - DICIEMBRE 2022\" width=\"500\" height=\"281\" src=\"https:\/\/www.youtube.com\/embed\/Pj36Mw81mT4?feature=oembed\" frameborder=\"0\" allow=\"accelerometer; autoplay; clipboard-write; encrypted-media; gyroscope; picture-in-picture; web-share\" referrerpolicy=\"strict-origin-when-cross-origin\" allowfullscreen><\/iframe>\n<\/div><\/figure>\n\n\n\n<p>Este incremento estar\u00e1 compuesto por un 15,62 por ciento de aumento por movilidad y por un refuerzo de ingresos que se abonar\u00e1 en diciembre, enero y febrero a las jubilaciones y pensiones de hasta dos m\u00ednimas. Con estas medidas, la jubilaci\u00f3n m\u00ednima alcanzar\u00e1 un incremento anual del 107 por ciento en 2022, gan\u00e1ndole a la inflaci\u00f3n.<\/p>\n\n\n\n<p>El refuerzo ser\u00e1 de 10 mil pesos para quienes perciban hasta una jubilaci\u00f3n m\u00ednima e ir\u00e1 decreciendo hasta los 7 mil pesos para quienes reciban hasta dos haberes m\u00ednimos.<\/p>\n\n\n\n<p>El cuarto aumento por movilidad del a\u00f1o del 15,62 por ciento alcanzar\u00e1 a 17 millones de argentinas y argentinos e impactar\u00e1 en todas las jubilaciones, pensiones y asignaciones, llevando a la Asignaci\u00f3n Universal por Hija e Hijo a 9795 pesos a partir del mes de diciembre.<\/p>\n\n\n\n<p>En la sede central de ANSES, los funcionarios conversaron con jubilados y pensionados presentes y all\u00ed Raverta expres\u00f3: <em>\u201cEste anuncio responde a la decisi\u00f3n pol\u00edtica de acompa\u00f1ar a las jubiladas y jubilados de la Argentina para que sus haberes le ganen a la inflaci\u00f3n. Con este aumento por movilidad y este refuerzo lo hemos logrado y todas las jubilaciones m\u00ednimas crecieron este a\u00f1o un 107 por ciento\u00bb<\/em>.<\/p>\n\n\n\n<p><em>\u00abCuando asumimos en la gesti\u00f3n, las jubiladas y jubilados hab\u00edan perdido 19,5 en sus haberes. Por eso, r\u00e1pidamente asumimos el compromiso de trabajar para recuperar, no solo esos puntos perdidos, sino tambi\u00e9n la alegr\u00eda y la capacidad de compra\u00bb<\/em>, a\u00f1adi\u00f3 la directora ejecutiva del organismo.<\/p>\n\n\n\n<p><em>\u00abSabemos que a lo largo de la vida han atravesado momentos dif\u00edciles y es con ese ejemplo como motor que vamos a salir adelante y a seguir trabajando para recuperar la alegr\u00eda\u201d<\/em>, finaliz\u00f3.<\/p>\n\n\n\n<p>Por su parte, Massa expres\u00f3:<em> \u201cLa mirada a la hora de tomar esta decisi\u00f3n est\u00e1 puesta en construir un puente para tratar que, mientras trabajamos las variables macroecon\u00f3micas para intentar bajar la inflaci\u00f3n, podamos seguir un camino de recuperaci\u00f3n de ingreso de nuestros jubilados y jubiladas\u201d<\/em>.<\/p>\n\n\n\n<p><em>\u201cTenemos un objetivo de cumplir con nuestras obligaciones como Estado a la hora de lograr un orden en lo fiscal, pero el orden lo construimos con la gente adentro\u201d<\/em>.<\/p>\n\n\n\n<p><em>\u201cTenemos el compromiso de trabajar en la recuperaci\u00f3n del ingreso y avanzar todos los meses un poquito m\u00e1s\u201d<\/em>, concluy\u00f3.<br>Cabe destacar que, con estos aumentos, la jubilaci\u00f3n m\u00ednima ascender\u00e1 a 60.124 pesos y, con el medio aguinaldo de diciembre, alcanzar\u00e1 los 85.186 pesos. Asimismo, las dos jubilaciones m\u00ednimas pasar\u00e1n a ser de 107.249 pesos y, con el medio aguinaldo de diciembre, llegar\u00e1n a los 157.373 pesos.<\/p>\n","protected":false},"excerpt":{"rendered":"<p>La directora ejecutiva de ANSES, Fernanda Raverta, y el ministro de Econom\u00eda, Sergio Massa, anunciaron hoy un nuevo aumento por&hellip;<\/p>\n","protected":false},"author":1,"featured_media":9542,"comment_status":"closed","ping_status":"closed","sticky":false,"template":"","format":"standard","meta":{"_joinchat":[],"footnotes":""},"categories":[65,1,69,349],"tags":[345],"class_list":["post-9541","post","type-post","status-publish","format-standard","has-post-thumbnail","hentry","category-destacados","category-sincategoria","category-noticias","category-politica","tag-destacar"],"yoast_head":"<!-- This site is optimized with the Yoast SEO plugin v25.1 - https:\/\/yoast.com\/wordpress\/plugins\/seo\/ -->\n<title>RAVERTA Y MASSA ANUNCIARON AUMENTO POR MOVILIDAD Y NINGUNA JUBILACI\u00d3N QUEDAR\u00c1 POR DEBAJO DE LOS 60 MIL PESOS - Del \u00c9xodo Nogoy\u00e1<\/title>\n<meta name=\"robots\" content=\"index, follow, max-snippet:-1, max-image-preview:large, max-video-preview:-1\" \/>\n<link rel=\"canonical\" href=\"https:\/\/www.delexodo.com.ar\/?p=9541\" \/>\n<meta property=\"og:locale\" content=\"es_ES\" \/>\n<meta property=\"og:type\" content=\"article\" \/>\n<meta property=\"og:title\" content=\"RAVERTA Y MASSA ANUNCIARON AUMENTO POR MOVILIDAD Y NINGUNA JUBILACI\u00d3N QUEDAR\u00c1 POR DEBAJO DE LOS 60 MIL PESOS - Del \u00c9xodo Nogoy\u00e1\" \/>\n<meta property=\"og:description\" content=\"La directora ejecutiva de ANSES, Fernanda Raverta, y el ministro de Econom\u00eda, Sergio Massa, anunciaron hoy un nuevo aumento por&hellip;\" \/>\n<meta property=\"og:url\" content=\"https:\/\/www.delexodo.com.ar\/?p=9541\" \/>\n<meta property=\"og:site_name\" content=\"Del \u00c9xodo Nogoy\u00e1\" \/>\n<meta property=\"article:published_time\" content=\"2022-11-11T00:38:01+00:00\" \/>\n<meta property=\"article:modified_time\" content=\"2022-11-11T00:38:03+00:00\" \/>\n<meta property=\"og:image\" content=\"https:\/\/www.delexodo.com.ar\/wp-content\/uploads\/2022\/11\/MASSA-RAVERTA.jpg\" \/>\n\t<meta property=\"og:image:width\" content=\"962\" \/>\n\t<meta property=\"og:image:height\" content=\"637\" \/>\n\t<meta property=\"og:image:type\" content=\"image\/jpeg\" \/>\n<meta name=\"author\" content=\"admin\" \/>\n<meta name=\"twitter:card\" content=\"summary_large_image\" \/>\n<meta name=\"twitter:label1\" content=\"Escrito por\" \/>\n\t<meta name=\"twitter:data1\" content=\"admin\" \/>\n\t<meta name=\"twitter:label2\" content=\"Tiempo de lectura\" \/>\n\t<meta name=\"twitter:data2\" content=\"3 minutos\" \/>\n<script type=\"application\/ld+json\" class=\"yoast-schema-graph\">{\"@context\":\"https:\/\/schema.org\",\"@graph\":[{\"@type\":\"Article\",\"@id\":\"https:\/\/www.delexodo.com.ar\/?p=9541#article\",\"isPartOf\":{\"@id\":\"https:\/\/www.delexodo.com.ar\/?p=9541\"},\"author\":{\"name\":\"admin\",\"@id\":\"https:\/\/www.delexodo.com.ar\/#\/schema\/person\/bbed37f7da8e938660b34f2013ba449d\"},\"headline\":\"RAVERTA Y MASSA ANUNCIARON AUMENTO POR MOVILIDAD Y NINGUNA JUBILACI\u00d3N QUEDAR\u00c1 POR DEBAJO DE LOS 60 MIL PESOS\",\"datePublished\":\"2022-11-11T00:38:01+00:00\",\"dateModified\":\"2022-11-11T00:38:03+00:00\",\"mainEntityOfPage\":{\"@id\":\"https:\/\/www.delexodo.com.ar\/?p=9541\"},\"wordCount\":521,\"publisher\":{\"@id\":\"https:\/\/www.delexodo.com.ar\/#organization\"},\"image\":{\"@id\":\"https:\/\/www.delexodo.com.ar\/?p=9541#primaryimage\"},\"thumbnailUrl\":\"https:\/\/www.delexodo.com.ar\/wp-content\/uploads\/2022\/11\/MASSA-RAVERTA.jpg\",\"keywords\":[\"destacar\"],\"articleSection\":[\"Destacados\",\"Nogoya\",\"NOTICIAS\",\"Politica\"],\"inLanguage\":\"es\"},{\"@type\":\"WebPage\",\"@id\":\"https:\/\/www.delexodo.com.ar\/?p=9541\",\"url\":\"https:\/\/www.delexodo.com.ar\/?p=9541\",\"name\":\"RAVERTA Y MASSA ANUNCIARON AUMENTO POR MOVILIDAD Y NINGUNA JUBILACI\u00d3N QUEDAR\u00c1 POR DEBAJO DE LOS 60 MIL PESOS - Del \u00c9xodo Nogoy\u00e1\",\"isPartOf\":{\"@id\":\"https:\/\/www.delexodo.com.ar\/#website\"},\"primaryImageOfPage\":{\"@id\":\"https:\/\/www.delexodo.com.ar\/?p=9541#primaryimage\"},\"image\":{\"@id\":\"https:\/\/www.delexodo.com.ar\/?p=9541#primaryimage\"},\"thumbnailUrl\":\"https:\/\/www.delexodo.com.ar\/wp-content\/uploads\/2022\/11\/MASSA-RAVERTA.jpg\",\"datePublished\":\"2022-11-11T00:38:01+00:00\",\"dateModified\":\"2022-11-11T00:38:03+00:00\",\"breadcrumb\":{\"@id\":\"https:\/\/www.delexodo.com.ar\/?p=9541#breadcrumb\"},\"inLanguage\":\"es\",\"potentialAction\":[{\"@type\":\"ReadAction\",\"target\":[\"https:\/\/www.delexodo.com.ar\/?p=9541\"]}]},{\"@type\":\"ImageObject\",\"inLanguage\":\"es\",\"@id\":\"https:\/\/www.delexodo.com.ar\/?p=9541#primaryimage\",\"url\":\"https:\/\/www.delexodo.com.ar\/wp-content\/uploads\/2022\/11\/MASSA-RAVERTA.jpg\",\"contentUrl\":\"https:\/\/www.delexodo.com.ar\/wp-content\/uploads\/2022\/11\/MASSA-RAVERTA.jpg\",\"width\":962,\"height\":637},{\"@type\":\"BreadcrumbList\",\"@id\":\"https:\/\/www.delexodo.com.ar\/?p=9541#breadcrumb\",\"itemListElement\":[{\"@type\":\"ListItem\",\"position\":1,\"name\":\"Portada\",\"item\":\"https:\/\/www.delexodo.com.ar\/\"},{\"@type\":\"ListItem\",\"position\":2,\"name\":\"RAVERTA Y MASSA ANUNCIARON AUMENTO POR MOVILIDAD Y NINGUNA JUBILACI\u00d3N QUEDAR\u00c1 POR DEBAJO DE LOS 60 MIL PESOS\"}]},{\"@type\":\"WebSite\",\"@id\":\"https:\/\/www.delexodo.com.ar\/#website\",\"url\":\"https:\/\/www.delexodo.com.ar\/\",\"name\":\"Del \u00c9xodo Nogoy\u00e1\",\"description\":\"El Portal de Noticias de la Regi\u00f3n\",\"publisher\":{\"@id\":\"https:\/\/www.delexodo.com.ar\/#organization\"},\"potentialAction\":[{\"@type\":\"SearchAction\",\"target\":{\"@type\":\"EntryPoint\",\"urlTemplate\":\"https:\/\/www.delexodo.com.ar\/?s={search_term_string}\"},\"query-input\":{\"@type\":\"PropertyValueSpecification\",\"valueRequired\":true,\"valueName\":\"search_term_string\"}}],\"inLanguage\":\"es\"},{\"@type\":\"Organization\",\"@id\":\"https:\/\/www.delexodo.com.ar\/#organization\",\"name\":\"Del \u00c9xodo Nogoy\u00e1\",\"url\":\"https:\/\/www.delexodo.com.ar\/\",\"logo\":{\"@type\":\"ImageObject\",\"inLanguage\":\"es\",\"@id\":\"https:\/\/www.delexodo.com.ar\/#\/schema\/logo\/image\/\",\"url\":\"https:\/\/www.delexodo.com.ar\/wp-content\/uploads\/2024\/10\/cropped-cropped-LOGO24.png\",\"contentUrl\":\"https:\/\/www.delexodo.com.ar\/wp-content\/uploads\/2024\/10\/cropped-cropped-LOGO24.png\",\"width\":512,\"height\":349,\"caption\":\"Del \u00c9xodo Nogoy\u00e1\"},\"image\":{\"@id\":\"https:\/\/www.delexodo.com.ar\/#\/schema\/logo\/image\/\"}},{\"@type\":\"Person\",\"@id\":\"https:\/\/www.delexodo.com.ar\/#\/schema\/person\/bbed37f7da8e938660b34f2013ba449d\",\"name\":\"admin\",\"image\":{\"@type\":\"ImageObject\",\"inLanguage\":\"es\",\"@id\":\"https:\/\/www.delexodo.com.ar\/#\/schema\/person\/image\/\",\"url\":\"https:\/\/secure.gravatar.com\/avatar\/6b1558d1b6df085f1901bd5bd98523d7?s=96&d=mm&r=g\",\"contentUrl\":\"https:\/\/secure.gravatar.com\/avatar\/6b1558d1b6df085f1901bd5bd98523d7?s=96&d=mm&r=g\",\"caption\":\"admin\"},\"url\":\"https:\/\/www.delexodo.com.ar\/?author=1\"}]}<\/script>\n<!-- \/ Yoast SEO plugin. -->","yoast_head_json":{"title":"RAVERTA Y MASSA ANUNCIARON AUMENTO POR MOVILIDAD Y NINGUNA JUBILACI\u00d3N QUEDAR\u00c1 POR DEBAJO DE LOS 60 MIL PESOS - Del \u00c9xodo Nogoy\u00e1","robots":{"index":"index","follow":"follow","max-snippet":"max-snippet:-1","max-image-preview":"max-image-preview:large","max-video-preview":"max-video-preview:-1"},"canonical":"https:\/\/www.delexodo.com.ar\/?p=9541","og_locale":"es_ES","og_type":"article","og_title":"RAVERTA Y MASSA ANUNCIARON AUMENTO POR MOVILIDAD Y NINGUNA JUBILACI\u00d3N QUEDAR\u00c1 POR DEBAJO DE LOS 60 MIL PESOS - Del \u00c9xodo Nogoy\u00e1","og_description":"La directora ejecutiva de ANSES, Fernanda Raverta, y el ministro de Econom\u00eda, Sergio Massa, anunciaron hoy un nuevo aumento por&hellip;","og_url":"https:\/\/www.delexodo.com.ar\/?p=9541","og_site_name":"Del \u00c9xodo Nogoy\u00e1","article_published_time":"2022-11-11T00:38:01+00:00","article_modified_time":"2022-11-11T00:38:03+00:00","og_image":[{"width":962,"height":637,"url":"https:\/\/www.delexodo.com.ar\/wp-content\/uploads\/2022\/11\/MASSA-RAVERTA.jpg","type":"image\/jpeg"}],"author":"admin","twitter_card":"summary_large_image","twitter_misc":{"Escrito por":"admin","Tiempo de lectura":"3 minutos"},"schema":{"@context":"https:\/\/schema.org","@graph":[{"@type":"Article","@id":"https:\/\/www.delexodo.com.ar\/?p=9541#article","isPartOf":{"@id":"https:\/\/www.delexodo.com.ar\/?p=9541"},"author":{"name":"admin","@id":"https:\/\/www.delexodo.com.ar\/#\/schema\/person\/bbed37f7da8e938660b34f2013ba449d"},"headline":"RAVERTA Y MASSA ANUNCIARON AUMENTO POR MOVILIDAD Y NINGUNA JUBILACI\u00d3N QUEDAR\u00c1 POR DEBAJO DE LOS 60 MIL PESOS","datePublished":"2022-11-11T00:38:01+00:00","dateModified":"2022-11-11T00:38:03+00:00","mainEntityOfPage":{"@id":"https:\/\/www.delexodo.com.ar\/?p=9541"},"wordCount":521,"publisher":{"@id":"https:\/\/www.delexodo.com.ar\/#organization"},"image":{"@id":"https:\/\/www.delexodo.com.ar\/?p=9541#primaryimage"},"thumbnailUrl":"https:\/\/www.delexodo.com.ar\/wp-content\/uploads\/2022\/11\/MASSA-RAVERTA.jpg","keywords":["destacar"],"articleSection":["Destacados","Nogoya","NOTICIAS","Politica"],"inLanguage":"es"},{"@type":"WebPage","@id":"https:\/\/www.delexodo.com.ar\/?p=9541","url":"https:\/\/www.delexodo.com.ar\/?p=9541","name":"RAVERTA Y MASSA ANUNCIARON AUMENTO POR MOVILIDAD Y NINGUNA JUBILACI\u00d3N QUEDAR\u00c1 POR DEBAJO DE LOS 60 MIL PESOS - Del \u00c9xodo Nogoy\u00e1","isPartOf":{"@id":"https:\/\/www.delexodo.com.ar\/#website"},"primaryImageOfPage":{"@id":"https:\/\/www.delexodo.com.ar\/?p=9541#primaryimage"},"image":{"@id":"https:\/\/www.delexodo.com.ar\/?p=9541#primaryimage"},"thumbnailUrl":"https:\/\/www.delexodo.com.ar\/wp-content\/uploads\/2022\/11\/MASSA-RAVERTA.jpg","datePublished":"2022-11-11T00:38:01+00:00","dateModified":"2022-11-11T00:38:03+00:00","breadcrumb":{"@id":"https:\/\/www.delexodo.com.ar\/?p=9541#breadcrumb"},"inLanguage":"es","potentialAction":[{"@type":"ReadAction","target":["https:\/\/www.delexodo.com.ar\/?p=9541"]}]},{"@type":"ImageObject","inLanguage":"es","@id":"https:\/\/www.delexodo.com.ar\/?p=9541#primaryimage","url":"https:\/\/www.delexodo.com.ar\/wp-content\/uploads\/2022\/11\/MASSA-RAVERTA.jpg","contentUrl":"https:\/\/www.delexodo.com.ar\/wp-content\/uploads\/2022\/11\/MASSA-RAVERTA.jpg","width":962,"height":637},{"@type":"BreadcrumbList","@id":"https:\/\/www.delexodo.com.ar\/?p=9541#breadcrumb","itemListElement":[{"@type":"ListItem","position":1,"name":"Portada","item":"https:\/\/www.delexodo.com.ar\/"},{"@type":"ListItem","position":2,"name":"RAVERTA Y MASSA ANUNCIARON AUMENTO POR MOVILIDAD Y NINGUNA JUBILACI\u00d3N QUEDAR\u00c1 POR DEBAJO DE LOS 60 MIL PESOS"}]},{"@type":"WebSite","@id":"https:\/\/www.delexodo.com.ar\/#website","url":"https:\/\/www.delexodo.com.ar\/","name":"Del \u00c9xodo Nogoy\u00e1","description":"El Portal de Noticias de la Regi\u00f3n","publisher":{"@id":"https:\/\/www.delexodo.com.ar\/#organization"},"potentialAction":[{"@type":"SearchAction","target":{"@type":"EntryPoint","urlTemplate":"https:\/\/www.delexodo.com.ar\/?s={search_term_string}"},"query-input":{"@type":"PropertyValueSpecification","valueRequired":true,"valueName":"search_term_string"}}],"inLanguage":"es"},{"@type":"Organization","@id":"https:\/\/www.delexodo.com.ar\/#organization","name":"Del \u00c9xodo Nogoy\u00e1","url":"https:\/\/www.delexodo.com.ar\/","logo":{"@type":"ImageObject","inLanguage":"es","@id":"https:\/\/www.delexodo.com.ar\/#\/schema\/logo\/image\/","url":"https:\/\/www.delexodo.com.ar\/wp-content\/uploads\/2024\/10\/cropped-cropped-LOGO24.png","contentUrl":"https:\/\/www.delexodo.com.ar\/wp-content\/uploads\/2024\/10\/cropped-cropped-LOGO24.png","width":512,"height":349,"caption":"Del \u00c9xodo Nogoy\u00e1"},"image":{"@id":"https:\/\/www.delexodo.com.ar\/#\/schema\/logo\/image\/"}},{"@type":"Person","@id":"https:\/\/www.delexodo.com.ar\/#\/schema\/person\/bbed37f7da8e938660b34f2013ba449d","name":"admin","image":{"@type":"ImageObject","inLanguage":"es","@id":"https:\/\/www.delexodo.com.ar\/#\/schema\/person\/image\/","url":"https:\/\/secure.gravatar.com\/avatar\/6b1558d1b6df085f1901bd5bd98523d7?s=96&d=mm&r=g","contentUrl":"https:\/\/secure.gravatar.com\/avatar\/6b1558d1b6df085f1901bd5bd98523d7?s=96&d=mm&r=g","caption":"admin"},"url":"https:\/\/www.delexodo.com.ar\/?author=1"}]}},"_links":{"self":[{"href":"https:\/\/www.delexodo.com.ar\/index.php?rest_route=\/wp\/v2\/posts\/9541","targetHints":{"allow":["GET"]}}],"collection":[{"href":"https:\/\/www.delexodo.com.ar\/index.php?rest_route=\/wp\/v2\/posts"}],"about":[{"href":"https:\/\/www.delexodo.com.ar\/index.php?rest_route=\/wp\/v2\/types\/post"}],"author":[{"embeddable":true,"href":"https:\/\/www.delexodo.com.ar\/index.php?rest_route=\/wp\/v2\/users\/1"}],"replies":[{"embeddable":true,"href":"https:\/\/www.delexodo.com.ar\/index.php?rest_route=%2Fwp%2Fv2%2Fcomments&post=9541"}],"version-history":[{"count":0,"href":"https:\/\/www.delexodo.com.ar\/index.php?rest_route=\/wp\/v2\/posts\/9541\/revisions"}],"wp:featuredmedia":[{"embeddable":true,"href":"https:\/\/www.delexodo.com.ar\/index.php?rest_route=\/wp\/v2\/media\/9542"}],"wp:attachment":[{"href":"https:\/\/www.delexodo.com.ar\/index.php?rest_route=%2Fwp%2Fv2%2Fmedia&parent=9541"}],"wp:term":[{"taxonomy":"category","embeddable":true,"href":"https:\/\/www.delexodo.com.ar\/index.php?rest_route=%2Fwp%2Fv2%2Fcategories&post=9541"},{"taxonomy":"post_tag","embeddable":true,"href":"https:\/\/www.delexodo.com.ar\/index.php?rest_route=%2Fwp%2Fv2%2Ftags&post=9541"}],"curies":[{"name":"wp","href":"https:\/\/api.w.org\/{rel}","templated":true}]}}