{"id":9534,"date":"2022-11-10T21:00:30","date_gmt":"2022-11-11T00:00:30","guid":{"rendered":"https:\/\/www.delexodo.com.ar\/?p=9534"},"modified":"2022-11-10T21:00:31","modified_gmt":"2022-11-11T00:00:31","slug":"todo-lo-que-tenes-que-saber-acerca-de-la-fna-crespo","status":"publish","type":"post","link":"https:\/\/www.delexodo.com.ar\/?p=9534","title":{"rendered":"TODO LO QUE TEN\u00c9S QUE SABER ACERCA DE LA FNA CRESPO"},"content":{"rendered":"\n<p>Este fin de semana se podr\u00e1 disfrutar y compartir con la familia y los amigos la <strong>30\u00aa Fiesta Nacional de la Avicultura<\/strong>, en Crespo (Entre R\u00edos). Esta, es organizada entre el municipio y la Asociaci\u00f3n Civil <strong>\u00abCrespo, Capital Nacional de la Avicultura\u00bb<\/strong>, trabajo en conjunto entre el sector p\u00fablico y el privado.<\/p>\n\n\n\n<p>Tres d\u00edas para explorar y vivir actividades \u00fanicas con una variada cartelera de actividades: stands; concursos gastron\u00f3micos; talleres gratuitos y cocina en vivo; charlas t\u00e9cnicas; shows musicales; desfile tradicionalista; patio de comidas con especialidades t\u00edpicas, locales y regionales elaboradas por instituciones crespenses; Patio Cervecero con propuestas de cerveza artesanal; presentaci\u00f3n de la bandera de la ciudad.<\/p>\n\n\n\n<h2 class=\"wp-block-heading\">Apertura del predio<\/h2>\n\n\n\n<p>El predio abrir\u00e1 sus puertas el viernes 11 a las 19:00, mientras que el s\u00e1bado y domingo, lo har\u00e1 a las 18:00 horas.<\/p>\n\n\n\n<h2 class=\"wp-block-heading\">Entradas<\/h2>\n\n\n\n<p>Las entradas d\u00eda por d\u00eda se podr\u00e1n adquirir en puerta en los dos accesos que estar\u00e1n habilitados sobre Presidente Ra\u00fal Ricardo Alfons\u00edn y tambi\u00e9n en Alemanes del Volga.<\/p>\n\n\n\n<h2 class=\"wp-block-heading\">Valores<\/h2>\n\n\n\n<p>Viernes $1.000, s\u00e1bado $1.500 y domingo $2.500.<\/p>\n\n\n\n<p>Jubilados: presentando el carnet de jubilaci\u00f3n, tienen un 20% de descuento.<\/p>\n\n\n\n<p>Menores de 16 a\u00f1os, domiciliados en Crespo, Ejido Crespo y General Racedo, presentando su DNI, ingresan gratis.<\/p>\n\n\n\n<p>Menores de 12 a\u00f1os de otras localidades, ingresan gratis.<\/p>\n\n\n\n<p>En todos los casos, las personas con discapacidad ingresan gratis. Deben presentar el Certificado \u00danico de Discapacidad.<\/p>\n\n\n\n<h2 class=\"wp-block-heading\">Dispositivo programado para el tr\u00e1nsito<\/h2>\n\n\n\n<p>A partir del viernes 11 de noviembre, a las 18:00 horas, el ingreso por el Acceso Presidente Ra\u00fal Ricardo Alfons\u00edn ser\u00e1 normal, con algunas precauciones a ra\u00edz del desfile de apertura y el ingreso al predio por el acto inicial.<\/p>\n\n\n\n<p>El espacio verde comprendido en calle Buenos Aires y De las Azucenas ser\u00e1 habilitado para estacionamiento al igual que el predio del Sal\u00f3n Castillo y el predio aleda\u00f1o perteneciente a Lucio Prediger. El costo para estacionar ser\u00e1 de $200 por veh\u00edculo y es a beneficio de las cooperadoras del Hogar de Ancianos \u2018San Francisco de As\u00eds\u2019, Escuela Integral N\u00ba 11 y del Hogar \u2018Nuevo Amanecer\u2019.<\/p>\n\n\n\n<p>La calle Alemanes del Volga tendr\u00e1 circulaci\u00f3n \u00fanica hacia el oeste y ser\u00e1 normal hasta calle Hermanos Henkel.<\/p>\n\n\n\n<p>El estacionamiento para expositores e invitados especiales ser\u00e1 en el Campo de la Tradici\u00f3n y el ingreso a ese espacio ser\u00e1 por calle Marcos Laferrara.<\/p>\n\n\n\n<p>El ingreso principal a la feria ser\u00e1 por calle Alfons\u00edn, en forma peatonal. Y por el port\u00f3n de calle Alemanes del Volga acceder\u00e1n los artistas hacia el escenario.<\/p>\n\n\n\n<p>Taxis y remises tendr\u00e1n su ubicaci\u00f3n sobre el acceso Presidente Ra\u00fal Ricardo Alfons\u00edn, en circulaci\u00f3n de salida.<\/p>\n\n\n\n<h2 class=\"wp-block-heading\">Acto inaugural<\/h2>\n\n\n\n<p>Presentamos la fiesta al pa\u00eds este viernes 11, a las 20:00 horas, en el escenario. Estar\u00e1n presentes autoridades locales, provinciales y nacionales. En el escenario, estar\u00e1 la Fanfarria del Alto Per\u00fa, el organismo musical del Regimiento de Granaderos a Caballo \u2018General San Mart\u00edn\u2019.<\/p>\n\n\n\n<h2 class=\"wp-block-heading\">Bandera de la ciudad<\/h2>\n\n\n\n<p>Este a\u00f1o ser\u00e1 muy especial para la FNA. En su 30\u00b0 edici\u00f3n, presentaremos oficialmente la Bandera de Crespo, que es una realidad. El dise\u00f1o se cre\u00f3 de manera participativa, a trav\u00e9s de talleres en la comunidad, durante los meses de abril y octubre de este a\u00f1o.<\/p>\n\n\n\n<p>Se izar\u00e1 en el Predio Ferial, a las 18:00 horas, junto a la Fanfarria del Alto Per\u00fa. Este pabell\u00f3n local ser\u00e1 izado junto a los de la Naci\u00f3n y de la Provincia de Entre R\u00edos, en los edificios p\u00fablicos municipales y en los actos oficiales que organice el gobierno local.<\/p>\n\n\n\n<h2 class=\"wp-block-heading\">Desfile tradicionalista<\/h2>\n\n\n\n<p>Nuestra manera de celebrar el \u2018D\u00eda de la Tradici\u00f3n\u2019 es con un Desfile de Agrupaciones de Crespo y localidades vecinas. Recorrer\u00e1n las calles de la ciudad m\u00e1s de 200 jinetes, carros y sulquis. El desfile ser\u00e1 el viernes 11, encabezado por una escuadra del Regimiento de Granaderos a Caballo \u2018General San Mart\u00edn\u2019. A las 19:00 partir\u00e1n las agrupaciones desde San Mart\u00edn y Los Polvorines; luego, recorrer\u00e1n las siguientes calles: San Mart\u00edn, Entre R\u00edos, 9 de Julio, Presidente Ra\u00fal Ricardo Alfons\u00edn y Alemanes del Volga, para ingresar al predio ferial de la FNA.<\/p>\n\n\n\n<p>El s\u00e1bado 12 de noviembre, en el Campo de la Tradici\u00f3n, desde las 12:15 horas, podremos disfrutar de una demostraci\u00f3n carrusel del Regimiento de Granaderos a caballo. Esta actividad ser\u00e1 con entrada libre y gratuita.<\/p>\n\n\n\n<h2 class=\"wp-block-heading\">Cartelera art\u00edstica<\/h2>\n\n\n\n<div class=\"wp-block-image\"><figure class=\"aligncenter size-large\"><img loading=\"lazy\" decoding=\"async\" width=\"1024\" height=\"337\" src=\"https:\/\/www.delexodo.com.ar\/wp-content\/uploads\/2022\/11\/CRESPO-CARTELERA-1024x337.jpg\" alt=\"\" class=\"wp-image-9535\" srcset=\"https:\/\/www.delexodo.com.ar\/wp-content\/uploads\/2022\/11\/CRESPO-CARTELERA-1024x337.jpg 1024w, https:\/\/www.delexodo.com.ar\/wp-content\/uploads\/2022\/11\/CRESPO-CARTELERA-300x99.jpg 300w, https:\/\/www.delexodo.com.ar\/wp-content\/uploads\/2022\/11\/CRESPO-CARTELERA-768x253.jpg 768w, https:\/\/www.delexodo.com.ar\/wp-content\/uploads\/2022\/11\/CRESPO-CARTELERA.jpg 1453w\" sizes=\"auto, (max-width: 1024px) 100vw, 1024px\" \/><\/figure><\/div>\n\n\n\n<p>Adem\u00e1s de ser feria, exposici\u00f3n y gastronom\u00eda, la FNA es m\u00fasica, con la presentaci\u00f3n de grandes artistas. Te ofrecemos tres noches de escenario para disfrutar cantando y bailando distintos ritmos musicales.<\/p>\n\n\n\n<p><strong>Viernes 11<\/strong>: La apertura del escenario est\u00e1 prevista para las 21:30. Se presentar\u00e1n: L\u00e1zaro Moreno, La Clavija, D\u00fao Los Entrerrianitos e invitados, Grupo Encuentro y Los Alonsitos.<\/p>\n\n\n\n<p><strong>S\u00e1bado 12<\/strong>: desde las 20:30, subir\u00e1n al escenario: Los Herederos, Tiana y la Cumbia, Revelaci\u00f3n Alemana, Marcela Morelo, Maravillas Alemanas y Los Palma\u00e9.<\/p>\n\n\n\n<p><strong>Domingo 13<\/strong>: Desde las 20:30, compartir\u00e1n su m\u00fasica: la Orquesta Sinf\u00f3nica Municipal, La Banda M\u00e1gica y La K\u2019onga.<\/p>\n\n\n\n<div class=\"wp-block-image\"><figure class=\"alignleft size-large is-resized\"><img loading=\"lazy\" decoding=\"async\" src=\"https:\/\/www.delexodo.com.ar\/wp-content\/uploads\/2022\/11\/CRESPO-EXPOSITORES.jpg\" alt=\"\" class=\"wp-image-9536\" width=\"287\" height=\"235\" srcset=\"https:\/\/www.delexodo.com.ar\/wp-content\/uploads\/2022\/11\/CRESPO-EXPOSITORES.jpg 512w, https:\/\/www.delexodo.com.ar\/wp-content\/uploads\/2022\/11\/CRESPO-EXPOSITORES-300x246.jpg 300w\" sizes=\"auto, (max-width: 287px) 100vw, 287px\" \/><\/figure><\/div>\n\n\n\n<p>La Fiesta Nacional de la Avicultura es la Vidriera de industria y emprendedores m\u00e1s importe de la regi\u00f3n. Contar\u00e1 con m\u00e1s de 200 expositores a lo largo y ancho del Predio Ferial.<\/p>\n\n\n\n<p>En el Pabell\u00f3n, que estar\u00e1 destinado al sector av\u00edcola, se mostrar\u00e1 tecnolog\u00eda de punta. Podr\u00e1n ver: softwares para soporte de datos; empresas de Brasil, otra de Europa, que trae el sistema moderno de jaulas para el desarrollo y el crecimiento de gallinas; empresas de venta de insumos y profesionales que van a mostrar referencias de bioseguridad en los planteles. Tambi\u00e9n se habr\u00e1 metal\u00fargica con todo el avance tecnol\u00f3gico y la aplicaci\u00f3n 4.0 en cuanto a la metalmec\u00e1nica.<\/p>\n\n\n\n<p>En las carpas de emprendedores, habr\u00e1 tanto locales, como provinciales y nacionales, con una interesante variedad de productos que el visitante podr\u00e1 conocer y adquirir. Hay desde art\u00edsticas, log\u00edsticas, de tecnolog\u00eda, etc.<\/p>\n\n\n\n<p>En la carpa de empresas, encontrar\u00e1n de diferentes rubros, relacionadas a cuidado del ambiente y con el sector productivo. En la parte de exteriores, estar\u00e1n los nuevos dise\u00f1os de piletas, pantallas solares, estructuras de casas con alta tecnolog\u00eda, maquinarias agr\u00edcolas, concesionarias de autos, helader\u00edas, b\u00e1sculas con tecnolog\u00eda de precisi\u00f3n.<\/p>\n\n\n\n<h2 class=\"wp-block-heading\"><strong>Concursos gastron\u00f3micos<\/strong><\/h2>\n\n\n\n<p>Este a\u00f1o habr\u00e1 dos concursos gastron\u00f3micos nacionales: Recetas con huevo y el tradicional Pollo al Disco.<\/p>\n\n\n\n<p>El s\u00e1bado, desde las 19.00, se presentar\u00e1 por primera vez, el \u2018Concurso Nacional de Recetas con Huevo\u2019, con un total de 9 equipos que participar\u00e1n. La premiaci\u00f3n ser\u00e1 desde las 20:30 horas, en el escenario.<\/p>\n\n\n\n<p>En tanto, el domingo, desde las 19:00, tendremos el \u20185\u00b0 Concurso de Pollo al Disco\u2019, el show gastron\u00f3mico y atractivo de la fiesta, con la participaci\u00f3n de 25 equipos de distintas provincias argentinas cocinando las mejores y variadas recetas. La premiaci\u00f3n ser\u00e1 desde las 20:30 horas, en el escenario.<\/p>\n\n\n\n<h2 class=\"wp-block-heading\"><strong>Talleres gastron\u00f3micos<\/strong><\/h2>\n\n\n\n<p>El Instituto Nacional de Educaci\u00f3n T\u00e9cnica (INET) ofrecer\u00e1 distintos talleres gastron\u00f3micos en la Fiesta Nacional de la Avicultura.<\/p>\n\n\n\n<p>A continuaci\u00f3n, te detallamos las capacitaciones con las que te vas a encontrar el 11, 12 y 13 de noviembre. Son sin inscripci\u00f3n previa, se puede acceder abonando la entrada al predio.<\/p>\n\n\n\n<div class=\"wp-block-image\"><figure class=\"aligncenter size-large\"><img loading=\"lazy\" decoding=\"async\" width=\"619\" height=\"619\" src=\"https:\/\/www.delexodo.com.ar\/wp-content\/uploads\/2022\/11\/CRESPO-AULA-TALLER-1.jpg\" alt=\"\" class=\"wp-image-9538\" srcset=\"https:\/\/www.delexodo.com.ar\/wp-content\/uploads\/2022\/11\/CRESPO-AULA-TALLER-1.jpg 619w, https:\/\/www.delexodo.com.ar\/wp-content\/uploads\/2022\/11\/CRESPO-AULA-TALLER-1-300x300.jpg 300w, https:\/\/www.delexodo.com.ar\/wp-content\/uploads\/2022\/11\/CRESPO-AULA-TALLER-1-150x150.jpg 150w\" sizes=\"auto, (max-width: 619px) 100vw, 619px\" \/><\/figure><\/div>\n\n\n\n<h2 class=\"wp-block-heading\"><strong>Masterclass Santiago Giorgini<\/strong><\/h2>\n\n\n\n<div class=\"wp-block-image\"><figure class=\"alignleft size-large is-resized\"><img loading=\"lazy\" decoding=\"async\" src=\"https:\/\/www.delexodo.com.ar\/wp-content\/uploads\/2022\/11\/CRESPO-MASTERCLASS.jpg\" alt=\"\" class=\"wp-image-9539\" width=\"254\" height=\"237\" srcset=\"https:\/\/www.delexodo.com.ar\/wp-content\/uploads\/2022\/11\/CRESPO-MASTERCLASS.jpg 400w, https:\/\/www.delexodo.com.ar\/wp-content\/uploads\/2022\/11\/CRESPO-MASTERCLASS-300x280.jpg 300w\" sizes=\"auto, (max-width: 254px) 100vw, 254px\" \/><\/figure><\/div>\n\n\n\n<p>El destacado chef de \u2018La Pe\u00f1a de Morfi\u2019 en Telefe, dar\u00e1 una Masterclass el s\u00e1bado 12, desde 18:30 horas, en la zona del escenario principal.<\/p>\n\n\n\n<p><\/p>\n\n\n\n<p><\/p>\n\n\n\n<h2 class=\"wp-block-heading\"><strong>Charlas t\u00e9cnicas<\/strong><\/h2>\n\n\n\n<p>En el marco de la fiesta, aportamos charlas t\u00e9cnicas gratuitas, para conocer m\u00e1s acerca de la avicultura, destacando el valor productivo de nuestra localidad.<\/p>\n\n\n\n<p>El martes 8 de noviembre, comenzaron las charlas t\u00e9cnicas de la mano de Dami\u00e1n Di Pace, con su conferencia \u2018El comercio del futuro: an\u00e1lisis de la econom\u00eda que se viene\u2019, con el eje ser\u00e1: \u2018Del cambio de tendencia a tendencias en cambio\u2019.<\/p>\n\n\n\n<p>Por otro lado, se desarrollar\u00e1 el viernes 11 la Und\u00e9cima jornada av\u00edcola de actualizaci\u00f3n: \u2018Una salud, est\u00e1ndar \u00fanico: Por y para la avicultura\u2019. Comenzar\u00e1 a partir de las 8:30 horas en Sal\u00f3n de Eventos \u2018El Castillo\u2019 (Acc. Pte. Avellaneda y Alemanes del Volga). La jornada es organizada por la Red Alimentaria e Isidro Molfese. Las inscripciones ser\u00e1n a trav\u00e9s del siguiente link:&nbsp;<a href=\"https:\/\/docs.google.com\/forms\/d\/e\/1FAIpQLScLuK3NJ56JulxcFhswhDbMRgqIafFjN4AcL6CcbwID3IC8IA\/viewform\">inscripci\u00f3n<\/a><\/p>\n\n\n\n<h2 class=\"wp-block-heading\"><strong>Voluntariado de la FNA<\/strong><\/h2>\n\n\n\n<p>Esta novedosa propuesta busc\u00f3 abrir la participaci\u00f3n de la organizaci\u00f3n de la FNA a quienes aporten su compromiso y responsabilidad en esta edici\u00f3n, fortaleciendo los valores de trabajo y esfuerzo en equipo. Se inscribieron un total de 50 personas. Estar\u00e1n cumpliendo distintas tareas en diferentes espacios de la feria.<\/p>\n\n\n\n<p>*La programaci\u00f3n est\u00e1 sujeta a modificaciones de la organizaci\u00f3n.<\/p>\n","protected":false},"excerpt":{"rendered":"<p>Este fin de semana se podr\u00e1 disfrutar y compartir con la familia y los amigos la 30\u00aa Fiesta Nacional de&hellip;<\/p>\n","protected":false},"author":1,"featured_media":9479,"comment_status":"closed","ping_status":"closed","sticky":false,"template":"","format":"standard","meta":{"_joinchat":[],"footnotes":""},"categories":[65,69],"tags":[345],"class_list":["post-9534","post","type-post","status-publish","format-standard","has-post-thumbnail","hentry","category-destacados","category-noticias","tag-destacar"],"yoast_head":"<!-- This site is optimized with the Yoast SEO plugin v25.1 - https:\/\/yoast.com\/wordpress\/plugins\/seo\/ -->\n<title>TODO LO QUE TEN\u00c9S QUE SABER ACERCA DE LA FNA CRESPO - Del \u00c9xodo Nogoy\u00e1<\/title>\n<meta name=\"robots\" content=\"index, follow, max-snippet:-1, max-image-preview:large, max-video-preview:-1\" \/>\n<link rel=\"canonical\" href=\"https:\/\/www.delexodo.com.ar\/?p=9534\" \/>\n<meta property=\"og:locale\" content=\"es_ES\" \/>\n<meta property=\"og:type\" content=\"article\" \/>\n<meta property=\"og:title\" content=\"TODO LO QUE TEN\u00c9S QUE SABER ACERCA DE LA FNA CRESPO - Del \u00c9xodo Nogoy\u00e1\" \/>\n<meta property=\"og:description\" content=\"Este fin de semana se podr\u00e1 disfrutar y compartir con la familia y los amigos la 30\u00aa Fiesta Nacional de&hellip;\" \/>\n<meta property=\"og:url\" content=\"https:\/\/www.delexodo.com.ar\/?p=9534\" \/>\n<meta property=\"og:site_name\" content=\"Del \u00c9xodo Nogoy\u00e1\" \/>\n<meta property=\"article:published_time\" content=\"2022-11-11T00:00:30+00:00\" \/>\n<meta property=\"article:modified_time\" content=\"2022-11-11T00:00:31+00:00\" \/>\n<meta property=\"og:image\" content=\"https:\/\/www.delexodo.com.ar\/wp-content\/uploads\/2022\/10\/FNA30_WebAd.png\" \/>\n\t<meta property=\"og:image:width\" content=\"300\" \/>\n\t<meta property=\"og:image:height\" content=\"250\" \/>\n\t<meta property=\"og:image:type\" content=\"image\/png\" \/>\n<meta name=\"author\" content=\"admin\" \/>\n<meta name=\"twitter:card\" content=\"summary_large_image\" \/>\n<meta name=\"twitter:label1\" content=\"Escrito por\" \/>\n\t<meta name=\"twitter:data1\" content=\"admin\" \/>\n\t<meta name=\"twitter:label2\" content=\"Tiempo de lectura\" \/>\n\t<meta name=\"twitter:data2\" content=\"7 minutos\" \/>\n<script type=\"application\/ld+json\" class=\"yoast-schema-graph\">{\"@context\":\"https:\/\/schema.org\",\"@graph\":[{\"@type\":\"Article\",\"@id\":\"https:\/\/www.delexodo.com.ar\/?p=9534#article\",\"isPartOf\":{\"@id\":\"https:\/\/www.delexodo.com.ar\/?p=9534\"},\"author\":{\"name\":\"admin\",\"@id\":\"https:\/\/www.delexodo.com.ar\/#\/schema\/person\/bbed37f7da8e938660b34f2013ba449d\"},\"headline\":\"TODO LO QUE TEN\u00c9S QUE SABER ACERCA DE LA FNA CRESPO\",\"datePublished\":\"2022-11-11T00:00:30+00:00\",\"dateModified\":\"2022-11-11T00:00:31+00:00\",\"mainEntityOfPage\":{\"@id\":\"https:\/\/www.delexodo.com.ar\/?p=9534\"},\"wordCount\":1472,\"publisher\":{\"@id\":\"https:\/\/www.delexodo.com.ar\/#organization\"},\"image\":{\"@id\":\"https:\/\/www.delexodo.com.ar\/?p=9534#primaryimage\"},\"thumbnailUrl\":\"https:\/\/www.delexodo.com.ar\/wp-content\/uploads\/2022\/10\/FNA30_WebAd.png\",\"keywords\":[\"destacar\"],\"articleSection\":[\"Destacados\",\"NOTICIAS\"],\"inLanguage\":\"es\"},{\"@type\":\"WebPage\",\"@id\":\"https:\/\/www.delexodo.com.ar\/?p=9534\",\"url\":\"https:\/\/www.delexodo.com.ar\/?p=9534\",\"name\":\"TODO LO QUE TEN\u00c9S QUE SABER ACERCA DE LA FNA CRESPO - Del \u00c9xodo Nogoy\u00e1\",\"isPartOf\":{\"@id\":\"https:\/\/www.delexodo.com.ar\/#website\"},\"primaryImageOfPage\":{\"@id\":\"https:\/\/www.delexodo.com.ar\/?p=9534#primaryimage\"},\"image\":{\"@id\":\"https:\/\/www.delexodo.com.ar\/?p=9534#primaryimage\"},\"thumbnailUrl\":\"https:\/\/www.delexodo.com.ar\/wp-content\/uploads\/2022\/10\/FNA30_WebAd.png\",\"datePublished\":\"2022-11-11T00:00:30+00:00\",\"dateModified\":\"2022-11-11T00:00:31+00:00\",\"breadcrumb\":{\"@id\":\"https:\/\/www.delexodo.com.ar\/?p=9534#breadcrumb\"},\"inLanguage\":\"es\",\"potentialAction\":[{\"@type\":\"ReadAction\",\"target\":[\"https:\/\/www.delexodo.com.ar\/?p=9534\"]}]},{\"@type\":\"ImageObject\",\"inLanguage\":\"es\",\"@id\":\"https:\/\/www.delexodo.com.ar\/?p=9534#primaryimage\",\"url\":\"https:\/\/www.delexodo.com.ar\/wp-content\/uploads\/2022\/10\/FNA30_WebAd.png\",\"contentUrl\":\"https:\/\/www.delexodo.com.ar\/wp-content\/uploads\/2022\/10\/FNA30_WebAd.png\",\"width\":300,\"height\":250},{\"@type\":\"BreadcrumbList\",\"@id\":\"https:\/\/www.delexodo.com.ar\/?p=9534#breadcrumb\",\"itemListElement\":[{\"@type\":\"ListItem\",\"position\":1,\"name\":\"Portada\",\"item\":\"https:\/\/www.delexodo.com.ar\/\"},{\"@type\":\"ListItem\",\"position\":2,\"name\":\"TODO LO QUE TEN\u00c9S QUE SABER ACERCA DE LA FNA CRESPO\"}]},{\"@type\":\"WebSite\",\"@id\":\"https:\/\/www.delexodo.com.ar\/#website\",\"url\":\"https:\/\/www.delexodo.com.ar\/\",\"name\":\"Del \u00c9xodo Nogoy\u00e1\",\"description\":\"El Portal de Noticias de la Regi\u00f3n\",\"publisher\":{\"@id\":\"https:\/\/www.delexodo.com.ar\/#organization\"},\"potentialAction\":[{\"@type\":\"SearchAction\",\"target\":{\"@type\":\"EntryPoint\",\"urlTemplate\":\"https:\/\/www.delexodo.com.ar\/?s={search_term_string}\"},\"query-input\":{\"@type\":\"PropertyValueSpecification\",\"valueRequired\":true,\"valueName\":\"search_term_string\"}}],\"inLanguage\":\"es\"},{\"@type\":\"Organization\",\"@id\":\"https:\/\/www.delexodo.com.ar\/#organization\",\"name\":\"Del \u00c9xodo Nogoy\u00e1\",\"url\":\"https:\/\/www.delexodo.com.ar\/\",\"logo\":{\"@type\":\"ImageObject\",\"inLanguage\":\"es\",\"@id\":\"https:\/\/www.delexodo.com.ar\/#\/schema\/logo\/image\/\",\"url\":\"https:\/\/www.delexodo.com.ar\/wp-content\/uploads\/2024\/10\/cropped-cropped-LOGO24.png\",\"contentUrl\":\"https:\/\/www.delexodo.com.ar\/wp-content\/uploads\/2024\/10\/cropped-cropped-LOGO24.png\",\"width\":512,\"height\":349,\"caption\":\"Del \u00c9xodo Nogoy\u00e1\"},\"image\":{\"@id\":\"https:\/\/www.delexodo.com.ar\/#\/schema\/logo\/image\/\"}},{\"@type\":\"Person\",\"@id\":\"https:\/\/www.delexodo.com.ar\/#\/schema\/person\/bbed37f7da8e938660b34f2013ba449d\",\"name\":\"admin\",\"image\":{\"@type\":\"ImageObject\",\"inLanguage\":\"es\",\"@id\":\"https:\/\/www.delexodo.com.ar\/#\/schema\/person\/image\/\",\"url\":\"https:\/\/secure.gravatar.com\/avatar\/6b1558d1b6df085f1901bd5bd98523d7?s=96&d=mm&r=g\",\"contentUrl\":\"https:\/\/secure.gravatar.com\/avatar\/6b1558d1b6df085f1901bd5bd98523d7?s=96&d=mm&r=g\",\"caption\":\"admin\"},\"url\":\"https:\/\/www.delexodo.com.ar\/?author=1\"}]}<\/script>\n<!-- \/ Yoast SEO plugin. -->","yoast_head_json":{"title":"TODO LO QUE TEN\u00c9S QUE SABER ACERCA DE LA FNA CRESPO - Del \u00c9xodo Nogoy\u00e1","robots":{"index":"index","follow":"follow","max-snippet":"max-snippet:-1","max-image-preview":"max-image-preview:large","max-video-preview":"max-video-preview:-1"},"canonical":"https:\/\/www.delexodo.com.ar\/?p=9534","og_locale":"es_ES","og_type":"article","og_title":"TODO LO QUE TEN\u00c9S QUE SABER ACERCA DE LA FNA CRESPO - Del \u00c9xodo Nogoy\u00e1","og_description":"Este fin de semana se podr\u00e1 disfrutar y compartir con la familia y los amigos la 30\u00aa Fiesta Nacional de&hellip;","og_url":"https:\/\/www.delexodo.com.ar\/?p=9534","og_site_name":"Del \u00c9xodo Nogoy\u00e1","article_published_time":"2022-11-11T00:00:30+00:00","article_modified_time":"2022-11-11T00:00:31+00:00","og_image":[{"width":300,"height":250,"url":"https:\/\/www.delexodo.com.ar\/wp-content\/uploads\/2022\/10\/FNA30_WebAd.png","type":"image\/png"}],"author":"admin","twitter_card":"summary_large_image","twitter_misc":{"Escrito por":"admin","Tiempo de lectura":"7 minutos"},"schema":{"@context":"https:\/\/schema.org","@graph":[{"@type":"Article","@id":"https:\/\/www.delexodo.com.ar\/?p=9534#article","isPartOf":{"@id":"https:\/\/www.delexodo.com.ar\/?p=9534"},"author":{"name":"admin","@id":"https:\/\/www.delexodo.com.ar\/#\/schema\/person\/bbed37f7da8e938660b34f2013ba449d"},"headline":"TODO LO QUE TEN\u00c9S QUE SABER ACERCA DE LA FNA CRESPO","datePublished":"2022-11-11T00:00:30+00:00","dateModified":"2022-11-11T00:00:31+00:00","mainEntityOfPage":{"@id":"https:\/\/www.delexodo.com.ar\/?p=9534"},"wordCount":1472,"publisher":{"@id":"https:\/\/www.delexodo.com.ar\/#organization"},"image":{"@id":"https:\/\/www.delexodo.com.ar\/?p=9534#primaryimage"},"thumbnailUrl":"https:\/\/www.delexodo.com.ar\/wp-content\/uploads\/2022\/10\/FNA30_WebAd.png","keywords":["destacar"],"articleSection":["Destacados","NOTICIAS"],"inLanguage":"es"},{"@type":"WebPage","@id":"https:\/\/www.delexodo.com.ar\/?p=9534","url":"https:\/\/www.delexodo.com.ar\/?p=9534","name":"TODO LO QUE TEN\u00c9S QUE SABER ACERCA DE LA FNA CRESPO - Del \u00c9xodo Nogoy\u00e1","isPartOf":{"@id":"https:\/\/www.delexodo.com.ar\/#website"},"primaryImageOfPage":{"@id":"https:\/\/www.delexodo.com.ar\/?p=9534#primaryimage"},"image":{"@id":"https:\/\/www.delexodo.com.ar\/?p=9534#primaryimage"},"thumbnailUrl":"https:\/\/www.delexodo.com.ar\/wp-content\/uploads\/2022\/10\/FNA30_WebAd.png","datePublished":"2022-11-11T00:00:30+00:00","dateModified":"2022-11-11T00:00:31+00:00","breadcrumb":{"@id":"https:\/\/www.delexodo.com.ar\/?p=9534#breadcrumb"},"inLanguage":"es","potentialAction":[{"@type":"ReadAction","target":["https:\/\/www.delexodo.com.ar\/?p=9534"]}]},{"@type":"ImageObject","inLanguage":"es","@id":"https:\/\/www.delexodo.com.ar\/?p=9534#primaryimage","url":"https:\/\/www.delexodo.com.ar\/wp-content\/uploads\/2022\/10\/FNA30_WebAd.png","contentUrl":"https:\/\/www.delexodo.com.ar\/wp-content\/uploads\/2022\/10\/FNA30_WebAd.png","width":300,"height":250},{"@type":"BreadcrumbList","@id":"https:\/\/www.delexodo.com.ar\/?p=9534#breadcrumb","itemListElement":[{"@type":"ListItem","position":1,"name":"Portada","item":"https:\/\/www.delexodo.com.ar\/"},{"@type":"ListItem","position":2,"name":"TODO LO QUE TEN\u00c9S QUE SABER ACERCA DE LA FNA CRESPO"}]},{"@type":"WebSite","@id":"https:\/\/www.delexodo.com.ar\/#website","url":"https:\/\/www.delexodo.com.ar\/","name":"Del \u00c9xodo Nogoy\u00e1","description":"El Portal de Noticias de la Regi\u00f3n","publisher":{"@id":"https:\/\/www.delexodo.com.ar\/#organization"},"potentialAction":[{"@type":"SearchAction","target":{"@type":"EntryPoint","urlTemplate":"https:\/\/www.delexodo.com.ar\/?s={search_term_string}"},"query-input":{"@type":"PropertyValueSpecification","valueRequired":true,"valueName":"search_term_string"}}],"inLanguage":"es"},{"@type":"Organization","@id":"https:\/\/www.delexodo.com.ar\/#organization","name":"Del \u00c9xodo Nogoy\u00e1","url":"https:\/\/www.delexodo.com.ar\/","logo":{"@type":"ImageObject","inLanguage":"es","@id":"https:\/\/www.delexodo.com.ar\/#\/schema\/logo\/image\/","url":"https:\/\/www.delexodo.com.ar\/wp-content\/uploads\/2024\/10\/cropped-cropped-LOGO24.png","contentUrl":"https:\/\/www.delexodo.com.ar\/wp-content\/uploads\/2024\/10\/cropped-cropped-LOGO24.png","width":512,"height":349,"caption":"Del \u00c9xodo Nogoy\u00e1"},"image":{"@id":"https:\/\/www.delexodo.com.ar\/#\/schema\/logo\/image\/"}},{"@type":"Person","@id":"https:\/\/www.delexodo.com.ar\/#\/schema\/person\/bbed37f7da8e938660b34f2013ba449d","name":"admin","image":{"@type":"ImageObject","inLanguage":"es","@id":"https:\/\/www.delexodo.com.ar\/#\/schema\/person\/image\/","url":"https:\/\/secure.gravatar.com\/avatar\/6b1558d1b6df085f1901bd5bd98523d7?s=96&d=mm&r=g","contentUrl":"https:\/\/secure.gravatar.com\/avatar\/6b1558d1b6df085f1901bd5bd98523d7?s=96&d=mm&r=g","caption":"admin"},"url":"https:\/\/www.delexodo.com.ar\/?author=1"}]}},"_links":{"self":[{"href":"https:\/\/www.delexodo.com.ar\/index.php?rest_route=\/wp\/v2\/posts\/9534","targetHints":{"allow":["GET"]}}],"collection":[{"href":"https:\/\/www.delexodo.com.ar\/index.php?rest_route=\/wp\/v2\/posts"}],"about":[{"href":"https:\/\/www.delexodo.com.ar\/index.php?rest_route=\/wp\/v2\/types\/post"}],"author":[{"embeddable":true,"href":"https:\/\/www.delexodo.com.ar\/index.php?rest_route=\/wp\/v2\/users\/1"}],"replies":[{"embeddable":true,"href":"https:\/\/www.delexodo.com.ar\/index.php?rest_route=%2Fwp%2Fv2%2Fcomments&post=9534"}],"version-history":[{"count":0,"href":"https:\/\/www.delexodo.com.ar\/index.php?rest_route=\/wp\/v2\/posts\/9534\/revisions"}],"wp:featuredmedia":[{"embeddable":true,"href":"https:\/\/www.delexodo.com.ar\/index.php?rest_route=\/wp\/v2\/media\/9479"}],"wp:attachment":[{"href":"https:\/\/www.delexodo.com.ar\/index.php?rest_route=%2Fwp%2Fv2%2Fmedia&parent=9534"}],"wp:term":[{"taxonomy":"category","embeddable":true,"href":"https:\/\/www.delexodo.com.ar\/index.php?rest_route=%2Fwp%2Fv2%2Fcategories&post=9534"},{"taxonomy":"post_tag","embeddable":true,"href":"https:\/\/www.delexodo.com.ar\/index.php?rest_route=%2Fwp%2Fv2%2Ftags&post=9534"}],"curies":[{"name":"wp","href":"https:\/\/api.w.org\/{rel}","templated":true}]}}