{"id":9449,"date":"2022-09-13T20:01:34","date_gmt":"2022-09-13T23:01:34","guid":{"rendered":"https:\/\/www.delexodo.com.ar\/?p=9449"},"modified":"2022-09-13T20:01:34","modified_gmt":"2022-09-13T23:01:34","slug":"las-diez-medidas-mas-importantes-de-anses-en-mil-dias-de-gestion-del-gobierno-nacional","status":"publish","type":"post","link":"https:\/\/www.delexodo.com.ar\/?p=9449","title":{"rendered":"LAS DIEZ MEDIDAS M\u00c1S IMPORTANTES DE ANSES EN MIL D\u00cdAS DE GESTI\u00d3N DEL GOBIERNO NACIONAL"},"content":{"rendered":"\n<p>En el marco de los 1000 d\u00edas de gesti\u00f3n del gobierno nacional, la directora ejecutiva de ANSES,&nbsp;<strong>Fernanda Raverta<\/strong>, repas\u00f3 las principales pol\u00edticas llevadas a cabo desde ANSES.<\/p>\n\n\n\n<p>\u201c<em>Hoy se cumplen 1000 d\u00edas de gesti\u00f3n del gobierno nacional. Desde ANSES estamos orgullosos de poder acompa\u00f1ar a cada una de las argentinas y argentinos en cada etapa de su vida\u201d,&nbsp;<\/em>expres\u00f3&nbsp;<strong>Raverta.<\/strong><\/p>\n\n\n\n<p><em>\u201cVamos a seguir trabajando cada d\u00eda para que las pol\u00edticas p\u00fablicas mejoren la calidad de vida de millones de personas en cada rinc\u00f3n del pa\u00eds<\/em>\u201d, agreg\u00f3.<\/p>\n\n\n\n<p>Entre las principales medidas llevadas adelante, se encuentrael Reconocimiento de Aportes por Tareas de Cuidado con el que 200 mil madres pudieron acceder a su jubilaci\u00f3n, reconociendo y valorando el tiempo que dedicaron a la crianza y cuidado de sus hijas e hijos.<\/p>\n\n\n\n<p>Tambi\u00e9n se implement\u00f3 la nueva Ley de Movilidad, que protege los ingresos y tiende a recuperar progresivamente el poder adquisitivo de las y los jubilados y pensionados del pa\u00eds.<\/p>\n\n\n\n<p>Al mismo tiempo, recientemente se otorg\u00f3 un refuerzo previsional que, sumado a las actualizaciones de haberes, llevar\u00e1 a que durante septiembre, octubre y noviembre ninguna jubilaci\u00f3n quede por debajo de los 50 mil pesos.<\/p>\n\n\n\n<p>En el mismo sentido, se aumentaron las Asignaciones Familiares, poniendo en valor el esfuerzo de las y los trabajadores registrados de menores recursos que a partir de septiembre, octubre y noviembre recibir\u00e1n 20 mil pesos por hija e hijo. De esta forma, ning\u00fan trabajador quedar\u00e1 bajo la l\u00ednea de pobreza.<\/p>\n\n\n\n<p>Adem\u00e1s, para garantizar el acceso a una alimentaci\u00f3n saludable de todas las ni\u00f1as y ni\u00f1os del pa\u00eds, durante estos mil d\u00edas de gesti\u00f3n se implement\u00f3 el pago del Programa Alimentar con la Asignaci\u00f3n Universal por Hija e Hijo, alcanzando mensualmente a 4 millones de ni\u00f1os, ni\u00f1as y adolescentes de hasta 14 a\u00f1os. Al mismo tiempo que controlamos el cumplimiento del calendario escolar y de vacunaci\u00f3n mediante la presentaci\u00f3n de la Libreta.<\/p>\n\n\n\n<p>Por otra parte, con el Plan Mil D\u00edas se extendi\u00f3 la Asignaci\u00f3n por Embarazo de 6 a 9 meses, ampliando el derecho al cobro de la Asignaci\u00f3n por Nacimiento y Adopci\u00f3n y poniendo en marcha el Complemento Leche para acompa\u00f1ar el desarrollo saludable de las futuras mam\u00e1s y de sus hijas e hijos.<\/p>\n\n\n\n<p>Para que las chicas y chicos est\u00e9n y vuelvan a la escuela, ampliamos las becas Progresar a j\u00f3venes de 16 y 17 a\u00f1os. De esta forma, acompa\u00f1amos a casi 1,5 millones de estudiantes, cifra r\u00e9cord que nos permiti\u00f3 recuperar los niveles de alcance que tuvo el programa en 2015.<\/p>\n\n\n\n<p>Adem\u00e1s, durante el peor momento de la pandemia, el organismo acompa\u00f1\u00f3 a m\u00e1s de 9 millones de personas con el Ingreso Familiar de Emergencia y, este a\u00f1o, para sostener el poder adquisitivo ante el aumento de precios, se implement\u00f3 el Refuerzo de Ingresos que alcanz\u00f3 a m\u00e1s de 13 millones de argentinas y argentinos.<\/p>\n\n\n\n<p>Asimismo, en lo que va de 2002 se alcanz\u00f3 la cifra m\u00e1s alta de nuevas jubilaciones y pensiones desde 2015. Adem\u00e1s, para quienes ya ten\u00edan los a\u00f1os de aporte necesarios para jubilarse, pero no llegaban a la edad requerida para poder hacerlo y se encontraban desocupados, se puso en marcha la Jubilaci\u00f3n Anticipada que permiti\u00f3 que m\u00e1s de 15 mil personas accedan a su derecho antes.<\/p>\n\n\n\n<p>Por otra parte, con la ley de defensa de los activos se fortaleci\u00f3 el Fondo de Garant\u00eda de Sustentabilidad, aumentando su valor en d\u00f3lares en un 40 por ciento, luego de que este se redujera a casi la mitad entre 2015 y 2019.<\/p>\n\n\n\n<p>Tambi\u00e9n, durante estos mil d\u00edas, el organismo inaugur\u00f3 48 oficinas, instal\u00f3 distintos Puntos de Atenci\u00f3n y realiz\u00f3 operativos m\u00f3viles para que m\u00e1s personas puedan realizar sus tr\u00e1mites y consultas en todo el pa\u00eds.<\/p>\n","protected":false},"excerpt":{"rendered":"<p>En el marco de los 1000 d\u00edas de gesti\u00f3n del gobierno nacional, la directora ejecutiva de ANSES,&nbsp;Fernanda Raverta, repas\u00f3 las&hellip;<\/p>\n","protected":false},"author":1,"featured_media":9450,"comment_status":"closed","ping_status":"closed","sticky":false,"template":"","format":"standard","meta":{"_joinchat":[],"footnotes":""},"categories":[65,69,349],"tags":[],"class_list":["post-9449","post","type-post","status-publish","format-standard","has-post-thumbnail","hentry","category-destacados","category-noticias","category-politica"],"yoast_head":"<!-- This site is optimized with the Yoast SEO plugin v25.1 - https:\/\/yoast.com\/wordpress\/plugins\/seo\/ -->\n<title>LAS DIEZ MEDIDAS M\u00c1S IMPORTANTES DE ANSES EN MIL D\u00cdAS DE GESTI\u00d3N DEL GOBIERNO NACIONAL - Del \u00c9xodo Nogoy\u00e1<\/title>\n<meta name=\"robots\" content=\"index, follow, max-snippet:-1, max-image-preview:large, max-video-preview:-1\" \/>\n<link rel=\"canonical\" href=\"https:\/\/www.delexodo.com.ar\/?p=9449\" \/>\n<meta property=\"og:locale\" content=\"es_ES\" \/>\n<meta property=\"og:type\" content=\"article\" \/>\n<meta property=\"og:title\" content=\"LAS DIEZ MEDIDAS M\u00c1S IMPORTANTES DE ANSES EN MIL D\u00cdAS DE GESTI\u00d3N DEL GOBIERNO NACIONAL - Del \u00c9xodo Nogoy\u00e1\" \/>\n<meta property=\"og:description\" content=\"En el marco de los 1000 d\u00edas de gesti\u00f3n del gobierno nacional, la directora ejecutiva de ANSES,&nbsp;Fernanda Raverta, repas\u00f3 las&hellip;\" \/>\n<meta property=\"og:url\" content=\"https:\/\/www.delexodo.com.ar\/?p=9449\" \/>\n<meta property=\"og:site_name\" content=\"Del \u00c9xodo Nogoy\u00e1\" \/>\n<meta property=\"article:published_time\" content=\"2022-09-13T23:01:34+00:00\" \/>\n<meta property=\"og:image\" content=\"https:\/\/www.delexodo.com.ar\/wp-content\/uploads\/2022\/09\/Fachada-Anses-Central-scaled.jpg\" \/>\n\t<meta property=\"og:image:width\" content=\"2560\" \/>\n\t<meta property=\"og:image:height\" content=\"1440\" \/>\n\t<meta property=\"og:image:type\" content=\"image\/jpeg\" \/>\n<meta name=\"author\" content=\"admin\" \/>\n<meta name=\"twitter:card\" content=\"summary_large_image\" \/>\n<meta name=\"twitter:label1\" content=\"Escrito por\" \/>\n\t<meta name=\"twitter:data1\" content=\"admin\" \/>\n\t<meta name=\"twitter:label2\" content=\"Tiempo de lectura\" \/>\n\t<meta name=\"twitter:data2\" content=\"3 minutos\" \/>\n<script type=\"application\/ld+json\" class=\"yoast-schema-graph\">{\"@context\":\"https:\/\/schema.org\",\"@graph\":[{\"@type\":\"Article\",\"@id\":\"https:\/\/www.delexodo.com.ar\/?p=9449#article\",\"isPartOf\":{\"@id\":\"https:\/\/www.delexodo.com.ar\/?p=9449\"},\"author\":{\"name\":\"admin\",\"@id\":\"https:\/\/www.delexodo.com.ar\/#\/schema\/person\/bbed37f7da8e938660b34f2013ba449d\"},\"headline\":\"LAS DIEZ MEDIDAS M\u00c1S IMPORTANTES DE ANSES EN MIL D\u00cdAS DE GESTI\u00d3N DEL GOBIERNO NACIONAL\",\"datePublished\":\"2022-09-13T23:01:34+00:00\",\"mainEntityOfPage\":{\"@id\":\"https:\/\/www.delexodo.com.ar\/?p=9449\"},\"wordCount\":672,\"publisher\":{\"@id\":\"https:\/\/www.delexodo.com.ar\/#organization\"},\"image\":{\"@id\":\"https:\/\/www.delexodo.com.ar\/?p=9449#primaryimage\"},\"thumbnailUrl\":\"https:\/\/www.delexodo.com.ar\/wp-content\/uploads\/2022\/09\/Fachada-Anses-Central-scaled.jpg\",\"articleSection\":[\"Destacados\",\"NOTICIAS\",\"Politica\"],\"inLanguage\":\"es\"},{\"@type\":\"WebPage\",\"@id\":\"https:\/\/www.delexodo.com.ar\/?p=9449\",\"url\":\"https:\/\/www.delexodo.com.ar\/?p=9449\",\"name\":\"LAS DIEZ MEDIDAS M\u00c1S IMPORTANTES DE ANSES EN MIL D\u00cdAS DE GESTI\u00d3N DEL GOBIERNO NACIONAL - Del \u00c9xodo Nogoy\u00e1\",\"isPartOf\":{\"@id\":\"https:\/\/www.delexodo.com.ar\/#website\"},\"primaryImageOfPage\":{\"@id\":\"https:\/\/www.delexodo.com.ar\/?p=9449#primaryimage\"},\"image\":{\"@id\":\"https:\/\/www.delexodo.com.ar\/?p=9449#primaryimage\"},\"thumbnailUrl\":\"https:\/\/www.delexodo.com.ar\/wp-content\/uploads\/2022\/09\/Fachada-Anses-Central-scaled.jpg\",\"datePublished\":\"2022-09-13T23:01:34+00:00\",\"breadcrumb\":{\"@id\":\"https:\/\/www.delexodo.com.ar\/?p=9449#breadcrumb\"},\"inLanguage\":\"es\",\"potentialAction\":[{\"@type\":\"ReadAction\",\"target\":[\"https:\/\/www.delexodo.com.ar\/?p=9449\"]}]},{\"@type\":\"ImageObject\",\"inLanguage\":\"es\",\"@id\":\"https:\/\/www.delexodo.com.ar\/?p=9449#primaryimage\",\"url\":\"https:\/\/www.delexodo.com.ar\/wp-content\/uploads\/2022\/09\/Fachada-Anses-Central-scaled.jpg\",\"contentUrl\":\"https:\/\/www.delexodo.com.ar\/wp-content\/uploads\/2022\/09\/Fachada-Anses-Central-scaled.jpg\",\"width\":2560,\"height\":1440},{\"@type\":\"BreadcrumbList\",\"@id\":\"https:\/\/www.delexodo.com.ar\/?p=9449#breadcrumb\",\"itemListElement\":[{\"@type\":\"ListItem\",\"position\":1,\"name\":\"Portada\",\"item\":\"https:\/\/www.delexodo.com.ar\/\"},{\"@type\":\"ListItem\",\"position\":2,\"name\":\"LAS DIEZ MEDIDAS M\u00c1S IMPORTANTES DE ANSES EN MIL D\u00cdAS DE GESTI\u00d3N DEL GOBIERNO NACIONAL\"}]},{\"@type\":\"WebSite\",\"@id\":\"https:\/\/www.delexodo.com.ar\/#website\",\"url\":\"https:\/\/www.delexodo.com.ar\/\",\"name\":\"Del \u00c9xodo Nogoy\u00e1\",\"description\":\"El Portal de Noticias de la Regi\u00f3n\",\"publisher\":{\"@id\":\"https:\/\/www.delexodo.com.ar\/#organization\"},\"potentialAction\":[{\"@type\":\"SearchAction\",\"target\":{\"@type\":\"EntryPoint\",\"urlTemplate\":\"https:\/\/www.delexodo.com.ar\/?s={search_term_string}\"},\"query-input\":{\"@type\":\"PropertyValueSpecification\",\"valueRequired\":true,\"valueName\":\"search_term_string\"}}],\"inLanguage\":\"es\"},{\"@type\":\"Organization\",\"@id\":\"https:\/\/www.delexodo.com.ar\/#organization\",\"name\":\"Del \u00c9xodo Nogoy\u00e1\",\"url\":\"https:\/\/www.delexodo.com.ar\/\",\"logo\":{\"@type\":\"ImageObject\",\"inLanguage\":\"es\",\"@id\":\"https:\/\/www.delexodo.com.ar\/#\/schema\/logo\/image\/\",\"url\":\"https:\/\/www.delexodo.com.ar\/wp-content\/uploads\/2024\/10\/cropped-cropped-LOGO24.png\",\"contentUrl\":\"https:\/\/www.delexodo.com.ar\/wp-content\/uploads\/2024\/10\/cropped-cropped-LOGO24.png\",\"width\":512,\"height\":349,\"caption\":\"Del \u00c9xodo Nogoy\u00e1\"},\"image\":{\"@id\":\"https:\/\/www.delexodo.com.ar\/#\/schema\/logo\/image\/\"}},{\"@type\":\"Person\",\"@id\":\"https:\/\/www.delexodo.com.ar\/#\/schema\/person\/bbed37f7da8e938660b34f2013ba449d\",\"name\":\"admin\",\"image\":{\"@type\":\"ImageObject\",\"inLanguage\":\"es\",\"@id\":\"https:\/\/www.delexodo.com.ar\/#\/schema\/person\/image\/\",\"url\":\"https:\/\/secure.gravatar.com\/avatar\/6b1558d1b6df085f1901bd5bd98523d7?s=96&d=mm&r=g\",\"contentUrl\":\"https:\/\/secure.gravatar.com\/avatar\/6b1558d1b6df085f1901bd5bd98523d7?s=96&d=mm&r=g\",\"caption\":\"admin\"},\"url\":\"https:\/\/www.delexodo.com.ar\/?author=1\"}]}<\/script>\n<!-- \/ Yoast SEO plugin. -->","yoast_head_json":{"title":"LAS DIEZ MEDIDAS M\u00c1S IMPORTANTES DE ANSES EN MIL D\u00cdAS DE GESTI\u00d3N DEL GOBIERNO NACIONAL - Del \u00c9xodo Nogoy\u00e1","robots":{"index":"index","follow":"follow","max-snippet":"max-snippet:-1","max-image-preview":"max-image-preview:large","max-video-preview":"max-video-preview:-1"},"canonical":"https:\/\/www.delexodo.com.ar\/?p=9449","og_locale":"es_ES","og_type":"article","og_title":"LAS DIEZ MEDIDAS M\u00c1S IMPORTANTES DE ANSES EN MIL D\u00cdAS DE GESTI\u00d3N DEL GOBIERNO NACIONAL - Del \u00c9xodo Nogoy\u00e1","og_description":"En el marco de los 1000 d\u00edas de gesti\u00f3n del gobierno nacional, la directora ejecutiva de ANSES,&nbsp;Fernanda Raverta, repas\u00f3 las&hellip;","og_url":"https:\/\/www.delexodo.com.ar\/?p=9449","og_site_name":"Del \u00c9xodo Nogoy\u00e1","article_published_time":"2022-09-13T23:01:34+00:00","og_image":[{"width":2560,"height":1440,"url":"https:\/\/www.delexodo.com.ar\/wp-content\/uploads\/2022\/09\/Fachada-Anses-Central-scaled.jpg","type":"image\/jpeg"}],"author":"admin","twitter_card":"summary_large_image","twitter_misc":{"Escrito por":"admin","Tiempo de lectura":"3 minutos"},"schema":{"@context":"https:\/\/schema.org","@graph":[{"@type":"Article","@id":"https:\/\/www.delexodo.com.ar\/?p=9449#article","isPartOf":{"@id":"https:\/\/www.delexodo.com.ar\/?p=9449"},"author":{"name":"admin","@id":"https:\/\/www.delexodo.com.ar\/#\/schema\/person\/bbed37f7da8e938660b34f2013ba449d"},"headline":"LAS DIEZ MEDIDAS M\u00c1S IMPORTANTES DE ANSES EN MIL D\u00cdAS DE GESTI\u00d3N DEL GOBIERNO NACIONAL","datePublished":"2022-09-13T23:01:34+00:00","mainEntityOfPage":{"@id":"https:\/\/www.delexodo.com.ar\/?p=9449"},"wordCount":672,"publisher":{"@id":"https:\/\/www.delexodo.com.ar\/#organization"},"image":{"@id":"https:\/\/www.delexodo.com.ar\/?p=9449#primaryimage"},"thumbnailUrl":"https:\/\/www.delexodo.com.ar\/wp-content\/uploads\/2022\/09\/Fachada-Anses-Central-scaled.jpg","articleSection":["Destacados","NOTICIAS","Politica"],"inLanguage":"es"},{"@type":"WebPage","@id":"https:\/\/www.delexodo.com.ar\/?p=9449","url":"https:\/\/www.delexodo.com.ar\/?p=9449","name":"LAS DIEZ MEDIDAS M\u00c1S IMPORTANTES DE ANSES EN MIL D\u00cdAS DE GESTI\u00d3N DEL GOBIERNO NACIONAL - Del \u00c9xodo Nogoy\u00e1","isPartOf":{"@id":"https:\/\/www.delexodo.com.ar\/#website"},"primaryImageOfPage":{"@id":"https:\/\/www.delexodo.com.ar\/?p=9449#primaryimage"},"image":{"@id":"https:\/\/www.delexodo.com.ar\/?p=9449#primaryimage"},"thumbnailUrl":"https:\/\/www.delexodo.com.ar\/wp-content\/uploads\/2022\/09\/Fachada-Anses-Central-scaled.jpg","datePublished":"2022-09-13T23:01:34+00:00","breadcrumb":{"@id":"https:\/\/www.delexodo.com.ar\/?p=9449#breadcrumb"},"inLanguage":"es","potentialAction":[{"@type":"ReadAction","target":["https:\/\/www.delexodo.com.ar\/?p=9449"]}]},{"@type":"ImageObject","inLanguage":"es","@id":"https:\/\/www.delexodo.com.ar\/?p=9449#primaryimage","url":"https:\/\/www.delexodo.com.ar\/wp-content\/uploads\/2022\/09\/Fachada-Anses-Central-scaled.jpg","contentUrl":"https:\/\/www.delexodo.com.ar\/wp-content\/uploads\/2022\/09\/Fachada-Anses-Central-scaled.jpg","width":2560,"height":1440},{"@type":"BreadcrumbList","@id":"https:\/\/www.delexodo.com.ar\/?p=9449#breadcrumb","itemListElement":[{"@type":"ListItem","position":1,"name":"Portada","item":"https:\/\/www.delexodo.com.ar\/"},{"@type":"ListItem","position":2,"name":"LAS DIEZ MEDIDAS M\u00c1S IMPORTANTES DE ANSES EN MIL D\u00cdAS DE GESTI\u00d3N DEL GOBIERNO NACIONAL"}]},{"@type":"WebSite","@id":"https:\/\/www.delexodo.com.ar\/#website","url":"https:\/\/www.delexodo.com.ar\/","name":"Del \u00c9xodo Nogoy\u00e1","description":"El Portal de Noticias de la Regi\u00f3n","publisher":{"@id":"https:\/\/www.delexodo.com.ar\/#organization"},"potentialAction":[{"@type":"SearchAction","target":{"@type":"EntryPoint","urlTemplate":"https:\/\/www.delexodo.com.ar\/?s={search_term_string}"},"query-input":{"@type":"PropertyValueSpecification","valueRequired":true,"valueName":"search_term_string"}}],"inLanguage":"es"},{"@type":"Organization","@id":"https:\/\/www.delexodo.com.ar\/#organization","name":"Del \u00c9xodo Nogoy\u00e1","url":"https:\/\/www.delexodo.com.ar\/","logo":{"@type":"ImageObject","inLanguage":"es","@id":"https:\/\/www.delexodo.com.ar\/#\/schema\/logo\/image\/","url":"https:\/\/www.delexodo.com.ar\/wp-content\/uploads\/2024\/10\/cropped-cropped-LOGO24.png","contentUrl":"https:\/\/www.delexodo.com.ar\/wp-content\/uploads\/2024\/10\/cropped-cropped-LOGO24.png","width":512,"height":349,"caption":"Del \u00c9xodo Nogoy\u00e1"},"image":{"@id":"https:\/\/www.delexodo.com.ar\/#\/schema\/logo\/image\/"}},{"@type":"Person","@id":"https:\/\/www.delexodo.com.ar\/#\/schema\/person\/bbed37f7da8e938660b34f2013ba449d","name":"admin","image":{"@type":"ImageObject","inLanguage":"es","@id":"https:\/\/www.delexodo.com.ar\/#\/schema\/person\/image\/","url":"https:\/\/secure.gravatar.com\/avatar\/6b1558d1b6df085f1901bd5bd98523d7?s=96&d=mm&r=g","contentUrl":"https:\/\/secure.gravatar.com\/avatar\/6b1558d1b6df085f1901bd5bd98523d7?s=96&d=mm&r=g","caption":"admin"},"url":"https:\/\/www.delexodo.com.ar\/?author=1"}]}},"_links":{"self":[{"href":"https:\/\/www.delexodo.com.ar\/index.php?rest_route=\/wp\/v2\/posts\/9449","targetHints":{"allow":["GET"]}}],"collection":[{"href":"https:\/\/www.delexodo.com.ar\/index.php?rest_route=\/wp\/v2\/posts"}],"about":[{"href":"https:\/\/www.delexodo.com.ar\/index.php?rest_route=\/wp\/v2\/types\/post"}],"author":[{"embeddable":true,"href":"https:\/\/www.delexodo.com.ar\/index.php?rest_route=\/wp\/v2\/users\/1"}],"replies":[{"embeddable":true,"href":"https:\/\/www.delexodo.com.ar\/index.php?rest_route=%2Fwp%2Fv2%2Fcomments&post=9449"}],"version-history":[{"count":0,"href":"https:\/\/www.delexodo.com.ar\/index.php?rest_route=\/wp\/v2\/posts\/9449\/revisions"}],"wp:featuredmedia":[{"embeddable":true,"href":"https:\/\/www.delexodo.com.ar\/index.php?rest_route=\/wp\/v2\/media\/9450"}],"wp:attachment":[{"href":"https:\/\/www.delexodo.com.ar\/index.php?rest_route=%2Fwp%2Fv2%2Fmedia&parent=9449"}],"wp:term":[{"taxonomy":"category","embeddable":true,"href":"https:\/\/www.delexodo.com.ar\/index.php?rest_route=%2Fwp%2Fv2%2Fcategories&post=9449"},{"taxonomy":"post_tag","embeddable":true,"href":"https:\/\/www.delexodo.com.ar\/index.php?rest_route=%2Fwp%2Fv2%2Ftags&post=9449"}],"curies":[{"name":"wp","href":"https:\/\/api.w.org\/{rel}","templated":true}]}}