{"id":9442,"date":"2022-08-30T19:33:50","date_gmt":"2022-08-30T22:33:50","guid":{"rendered":"https:\/\/www.delexodo.com.ar\/?p=9442"},"modified":"2022-08-30T19:33:51","modified_gmt":"2022-08-30T22:33:51","slug":"convocatoria-2022-para-el-salon-provincial-de-artesanias","status":"publish","type":"post","link":"https:\/\/www.delexodo.com.ar\/?p=9442","title":{"rendered":"CONVOCATORIA 2022 PARA EL SAL\u00d3N PROVINCIAL DE ARTESAN\u00cdAS"},"content":{"rendered":"\n<p>La Secretar\u00eda de Cultura de Entre R\u00edos lanza la convocatoria al concurso <strong>Premio Provincial a la Pieza \u00danica Artesanal 2022<\/strong> y el correspondiente sal\u00f3n anual. El concurso incentiva la las producciones artesanales de toda la provincia.<\/p>\n\n\n\n<p>A&nbsp; trav\u00e9s del Museo y Mercado Provincial de Artesan\u00edas \u201cCarlos Asia\u00edn\u201d -organismo dependiente de la Secretar\u00eda de Cultura- convoca a artesanas y artesanos de la provincia a participar de este nuevo concurso provincial que tiene como objetivo contribuir a la difusi\u00f3n del patrimonio cultural revalorizando la creatividad, originalidad y calidad de las artesan\u00edas entrerrianas, a la vez de enriquecer el Patrimonio del Museo y del Gobierno Provincial mediante la incorporaci\u00f3n de la obras premiadas.<\/p>\n\n\n\n<p>La recepci\u00f3n de postulaciones se realizar\u00e1 desde el 3 de septiembre al 14 de octubre, inclusive.<\/p>\n\n\n\n<p>Podr\u00e1n participar del premio provincial todas y todos los artesanos postulantes deber\u00e1n ser mayores de 18 a\u00f1os nativos\/as o con una residencia m\u00ednima de cuatro a\u00f1os en la provincia de Entre R\u00edos previos a la fecha de la presente convocatoria.<\/p>\n\n\n\n<p>La inscripci\u00f3n de los\/as participantes y la presentaci\u00f3n de las piezas artesanales se realizar\u00e1 exclusivamente a trav\u00e9s de correo electr\u00f3nico. Para tal fin los\/as artesanos\/as deber\u00e1n enviar un e-mail a <a href=\"mailto:concursoartesanias.er@gmail.com\" target=\"_blank\" rel=\"noreferrer noopener\">concursoartesanias.er@gmail.com<\/a> con el asunto: Concurso Provincial Pieza \u00danica Artesanal 2022. El Reglamento del concurso \u201cPremio Provincial a la Pieza \u00danica Artesanal\u201d podr\u00e1 descargarse en el siguiente <a href=\"https:\/\/drive.google.com\/file\/d\/1ZeNPoUVElFGPhOsjGtQfThOtAvWIzRUD\/view\" target=\"_blank\" rel=\"noreferrer noopener\">ENLACE<\/a><\/p>\n\n\n\n<p><strong>Premios<\/strong><\/p>\n\n\n\n<p>Se otorgar\u00e1n tres premios adquisici\u00f3n fijando la suma de; <\/p>\n\n\n\n<p>1er Premio Adquisici\u00f3n: Pesos Cincuenta y Ocho Mil ($58.000,00.-) <\/p>\n\n\n\n<p>2do Premio Adquisici\u00f3n: Pesos Cuarenta y Tres Mil ($43.000,00.-) <\/p>\n\n\n\n<p>3er Premio Adquisici\u00f3n: Pesos Veintinueve Mil ($29.000,00.-)<\/p>\n\n\n\n<p><strong>Calendario<\/strong><\/p>\n\n\n\n<p>Apertura de la convocatoria: 29 de agosto<\/p>\n\n\n\n<p>Recepci\u00f3n de postulaciones: Desde el 3 de septiembre al 14 de octubre, inclusive<\/p>\n\n\n\n<p>Selecci\u00f3n y aceptaci\u00f3n de piezas artesanales: El Jurado actuar\u00e1 a tal efecto del 20 al 23 de octubre<\/p>\n\n\n\n<p>Comunicaci\u00f3n de las piezas artesanales seleccionadas: 25 de octubre<\/p>\n\n\n\n<p>Recepci\u00f3n de las piezas artesanales seleccionadas: Desde el 27 de octubre al 4 de noviembre, inclusive, de 8 a 12 hs*<\/p>\n\n\n\n<p>Dictamen del Jurado: El Jurado se reunir\u00e1 presencialmente los d\u00edas 10 y 11 de noviembre y<\/p>\n\n\n\n<p>dar\u00e1 a conocer sus decisiones el d\u00eda 12 de noviembre<\/p>\n\n\n\n<p>Comunicaci\u00f3n de los resultados de la Premiaci\u00f3n: 14 de noviembre<\/p>\n\n\n\n<p>Acto de Premiaci\u00f3n e Inauguraci\u00f3n de la Exposici\u00f3n de las Piezas seleccionadas en el Museo y Mercado Provincial de Artesan\u00edas: 22 de noviembre<\/p>\n\n\n\n<p>Exposici\u00f3n: Desde el 25 de noviembre hasta el 15 de diciembre<\/p>\n\n\n\n<p>Este concurso en una iniciativa m\u00e1s de la Secretar\u00eda de Cultura de Entre R\u00edos y del Museo y Mercado Provincial de Artesan\u00edas \u201cCarlos Asia\u00edn\u201d para revalorizar y reconocer el trabajo de artesanas y artesanos, quienes con sus manos crean y resignifican los saberes ancestrales y los oficios artesanales construyendo en cada una de sus piezas la identidad cultural entrerriana.<\/p>\n\n\n\n<p>M\u00e1s informaci\u00f3n: <a href=\"mailto:museoymercadodeartesanias.er@gmail.com\" target=\"_blank\" rel=\"noreferrer noopener\">museoymercadodeartesanias.er@gmail.com<\/a><\/p>\n","protected":false},"excerpt":{"rendered":"<p>La Secretar\u00eda de Cultura de Entre R\u00edos lanza la convocatoria al concurso Premio Provincial a la Pieza \u00danica Artesanal 2022&hellip;<\/p>\n","protected":false},"author":1,"featured_media":9443,"comment_status":"closed","ping_status":"closed","sticky":false,"template":"","format":"standard","meta":{"_joinchat":[],"footnotes":""},"categories":[355,65,1,69],"tags":[],"class_list":["post-9442","post","type-post","status-publish","format-standard","has-post-thumbnail","hentry","category-cultura","category-destacados","category-sincategoria","category-noticias"],"yoast_head":"<!-- This site is optimized with the Yoast SEO plugin v25.1 - https:\/\/yoast.com\/wordpress\/plugins\/seo\/ -->\n<title>CONVOCATORIA 2022 PARA EL SAL\u00d3N PROVINCIAL DE ARTESAN\u00cdAS - Del \u00c9xodo Nogoy\u00e1<\/title>\n<meta name=\"robots\" content=\"index, follow, max-snippet:-1, max-image-preview:large, max-video-preview:-1\" \/>\n<link rel=\"canonical\" href=\"https:\/\/www.delexodo.com.ar\/?p=9442\" \/>\n<meta property=\"og:locale\" content=\"es_ES\" \/>\n<meta property=\"og:type\" content=\"article\" \/>\n<meta property=\"og:title\" content=\"CONVOCATORIA 2022 PARA EL SAL\u00d3N PROVINCIAL DE ARTESAN\u00cdAS - Del \u00c9xodo Nogoy\u00e1\" \/>\n<meta property=\"og:description\" content=\"La Secretar\u00eda de Cultura de Entre R\u00edos lanza la convocatoria al concurso Premio Provincial a la Pieza \u00danica Artesanal 2022&hellip;\" \/>\n<meta property=\"og:url\" content=\"https:\/\/www.delexodo.com.ar\/?p=9442\" \/>\n<meta property=\"og:site_name\" content=\"Del \u00c9xodo Nogoy\u00e1\" \/>\n<meta property=\"article:published_time\" content=\"2022-08-30T22:33:50+00:00\" \/>\n<meta property=\"article:modified_time\" content=\"2022-08-30T22:33:51+00:00\" \/>\n<meta property=\"og:image\" content=\"https:\/\/www.delexodo.com.ar\/wp-content\/uploads\/2022\/08\/MA_-Lanzamiento-salon22.jpg\" \/>\n\t<meta property=\"og:image:width\" content=\"1920\" \/>\n\t<meta property=\"og:image:height\" content=\"1280\" \/>\n\t<meta property=\"og:image:type\" content=\"image\/jpeg\" \/>\n<meta name=\"author\" content=\"admin\" \/>\n<meta name=\"twitter:card\" content=\"summary_large_image\" \/>\n<meta name=\"twitter:label1\" content=\"Escrito por\" \/>\n\t<meta name=\"twitter:data1\" content=\"admin\" \/>\n\t<meta name=\"twitter:label2\" content=\"Tiempo de lectura\" \/>\n\t<meta name=\"twitter:data2\" content=\"2 minutos\" \/>\n<script type=\"application\/ld+json\" class=\"yoast-schema-graph\">{\"@context\":\"https:\/\/schema.org\",\"@graph\":[{\"@type\":\"Article\",\"@id\":\"https:\/\/www.delexodo.com.ar\/?p=9442#article\",\"isPartOf\":{\"@id\":\"https:\/\/www.delexodo.com.ar\/?p=9442\"},\"author\":{\"name\":\"admin\",\"@id\":\"https:\/\/www.delexodo.com.ar\/#\/schema\/person\/bbed37f7da8e938660b34f2013ba449d\"},\"headline\":\"CONVOCATORIA 2022 PARA EL SAL\u00d3N PROVINCIAL DE ARTESAN\u00cdAS\",\"datePublished\":\"2022-08-30T22:33:50+00:00\",\"dateModified\":\"2022-08-30T22:33:51+00:00\",\"mainEntityOfPage\":{\"@id\":\"https:\/\/www.delexodo.com.ar\/?p=9442\"},\"wordCount\":505,\"publisher\":{\"@id\":\"https:\/\/www.delexodo.com.ar\/#organization\"},\"image\":{\"@id\":\"https:\/\/www.delexodo.com.ar\/?p=9442#primaryimage\"},\"thumbnailUrl\":\"https:\/\/www.delexodo.com.ar\/wp-content\/uploads\/2022\/08\/MA_-Lanzamiento-salon22.jpg\",\"articleSection\":[\"Cultura\",\"Destacados\",\"Nogoya\",\"NOTICIAS\"],\"inLanguage\":\"es\"},{\"@type\":\"WebPage\",\"@id\":\"https:\/\/www.delexodo.com.ar\/?p=9442\",\"url\":\"https:\/\/www.delexodo.com.ar\/?p=9442\",\"name\":\"CONVOCATORIA 2022 PARA EL SAL\u00d3N PROVINCIAL DE ARTESAN\u00cdAS - Del \u00c9xodo Nogoy\u00e1\",\"isPartOf\":{\"@id\":\"https:\/\/www.delexodo.com.ar\/#website\"},\"primaryImageOfPage\":{\"@id\":\"https:\/\/www.delexodo.com.ar\/?p=9442#primaryimage\"},\"image\":{\"@id\":\"https:\/\/www.delexodo.com.ar\/?p=9442#primaryimage\"},\"thumbnailUrl\":\"https:\/\/www.delexodo.com.ar\/wp-content\/uploads\/2022\/08\/MA_-Lanzamiento-salon22.jpg\",\"datePublished\":\"2022-08-30T22:33:50+00:00\",\"dateModified\":\"2022-08-30T22:33:51+00:00\",\"breadcrumb\":{\"@id\":\"https:\/\/www.delexodo.com.ar\/?p=9442#breadcrumb\"},\"inLanguage\":\"es\",\"potentialAction\":[{\"@type\":\"ReadAction\",\"target\":[\"https:\/\/www.delexodo.com.ar\/?p=9442\"]}]},{\"@type\":\"ImageObject\",\"inLanguage\":\"es\",\"@id\":\"https:\/\/www.delexodo.com.ar\/?p=9442#primaryimage\",\"url\":\"https:\/\/www.delexodo.com.ar\/wp-content\/uploads\/2022\/08\/MA_-Lanzamiento-salon22.jpg\",\"contentUrl\":\"https:\/\/www.delexodo.com.ar\/wp-content\/uploads\/2022\/08\/MA_-Lanzamiento-salon22.jpg\",\"width\":1920,\"height\":1280},{\"@type\":\"BreadcrumbList\",\"@id\":\"https:\/\/www.delexodo.com.ar\/?p=9442#breadcrumb\",\"itemListElement\":[{\"@type\":\"ListItem\",\"position\":1,\"name\":\"Portada\",\"item\":\"https:\/\/www.delexodo.com.ar\/\"},{\"@type\":\"ListItem\",\"position\":2,\"name\":\"CONVOCATORIA 2022 PARA EL SAL\u00d3N PROVINCIAL DE ARTESAN\u00cdAS\"}]},{\"@type\":\"WebSite\",\"@id\":\"https:\/\/www.delexodo.com.ar\/#website\",\"url\":\"https:\/\/www.delexodo.com.ar\/\",\"name\":\"Del \u00c9xodo Nogoy\u00e1\",\"description\":\"El Portal de Noticias de la Regi\u00f3n\",\"publisher\":{\"@id\":\"https:\/\/www.delexodo.com.ar\/#organization\"},\"potentialAction\":[{\"@type\":\"SearchAction\",\"target\":{\"@type\":\"EntryPoint\",\"urlTemplate\":\"https:\/\/www.delexodo.com.ar\/?s={search_term_string}\"},\"query-input\":{\"@type\":\"PropertyValueSpecification\",\"valueRequired\":true,\"valueName\":\"search_term_string\"}}],\"inLanguage\":\"es\"},{\"@type\":\"Organization\",\"@id\":\"https:\/\/www.delexodo.com.ar\/#organization\",\"name\":\"Del \u00c9xodo Nogoy\u00e1\",\"url\":\"https:\/\/www.delexodo.com.ar\/\",\"logo\":{\"@type\":\"ImageObject\",\"inLanguage\":\"es\",\"@id\":\"https:\/\/www.delexodo.com.ar\/#\/schema\/logo\/image\/\",\"url\":\"https:\/\/www.delexodo.com.ar\/wp-content\/uploads\/2024\/10\/cropped-cropped-LOGO24.png\",\"contentUrl\":\"https:\/\/www.delexodo.com.ar\/wp-content\/uploads\/2024\/10\/cropped-cropped-LOGO24.png\",\"width\":512,\"height\":349,\"caption\":\"Del \u00c9xodo Nogoy\u00e1\"},\"image\":{\"@id\":\"https:\/\/www.delexodo.com.ar\/#\/schema\/logo\/image\/\"}},{\"@type\":\"Person\",\"@id\":\"https:\/\/www.delexodo.com.ar\/#\/schema\/person\/bbed37f7da8e938660b34f2013ba449d\",\"name\":\"admin\",\"image\":{\"@type\":\"ImageObject\",\"inLanguage\":\"es\",\"@id\":\"https:\/\/www.delexodo.com.ar\/#\/schema\/person\/image\/\",\"url\":\"https:\/\/secure.gravatar.com\/avatar\/6b1558d1b6df085f1901bd5bd98523d7?s=96&d=mm&r=g\",\"contentUrl\":\"https:\/\/secure.gravatar.com\/avatar\/6b1558d1b6df085f1901bd5bd98523d7?s=96&d=mm&r=g\",\"caption\":\"admin\"},\"url\":\"https:\/\/www.delexodo.com.ar\/?author=1\"}]}<\/script>\n<!-- \/ Yoast SEO plugin. -->","yoast_head_json":{"title":"CONVOCATORIA 2022 PARA EL SAL\u00d3N PROVINCIAL DE ARTESAN\u00cdAS - Del \u00c9xodo Nogoy\u00e1","robots":{"index":"index","follow":"follow","max-snippet":"max-snippet:-1","max-image-preview":"max-image-preview:large","max-video-preview":"max-video-preview:-1"},"canonical":"https:\/\/www.delexodo.com.ar\/?p=9442","og_locale":"es_ES","og_type":"article","og_title":"CONVOCATORIA 2022 PARA EL SAL\u00d3N PROVINCIAL DE ARTESAN\u00cdAS - Del \u00c9xodo Nogoy\u00e1","og_description":"La Secretar\u00eda de Cultura de Entre R\u00edos lanza la convocatoria al concurso Premio Provincial a la Pieza \u00danica Artesanal 2022&hellip;","og_url":"https:\/\/www.delexodo.com.ar\/?p=9442","og_site_name":"Del \u00c9xodo Nogoy\u00e1","article_published_time":"2022-08-30T22:33:50+00:00","article_modified_time":"2022-08-30T22:33:51+00:00","og_image":[{"width":1920,"height":1280,"url":"https:\/\/www.delexodo.com.ar\/wp-content\/uploads\/2022\/08\/MA_-Lanzamiento-salon22.jpg","type":"image\/jpeg"}],"author":"admin","twitter_card":"summary_large_image","twitter_misc":{"Escrito por":"admin","Tiempo de lectura":"2 minutos"},"schema":{"@context":"https:\/\/schema.org","@graph":[{"@type":"Article","@id":"https:\/\/www.delexodo.com.ar\/?p=9442#article","isPartOf":{"@id":"https:\/\/www.delexodo.com.ar\/?p=9442"},"author":{"name":"admin","@id":"https:\/\/www.delexodo.com.ar\/#\/schema\/person\/bbed37f7da8e938660b34f2013ba449d"},"headline":"CONVOCATORIA 2022 PARA EL SAL\u00d3N PROVINCIAL DE ARTESAN\u00cdAS","datePublished":"2022-08-30T22:33:50+00:00","dateModified":"2022-08-30T22:33:51+00:00","mainEntityOfPage":{"@id":"https:\/\/www.delexodo.com.ar\/?p=9442"},"wordCount":505,"publisher":{"@id":"https:\/\/www.delexodo.com.ar\/#organization"},"image":{"@id":"https:\/\/www.delexodo.com.ar\/?p=9442#primaryimage"},"thumbnailUrl":"https:\/\/www.delexodo.com.ar\/wp-content\/uploads\/2022\/08\/MA_-Lanzamiento-salon22.jpg","articleSection":["Cultura","Destacados","Nogoya","NOTICIAS"],"inLanguage":"es"},{"@type":"WebPage","@id":"https:\/\/www.delexodo.com.ar\/?p=9442","url":"https:\/\/www.delexodo.com.ar\/?p=9442","name":"CONVOCATORIA 2022 PARA EL SAL\u00d3N PROVINCIAL DE ARTESAN\u00cdAS - Del \u00c9xodo Nogoy\u00e1","isPartOf":{"@id":"https:\/\/www.delexodo.com.ar\/#website"},"primaryImageOfPage":{"@id":"https:\/\/www.delexodo.com.ar\/?p=9442#primaryimage"},"image":{"@id":"https:\/\/www.delexodo.com.ar\/?p=9442#primaryimage"},"thumbnailUrl":"https:\/\/www.delexodo.com.ar\/wp-content\/uploads\/2022\/08\/MA_-Lanzamiento-salon22.jpg","datePublished":"2022-08-30T22:33:50+00:00","dateModified":"2022-08-30T22:33:51+00:00","breadcrumb":{"@id":"https:\/\/www.delexodo.com.ar\/?p=9442#breadcrumb"},"inLanguage":"es","potentialAction":[{"@type":"ReadAction","target":["https:\/\/www.delexodo.com.ar\/?p=9442"]}]},{"@type":"ImageObject","inLanguage":"es","@id":"https:\/\/www.delexodo.com.ar\/?p=9442#primaryimage","url":"https:\/\/www.delexodo.com.ar\/wp-content\/uploads\/2022\/08\/MA_-Lanzamiento-salon22.jpg","contentUrl":"https:\/\/www.delexodo.com.ar\/wp-content\/uploads\/2022\/08\/MA_-Lanzamiento-salon22.jpg","width":1920,"height":1280},{"@type":"BreadcrumbList","@id":"https:\/\/www.delexodo.com.ar\/?p=9442#breadcrumb","itemListElement":[{"@type":"ListItem","position":1,"name":"Portada","item":"https:\/\/www.delexodo.com.ar\/"},{"@type":"ListItem","position":2,"name":"CONVOCATORIA 2022 PARA EL SAL\u00d3N PROVINCIAL DE ARTESAN\u00cdAS"}]},{"@type":"WebSite","@id":"https:\/\/www.delexodo.com.ar\/#website","url":"https:\/\/www.delexodo.com.ar\/","name":"Del \u00c9xodo Nogoy\u00e1","description":"El Portal de Noticias de la Regi\u00f3n","publisher":{"@id":"https:\/\/www.delexodo.com.ar\/#organization"},"potentialAction":[{"@type":"SearchAction","target":{"@type":"EntryPoint","urlTemplate":"https:\/\/www.delexodo.com.ar\/?s={search_term_string}"},"query-input":{"@type":"PropertyValueSpecification","valueRequired":true,"valueName":"search_term_string"}}],"inLanguage":"es"},{"@type":"Organization","@id":"https:\/\/www.delexodo.com.ar\/#organization","name":"Del \u00c9xodo Nogoy\u00e1","url":"https:\/\/www.delexodo.com.ar\/","logo":{"@type":"ImageObject","inLanguage":"es","@id":"https:\/\/www.delexodo.com.ar\/#\/schema\/logo\/image\/","url":"https:\/\/www.delexodo.com.ar\/wp-content\/uploads\/2024\/10\/cropped-cropped-LOGO24.png","contentUrl":"https:\/\/www.delexodo.com.ar\/wp-content\/uploads\/2024\/10\/cropped-cropped-LOGO24.png","width":512,"height":349,"caption":"Del \u00c9xodo Nogoy\u00e1"},"image":{"@id":"https:\/\/www.delexodo.com.ar\/#\/schema\/logo\/image\/"}},{"@type":"Person","@id":"https:\/\/www.delexodo.com.ar\/#\/schema\/person\/bbed37f7da8e938660b34f2013ba449d","name":"admin","image":{"@type":"ImageObject","inLanguage":"es","@id":"https:\/\/www.delexodo.com.ar\/#\/schema\/person\/image\/","url":"https:\/\/secure.gravatar.com\/avatar\/6b1558d1b6df085f1901bd5bd98523d7?s=96&d=mm&r=g","contentUrl":"https:\/\/secure.gravatar.com\/avatar\/6b1558d1b6df085f1901bd5bd98523d7?s=96&d=mm&r=g","caption":"admin"},"url":"https:\/\/www.delexodo.com.ar\/?author=1"}]}},"_links":{"self":[{"href":"https:\/\/www.delexodo.com.ar\/index.php?rest_route=\/wp\/v2\/posts\/9442","targetHints":{"allow":["GET"]}}],"collection":[{"href":"https:\/\/www.delexodo.com.ar\/index.php?rest_route=\/wp\/v2\/posts"}],"about":[{"href":"https:\/\/www.delexodo.com.ar\/index.php?rest_route=\/wp\/v2\/types\/post"}],"author":[{"embeddable":true,"href":"https:\/\/www.delexodo.com.ar\/index.php?rest_route=\/wp\/v2\/users\/1"}],"replies":[{"embeddable":true,"href":"https:\/\/www.delexodo.com.ar\/index.php?rest_route=%2Fwp%2Fv2%2Fcomments&post=9442"}],"version-history":[{"count":0,"href":"https:\/\/www.delexodo.com.ar\/index.php?rest_route=\/wp\/v2\/posts\/9442\/revisions"}],"wp:featuredmedia":[{"embeddable":true,"href":"https:\/\/www.delexodo.com.ar\/index.php?rest_route=\/wp\/v2\/media\/9443"}],"wp:attachment":[{"href":"https:\/\/www.delexodo.com.ar\/index.php?rest_route=%2Fwp%2Fv2%2Fmedia&parent=9442"}],"wp:term":[{"taxonomy":"category","embeddable":true,"href":"https:\/\/www.delexodo.com.ar\/index.php?rest_route=%2Fwp%2Fv2%2Fcategories&post=9442"},{"taxonomy":"post_tag","embeddable":true,"href":"https:\/\/www.delexodo.com.ar\/index.php?rest_route=%2Fwp%2Fv2%2Ftags&post=9442"}],"curies":[{"name":"wp","href":"https:\/\/api.w.org\/{rel}","templated":true}]}}