{"id":8936,"date":"2021-11-09T17:17:38","date_gmt":"2021-11-09T20:17:38","guid":{"rendered":"http:\/\/www.delexodo.com.ar\/?p=8936"},"modified":"2021-11-09T17:17:39","modified_gmt":"2021-11-09T20:17:39","slug":"anses-extendio-la-asignacion-por-embarazo-para-proteccion-social-de-6-a-9-meses","status":"publish","type":"post","link":"https:\/\/www.delexodo.com.ar\/?p=8936","title":{"rendered":"ANSES EXTENDI\u00d3 LA ASIGNACI\u00d3N POR EMBARAZO PARA PROTECCI\u00d3N SOCIAL DE 6 A 9 MESES"},"content":{"rendered":"\n<p>En el marco de la implementaci\u00f3n de la primera etapa de la Ley de Atenci\u00f3n y Cuidado Integral de la Salud durante el Embarazo y la Primera Infancia (Plan 1000 d\u00edas), a partir del mes de noviembre&nbsp;<strong>se extiende la Asignaci\u00f3n Por Embarazo Para Protecci\u00f3n Social de 6 a 9 meses<\/strong>. Esta extensi\u00f3n se realiza en forma autom\u00e1tica y no es necesaria la realizaci\u00f3n de ning\u00fan tr\u00e1mite.<\/p>\n\n\n\n<p>\u201c<em>Nuestro deseo como gobierno es que cada una de nosotras pueda hacer que nuestros hijos y nuestras hijas est\u00e9n bien, que crezcan sanos y que est\u00e9n bien alimentados<\/em>\u201d, indic\u00f3 la directora ejecutiva de ANSES,&nbsp;<strong>Fernanda Raverta<\/strong>.<\/p>\n\n\n\n<p>En este sentido, destac\u00f3 que \u00ab<em>con la extensi\u00f3n de la Asignaci\u00f3n por Embarazo, a partir de la implementaci\u00f3n de la Ley de los Mil D\u00edas, estamos igualando las oportunidades de todas las familias argentinas, acompa\u00f1ando a las futuras madres en este momento se encuentran con ingresos informales, para quienes es muy importante poder contar en este momento con el respaldo y la protecci\u00f3n del Estado nacional<\/em>\u00ab.<\/p>\n\n\n\n<p><strong>\u00bfA qui\u00e9nes les corresponde la Asignaci\u00f3n por Embarazo?<\/strong><strong><\/strong><\/p>\n\n\n\n<p>\u2022 Mujeres y personas gestantes desocupadas<\/p>\n\n\n\n<p>\u2022 Trabajadoras informales<\/p>\n\n\n\n<p>\u2022 Monotributistas sociales<\/p>\n\n\n\n<p>\u2022 Trabajadoras de servicio dom\u00e9stico registradas<\/p>\n\n\n\n<p><strong>\u00bfC\u00f3mo hacer el tr\u00e1mite?<\/strong><\/p>\n\n\n\n<p>Se puede hacer de manera online en\u00a0<a rel=\"noreferrer noopener\" href=\"https:\/\/www.anses.gob.ar\/\" target=\"_blank\"><strong>anses.gob.ar<\/strong><\/a>\u00a0o acerc\u00e1ndose a una oficina de ANSES con turno previo.<\/p>\n","protected":false},"excerpt":{"rendered":"<p>En el marco de la implementaci\u00f3n de la primera etapa de la Ley de Atenci\u00f3n y Cuidado Integral de la&hellip;<\/p>\n","protected":false},"author":1,"featured_media":8937,"comment_status":"closed","ping_status":"closed","sticky":false,"template":"","format":"standard","meta":{"_joinchat":[],"footnotes":""},"categories":[65,69],"tags":[],"class_list":["post-8936","post","type-post","status-publish","format-standard","has-post-thumbnail","hentry","category-destacados","category-noticias"],"yoast_head":"<!-- This site is optimized with the Yoast SEO plugin v25.1 - https:\/\/yoast.com\/wordpress\/plugins\/seo\/ -->\n<title>ANSES EXTENDI\u00d3 LA ASIGNACI\u00d3N POR EMBARAZO PARA PROTECCI\u00d3N SOCIAL DE 6 A 9 MESES - Del \u00c9xodo Nogoy\u00e1<\/title>\n<meta name=\"robots\" content=\"index, follow, max-snippet:-1, max-image-preview:large, max-video-preview:-1\" \/>\n<link rel=\"canonical\" href=\"https:\/\/www.delexodo.com.ar\/?p=8936\" \/>\n<meta property=\"og:locale\" content=\"es_ES\" \/>\n<meta property=\"og:type\" content=\"article\" \/>\n<meta property=\"og:title\" content=\"ANSES EXTENDI\u00d3 LA ASIGNACI\u00d3N POR EMBARAZO PARA PROTECCI\u00d3N SOCIAL DE 6 A 9 MESES - Del \u00c9xodo Nogoy\u00e1\" \/>\n<meta property=\"og:description\" content=\"En el marco de la implementaci\u00f3n de la primera etapa de la Ley de Atenci\u00f3n y Cuidado Integral de la&hellip;\" \/>\n<meta property=\"og:url\" content=\"https:\/\/www.delexodo.com.ar\/?p=8936\" \/>\n<meta property=\"og:site_name\" content=\"Del \u00c9xodo Nogoy\u00e1\" \/>\n<meta property=\"article:published_time\" content=\"2021-11-09T20:17:38+00:00\" \/>\n<meta property=\"article:modified_time\" content=\"2021-11-09T20:17:39+00:00\" \/>\n<meta property=\"og:image\" content=\"https:\/\/www.delexodo.com.ar\/wp-content\/uploads\/2021\/11\/ASIGNACION-POR-EMBARAZO.jpg\" \/>\n\t<meta property=\"og:image:width\" content=\"1023\" \/>\n\t<meta property=\"og:image:height\" content=\"682\" \/>\n\t<meta property=\"og:image:type\" content=\"image\/jpeg\" \/>\n<meta name=\"author\" content=\"admin\" \/>\n<meta name=\"twitter:card\" content=\"summary_large_image\" \/>\n<meta name=\"twitter:label1\" content=\"Escrito por\" \/>\n\t<meta name=\"twitter:data1\" content=\"admin\" \/>\n\t<meta name=\"twitter:label2\" content=\"Tiempo de lectura\" \/>\n\t<meta name=\"twitter:data2\" content=\"1 minuto\" \/>\n<script type=\"application\/ld+json\" class=\"yoast-schema-graph\">{\"@context\":\"https:\/\/schema.org\",\"@graph\":[{\"@type\":\"Article\",\"@id\":\"https:\/\/www.delexodo.com.ar\/?p=8936#article\",\"isPartOf\":{\"@id\":\"https:\/\/www.delexodo.com.ar\/?p=8936\"},\"author\":{\"name\":\"admin\",\"@id\":\"https:\/\/www.delexodo.com.ar\/#\/schema\/person\/bbed37f7da8e938660b34f2013ba449d\"},\"headline\":\"ANSES EXTENDI\u00d3 LA ASIGNACI\u00d3N POR EMBARAZO PARA PROTECCI\u00d3N SOCIAL DE 6 A 9 MESES\",\"datePublished\":\"2021-11-09T20:17:38+00:00\",\"dateModified\":\"2021-11-09T20:17:39+00:00\",\"mainEntityOfPage\":{\"@id\":\"https:\/\/www.delexodo.com.ar\/?p=8936\"},\"wordCount\":252,\"publisher\":{\"@id\":\"https:\/\/www.delexodo.com.ar\/#organization\"},\"image\":{\"@id\":\"https:\/\/www.delexodo.com.ar\/?p=8936#primaryimage\"},\"thumbnailUrl\":\"https:\/\/www.delexodo.com.ar\/wp-content\/uploads\/2021\/11\/ASIGNACION-POR-EMBARAZO.jpg\",\"articleSection\":[\"Destacados\",\"NOTICIAS\"],\"inLanguage\":\"es\"},{\"@type\":\"WebPage\",\"@id\":\"https:\/\/www.delexodo.com.ar\/?p=8936\",\"url\":\"https:\/\/www.delexodo.com.ar\/?p=8936\",\"name\":\"ANSES EXTENDI\u00d3 LA ASIGNACI\u00d3N POR EMBARAZO PARA PROTECCI\u00d3N SOCIAL DE 6 A 9 MESES - Del \u00c9xodo Nogoy\u00e1\",\"isPartOf\":{\"@id\":\"https:\/\/www.delexodo.com.ar\/#website\"},\"primaryImageOfPage\":{\"@id\":\"https:\/\/www.delexodo.com.ar\/?p=8936#primaryimage\"},\"image\":{\"@id\":\"https:\/\/www.delexodo.com.ar\/?p=8936#primaryimage\"},\"thumbnailUrl\":\"https:\/\/www.delexodo.com.ar\/wp-content\/uploads\/2021\/11\/ASIGNACION-POR-EMBARAZO.jpg\",\"datePublished\":\"2021-11-09T20:17:38+00:00\",\"dateModified\":\"2021-11-09T20:17:39+00:00\",\"breadcrumb\":{\"@id\":\"https:\/\/www.delexodo.com.ar\/?p=8936#breadcrumb\"},\"inLanguage\":\"es\",\"potentialAction\":[{\"@type\":\"ReadAction\",\"target\":[\"https:\/\/www.delexodo.com.ar\/?p=8936\"]}]},{\"@type\":\"ImageObject\",\"inLanguage\":\"es\",\"@id\":\"https:\/\/www.delexodo.com.ar\/?p=8936#primaryimage\",\"url\":\"https:\/\/www.delexodo.com.ar\/wp-content\/uploads\/2021\/11\/ASIGNACION-POR-EMBARAZO.jpg\",\"contentUrl\":\"https:\/\/www.delexodo.com.ar\/wp-content\/uploads\/2021\/11\/ASIGNACION-POR-EMBARAZO.jpg\",\"width\":1023,\"height\":682},{\"@type\":\"BreadcrumbList\",\"@id\":\"https:\/\/www.delexodo.com.ar\/?p=8936#breadcrumb\",\"itemListElement\":[{\"@type\":\"ListItem\",\"position\":1,\"name\":\"Portada\",\"item\":\"https:\/\/www.delexodo.com.ar\/\"},{\"@type\":\"ListItem\",\"position\":2,\"name\":\"ANSES EXTENDI\u00d3 LA ASIGNACI\u00d3N POR EMBARAZO PARA PROTECCI\u00d3N SOCIAL DE 6 A 9 MESES\"}]},{\"@type\":\"WebSite\",\"@id\":\"https:\/\/www.delexodo.com.ar\/#website\",\"url\":\"https:\/\/www.delexodo.com.ar\/\",\"name\":\"Del \u00c9xodo Nogoy\u00e1\",\"description\":\"El Portal de Noticias de la Regi\u00f3n\",\"publisher\":{\"@id\":\"https:\/\/www.delexodo.com.ar\/#organization\"},\"potentialAction\":[{\"@type\":\"SearchAction\",\"target\":{\"@type\":\"EntryPoint\",\"urlTemplate\":\"https:\/\/www.delexodo.com.ar\/?s={search_term_string}\"},\"query-input\":{\"@type\":\"PropertyValueSpecification\",\"valueRequired\":true,\"valueName\":\"search_term_string\"}}],\"inLanguage\":\"es\"},{\"@type\":\"Organization\",\"@id\":\"https:\/\/www.delexodo.com.ar\/#organization\",\"name\":\"Del \u00c9xodo Nogoy\u00e1\",\"url\":\"https:\/\/www.delexodo.com.ar\/\",\"logo\":{\"@type\":\"ImageObject\",\"inLanguage\":\"es\",\"@id\":\"https:\/\/www.delexodo.com.ar\/#\/schema\/logo\/image\/\",\"url\":\"https:\/\/www.delexodo.com.ar\/wp-content\/uploads\/2024\/10\/cropped-cropped-LOGO24.png\",\"contentUrl\":\"https:\/\/www.delexodo.com.ar\/wp-content\/uploads\/2024\/10\/cropped-cropped-LOGO24.png\",\"width\":512,\"height\":349,\"caption\":\"Del \u00c9xodo Nogoy\u00e1\"},\"image\":{\"@id\":\"https:\/\/www.delexodo.com.ar\/#\/schema\/logo\/image\/\"}},{\"@type\":\"Person\",\"@id\":\"https:\/\/www.delexodo.com.ar\/#\/schema\/person\/bbed37f7da8e938660b34f2013ba449d\",\"name\":\"admin\",\"image\":{\"@type\":\"ImageObject\",\"inLanguage\":\"es\",\"@id\":\"https:\/\/www.delexodo.com.ar\/#\/schema\/person\/image\/\",\"url\":\"https:\/\/secure.gravatar.com\/avatar\/6b1558d1b6df085f1901bd5bd98523d7?s=96&d=mm&r=g\",\"contentUrl\":\"https:\/\/secure.gravatar.com\/avatar\/6b1558d1b6df085f1901bd5bd98523d7?s=96&d=mm&r=g\",\"caption\":\"admin\"},\"url\":\"https:\/\/www.delexodo.com.ar\/?author=1\"}]}<\/script>\n<!-- \/ Yoast SEO plugin. -->","yoast_head_json":{"title":"ANSES EXTENDI\u00d3 LA ASIGNACI\u00d3N POR EMBARAZO PARA PROTECCI\u00d3N SOCIAL DE 6 A 9 MESES - Del \u00c9xodo Nogoy\u00e1","robots":{"index":"index","follow":"follow","max-snippet":"max-snippet:-1","max-image-preview":"max-image-preview:large","max-video-preview":"max-video-preview:-1"},"canonical":"https:\/\/www.delexodo.com.ar\/?p=8936","og_locale":"es_ES","og_type":"article","og_title":"ANSES EXTENDI\u00d3 LA ASIGNACI\u00d3N POR EMBARAZO PARA PROTECCI\u00d3N SOCIAL DE 6 A 9 MESES - Del \u00c9xodo Nogoy\u00e1","og_description":"En el marco de la implementaci\u00f3n de la primera etapa de la Ley de Atenci\u00f3n y Cuidado Integral de la&hellip;","og_url":"https:\/\/www.delexodo.com.ar\/?p=8936","og_site_name":"Del \u00c9xodo Nogoy\u00e1","article_published_time":"2021-11-09T20:17:38+00:00","article_modified_time":"2021-11-09T20:17:39+00:00","og_image":[{"width":1023,"height":682,"url":"https:\/\/www.delexodo.com.ar\/wp-content\/uploads\/2021\/11\/ASIGNACION-POR-EMBARAZO.jpg","type":"image\/jpeg"}],"author":"admin","twitter_card":"summary_large_image","twitter_misc":{"Escrito por":"admin","Tiempo de lectura":"1 minuto"},"schema":{"@context":"https:\/\/schema.org","@graph":[{"@type":"Article","@id":"https:\/\/www.delexodo.com.ar\/?p=8936#article","isPartOf":{"@id":"https:\/\/www.delexodo.com.ar\/?p=8936"},"author":{"name":"admin","@id":"https:\/\/www.delexodo.com.ar\/#\/schema\/person\/bbed37f7da8e938660b34f2013ba449d"},"headline":"ANSES EXTENDI\u00d3 LA ASIGNACI\u00d3N POR EMBARAZO PARA PROTECCI\u00d3N SOCIAL DE 6 A 9 MESES","datePublished":"2021-11-09T20:17:38+00:00","dateModified":"2021-11-09T20:17:39+00:00","mainEntityOfPage":{"@id":"https:\/\/www.delexodo.com.ar\/?p=8936"},"wordCount":252,"publisher":{"@id":"https:\/\/www.delexodo.com.ar\/#organization"},"image":{"@id":"https:\/\/www.delexodo.com.ar\/?p=8936#primaryimage"},"thumbnailUrl":"https:\/\/www.delexodo.com.ar\/wp-content\/uploads\/2021\/11\/ASIGNACION-POR-EMBARAZO.jpg","articleSection":["Destacados","NOTICIAS"],"inLanguage":"es"},{"@type":"WebPage","@id":"https:\/\/www.delexodo.com.ar\/?p=8936","url":"https:\/\/www.delexodo.com.ar\/?p=8936","name":"ANSES EXTENDI\u00d3 LA ASIGNACI\u00d3N POR EMBARAZO PARA PROTECCI\u00d3N SOCIAL DE 6 A 9 MESES - Del \u00c9xodo Nogoy\u00e1","isPartOf":{"@id":"https:\/\/www.delexodo.com.ar\/#website"},"primaryImageOfPage":{"@id":"https:\/\/www.delexodo.com.ar\/?p=8936#primaryimage"},"image":{"@id":"https:\/\/www.delexodo.com.ar\/?p=8936#primaryimage"},"thumbnailUrl":"https:\/\/www.delexodo.com.ar\/wp-content\/uploads\/2021\/11\/ASIGNACION-POR-EMBARAZO.jpg","datePublished":"2021-11-09T20:17:38+00:00","dateModified":"2021-11-09T20:17:39+00:00","breadcrumb":{"@id":"https:\/\/www.delexodo.com.ar\/?p=8936#breadcrumb"},"inLanguage":"es","potentialAction":[{"@type":"ReadAction","target":["https:\/\/www.delexodo.com.ar\/?p=8936"]}]},{"@type":"ImageObject","inLanguage":"es","@id":"https:\/\/www.delexodo.com.ar\/?p=8936#primaryimage","url":"https:\/\/www.delexodo.com.ar\/wp-content\/uploads\/2021\/11\/ASIGNACION-POR-EMBARAZO.jpg","contentUrl":"https:\/\/www.delexodo.com.ar\/wp-content\/uploads\/2021\/11\/ASIGNACION-POR-EMBARAZO.jpg","width":1023,"height":682},{"@type":"BreadcrumbList","@id":"https:\/\/www.delexodo.com.ar\/?p=8936#breadcrumb","itemListElement":[{"@type":"ListItem","position":1,"name":"Portada","item":"https:\/\/www.delexodo.com.ar\/"},{"@type":"ListItem","position":2,"name":"ANSES EXTENDI\u00d3 LA ASIGNACI\u00d3N POR EMBARAZO PARA PROTECCI\u00d3N SOCIAL DE 6 A 9 MESES"}]},{"@type":"WebSite","@id":"https:\/\/www.delexodo.com.ar\/#website","url":"https:\/\/www.delexodo.com.ar\/","name":"Del \u00c9xodo Nogoy\u00e1","description":"El Portal de Noticias de la Regi\u00f3n","publisher":{"@id":"https:\/\/www.delexodo.com.ar\/#organization"},"potentialAction":[{"@type":"SearchAction","target":{"@type":"EntryPoint","urlTemplate":"https:\/\/www.delexodo.com.ar\/?s={search_term_string}"},"query-input":{"@type":"PropertyValueSpecification","valueRequired":true,"valueName":"search_term_string"}}],"inLanguage":"es"},{"@type":"Organization","@id":"https:\/\/www.delexodo.com.ar\/#organization","name":"Del \u00c9xodo Nogoy\u00e1","url":"https:\/\/www.delexodo.com.ar\/","logo":{"@type":"ImageObject","inLanguage":"es","@id":"https:\/\/www.delexodo.com.ar\/#\/schema\/logo\/image\/","url":"https:\/\/www.delexodo.com.ar\/wp-content\/uploads\/2024\/10\/cropped-cropped-LOGO24.png","contentUrl":"https:\/\/www.delexodo.com.ar\/wp-content\/uploads\/2024\/10\/cropped-cropped-LOGO24.png","width":512,"height":349,"caption":"Del \u00c9xodo Nogoy\u00e1"},"image":{"@id":"https:\/\/www.delexodo.com.ar\/#\/schema\/logo\/image\/"}},{"@type":"Person","@id":"https:\/\/www.delexodo.com.ar\/#\/schema\/person\/bbed37f7da8e938660b34f2013ba449d","name":"admin","image":{"@type":"ImageObject","inLanguage":"es","@id":"https:\/\/www.delexodo.com.ar\/#\/schema\/person\/image\/","url":"https:\/\/secure.gravatar.com\/avatar\/6b1558d1b6df085f1901bd5bd98523d7?s=96&d=mm&r=g","contentUrl":"https:\/\/secure.gravatar.com\/avatar\/6b1558d1b6df085f1901bd5bd98523d7?s=96&d=mm&r=g","caption":"admin"},"url":"https:\/\/www.delexodo.com.ar\/?author=1"}]}},"_links":{"self":[{"href":"https:\/\/www.delexodo.com.ar\/index.php?rest_route=\/wp\/v2\/posts\/8936","targetHints":{"allow":["GET"]}}],"collection":[{"href":"https:\/\/www.delexodo.com.ar\/index.php?rest_route=\/wp\/v2\/posts"}],"about":[{"href":"https:\/\/www.delexodo.com.ar\/index.php?rest_route=\/wp\/v2\/types\/post"}],"author":[{"embeddable":true,"href":"https:\/\/www.delexodo.com.ar\/index.php?rest_route=\/wp\/v2\/users\/1"}],"replies":[{"embeddable":true,"href":"https:\/\/www.delexodo.com.ar\/index.php?rest_route=%2Fwp%2Fv2%2Fcomments&post=8936"}],"version-history":[{"count":0,"href":"https:\/\/www.delexodo.com.ar\/index.php?rest_route=\/wp\/v2\/posts\/8936\/revisions"}],"wp:featuredmedia":[{"embeddable":true,"href":"https:\/\/www.delexodo.com.ar\/index.php?rest_route=\/wp\/v2\/media\/8937"}],"wp:attachment":[{"href":"https:\/\/www.delexodo.com.ar\/index.php?rest_route=%2Fwp%2Fv2%2Fmedia&parent=8936"}],"wp:term":[{"taxonomy":"category","embeddable":true,"href":"https:\/\/www.delexodo.com.ar\/index.php?rest_route=%2Fwp%2Fv2%2Fcategories&post=8936"},{"taxonomy":"post_tag","embeddable":true,"href":"https:\/\/www.delexodo.com.ar\/index.php?rest_route=%2Fwp%2Fv2%2Ftags&post=8936"}],"curies":[{"name":"wp","href":"https:\/\/api.w.org\/{rel}","templated":true}]}}