{"id":8897,"date":"2021-11-01T19:17:39","date_gmt":"2021-11-01T22:17:39","guid":{"rendered":"http:\/\/www.delexodo.com.ar\/?p=8897"},"modified":"2021-11-01T19:17:40","modified_gmt":"2021-11-01T22:17:40","slug":"con-presencia-nogoyaense-se-conformo-el-cuerpo-legislativo-del-senado-juvenil-2021","status":"publish","type":"post","link":"https:\/\/www.delexodo.com.ar\/?p=8897","title":{"rendered":"CON PRESENCIA NOGOYAENSE SE CONFORM\u00d3 EL CUERPO LEGISLATIVO DEL SENADO JUVENIL 2021"},"content":{"rendered":"\n<p>Con la toma de jura de la presidenta de la Honorable C\u00e1mara de Senadores y vicegobernadora de la provincia, Laura Stratta, este lunes las y los estudiantes tomaron posesi\u00f3n de sus lugares en el Senado Juvenil Entrerriano, dando as\u00ed inicio a una semana de intenso trabajo legislativo.<\/p>\n\n\n\n<p>Este lunes se inaugur\u00f3 la instancia departamental del Senado Juvenil Entrerriano con un acto en el Centro Provincial de Convenciones de la ciudad de Paran\u00e1.<\/p>\n\n\n\n<figure class=\"wp-block-embed is-type-video is-provider-youtube wp-block-embed-youtube wp-embed-aspect-16-9 wp-has-aspect-ratio\"><div class=\"wp-block-embed__wrapper\">\n<iframe loading=\"lazy\" title=\"Senado Juvenil Entrerriano. Instancia Provincial\" width=\"500\" height=\"281\" src=\"https:\/\/www.youtube.com\/embed\/uSQXz2eX8js?feature=oembed\" frameborder=\"0\" allow=\"accelerometer; autoplay; clipboard-write; encrypted-media; gyroscope; picture-in-picture; web-share\" referrerpolicy=\"strict-origin-when-cross-origin\" allowfullscreen><\/iframe>\n<\/div><\/figure>\n\n\n\n<div class=\"wp-block-image\"><figure class=\"alignright size-large is-resized\"><img decoding=\"async\" src=\"http:\/\/www.delexodo.com.ar\/wp-content\/uploads\/2021\/11\/SENADO-JUVENIL-IZAMIENTO.jpg\" alt=\"\" class=\"wp-image-8900\" width=\"-99\" height=\"-74\" srcset=\"https:\/\/www.delexodo.com.ar\/wp-content\/uploads\/2021\/11\/SENADO-JUVENIL-IZAMIENTO.jpg 400w, https:\/\/www.delexodo.com.ar\/wp-content\/uploads\/2021\/11\/SENADO-JUVENIL-IZAMIENTO-300x227.jpg 300w\" sizes=\"(max-width: 400px) 100vw, 400px\" \/><\/figure><\/div>\n\n\n\n<p>En primer lugar, las y los senadores juveniles tomaron posesi\u00f3n de sus cargos con la jura ante la Vicegobernadora y presidenta de la Honorable C\u00e1mara de Senadores de la provincia, Laura Stratta. All\u00ed fueron acompa\u00f1ados por el gobernador Gustavo Bordet; la subsecretar\u00eda de la Juventud, Brenda Ulman; el presidente del Consejo General de Educaci\u00f3n, Mart\u00edn Muller; autoridades de la C\u00e1mara alta, el equipo del Senado Juvenil, directivos y docentes.<\/p>\n\n\n\n<p>Asimismo, por la tarde las y los senadores Juveniles llevaron a cabo la Sesi\u00f3n Preparatoria, donde definieron a las autoridades del cuerpo legislativo en su edici\u00f3n 2021:<\/p>\n\n\n\n<p>Presidenta: Josefina Galvagno &#8211; departamento Col\u00f3n<br>Vicepresidente Primero: Melina Vicintin &#8211; <strong>departamento Nogoy\u00e1<\/strong><br>Vicepresidente Segundo: M\u00e1ximo Neporte &#8211; departamento Concordia<br>Secretario: Lucio Remate &#8211; departamento C\u00f3lon<br>Pro Secretaria: Martina Al\u00e9 &#8211; <strong>departamento Nogoy\u00e1<\/strong><\/p>\n\n\n\n<div class=\"wp-block-image\"><figure class=\"aligncenter size-large is-resized\"><img loading=\"lazy\" decoding=\"async\" src=\"https:\/\/www.delexodo.com.ar\/wp-content\/uploads\/2021\/11\/SENADO-JUVENIL-JURA-NOGOYA.jpg\" alt=\"\" class=\"wp-image-8899\" width=\"352\" height=\"360\" srcset=\"https:\/\/www.delexodo.com.ar\/wp-content\/uploads\/2021\/11\/SENADO-JUVENIL-JURA-NOGOYA.jpg 417w, https:\/\/www.delexodo.com.ar\/wp-content\/uploads\/2021\/11\/SENADO-JUVENIL-JURA-NOGOYA-294x300.jpg 294w\" sizes=\"auto, (max-width: 352px) 100vw, 352px\" \/><\/figure><\/div>\n\n\n\n<p>Para m\u00e1s informaci\u00f3n o consultas, visit\u00e1 la p\u00e1gina web <strong><a href=\"http:\/\/www.senadojuveniler.gob.ar\/\" target=\"_blank\" rel=\"noreferrer noopener\">http:\/\/www.senadojuveniler.gob.ar\/<\/a><\/strong> o envi\u00e1 un mensaje a las redes sociales<\/p>\n\n\n\n<p>(Prensa Vicegobernaci\u00f3n)<\/p>\n","protected":false},"excerpt":{"rendered":"<p>Con la toma de jura de la presidenta de la Honorable C\u00e1mara de Senadores y vicegobernadora de la provincia, Laura&hellip;<\/p>\n","protected":false},"author":1,"featured_media":8898,"comment_status":"closed","ping_status":"closed","sticky":false,"template":"","format":"standard","meta":{"_joinchat":[],"footnotes":""},"categories":[65,1,69,349],"tags":[345],"class_list":["post-8897","post","type-post","status-publish","format-standard","has-post-thumbnail","hentry","category-destacados","category-sincategoria","category-noticias","category-politica","tag-destacar"],"yoast_head":"<!-- This site is optimized with the Yoast SEO plugin v25.1 - https:\/\/yoast.com\/wordpress\/plugins\/seo\/ -->\n<title>CON PRESENCIA NOGOYAENSE SE CONFORM\u00d3 EL CUERPO LEGISLATIVO DEL SENADO JUVENIL 2021 - Del \u00c9xodo Nogoy\u00e1<\/title>\n<meta name=\"robots\" content=\"index, follow, max-snippet:-1, max-image-preview:large, max-video-preview:-1\" \/>\n<link rel=\"canonical\" href=\"https:\/\/www.delexodo.com.ar\/?p=8897\" \/>\n<meta property=\"og:locale\" content=\"es_ES\" \/>\n<meta property=\"og:type\" content=\"article\" \/>\n<meta property=\"og:title\" content=\"CON PRESENCIA NOGOYAENSE SE CONFORM\u00d3 EL CUERPO LEGISLATIVO DEL SENADO JUVENIL 2021 - Del \u00c9xodo Nogoy\u00e1\" \/>\n<meta property=\"og:description\" content=\"Con la toma de jura de la presidenta de la Honorable C\u00e1mara de Senadores y vicegobernadora de la provincia, Laura&hellip;\" \/>\n<meta property=\"og:url\" content=\"https:\/\/www.delexodo.com.ar\/?p=8897\" \/>\n<meta property=\"og:site_name\" content=\"Del \u00c9xodo Nogoy\u00e1\" \/>\n<meta property=\"article:published_time\" content=\"2021-11-01T22:17:39+00:00\" \/>\n<meta property=\"article:modified_time\" content=\"2021-11-01T22:17:40+00:00\" \/>\n<meta property=\"og:image\" content=\"https:\/\/www.delexodo.com.ar\/wp-content\/uploads\/2021\/11\/SENADO-JUVENIL-RECINTO.jpg\" \/>\n\t<meta property=\"og:image:width\" content=\"980\" \/>\n\t<meta property=\"og:image:height\" content=\"652\" \/>\n\t<meta property=\"og:image:type\" content=\"image\/jpeg\" \/>\n<meta name=\"author\" content=\"admin\" \/>\n<meta name=\"twitter:card\" content=\"summary_large_image\" \/>\n<meta name=\"twitter:label1\" content=\"Escrito por\" \/>\n\t<meta name=\"twitter:data1\" content=\"admin\" \/>\n\t<meta name=\"twitter:label2\" content=\"Tiempo de lectura\" \/>\n\t<meta name=\"twitter:data2\" content=\"1 minuto\" \/>\n<script type=\"application\/ld+json\" class=\"yoast-schema-graph\">{\"@context\":\"https:\/\/schema.org\",\"@graph\":[{\"@type\":\"Article\",\"@id\":\"https:\/\/www.delexodo.com.ar\/?p=8897#article\",\"isPartOf\":{\"@id\":\"https:\/\/www.delexodo.com.ar\/?p=8897\"},\"author\":{\"name\":\"admin\",\"@id\":\"https:\/\/www.delexodo.com.ar\/#\/schema\/person\/bbed37f7da8e938660b34f2013ba449d\"},\"headline\":\"CON PRESENCIA NOGOYAENSE SE CONFORM\u00d3 EL CUERPO LEGISLATIVO DEL SENADO JUVENIL 2021\",\"datePublished\":\"2021-11-01T22:17:39+00:00\",\"dateModified\":\"2021-11-01T22:17:40+00:00\",\"mainEntityOfPage\":{\"@id\":\"https:\/\/www.delexodo.com.ar\/?p=8897\"},\"wordCount\":259,\"publisher\":{\"@id\":\"https:\/\/www.delexodo.com.ar\/#organization\"},\"image\":{\"@id\":\"https:\/\/www.delexodo.com.ar\/?p=8897#primaryimage\"},\"thumbnailUrl\":\"https:\/\/www.delexodo.com.ar\/wp-content\/uploads\/2021\/11\/SENADO-JUVENIL-RECINTO.jpg\",\"keywords\":[\"destacar\"],\"articleSection\":[\"Destacados\",\"Nogoya\",\"NOTICIAS\",\"Politica\"],\"inLanguage\":\"es\"},{\"@type\":\"WebPage\",\"@id\":\"https:\/\/www.delexodo.com.ar\/?p=8897\",\"url\":\"https:\/\/www.delexodo.com.ar\/?p=8897\",\"name\":\"CON PRESENCIA NOGOYAENSE SE CONFORM\u00d3 EL CUERPO LEGISLATIVO DEL SENADO JUVENIL 2021 - Del \u00c9xodo Nogoy\u00e1\",\"isPartOf\":{\"@id\":\"https:\/\/www.delexodo.com.ar\/#website\"},\"primaryImageOfPage\":{\"@id\":\"https:\/\/www.delexodo.com.ar\/?p=8897#primaryimage\"},\"image\":{\"@id\":\"https:\/\/www.delexodo.com.ar\/?p=8897#primaryimage\"},\"thumbnailUrl\":\"https:\/\/www.delexodo.com.ar\/wp-content\/uploads\/2021\/11\/SENADO-JUVENIL-RECINTO.jpg\",\"datePublished\":\"2021-11-01T22:17:39+00:00\",\"dateModified\":\"2021-11-01T22:17:40+00:00\",\"breadcrumb\":{\"@id\":\"https:\/\/www.delexodo.com.ar\/?p=8897#breadcrumb\"},\"inLanguage\":\"es\",\"potentialAction\":[{\"@type\":\"ReadAction\",\"target\":[\"https:\/\/www.delexodo.com.ar\/?p=8897\"]}]},{\"@type\":\"ImageObject\",\"inLanguage\":\"es\",\"@id\":\"https:\/\/www.delexodo.com.ar\/?p=8897#primaryimage\",\"url\":\"https:\/\/www.delexodo.com.ar\/wp-content\/uploads\/2021\/11\/SENADO-JUVENIL-RECINTO.jpg\",\"contentUrl\":\"https:\/\/www.delexodo.com.ar\/wp-content\/uploads\/2021\/11\/SENADO-JUVENIL-RECINTO.jpg\",\"width\":980,\"height\":652},{\"@type\":\"BreadcrumbList\",\"@id\":\"https:\/\/www.delexodo.com.ar\/?p=8897#breadcrumb\",\"itemListElement\":[{\"@type\":\"ListItem\",\"position\":1,\"name\":\"Portada\",\"item\":\"https:\/\/www.delexodo.com.ar\/\"},{\"@type\":\"ListItem\",\"position\":2,\"name\":\"CON PRESENCIA NOGOYAENSE SE CONFORM\u00d3 EL CUERPO LEGISLATIVO DEL SENADO JUVENIL 2021\"}]},{\"@type\":\"WebSite\",\"@id\":\"https:\/\/www.delexodo.com.ar\/#website\",\"url\":\"https:\/\/www.delexodo.com.ar\/\",\"name\":\"Del \u00c9xodo Nogoy\u00e1\",\"description\":\"El Portal de Noticias de la Regi\u00f3n\",\"publisher\":{\"@id\":\"https:\/\/www.delexodo.com.ar\/#organization\"},\"potentialAction\":[{\"@type\":\"SearchAction\",\"target\":{\"@type\":\"EntryPoint\",\"urlTemplate\":\"https:\/\/www.delexodo.com.ar\/?s={search_term_string}\"},\"query-input\":{\"@type\":\"PropertyValueSpecification\",\"valueRequired\":true,\"valueName\":\"search_term_string\"}}],\"inLanguage\":\"es\"},{\"@type\":\"Organization\",\"@id\":\"https:\/\/www.delexodo.com.ar\/#organization\",\"name\":\"Del \u00c9xodo Nogoy\u00e1\",\"url\":\"https:\/\/www.delexodo.com.ar\/\",\"logo\":{\"@type\":\"ImageObject\",\"inLanguage\":\"es\",\"@id\":\"https:\/\/www.delexodo.com.ar\/#\/schema\/logo\/image\/\",\"url\":\"https:\/\/www.delexodo.com.ar\/wp-content\/uploads\/2024\/10\/cropped-cropped-LOGO24.png\",\"contentUrl\":\"https:\/\/www.delexodo.com.ar\/wp-content\/uploads\/2024\/10\/cropped-cropped-LOGO24.png\",\"width\":512,\"height\":349,\"caption\":\"Del \u00c9xodo Nogoy\u00e1\"},\"image\":{\"@id\":\"https:\/\/www.delexodo.com.ar\/#\/schema\/logo\/image\/\"}},{\"@type\":\"Person\",\"@id\":\"https:\/\/www.delexodo.com.ar\/#\/schema\/person\/bbed37f7da8e938660b34f2013ba449d\",\"name\":\"admin\",\"image\":{\"@type\":\"ImageObject\",\"inLanguage\":\"es\",\"@id\":\"https:\/\/www.delexodo.com.ar\/#\/schema\/person\/image\/\",\"url\":\"https:\/\/secure.gravatar.com\/avatar\/6b1558d1b6df085f1901bd5bd98523d7?s=96&d=mm&r=g\",\"contentUrl\":\"https:\/\/secure.gravatar.com\/avatar\/6b1558d1b6df085f1901bd5bd98523d7?s=96&d=mm&r=g\",\"caption\":\"admin\"},\"url\":\"https:\/\/www.delexodo.com.ar\/?author=1\"}]}<\/script>\n<!-- \/ Yoast SEO plugin. -->","yoast_head_json":{"title":"CON PRESENCIA NOGOYAENSE SE CONFORM\u00d3 EL CUERPO LEGISLATIVO DEL SENADO JUVENIL 2021 - Del \u00c9xodo Nogoy\u00e1","robots":{"index":"index","follow":"follow","max-snippet":"max-snippet:-1","max-image-preview":"max-image-preview:large","max-video-preview":"max-video-preview:-1"},"canonical":"https:\/\/www.delexodo.com.ar\/?p=8897","og_locale":"es_ES","og_type":"article","og_title":"CON PRESENCIA NOGOYAENSE SE CONFORM\u00d3 EL CUERPO LEGISLATIVO DEL SENADO JUVENIL 2021 - Del \u00c9xodo Nogoy\u00e1","og_description":"Con la toma de jura de la presidenta de la Honorable C\u00e1mara de Senadores y vicegobernadora de la provincia, Laura&hellip;","og_url":"https:\/\/www.delexodo.com.ar\/?p=8897","og_site_name":"Del \u00c9xodo Nogoy\u00e1","article_published_time":"2021-11-01T22:17:39+00:00","article_modified_time":"2021-11-01T22:17:40+00:00","og_image":[{"width":980,"height":652,"url":"https:\/\/www.delexodo.com.ar\/wp-content\/uploads\/2021\/11\/SENADO-JUVENIL-RECINTO.jpg","type":"image\/jpeg"}],"author":"admin","twitter_card":"summary_large_image","twitter_misc":{"Escrito por":"admin","Tiempo de lectura":"1 minuto"},"schema":{"@context":"https:\/\/schema.org","@graph":[{"@type":"Article","@id":"https:\/\/www.delexodo.com.ar\/?p=8897#article","isPartOf":{"@id":"https:\/\/www.delexodo.com.ar\/?p=8897"},"author":{"name":"admin","@id":"https:\/\/www.delexodo.com.ar\/#\/schema\/person\/bbed37f7da8e938660b34f2013ba449d"},"headline":"CON PRESENCIA NOGOYAENSE SE CONFORM\u00d3 EL CUERPO LEGISLATIVO DEL SENADO JUVENIL 2021","datePublished":"2021-11-01T22:17:39+00:00","dateModified":"2021-11-01T22:17:40+00:00","mainEntityOfPage":{"@id":"https:\/\/www.delexodo.com.ar\/?p=8897"},"wordCount":259,"publisher":{"@id":"https:\/\/www.delexodo.com.ar\/#organization"},"image":{"@id":"https:\/\/www.delexodo.com.ar\/?p=8897#primaryimage"},"thumbnailUrl":"https:\/\/www.delexodo.com.ar\/wp-content\/uploads\/2021\/11\/SENADO-JUVENIL-RECINTO.jpg","keywords":["destacar"],"articleSection":["Destacados","Nogoya","NOTICIAS","Politica"],"inLanguage":"es"},{"@type":"WebPage","@id":"https:\/\/www.delexodo.com.ar\/?p=8897","url":"https:\/\/www.delexodo.com.ar\/?p=8897","name":"CON PRESENCIA NOGOYAENSE SE CONFORM\u00d3 EL CUERPO LEGISLATIVO DEL SENADO JUVENIL 2021 - Del \u00c9xodo Nogoy\u00e1","isPartOf":{"@id":"https:\/\/www.delexodo.com.ar\/#website"},"primaryImageOfPage":{"@id":"https:\/\/www.delexodo.com.ar\/?p=8897#primaryimage"},"image":{"@id":"https:\/\/www.delexodo.com.ar\/?p=8897#primaryimage"},"thumbnailUrl":"https:\/\/www.delexodo.com.ar\/wp-content\/uploads\/2021\/11\/SENADO-JUVENIL-RECINTO.jpg","datePublished":"2021-11-01T22:17:39+00:00","dateModified":"2021-11-01T22:17:40+00:00","breadcrumb":{"@id":"https:\/\/www.delexodo.com.ar\/?p=8897#breadcrumb"},"inLanguage":"es","potentialAction":[{"@type":"ReadAction","target":["https:\/\/www.delexodo.com.ar\/?p=8897"]}]},{"@type":"ImageObject","inLanguage":"es","@id":"https:\/\/www.delexodo.com.ar\/?p=8897#primaryimage","url":"https:\/\/www.delexodo.com.ar\/wp-content\/uploads\/2021\/11\/SENADO-JUVENIL-RECINTO.jpg","contentUrl":"https:\/\/www.delexodo.com.ar\/wp-content\/uploads\/2021\/11\/SENADO-JUVENIL-RECINTO.jpg","width":980,"height":652},{"@type":"BreadcrumbList","@id":"https:\/\/www.delexodo.com.ar\/?p=8897#breadcrumb","itemListElement":[{"@type":"ListItem","position":1,"name":"Portada","item":"https:\/\/www.delexodo.com.ar\/"},{"@type":"ListItem","position":2,"name":"CON PRESENCIA NOGOYAENSE SE CONFORM\u00d3 EL CUERPO LEGISLATIVO DEL SENADO JUVENIL 2021"}]},{"@type":"WebSite","@id":"https:\/\/www.delexodo.com.ar\/#website","url":"https:\/\/www.delexodo.com.ar\/","name":"Del \u00c9xodo Nogoy\u00e1","description":"El Portal de Noticias de la Regi\u00f3n","publisher":{"@id":"https:\/\/www.delexodo.com.ar\/#organization"},"potentialAction":[{"@type":"SearchAction","target":{"@type":"EntryPoint","urlTemplate":"https:\/\/www.delexodo.com.ar\/?s={search_term_string}"},"query-input":{"@type":"PropertyValueSpecification","valueRequired":true,"valueName":"search_term_string"}}],"inLanguage":"es"},{"@type":"Organization","@id":"https:\/\/www.delexodo.com.ar\/#organization","name":"Del \u00c9xodo Nogoy\u00e1","url":"https:\/\/www.delexodo.com.ar\/","logo":{"@type":"ImageObject","inLanguage":"es","@id":"https:\/\/www.delexodo.com.ar\/#\/schema\/logo\/image\/","url":"https:\/\/www.delexodo.com.ar\/wp-content\/uploads\/2024\/10\/cropped-cropped-LOGO24.png","contentUrl":"https:\/\/www.delexodo.com.ar\/wp-content\/uploads\/2024\/10\/cropped-cropped-LOGO24.png","width":512,"height":349,"caption":"Del \u00c9xodo Nogoy\u00e1"},"image":{"@id":"https:\/\/www.delexodo.com.ar\/#\/schema\/logo\/image\/"}},{"@type":"Person","@id":"https:\/\/www.delexodo.com.ar\/#\/schema\/person\/bbed37f7da8e938660b34f2013ba449d","name":"admin","image":{"@type":"ImageObject","inLanguage":"es","@id":"https:\/\/www.delexodo.com.ar\/#\/schema\/person\/image\/","url":"https:\/\/secure.gravatar.com\/avatar\/6b1558d1b6df085f1901bd5bd98523d7?s=96&d=mm&r=g","contentUrl":"https:\/\/secure.gravatar.com\/avatar\/6b1558d1b6df085f1901bd5bd98523d7?s=96&d=mm&r=g","caption":"admin"},"url":"https:\/\/www.delexodo.com.ar\/?author=1"}]}},"_links":{"self":[{"href":"https:\/\/www.delexodo.com.ar\/index.php?rest_route=\/wp\/v2\/posts\/8897","targetHints":{"allow":["GET"]}}],"collection":[{"href":"https:\/\/www.delexodo.com.ar\/index.php?rest_route=\/wp\/v2\/posts"}],"about":[{"href":"https:\/\/www.delexodo.com.ar\/index.php?rest_route=\/wp\/v2\/types\/post"}],"author":[{"embeddable":true,"href":"https:\/\/www.delexodo.com.ar\/index.php?rest_route=\/wp\/v2\/users\/1"}],"replies":[{"embeddable":true,"href":"https:\/\/www.delexodo.com.ar\/index.php?rest_route=%2Fwp%2Fv2%2Fcomments&post=8897"}],"version-history":[{"count":0,"href":"https:\/\/www.delexodo.com.ar\/index.php?rest_route=\/wp\/v2\/posts\/8897\/revisions"}],"wp:featuredmedia":[{"embeddable":true,"href":"https:\/\/www.delexodo.com.ar\/index.php?rest_route=\/wp\/v2\/media\/8898"}],"wp:attachment":[{"href":"https:\/\/www.delexodo.com.ar\/index.php?rest_route=%2Fwp%2Fv2%2Fmedia&parent=8897"}],"wp:term":[{"taxonomy":"category","embeddable":true,"href":"https:\/\/www.delexodo.com.ar\/index.php?rest_route=%2Fwp%2Fv2%2Fcategories&post=8897"},{"taxonomy":"post_tag","embeddable":true,"href":"https:\/\/www.delexodo.com.ar\/index.php?rest_route=%2Fwp%2Fv2%2Ftags&post=8897"}],"curies":[{"name":"wp","href":"https:\/\/api.w.org\/{rel}","templated":true}]}}