{"id":8892,"date":"2021-10-31T22:08:52","date_gmt":"2021-11-01T01:08:52","guid":{"rendered":"http:\/\/www.delexodo.com.ar\/?p=8892"},"modified":"2021-10-31T22:10:54","modified_gmt":"2021-11-01T01:10:54","slug":"nogoya-tras-las-rejas-por-quebrantar-el-arresto-domiciliario","status":"publish","type":"post","link":"https:\/\/www.delexodo.com.ar\/?p=8892","title":{"rendered":"NOGOY\u00c1: TRAS LAS REJAS POR QUEBRANTAR EL ARRESTO DOMICILIARIO"},"content":{"rendered":"\n<p>Desde \u00a0<strong>Jefatura Departamental Nogoy\u00e1<\/strong> informaron respecto de las novedades de m\u00e1s importancia acaecidas en el \u00e1mbito jurisdiccional durante los \u00faltimos d\u00edas.<\/p>\n\n\n\n<p>COLISION DE MOTOVEHICULO \u2013 MASCULINOS CON LESIONES LEVES Y GRAVES<\/p>\n\n\n\n<p>26\/10\/21 &#8211; 07:30 Hs. &#8211; Secci\u00f3n Judiciales interviene en Accidente de Tr\u00e1nsito en Fray Retamal y Sarmiento entre camioneta Ford F100 XL, la que circulaba por Bv. Sarmiento de Sur a Norte, conducida por masculino de 58 a\u00f1os de edad, y una moto marca Guerrero Trip,&nbsp; la cual circulaba por Bv. Sarmiento de Norte a Sur, conducida por masculino de 29 a\u00f1os de edad, acompa\u00f1ante masculino de 27 a\u00f1os de edad, domiciliados todos en esta ciudad. A ra\u00edz de lo ocurrido el conductor de la camioneta resulto sin lesiones y los ocupantes de la motos fueron trasladados en ambulancia al Hospital San Blas, resultando el conductor de la moto con Lesiones Graves (fractura expuesta de tibia y peron\u00e9 de pierna izquierda), siendo trasladado al Hospital San Mart\u00edn de la ciudad de Paran\u00e1, en tanto el acompa\u00f1ante resulto con Lesiones Leves (Traumatismos y escoriaciones). Intervino Divisi\u00f3n Criminal\u00edstica, se procedi\u00f3 a la retenci\u00f3n de la moto por falta de uso de casco y documentaci\u00f3n.&nbsp;<\/p>\n\n\n\n<p>EN ZONA RURAL DE CRUCESITAS OCTAVA INCENDIO DE 40 ROLLOS DE RASTROJO DE MAIZ<\/p>\n\n\n\n<p>28\/10\/21 &#8211; 17:55 Hs. &#8211; Comisaria Lucas Gonz\u00e1lez, inicio Actuaciones Policiales correspondientes para establecer formas y circunstancias por la cual se habr\u00edan&nbsp; incendiado 40 rollos de rastrojo de ma\u00edz, que se encontraban en&nbsp; Establecimiento \u201cEl Caraguata\u201d, ubicado en camino de Ripio que une las localidades de Maci\u00e1 y Viale, encargado del lugar, Sr. de 33 a\u00f1os de edad, manifest\u00f3 que alrededor de las 14:00 hs., comenzaron a arder unos rollos, no lo pudieron controlar por lo que solicitaron presencia de Bomberos Voluntarios de la localidad de Gdor. Maci\u00e1, acudiendo a ese sitio dos unidades.<\/p>\n\n\n\n<p>OPERATIVO EN CONJUNTO PERSONAL DE COMISARIA ZONA SUR&nbsp; Y&nbsp; DIRECCION DE PREVENCION DE DELITOS RURALES BRIGADA NOGOY\u00c1 -PROCEDIMIENTO POR INFRACCI\u00d3N A LEY DE PLAGUICIDAS N\u00b0 6599\/80<\/p>\n\n\n\n<p>28\/10\/21 &#8211; 22.30 hs. &#8211; Acuden a zona de Montoya por llamado de femenina, por percibir olor a herbicida o elementos similares en la zona, all\u00ed en un campo se localiza&nbsp; VEHICULO PULVERIZADOR ( MOSQUITO) operario, masculino de 32 a\u00f1os de edad&nbsp; con domicilio en la localidad de General Ram\u00edrez; se labr\u00f3 Acta de infracci\u00f3n por trabajar sin receta agron\u00f3mica en relaci\u00f3n a los l\u00edquidos utilizados y sin la presencia de Ingeniero a cargo.<\/p>\n\n\n\n<p>ACCIDENTE DE TR\u00c1NSITO EN RUTA 12 KM 362<\/p>\n\n\n\n<p>29\/10\/21 &#8211; 17:40 Hs. &#8211; Comisaria Hern\u00e1ndez inicia Actuaciones Policiales, dado que en Ruta Nacional N\u00ba12, kil\u00f3metro 362, por causas que se tratan de establecer, un autom\u00f3vil marca Peugeot, modelo 2008 Allure, conducido por ciudadana de 51 a\u00f1os de edad, domiciliada en Concepci\u00f3n del Uruguay, transitaba en sentido este a oeste y perdi\u00f3 el control del rodado sali\u00e9ndose hacia la banquina del cardinal sur, dando varios tumbos. Luego trasladada en ambulancia al centro de salud de Hern\u00e1ndez para ser examinada, presentando Lesiones de Car\u00e1cter Leves (politraumatismos y excoriaciones); importantes da\u00f1os materiales en veh\u00edculo. Adem\u00e1s trabajo en el lugar, personal de Puesto Caminero Nogoy\u00e1, el tr\u00e1nsito vehicular no estuvo interrumpido, fue asistido hasta finalizar con las tareas inherentes a lo acaecido.<\/p>\n\n\n\n<p><strong>MASCULINO DE 31 A\u00d1OS DETENIDO POR SUPUESTO DELITO DE DESOBEDIENCIA JUDICIAL<\/strong><\/p>\n\n\n\n<p>29\/10\/21 &#8211; Secci\u00f3n Judiciales inicia actuaciones de Oficio Policial Por el Supuesto Delito de Desobediencia Judicial contra masculino de 31 a\u00f1os, domiciliado en esta Ciudad; En la fecha alrededor de las 22:00 Hs., personal de Secci\u00f3n Comando Radioel\u00e9ctrico ubica a este masculino, en la v\u00eda p\u00fablica ingiriendo bebida alcoh\u00f3lica, alejado de su domicilio, incumpliendo lo estatuido en Mandamiento Judicial en relaci\u00f3n a <strong>Arresto Domiciliario<\/strong> ordenado, se comunic\u00f3 a Sra. Fiscal en Turno, quien brindo lineamientos a seguir, traslado del masculino a Jefatura Departamental en calidad de detenido, a disposici\u00f3n de Magistratura actuante.<\/p>\n\n\n\n<p>ACCIDENTE DE TRANSITO \u2013 CAIDA DE MOTOVEHICULO \u2013 FEMENINA CON LESIONES DE CAR\u00c1CTER GRAVES<\/p>\n\n\n\n<p>29\/10\/21 &#8211; Comisaria Villa 3 de Febrero, alrededor de las&nbsp; 22:25 hs., inicia actuaciones de Oficio Para Establecer Formas y Circunstancias&nbsp; por&nbsp; Accidente de Tr\u00e1nsito, dado que en Bv. Avellaneda entre Hip\u00f3lito Irigoyen y Feliciano, femenina de 31 a\u00f1os de edad, domiciliada en esta ciudad, al conducirse en motoveh\u00edculo marca Corven Dx70, seg\u00fan sus dichos por desnivel en cinta asf\u00e1ltica, habr\u00eda perdido el control del rodado, cayendo al piso. A ra\u00edz de lo acaecido fue trasladada en ambulancia al Hospital San Blas, se realiz\u00f3 placas radiogr\u00e1ficas, resultando con Lesiones Graves (fractura de tibia pierna izquierda), fue derivada para estudios de mayor complejidad al I.T.E.O.( Instituto de Traumatolog\u00eda Y Enfermedades Oseas )&nbsp; de la ciudad de Paran\u00e1. Intervino Personal de Divisi\u00f3n Criminal\u00edstica.<\/p>\n\n\n\n<p>MASCULINO DETENIDO POR AGREDIR A SU HERMANO CON ARMA BLANCA<\/p>\n\n\n\n<p>30\/10\/21 &#8211; Comisaria Zona Sur aproximadamente a las 00:05 hs., en intersecci\u00f3n de calles Lisandro de la Torre y Alfredo Palacios, encuentra a masculino de 25 a\u00f1os de edad, domiciliado&nbsp; en Barrio de zona Sur de&nbsp; esta ciudad, con herida de arma blanca, (herida punzocortante en zona esc\u00e1pula derecha), habr\u00eda estado discutiendo y luego pele\u00f3 con su hermano&nbsp; de 20 a\u00f1os de edad, quien lo lesion\u00f3 con un puntazo en la espalda. Trasladado&nbsp; el herido en ambulancia por personal de Emergencias M\u00e9dicas al Hospital San Blas de esta ciudad; se comunic\u00f3 a Sra. Fiscal en Turno, quien orden\u00f3 traslado del masculino agresor a Jefatura Departamental en calidad de detenido, a disposici\u00f3n de Magistratura actuante, se procedi\u00f3 al formal secuestro de un cuchillo tipo serrucho marca Tramontina. En relaci\u00f3n al lesionado, finalizado ex\u00e1menes m\u00e9dicos, result\u00f3 con lesiones de car\u00e1cter leves.<\/p>\n\n\n\n<p>PROCEDIMIENTO CON SECUESTRO DE PISTOLA CAL. 22<\/p>\n\n\n\n<p>31\/10\/21 &#8211; Comisaria Hern\u00e1ndez, inicia actuaciones de Oficio Policial para Establecer Real Propiedad y Procedencia de pistola calibre .22, tiro a tiro&nbsp; sin marca, en buen estado de uso y conservaci\u00f3n; aproximadamente&nbsp; las 05:00, masculino de 29 a\u00f1os de edad, en plaza Urquiza de Hern\u00e1ndez, habr\u00eda sido part\u00edcipe de una gresca, al llegar el personal policial pretendi\u00f3 darse a la fuga y fue interceptado; al momento de su aprehensi\u00f3n y ser palpado, en un bolsillo del pantal\u00f3n, ten\u00eda el arma de fuego aducida. Se inform\u00f3 a Sra. Fiscal en turno quien orden\u00f3, secuestro del arma e inicio de actuaciones al respecto.<\/p>\n\n\n\n<p>ACCIDENTE DE TRANSITO \u2013 DESPISTE Y VUELCO DE AUTOMOVIL -DOS FEMENINAS CON LESIONES DE CAR\u00c1CTER GRAVES TRES MASCULINOS Y UNA FEMENINA CON LESIONES DE CAR\u00c1CTER LEVES<\/p>\n\n\n\n<p>31\/10\/21 &#8211; 06:20 Hs. &#8211; Comisaria Villa 3 de Febrero interviene en Accidente de tr\u00e1nsito, en Calle Mitre y Ram\u00f3n Moreyra, despiste y vuelco de veh\u00edculo Chevrolet Vectra, el cual era conducido por masculino de 25 a\u00f1os de edad,&nbsp; acompa\u00f1antes dos femeninas de 19 a\u00f1os de edad, femenina de 18 a\u00f1os de edad y dos masculinos de 27 y 19 a\u00f1os, todos de esta ciudad. Se comision\u00f3 personal de emergencias m\u00e9dicas, quienes trasladaron a los protagonistas del siniestro vial al hospital local, donde fueron examinados resultando, el conductor, con Lesiones Leves (traumatismo pierna derecha)&nbsp; y las acompa\u00f1antes de 19 a\u00f1os de edad con Lesiones Graves, una con (3 costillas fracturadas t\u00f3rax derecho); la otra con (fractura clav\u00edcula derecha);&nbsp; los dem\u00e1s resultaron con lesiones de car\u00e1cter Leves. Intervino Gabinete Criminal\u00edstico y Personal Municipal de Tr\u00e1nsito, quienes le realizaron test de alcoholemia al conductor con resultado positivo.<\/p>\n\n\n\n<p>CONTRAVENCIONES<\/p>\n\n\n\n<p>Se registr\u00f3 el ingreso de tres (03) personas a esta Jefatura Departamental por supuesta infracci\u00f3n a disposiciones contempladas en la Ley Org\u00e1nica Pcial. N\u00ba3.815 y modificatorias.<\/p>\n\n\n\n<p>OPERATIVOS \u201cCONTROL DE MOTOS\u201d<\/p>\n\n\n\n<p>Por aplicaci\u00f3n del Decreto M.G.J. N\u00ba2675\/14, en el transcurso de la semana se procedi\u00f3 a la retenci\u00f3n de siete (07) motoveh\u00edculos por no reunir las condiciones exigidas para poder circular acorde a reglamentaci\u00f3n vigentes.<\/p>\n\n\n\n<p>OPERATIVOS EN CONJUNTO CON PERSONAL DEL AREA DE COMERCIO Y TRANSITO MUNICIPAL<\/p>\n\n\n\n<p>Se realizan operativos en distintos comercios y eventos, asimismo control vehicular en el \u00e1mbito de nuestra ciudad, los cuales se llevan a cabo requiriendo documentaci\u00f3n obligatoria a los conductores, con realizaci\u00f3n de test de alcoholemia, procediendo a la retenci\u00f3n vehicular si as\u00ed correspondiera. Asimismo tambi\u00e9n en localidades y zona de campa\u00f1a del \u00e1mbito geogr\u00e1fico del Departamento.<\/p>\n","protected":false},"excerpt":{"rendered":"<p>Desde \u00a0Jefatura Departamental Nogoy\u00e1 informaron respecto de las novedades de m\u00e1s importancia acaecidas en el \u00e1mbito jurisdiccional durante los \u00faltimos&hellip;<\/p>\n","protected":false},"author":1,"featured_media":6566,"comment_status":"closed","ping_status":"closed","sticky":false,"template":"","format":"standard","meta":{"_joinchat":[],"footnotes":""},"categories":[65,1,69,350],"tags":[],"class_list":["post-8892","post","type-post","status-publish","format-standard","has-post-thumbnail","hentry","category-destacados","category-sincategoria","category-noticias","category-policiales"],"yoast_head":"<!-- This site is optimized with the Yoast SEO plugin v25.1 - https:\/\/yoast.com\/wordpress\/plugins\/seo\/ -->\n<title>NOGOY\u00c1: TRAS LAS REJAS POR QUEBRANTAR EL ARRESTO DOMICILIARIO - Del \u00c9xodo Nogoy\u00e1<\/title>\n<meta name=\"robots\" content=\"index, follow, max-snippet:-1, max-image-preview:large, max-video-preview:-1\" \/>\n<link rel=\"canonical\" href=\"https:\/\/www.delexodo.com.ar\/?p=8892\" \/>\n<meta property=\"og:locale\" content=\"es_ES\" \/>\n<meta property=\"og:type\" content=\"article\" \/>\n<meta property=\"og:title\" content=\"NOGOY\u00c1: TRAS LAS REJAS POR QUEBRANTAR EL ARRESTO DOMICILIARIO - Del \u00c9xodo Nogoy\u00e1\" \/>\n<meta property=\"og:description\" content=\"Desde \u00a0Jefatura Departamental Nogoy\u00e1 informaron respecto de las novedades de m\u00e1s importancia acaecidas en el \u00e1mbito jurisdiccional durante los \u00faltimos&hellip;\" \/>\n<meta property=\"og:url\" content=\"https:\/\/www.delexodo.com.ar\/?p=8892\" \/>\n<meta property=\"og:site_name\" content=\"Del \u00c9xodo Nogoy\u00e1\" \/>\n<meta property=\"article:published_time\" content=\"2021-11-01T01:08:52+00:00\" \/>\n<meta property=\"article:modified_time\" content=\"2021-11-01T01:10:54+00:00\" \/>\n<meta property=\"og:image\" content=\"https:\/\/www.delexodo.com.ar\/wp-content\/uploads\/2020\/07\/policia-jefatura-760x450-1.jpg\" \/>\n\t<meta property=\"og:image:width\" content=\"760\" \/>\n\t<meta property=\"og:image:height\" content=\"450\" \/>\n\t<meta property=\"og:image:type\" content=\"image\/jpeg\" \/>\n<meta name=\"author\" content=\"admin\" \/>\n<meta name=\"twitter:card\" content=\"summary_large_image\" \/>\n<meta name=\"twitter:label1\" content=\"Escrito por\" \/>\n\t<meta name=\"twitter:data1\" content=\"admin\" \/>\n\t<meta name=\"twitter:label2\" content=\"Tiempo de lectura\" \/>\n\t<meta name=\"twitter:data2\" content=\"7 minutos\" \/>\n<script type=\"application\/ld+json\" class=\"yoast-schema-graph\">{\"@context\":\"https:\/\/schema.org\",\"@graph\":[{\"@type\":\"Article\",\"@id\":\"https:\/\/www.delexodo.com.ar\/?p=8892#article\",\"isPartOf\":{\"@id\":\"https:\/\/www.delexodo.com.ar\/?p=8892\"},\"author\":{\"name\":\"admin\",\"@id\":\"https:\/\/www.delexodo.com.ar\/#\/schema\/person\/bbed37f7da8e938660b34f2013ba449d\"},\"headline\":\"NOGOY\u00c1: TRAS LAS REJAS POR QUEBRANTAR EL ARRESTO DOMICILIARIO\",\"datePublished\":\"2021-11-01T01:08:52+00:00\",\"dateModified\":\"2021-11-01T01:10:54+00:00\",\"mainEntityOfPage\":{\"@id\":\"https:\/\/www.delexodo.com.ar\/?p=8892\"},\"wordCount\":1419,\"publisher\":{\"@id\":\"https:\/\/www.delexodo.com.ar\/#organization\"},\"image\":{\"@id\":\"https:\/\/www.delexodo.com.ar\/?p=8892#primaryimage\"},\"thumbnailUrl\":\"https:\/\/www.delexodo.com.ar\/wp-content\/uploads\/2020\/07\/policia-jefatura-760x450-1.jpg\",\"articleSection\":[\"Destacados\",\"Nogoya\",\"NOTICIAS\",\"Policiales\"],\"inLanguage\":\"es\"},{\"@type\":\"WebPage\",\"@id\":\"https:\/\/www.delexodo.com.ar\/?p=8892\",\"url\":\"https:\/\/www.delexodo.com.ar\/?p=8892\",\"name\":\"NOGOY\u00c1: TRAS LAS REJAS POR QUEBRANTAR EL ARRESTO DOMICILIARIO - Del \u00c9xodo Nogoy\u00e1\",\"isPartOf\":{\"@id\":\"https:\/\/www.delexodo.com.ar\/#website\"},\"primaryImageOfPage\":{\"@id\":\"https:\/\/www.delexodo.com.ar\/?p=8892#primaryimage\"},\"image\":{\"@id\":\"https:\/\/www.delexodo.com.ar\/?p=8892#primaryimage\"},\"thumbnailUrl\":\"https:\/\/www.delexodo.com.ar\/wp-content\/uploads\/2020\/07\/policia-jefatura-760x450-1.jpg\",\"datePublished\":\"2021-11-01T01:08:52+00:00\",\"dateModified\":\"2021-11-01T01:10:54+00:00\",\"breadcrumb\":{\"@id\":\"https:\/\/www.delexodo.com.ar\/?p=8892#breadcrumb\"},\"inLanguage\":\"es\",\"potentialAction\":[{\"@type\":\"ReadAction\",\"target\":[\"https:\/\/www.delexodo.com.ar\/?p=8892\"]}]},{\"@type\":\"ImageObject\",\"inLanguage\":\"es\",\"@id\":\"https:\/\/www.delexodo.com.ar\/?p=8892#primaryimage\",\"url\":\"https:\/\/www.delexodo.com.ar\/wp-content\/uploads\/2020\/07\/policia-jefatura-760x450-1.jpg\",\"contentUrl\":\"https:\/\/www.delexodo.com.ar\/wp-content\/uploads\/2020\/07\/policia-jefatura-760x450-1.jpg\",\"width\":760,\"height\":450},{\"@type\":\"BreadcrumbList\",\"@id\":\"https:\/\/www.delexodo.com.ar\/?p=8892#breadcrumb\",\"itemListElement\":[{\"@type\":\"ListItem\",\"position\":1,\"name\":\"Portada\",\"item\":\"https:\/\/www.delexodo.com.ar\/\"},{\"@type\":\"ListItem\",\"position\":2,\"name\":\"NOGOY\u00c1: TRAS LAS REJAS POR QUEBRANTAR EL ARRESTO DOMICILIARIO\"}]},{\"@type\":\"WebSite\",\"@id\":\"https:\/\/www.delexodo.com.ar\/#website\",\"url\":\"https:\/\/www.delexodo.com.ar\/\",\"name\":\"Del \u00c9xodo Nogoy\u00e1\",\"description\":\"El Portal de Noticias de la Regi\u00f3n\",\"publisher\":{\"@id\":\"https:\/\/www.delexodo.com.ar\/#organization\"},\"potentialAction\":[{\"@type\":\"SearchAction\",\"target\":{\"@type\":\"EntryPoint\",\"urlTemplate\":\"https:\/\/www.delexodo.com.ar\/?s={search_term_string}\"},\"query-input\":{\"@type\":\"PropertyValueSpecification\",\"valueRequired\":true,\"valueName\":\"search_term_string\"}}],\"inLanguage\":\"es\"},{\"@type\":\"Organization\",\"@id\":\"https:\/\/www.delexodo.com.ar\/#organization\",\"name\":\"Del \u00c9xodo Nogoy\u00e1\",\"url\":\"https:\/\/www.delexodo.com.ar\/\",\"logo\":{\"@type\":\"ImageObject\",\"inLanguage\":\"es\",\"@id\":\"https:\/\/www.delexodo.com.ar\/#\/schema\/logo\/image\/\",\"url\":\"https:\/\/www.delexodo.com.ar\/wp-content\/uploads\/2024\/10\/cropped-cropped-LOGO24.png\",\"contentUrl\":\"https:\/\/www.delexodo.com.ar\/wp-content\/uploads\/2024\/10\/cropped-cropped-LOGO24.png\",\"width\":512,\"height\":349,\"caption\":\"Del \u00c9xodo Nogoy\u00e1\"},\"image\":{\"@id\":\"https:\/\/www.delexodo.com.ar\/#\/schema\/logo\/image\/\"}},{\"@type\":\"Person\",\"@id\":\"https:\/\/www.delexodo.com.ar\/#\/schema\/person\/bbed37f7da8e938660b34f2013ba449d\",\"name\":\"admin\",\"image\":{\"@type\":\"ImageObject\",\"inLanguage\":\"es\",\"@id\":\"https:\/\/www.delexodo.com.ar\/#\/schema\/person\/image\/\",\"url\":\"https:\/\/secure.gravatar.com\/avatar\/6b1558d1b6df085f1901bd5bd98523d7?s=96&d=mm&r=g\",\"contentUrl\":\"https:\/\/secure.gravatar.com\/avatar\/6b1558d1b6df085f1901bd5bd98523d7?s=96&d=mm&r=g\",\"caption\":\"admin\"},\"url\":\"https:\/\/www.delexodo.com.ar\/?author=1\"}]}<\/script>\n<!-- \/ Yoast SEO plugin. -->","yoast_head_json":{"title":"NOGOY\u00c1: TRAS LAS REJAS POR QUEBRANTAR EL ARRESTO DOMICILIARIO - Del \u00c9xodo Nogoy\u00e1","robots":{"index":"index","follow":"follow","max-snippet":"max-snippet:-1","max-image-preview":"max-image-preview:large","max-video-preview":"max-video-preview:-1"},"canonical":"https:\/\/www.delexodo.com.ar\/?p=8892","og_locale":"es_ES","og_type":"article","og_title":"NOGOY\u00c1: TRAS LAS REJAS POR QUEBRANTAR EL ARRESTO DOMICILIARIO - Del \u00c9xodo Nogoy\u00e1","og_description":"Desde \u00a0Jefatura Departamental Nogoy\u00e1 informaron respecto de las novedades de m\u00e1s importancia acaecidas en el \u00e1mbito jurisdiccional durante los \u00faltimos&hellip;","og_url":"https:\/\/www.delexodo.com.ar\/?p=8892","og_site_name":"Del \u00c9xodo Nogoy\u00e1","article_published_time":"2021-11-01T01:08:52+00:00","article_modified_time":"2021-11-01T01:10:54+00:00","og_image":[{"width":760,"height":450,"url":"https:\/\/www.delexodo.com.ar\/wp-content\/uploads\/2020\/07\/policia-jefatura-760x450-1.jpg","type":"image\/jpeg"}],"author":"admin","twitter_card":"summary_large_image","twitter_misc":{"Escrito por":"admin","Tiempo de lectura":"7 minutos"},"schema":{"@context":"https:\/\/schema.org","@graph":[{"@type":"Article","@id":"https:\/\/www.delexodo.com.ar\/?p=8892#article","isPartOf":{"@id":"https:\/\/www.delexodo.com.ar\/?p=8892"},"author":{"name":"admin","@id":"https:\/\/www.delexodo.com.ar\/#\/schema\/person\/bbed37f7da8e938660b34f2013ba449d"},"headline":"NOGOY\u00c1: TRAS LAS REJAS POR QUEBRANTAR EL ARRESTO DOMICILIARIO","datePublished":"2021-11-01T01:08:52+00:00","dateModified":"2021-11-01T01:10:54+00:00","mainEntityOfPage":{"@id":"https:\/\/www.delexodo.com.ar\/?p=8892"},"wordCount":1419,"publisher":{"@id":"https:\/\/www.delexodo.com.ar\/#organization"},"image":{"@id":"https:\/\/www.delexodo.com.ar\/?p=8892#primaryimage"},"thumbnailUrl":"https:\/\/www.delexodo.com.ar\/wp-content\/uploads\/2020\/07\/policia-jefatura-760x450-1.jpg","articleSection":["Destacados","Nogoya","NOTICIAS","Policiales"],"inLanguage":"es"},{"@type":"WebPage","@id":"https:\/\/www.delexodo.com.ar\/?p=8892","url":"https:\/\/www.delexodo.com.ar\/?p=8892","name":"NOGOY\u00c1: TRAS LAS REJAS POR QUEBRANTAR EL ARRESTO DOMICILIARIO - Del \u00c9xodo Nogoy\u00e1","isPartOf":{"@id":"https:\/\/www.delexodo.com.ar\/#website"},"primaryImageOfPage":{"@id":"https:\/\/www.delexodo.com.ar\/?p=8892#primaryimage"},"image":{"@id":"https:\/\/www.delexodo.com.ar\/?p=8892#primaryimage"},"thumbnailUrl":"https:\/\/www.delexodo.com.ar\/wp-content\/uploads\/2020\/07\/policia-jefatura-760x450-1.jpg","datePublished":"2021-11-01T01:08:52+00:00","dateModified":"2021-11-01T01:10:54+00:00","breadcrumb":{"@id":"https:\/\/www.delexodo.com.ar\/?p=8892#breadcrumb"},"inLanguage":"es","potentialAction":[{"@type":"ReadAction","target":["https:\/\/www.delexodo.com.ar\/?p=8892"]}]},{"@type":"ImageObject","inLanguage":"es","@id":"https:\/\/www.delexodo.com.ar\/?p=8892#primaryimage","url":"https:\/\/www.delexodo.com.ar\/wp-content\/uploads\/2020\/07\/policia-jefatura-760x450-1.jpg","contentUrl":"https:\/\/www.delexodo.com.ar\/wp-content\/uploads\/2020\/07\/policia-jefatura-760x450-1.jpg","width":760,"height":450},{"@type":"BreadcrumbList","@id":"https:\/\/www.delexodo.com.ar\/?p=8892#breadcrumb","itemListElement":[{"@type":"ListItem","position":1,"name":"Portada","item":"https:\/\/www.delexodo.com.ar\/"},{"@type":"ListItem","position":2,"name":"NOGOY\u00c1: TRAS LAS REJAS POR QUEBRANTAR EL ARRESTO DOMICILIARIO"}]},{"@type":"WebSite","@id":"https:\/\/www.delexodo.com.ar\/#website","url":"https:\/\/www.delexodo.com.ar\/","name":"Del \u00c9xodo Nogoy\u00e1","description":"El Portal de Noticias de la Regi\u00f3n","publisher":{"@id":"https:\/\/www.delexodo.com.ar\/#organization"},"potentialAction":[{"@type":"SearchAction","target":{"@type":"EntryPoint","urlTemplate":"https:\/\/www.delexodo.com.ar\/?s={search_term_string}"},"query-input":{"@type":"PropertyValueSpecification","valueRequired":true,"valueName":"search_term_string"}}],"inLanguage":"es"},{"@type":"Organization","@id":"https:\/\/www.delexodo.com.ar\/#organization","name":"Del \u00c9xodo Nogoy\u00e1","url":"https:\/\/www.delexodo.com.ar\/","logo":{"@type":"ImageObject","inLanguage":"es","@id":"https:\/\/www.delexodo.com.ar\/#\/schema\/logo\/image\/","url":"https:\/\/www.delexodo.com.ar\/wp-content\/uploads\/2024\/10\/cropped-cropped-LOGO24.png","contentUrl":"https:\/\/www.delexodo.com.ar\/wp-content\/uploads\/2024\/10\/cropped-cropped-LOGO24.png","width":512,"height":349,"caption":"Del \u00c9xodo Nogoy\u00e1"},"image":{"@id":"https:\/\/www.delexodo.com.ar\/#\/schema\/logo\/image\/"}},{"@type":"Person","@id":"https:\/\/www.delexodo.com.ar\/#\/schema\/person\/bbed37f7da8e938660b34f2013ba449d","name":"admin","image":{"@type":"ImageObject","inLanguage":"es","@id":"https:\/\/www.delexodo.com.ar\/#\/schema\/person\/image\/","url":"https:\/\/secure.gravatar.com\/avatar\/6b1558d1b6df085f1901bd5bd98523d7?s=96&d=mm&r=g","contentUrl":"https:\/\/secure.gravatar.com\/avatar\/6b1558d1b6df085f1901bd5bd98523d7?s=96&d=mm&r=g","caption":"admin"},"url":"https:\/\/www.delexodo.com.ar\/?author=1"}]}},"_links":{"self":[{"href":"https:\/\/www.delexodo.com.ar\/index.php?rest_route=\/wp\/v2\/posts\/8892","targetHints":{"allow":["GET"]}}],"collection":[{"href":"https:\/\/www.delexodo.com.ar\/index.php?rest_route=\/wp\/v2\/posts"}],"about":[{"href":"https:\/\/www.delexodo.com.ar\/index.php?rest_route=\/wp\/v2\/types\/post"}],"author":[{"embeddable":true,"href":"https:\/\/www.delexodo.com.ar\/index.php?rest_route=\/wp\/v2\/users\/1"}],"replies":[{"embeddable":true,"href":"https:\/\/www.delexodo.com.ar\/index.php?rest_route=%2Fwp%2Fv2%2Fcomments&post=8892"}],"version-history":[{"count":0,"href":"https:\/\/www.delexodo.com.ar\/index.php?rest_route=\/wp\/v2\/posts\/8892\/revisions"}],"wp:featuredmedia":[{"embeddable":true,"href":"https:\/\/www.delexodo.com.ar\/index.php?rest_route=\/wp\/v2\/media\/6566"}],"wp:attachment":[{"href":"https:\/\/www.delexodo.com.ar\/index.php?rest_route=%2Fwp%2Fv2%2Fmedia&parent=8892"}],"wp:term":[{"taxonomy":"category","embeddable":true,"href":"https:\/\/www.delexodo.com.ar\/index.php?rest_route=%2Fwp%2Fv2%2Fcategories&post=8892"},{"taxonomy":"post_tag","embeddable":true,"href":"https:\/\/www.delexodo.com.ar\/index.php?rest_route=%2Fwp%2Fv2%2Ftags&post=8892"}],"curies":[{"name":"wp","href":"https:\/\/api.w.org\/{rel}","templated":true}]}}