{"id":8850,"date":"2021-10-26T21:14:24","date_gmt":"2021-10-27T00:14:24","guid":{"rendered":"http:\/\/www.delexodo.com.ar\/?p=8850"},"modified":"2021-10-26T21:14:25","modified_gmt":"2021-10-27T00:14:25","slug":"el-sabado-30-comienza-el-cronograma-de-pagos-en-la-administracion-publica","status":"publish","type":"post","link":"https:\/\/www.delexodo.com.ar\/?p=8850","title":{"rendered":"EL S\u00c1BADO 30 COMIENZA EL CRONOGRAMA DE PAGOS EN LA ADMINISTRACI\u00d3N P\u00daBLICA"},"content":{"rendered":"\n<p>El ministro de Econom\u00eda, Hugo Ballay, dio a conocer que este s\u00e1bado 30 de octubre ya se acreditar\u00e1 los haberes de octubre correspondientes al primer tramo de activos y pasivos de la administraci\u00f3n p\u00fablica, con un aumento del 10 por ciento.<\/p>\n\n\n\n<p>Desde el martes 2 de noviembre hasta el viernes 5 se abonar\u00e1n los dem\u00e1s segmentos salariales del sector p\u00fablico entrerriano.<\/p>\n\n\n\n<h2 class=\"has-text-align-center wp-block-heading\"><strong>EL CRONOGRAMA<\/strong><\/h2>\n\n\n\n<p>Lunes 1\/11: hasta 50.000 pesos (se acredita el s\u00e1bado 30\/10)<\/p>\n\n\n\n<p>Martes 2\/11: de 50.001 a 70.000<\/p>\n\n\n\n<p>Mi\u00e9rcoles 3\/11: de 70.001 a 90.000<\/p>\n\n\n\n<p>Jueves 4\/11: de 90.001 a 100.000<\/p>\n\n\n\n<p>Viernes 5\/11: m\u00e1s de 100.000<\/p>\n\n\n\n<p><em>\u201cEn esta oportunidad, adem\u00e1s, liquidaremos el aumento del 10 por ciento para todas las categor\u00edas del escalaf\u00f3n. Esto es una decisi\u00f3n del gobernador Gustavo Bordet que estableci\u00f3 a trav\u00e9s del decreto N\u00b0 3.008 con el objetivo de recomponer el poder adquisitivo del salario, y que es a cuenta de lo que finalmente acordemos con los gremios de los trabajadores estatales en las paritarias, que a\u00fan contin\u00faan abiertas\u201d<\/em>, especific\u00f3 Ballay.<\/p>\n\n\n\n<p>El titular de la cartera econ\u00f3mica subray\u00f3 que <em>\u201cdesde el gobierno de la provincia venimos trabajando con los sindicatos estatales para llegar a un punto de acuerdo que nos permita mejorar el salario y mantener el equilibrio y la sostenibilidad de la administraci\u00f3n p\u00fablica\u201d<\/em>.<\/p>\n\n\n\n<p>Por otra parte, Ballay remarc\u00f3 que <em>\u201cesta semana hicimos efectivo el pago de la garant\u00eda constitucional a los municipios de la provincia, que represent\u00f3 un desembolso de 844 millones de pesos que realizamos desde la provincia\u00bb<\/em>. <em>\u00abAdem\u00e1s de una manda constitucional, es un profundo compromiso de nuestro gobernador que siempre apost\u00f3 por el cumplimiento en tiempo y forma de este compromiso y el fortalecimiento de los recursos y las autonom\u00edas municipales\u201d<\/em>, expres\u00f3 Ballay.<\/p>\n\n\n\n<p>Por \u00faltimo, el funcionario puso de relieve que <em>\u201cestas erogaciones que llevamos a cabo desde el gobierno provincial son posibles gracias al pormenorizado trabajo de cuidado de las cuentas p\u00fablicas y eficiencia del gasto p\u00fablico que impulsa el gobernador. Sabemos que una administraci\u00f3n p\u00fablica saneada desde el punto de vista fiscal y financiero es clave para el desarrollo de la provincia\u201d<\/em>.<\/p>\n\n\n\n<p>\u201cHoy nos encontramos discutiendo un proyecto de presupuesto para 2022, que por primera vez en muchos a\u00f1os, y gracias a una administraci\u00f3n transparente y responsable, no incluye pedidos de autorizaci\u00f3n de deuda para financiar gastos corrientes. Este logro es doblemente m\u00e1s significativo si tenemos en cuenta que fue posible aun priorizando en gran medida la inversi\u00f3n en salud p\u00fablica, en el marco de la pandemia, y previendo un incremento del 70 por ciento de obra p\u00fablica para el a\u00f1o que viene respecto de la ejecuci\u00f3n actual y que representa la posibilidad concreta de mejorar la calidad de vida de miles de entrerrianos y entrerrianas\u201d, sintetiz\u00f3 Ballay.<\/p>\n","protected":false},"excerpt":{"rendered":"<p>El ministro de Econom\u00eda, Hugo Ballay, dio a conocer que este s\u00e1bado 30 de octubre ya se acreditar\u00e1 los haberes&hellip;<\/p>\n","protected":false},"author":1,"featured_media":3023,"comment_status":"closed","ping_status":"closed","sticky":false,"template":"","format":"standard","meta":{"_joinchat":[],"footnotes":""},"categories":[65,1,69],"tags":[345],"class_list":["post-8850","post","type-post","status-publish","format-standard","has-post-thumbnail","hentry","category-destacados","category-sincategoria","category-noticias","tag-destacar"],"yoast_head":"<!-- This site is optimized with the Yoast SEO plugin v25.1 - https:\/\/yoast.com\/wordpress\/plugins\/seo\/ -->\n<title>EL S\u00c1BADO 30 COMIENZA EL CRONOGRAMA DE PAGOS EN LA ADMINISTRACI\u00d3N P\u00daBLICA - Del \u00c9xodo Nogoy\u00e1<\/title>\n<meta name=\"robots\" content=\"index, follow, max-snippet:-1, max-image-preview:large, max-video-preview:-1\" \/>\n<link rel=\"canonical\" href=\"https:\/\/www.delexodo.com.ar\/?p=8850\" \/>\n<meta property=\"og:locale\" content=\"es_ES\" \/>\n<meta property=\"og:type\" content=\"article\" \/>\n<meta property=\"og:title\" content=\"EL S\u00c1BADO 30 COMIENZA EL CRONOGRAMA DE PAGOS EN LA ADMINISTRACI\u00d3N P\u00daBLICA - Del \u00c9xodo Nogoy\u00e1\" \/>\n<meta property=\"og:description\" content=\"El ministro de Econom\u00eda, Hugo Ballay, dio a conocer que este s\u00e1bado 30 de octubre ya se acreditar\u00e1 los haberes&hellip;\" \/>\n<meta property=\"og:url\" content=\"https:\/\/www.delexodo.com.ar\/?p=8850\" \/>\n<meta property=\"og:site_name\" content=\"Del \u00c9xodo Nogoy\u00e1\" \/>\n<meta property=\"article:published_time\" content=\"2021-10-27T00:14:24+00:00\" \/>\n<meta property=\"article:modified_time\" content=\"2021-10-27T00:14:25+00:00\" \/>\n<meta property=\"og:image\" content=\"https:\/\/www.delexodo.com.ar\/wp-content\/uploads\/2019\/05\/PAGOS.jpg\" \/>\n\t<meta property=\"og:image:width\" content=\"640\" \/>\n\t<meta property=\"og:image:height\" content=\"262\" \/>\n\t<meta property=\"og:image:type\" content=\"image\/jpeg\" \/>\n<meta name=\"author\" content=\"admin\" \/>\n<meta name=\"twitter:card\" content=\"summary_large_image\" \/>\n<meta name=\"twitter:label1\" content=\"Escrito por\" \/>\n\t<meta name=\"twitter:data1\" content=\"admin\" \/>\n\t<meta name=\"twitter:label2\" content=\"Tiempo de lectura\" \/>\n\t<meta name=\"twitter:data2\" content=\"2 minutos\" \/>\n<script type=\"application\/ld+json\" class=\"yoast-schema-graph\">{\"@context\":\"https:\/\/schema.org\",\"@graph\":[{\"@type\":\"Article\",\"@id\":\"https:\/\/www.delexodo.com.ar\/?p=8850#article\",\"isPartOf\":{\"@id\":\"https:\/\/www.delexodo.com.ar\/?p=8850\"},\"author\":{\"name\":\"admin\",\"@id\":\"https:\/\/www.delexodo.com.ar\/#\/schema\/person\/bbed37f7da8e938660b34f2013ba449d\"},\"headline\":\"EL S\u00c1BADO 30 COMIENZA EL CRONOGRAMA DE PAGOS EN LA ADMINISTRACI\u00d3N P\u00daBLICA\",\"datePublished\":\"2021-10-27T00:14:24+00:00\",\"dateModified\":\"2021-10-27T00:14:25+00:00\",\"mainEntityOfPage\":{\"@id\":\"https:\/\/www.delexodo.com.ar\/?p=8850\"},\"wordCount\":476,\"publisher\":{\"@id\":\"https:\/\/www.delexodo.com.ar\/#organization\"},\"image\":{\"@id\":\"https:\/\/www.delexodo.com.ar\/?p=8850#primaryimage\"},\"thumbnailUrl\":\"https:\/\/www.delexodo.com.ar\/wp-content\/uploads\/2019\/05\/PAGOS.jpg\",\"keywords\":[\"destacar\"],\"articleSection\":[\"Destacados\",\"Nogoya\",\"NOTICIAS\"],\"inLanguage\":\"es\"},{\"@type\":\"WebPage\",\"@id\":\"https:\/\/www.delexodo.com.ar\/?p=8850\",\"url\":\"https:\/\/www.delexodo.com.ar\/?p=8850\",\"name\":\"EL S\u00c1BADO 30 COMIENZA EL CRONOGRAMA DE PAGOS EN LA ADMINISTRACI\u00d3N P\u00daBLICA - Del \u00c9xodo Nogoy\u00e1\",\"isPartOf\":{\"@id\":\"https:\/\/www.delexodo.com.ar\/#website\"},\"primaryImageOfPage\":{\"@id\":\"https:\/\/www.delexodo.com.ar\/?p=8850#primaryimage\"},\"image\":{\"@id\":\"https:\/\/www.delexodo.com.ar\/?p=8850#primaryimage\"},\"thumbnailUrl\":\"https:\/\/www.delexodo.com.ar\/wp-content\/uploads\/2019\/05\/PAGOS.jpg\",\"datePublished\":\"2021-10-27T00:14:24+00:00\",\"dateModified\":\"2021-10-27T00:14:25+00:00\",\"breadcrumb\":{\"@id\":\"https:\/\/www.delexodo.com.ar\/?p=8850#breadcrumb\"},\"inLanguage\":\"es\",\"potentialAction\":[{\"@type\":\"ReadAction\",\"target\":[\"https:\/\/www.delexodo.com.ar\/?p=8850\"]}]},{\"@type\":\"ImageObject\",\"inLanguage\":\"es\",\"@id\":\"https:\/\/www.delexodo.com.ar\/?p=8850#primaryimage\",\"url\":\"https:\/\/www.delexodo.com.ar\/wp-content\/uploads\/2019\/05\/PAGOS.jpg\",\"contentUrl\":\"https:\/\/www.delexodo.com.ar\/wp-content\/uploads\/2019\/05\/PAGOS.jpg\",\"width\":640,\"height\":262},{\"@type\":\"BreadcrumbList\",\"@id\":\"https:\/\/www.delexodo.com.ar\/?p=8850#breadcrumb\",\"itemListElement\":[{\"@type\":\"ListItem\",\"position\":1,\"name\":\"Portada\",\"item\":\"https:\/\/www.delexodo.com.ar\/\"},{\"@type\":\"ListItem\",\"position\":2,\"name\":\"EL S\u00c1BADO 30 COMIENZA EL CRONOGRAMA DE PAGOS EN LA ADMINISTRACI\u00d3N P\u00daBLICA\"}]},{\"@type\":\"WebSite\",\"@id\":\"https:\/\/www.delexodo.com.ar\/#website\",\"url\":\"https:\/\/www.delexodo.com.ar\/\",\"name\":\"Del \u00c9xodo Nogoy\u00e1\",\"description\":\"El Portal de Noticias de la Regi\u00f3n\",\"publisher\":{\"@id\":\"https:\/\/www.delexodo.com.ar\/#organization\"},\"potentialAction\":[{\"@type\":\"SearchAction\",\"target\":{\"@type\":\"EntryPoint\",\"urlTemplate\":\"https:\/\/www.delexodo.com.ar\/?s={search_term_string}\"},\"query-input\":{\"@type\":\"PropertyValueSpecification\",\"valueRequired\":true,\"valueName\":\"search_term_string\"}}],\"inLanguage\":\"es\"},{\"@type\":\"Organization\",\"@id\":\"https:\/\/www.delexodo.com.ar\/#organization\",\"name\":\"Del \u00c9xodo Nogoy\u00e1\",\"url\":\"https:\/\/www.delexodo.com.ar\/\",\"logo\":{\"@type\":\"ImageObject\",\"inLanguage\":\"es\",\"@id\":\"https:\/\/www.delexodo.com.ar\/#\/schema\/logo\/image\/\",\"url\":\"https:\/\/www.delexodo.com.ar\/wp-content\/uploads\/2024\/10\/cropped-cropped-LOGO24.png\",\"contentUrl\":\"https:\/\/www.delexodo.com.ar\/wp-content\/uploads\/2024\/10\/cropped-cropped-LOGO24.png\",\"width\":512,\"height\":349,\"caption\":\"Del \u00c9xodo Nogoy\u00e1\"},\"image\":{\"@id\":\"https:\/\/www.delexodo.com.ar\/#\/schema\/logo\/image\/\"}},{\"@type\":\"Person\",\"@id\":\"https:\/\/www.delexodo.com.ar\/#\/schema\/person\/bbed37f7da8e938660b34f2013ba449d\",\"name\":\"admin\",\"image\":{\"@type\":\"ImageObject\",\"inLanguage\":\"es\",\"@id\":\"https:\/\/www.delexodo.com.ar\/#\/schema\/person\/image\/\",\"url\":\"https:\/\/secure.gravatar.com\/avatar\/6b1558d1b6df085f1901bd5bd98523d7?s=96&d=mm&r=g\",\"contentUrl\":\"https:\/\/secure.gravatar.com\/avatar\/6b1558d1b6df085f1901bd5bd98523d7?s=96&d=mm&r=g\",\"caption\":\"admin\"},\"url\":\"https:\/\/www.delexodo.com.ar\/?author=1\"}]}<\/script>\n<!-- \/ Yoast SEO plugin. -->","yoast_head_json":{"title":"EL S\u00c1BADO 30 COMIENZA EL CRONOGRAMA DE PAGOS EN LA ADMINISTRACI\u00d3N P\u00daBLICA - Del \u00c9xodo Nogoy\u00e1","robots":{"index":"index","follow":"follow","max-snippet":"max-snippet:-1","max-image-preview":"max-image-preview:large","max-video-preview":"max-video-preview:-1"},"canonical":"https:\/\/www.delexodo.com.ar\/?p=8850","og_locale":"es_ES","og_type":"article","og_title":"EL S\u00c1BADO 30 COMIENZA EL CRONOGRAMA DE PAGOS EN LA ADMINISTRACI\u00d3N P\u00daBLICA - Del \u00c9xodo Nogoy\u00e1","og_description":"El ministro de Econom\u00eda, Hugo Ballay, dio a conocer que este s\u00e1bado 30 de octubre ya se acreditar\u00e1 los haberes&hellip;","og_url":"https:\/\/www.delexodo.com.ar\/?p=8850","og_site_name":"Del \u00c9xodo Nogoy\u00e1","article_published_time":"2021-10-27T00:14:24+00:00","article_modified_time":"2021-10-27T00:14:25+00:00","og_image":[{"width":640,"height":262,"url":"https:\/\/www.delexodo.com.ar\/wp-content\/uploads\/2019\/05\/PAGOS.jpg","type":"image\/jpeg"}],"author":"admin","twitter_card":"summary_large_image","twitter_misc":{"Escrito por":"admin","Tiempo de lectura":"2 minutos"},"schema":{"@context":"https:\/\/schema.org","@graph":[{"@type":"Article","@id":"https:\/\/www.delexodo.com.ar\/?p=8850#article","isPartOf":{"@id":"https:\/\/www.delexodo.com.ar\/?p=8850"},"author":{"name":"admin","@id":"https:\/\/www.delexodo.com.ar\/#\/schema\/person\/bbed37f7da8e938660b34f2013ba449d"},"headline":"EL S\u00c1BADO 30 COMIENZA EL CRONOGRAMA DE PAGOS EN LA ADMINISTRACI\u00d3N P\u00daBLICA","datePublished":"2021-10-27T00:14:24+00:00","dateModified":"2021-10-27T00:14:25+00:00","mainEntityOfPage":{"@id":"https:\/\/www.delexodo.com.ar\/?p=8850"},"wordCount":476,"publisher":{"@id":"https:\/\/www.delexodo.com.ar\/#organization"},"image":{"@id":"https:\/\/www.delexodo.com.ar\/?p=8850#primaryimage"},"thumbnailUrl":"https:\/\/www.delexodo.com.ar\/wp-content\/uploads\/2019\/05\/PAGOS.jpg","keywords":["destacar"],"articleSection":["Destacados","Nogoya","NOTICIAS"],"inLanguage":"es"},{"@type":"WebPage","@id":"https:\/\/www.delexodo.com.ar\/?p=8850","url":"https:\/\/www.delexodo.com.ar\/?p=8850","name":"EL S\u00c1BADO 30 COMIENZA EL CRONOGRAMA DE PAGOS EN LA ADMINISTRACI\u00d3N P\u00daBLICA - Del \u00c9xodo Nogoy\u00e1","isPartOf":{"@id":"https:\/\/www.delexodo.com.ar\/#website"},"primaryImageOfPage":{"@id":"https:\/\/www.delexodo.com.ar\/?p=8850#primaryimage"},"image":{"@id":"https:\/\/www.delexodo.com.ar\/?p=8850#primaryimage"},"thumbnailUrl":"https:\/\/www.delexodo.com.ar\/wp-content\/uploads\/2019\/05\/PAGOS.jpg","datePublished":"2021-10-27T00:14:24+00:00","dateModified":"2021-10-27T00:14:25+00:00","breadcrumb":{"@id":"https:\/\/www.delexodo.com.ar\/?p=8850#breadcrumb"},"inLanguage":"es","potentialAction":[{"@type":"ReadAction","target":["https:\/\/www.delexodo.com.ar\/?p=8850"]}]},{"@type":"ImageObject","inLanguage":"es","@id":"https:\/\/www.delexodo.com.ar\/?p=8850#primaryimage","url":"https:\/\/www.delexodo.com.ar\/wp-content\/uploads\/2019\/05\/PAGOS.jpg","contentUrl":"https:\/\/www.delexodo.com.ar\/wp-content\/uploads\/2019\/05\/PAGOS.jpg","width":640,"height":262},{"@type":"BreadcrumbList","@id":"https:\/\/www.delexodo.com.ar\/?p=8850#breadcrumb","itemListElement":[{"@type":"ListItem","position":1,"name":"Portada","item":"https:\/\/www.delexodo.com.ar\/"},{"@type":"ListItem","position":2,"name":"EL S\u00c1BADO 30 COMIENZA EL CRONOGRAMA DE PAGOS EN LA ADMINISTRACI\u00d3N P\u00daBLICA"}]},{"@type":"WebSite","@id":"https:\/\/www.delexodo.com.ar\/#website","url":"https:\/\/www.delexodo.com.ar\/","name":"Del \u00c9xodo Nogoy\u00e1","description":"El Portal de Noticias de la Regi\u00f3n","publisher":{"@id":"https:\/\/www.delexodo.com.ar\/#organization"},"potentialAction":[{"@type":"SearchAction","target":{"@type":"EntryPoint","urlTemplate":"https:\/\/www.delexodo.com.ar\/?s={search_term_string}"},"query-input":{"@type":"PropertyValueSpecification","valueRequired":true,"valueName":"search_term_string"}}],"inLanguage":"es"},{"@type":"Organization","@id":"https:\/\/www.delexodo.com.ar\/#organization","name":"Del \u00c9xodo Nogoy\u00e1","url":"https:\/\/www.delexodo.com.ar\/","logo":{"@type":"ImageObject","inLanguage":"es","@id":"https:\/\/www.delexodo.com.ar\/#\/schema\/logo\/image\/","url":"https:\/\/www.delexodo.com.ar\/wp-content\/uploads\/2024\/10\/cropped-cropped-LOGO24.png","contentUrl":"https:\/\/www.delexodo.com.ar\/wp-content\/uploads\/2024\/10\/cropped-cropped-LOGO24.png","width":512,"height":349,"caption":"Del \u00c9xodo Nogoy\u00e1"},"image":{"@id":"https:\/\/www.delexodo.com.ar\/#\/schema\/logo\/image\/"}},{"@type":"Person","@id":"https:\/\/www.delexodo.com.ar\/#\/schema\/person\/bbed37f7da8e938660b34f2013ba449d","name":"admin","image":{"@type":"ImageObject","inLanguage":"es","@id":"https:\/\/www.delexodo.com.ar\/#\/schema\/person\/image\/","url":"https:\/\/secure.gravatar.com\/avatar\/6b1558d1b6df085f1901bd5bd98523d7?s=96&d=mm&r=g","contentUrl":"https:\/\/secure.gravatar.com\/avatar\/6b1558d1b6df085f1901bd5bd98523d7?s=96&d=mm&r=g","caption":"admin"},"url":"https:\/\/www.delexodo.com.ar\/?author=1"}]}},"_links":{"self":[{"href":"https:\/\/www.delexodo.com.ar\/index.php?rest_route=\/wp\/v2\/posts\/8850","targetHints":{"allow":["GET"]}}],"collection":[{"href":"https:\/\/www.delexodo.com.ar\/index.php?rest_route=\/wp\/v2\/posts"}],"about":[{"href":"https:\/\/www.delexodo.com.ar\/index.php?rest_route=\/wp\/v2\/types\/post"}],"author":[{"embeddable":true,"href":"https:\/\/www.delexodo.com.ar\/index.php?rest_route=\/wp\/v2\/users\/1"}],"replies":[{"embeddable":true,"href":"https:\/\/www.delexodo.com.ar\/index.php?rest_route=%2Fwp%2Fv2%2Fcomments&post=8850"}],"version-history":[{"count":0,"href":"https:\/\/www.delexodo.com.ar\/index.php?rest_route=\/wp\/v2\/posts\/8850\/revisions"}],"wp:featuredmedia":[{"embeddable":true,"href":"https:\/\/www.delexodo.com.ar\/index.php?rest_route=\/wp\/v2\/media\/3023"}],"wp:attachment":[{"href":"https:\/\/www.delexodo.com.ar\/index.php?rest_route=%2Fwp%2Fv2%2Fmedia&parent=8850"}],"wp:term":[{"taxonomy":"category","embeddable":true,"href":"https:\/\/www.delexodo.com.ar\/index.php?rest_route=%2Fwp%2Fv2%2Fcategories&post=8850"},{"taxonomy":"post_tag","embeddable":true,"href":"https:\/\/www.delexodo.com.ar\/index.php?rest_route=%2Fwp%2Fv2%2Ftags&post=8850"}],"curies":[{"name":"wp","href":"https:\/\/api.w.org\/{rel}","templated":true}]}}