{"id":8842,"date":"2021-10-24T21:58:49","date_gmt":"2021-10-25T00:58:49","guid":{"rendered":"http:\/\/www.delexodo.com.ar\/?p=8842"},"modified":"2021-10-24T21:58:50","modified_gmt":"2021-10-25T00:58:50","slug":"el-lunes-25-se-abonara-el-complemento-mensual-para-el-salario-familiar","status":"publish","type":"post","link":"https:\/\/www.delexodo.com.ar\/?p=8842","title":{"rendered":"EL LUNES 25 SE ABONAR\u00c1 EL COMPLEMENTO MENSUAL PARA EL SALARIO FAMILIAR"},"content":{"rendered":"\n<p>La directora ejecutiva de ANSES,\u00a0<strong>Fernanda Raverta<\/strong>, confirm\u00f3 que este lunes se pagar\u00e1 el <strong>Complemento Mensual para el Salario Familiar<\/strong> que duplica el monto de las Asignaciones Familiares a trabajadoras y trabajadores registrados con hijas e hijos a cargo con ingresos familiares de hasta 115.062 pesos, monotributistas A, B, C y D, y titulares de la Prestaci\u00f3n por Desempleo.<\/p>\n\n\n\n<p>En declaraciones realizadas a C5N,&nbsp;<strong>Raverta<\/strong>&nbsp;destac\u00f3: \u201c<em>El 25 de octubre es la fecha en la cual se va a estar depositando el Complemento Mensual para el Salario Familiar<\/em>,&nbsp;<em>que es de car\u00e1cter permanente. Estamos reconociendo y poniendo en valor el esfuerzo y el trabajo de m\u00e1s de 2,1 millones de trabajadoras y trabajadores argentinos. Es una medida muy importante y m\u00e1s en este marco, en el que estamos discutiendo c\u00f3mo cuidar el bolsillo de los trabajadores argentinos<\/em>\u201d.<\/p>\n\n\n\n<p><em>\u201cEsta medida representa, en el mes de octubre, un aumento del 100 por ciento de las Asignaciones Familiares de estos trabajadores y trabajadoras, que en los \u00faltimos dos a\u00f1os del gobierno de Macri perdieron 20 puntos en su capacidad de compra<\/em>\u201d, precis\u00f3&nbsp;<strong>Raverta<\/strong>.<\/p>\n\n\n\n<p>Por otra parte, al referirse a la unificaci\u00f3n de la Tarjeta Alimentar con la Asignaci\u00f3n Universal por Hijo (AUH), la titular de la ANSES se\u00f1al\u00f3 que \u201c<em>tiene que ver con pensar una Argentina donde los chicos y chicas vuelvan a comer con sus padres en sus casas, con que las madres puedan ir a los comercios de cercan\u00eda en sus barrios y elegir all\u00ed los mejores precios y la calidad de sus alimentos<\/em>\u201d.<\/p>\n\n\n\n<p>Finalmente, consultada por la cautelar presentada ante la Justicia por Juntos por el Cambio para suspender la aplicaci\u00f3n del programa&nbsp;<em>M\u00e1s Cultura<\/em>, que busca reactivar y proteger las fuentes de trabajo del sector e igualar las oportunidades en el acceso a las experiencias culturales a m\u00e1s de 1,5 millones de j\u00f3venes del pa\u00eds,&nbsp;<strong>Raverta<\/strong>&nbsp;sostuvo que \u201c<em>es una triste noticia, pero que no sorprende<\/em>\u201d.<\/p>\n\n\n\n<p>\u201c<em>Hay mucho ego\u00edsmo, porque si hubo dos sectores afectados en la pandemia uno fue el de la cultura, hablamos de artistas, productores, cines, teatros, en t\u00e9rminos de poder trabajar; y el otro, el de los j\u00f3venes, en t\u00e9rminos de la socializaci\u00f3n, ya que sacrificaron su tiempo para cuidar a los mayores. Dejaron de encontrarse con sus amigos, ir a los recitales y a todos sus espacios para poder cuidar a sus abuelos, abuelas y padres<\/em>\u201d, concluy\u00f3.<\/p>\n","protected":false},"excerpt":{"rendered":"<p>La directora ejecutiva de ANSES,\u00a0Fernanda Raverta, confirm\u00f3 que este lunes se pagar\u00e1 el Complemento Mensual para el Salario Familiar que&hellip;<\/p>\n","protected":false},"author":1,"featured_media":8843,"comment_status":"closed","ping_status":"closed","sticky":false,"template":"","format":"standard","meta":{"_joinchat":[],"footnotes":""},"categories":[65,1,69],"tags":[],"class_list":["post-8842","post","type-post","status-publish","format-standard","has-post-thumbnail","hentry","category-destacados","category-sincategoria","category-noticias"],"yoast_head":"<!-- This site is optimized with the Yoast SEO plugin v25.1 - https:\/\/yoast.com\/wordpress\/plugins\/seo\/ -->\n<title>EL LUNES 25 SE ABONAR\u00c1 EL COMPLEMENTO MENSUAL PARA EL SALARIO FAMILIAR - Del \u00c9xodo Nogoy\u00e1<\/title>\n<meta name=\"robots\" content=\"index, follow, max-snippet:-1, max-image-preview:large, max-video-preview:-1\" \/>\n<link rel=\"canonical\" href=\"https:\/\/www.delexodo.com.ar\/?p=8842\" \/>\n<meta property=\"og:locale\" content=\"es_ES\" \/>\n<meta property=\"og:type\" content=\"article\" \/>\n<meta property=\"og:title\" content=\"EL LUNES 25 SE ABONAR\u00c1 EL COMPLEMENTO MENSUAL PARA EL SALARIO FAMILIAR - Del \u00c9xodo Nogoy\u00e1\" \/>\n<meta property=\"og:description\" content=\"La directora ejecutiva de ANSES,\u00a0Fernanda Raverta, confirm\u00f3 que este lunes se pagar\u00e1 el Complemento Mensual para el Salario Familiar que&hellip;\" \/>\n<meta property=\"og:url\" content=\"https:\/\/www.delexodo.com.ar\/?p=8842\" \/>\n<meta property=\"og:site_name\" content=\"Del \u00c9xodo Nogoy\u00e1\" \/>\n<meta property=\"article:published_time\" content=\"2021-10-25T00:58:49+00:00\" \/>\n<meta property=\"article:modified_time\" content=\"2021-10-25T00:58:50+00:00\" \/>\n<meta property=\"og:image\" content=\"https:\/\/www.delexodo.com.ar\/wp-content\/uploads\/2021\/10\/COMPLEMENTO-MENSUAL-PARA-EL-SALARIO-FAMILIAR.jpg\" \/>\n\t<meta property=\"og:image:width\" content=\"416\" \/>\n\t<meta property=\"og:image:height\" content=\"234\" \/>\n\t<meta property=\"og:image:type\" content=\"image\/jpeg\" \/>\n<meta name=\"author\" content=\"admin\" \/>\n<meta name=\"twitter:card\" content=\"summary_large_image\" \/>\n<meta name=\"twitter:label1\" content=\"Escrito por\" \/>\n\t<meta name=\"twitter:data1\" content=\"admin\" \/>\n\t<meta name=\"twitter:label2\" content=\"Tiempo de lectura\" \/>\n\t<meta name=\"twitter:data2\" content=\"2 minutos\" \/>\n<script type=\"application\/ld+json\" class=\"yoast-schema-graph\">{\"@context\":\"https:\/\/schema.org\",\"@graph\":[{\"@type\":\"Article\",\"@id\":\"https:\/\/www.delexodo.com.ar\/?p=8842#article\",\"isPartOf\":{\"@id\":\"https:\/\/www.delexodo.com.ar\/?p=8842\"},\"author\":{\"name\":\"admin\",\"@id\":\"https:\/\/www.delexodo.com.ar\/#\/schema\/person\/bbed37f7da8e938660b34f2013ba449d\"},\"headline\":\"EL LUNES 25 SE ABONAR\u00c1 EL COMPLEMENTO MENSUAL PARA EL SALARIO FAMILIAR\",\"datePublished\":\"2021-10-25T00:58:49+00:00\",\"dateModified\":\"2021-10-25T00:58:50+00:00\",\"mainEntityOfPage\":{\"@id\":\"https:\/\/www.delexodo.com.ar\/?p=8842\"},\"wordCount\":426,\"publisher\":{\"@id\":\"https:\/\/www.delexodo.com.ar\/#organization\"},\"image\":{\"@id\":\"https:\/\/www.delexodo.com.ar\/?p=8842#primaryimage\"},\"thumbnailUrl\":\"https:\/\/www.delexodo.com.ar\/wp-content\/uploads\/2021\/10\/COMPLEMENTO-MENSUAL-PARA-EL-SALARIO-FAMILIAR.jpg\",\"articleSection\":[\"Destacados\",\"Nogoya\",\"NOTICIAS\"],\"inLanguage\":\"es\"},{\"@type\":\"WebPage\",\"@id\":\"https:\/\/www.delexodo.com.ar\/?p=8842\",\"url\":\"https:\/\/www.delexodo.com.ar\/?p=8842\",\"name\":\"EL LUNES 25 SE ABONAR\u00c1 EL COMPLEMENTO MENSUAL PARA EL SALARIO FAMILIAR - Del \u00c9xodo Nogoy\u00e1\",\"isPartOf\":{\"@id\":\"https:\/\/www.delexodo.com.ar\/#website\"},\"primaryImageOfPage\":{\"@id\":\"https:\/\/www.delexodo.com.ar\/?p=8842#primaryimage\"},\"image\":{\"@id\":\"https:\/\/www.delexodo.com.ar\/?p=8842#primaryimage\"},\"thumbnailUrl\":\"https:\/\/www.delexodo.com.ar\/wp-content\/uploads\/2021\/10\/COMPLEMENTO-MENSUAL-PARA-EL-SALARIO-FAMILIAR.jpg\",\"datePublished\":\"2021-10-25T00:58:49+00:00\",\"dateModified\":\"2021-10-25T00:58:50+00:00\",\"breadcrumb\":{\"@id\":\"https:\/\/www.delexodo.com.ar\/?p=8842#breadcrumb\"},\"inLanguage\":\"es\",\"potentialAction\":[{\"@type\":\"ReadAction\",\"target\":[\"https:\/\/www.delexodo.com.ar\/?p=8842\"]}]},{\"@type\":\"ImageObject\",\"inLanguage\":\"es\",\"@id\":\"https:\/\/www.delexodo.com.ar\/?p=8842#primaryimage\",\"url\":\"https:\/\/www.delexodo.com.ar\/wp-content\/uploads\/2021\/10\/COMPLEMENTO-MENSUAL-PARA-EL-SALARIO-FAMILIAR.jpg\",\"contentUrl\":\"https:\/\/www.delexodo.com.ar\/wp-content\/uploads\/2021\/10\/COMPLEMENTO-MENSUAL-PARA-EL-SALARIO-FAMILIAR.jpg\",\"width\":416,\"height\":234},{\"@type\":\"BreadcrumbList\",\"@id\":\"https:\/\/www.delexodo.com.ar\/?p=8842#breadcrumb\",\"itemListElement\":[{\"@type\":\"ListItem\",\"position\":1,\"name\":\"Portada\",\"item\":\"https:\/\/www.delexodo.com.ar\/\"},{\"@type\":\"ListItem\",\"position\":2,\"name\":\"EL LUNES 25 SE ABONAR\u00c1 EL COMPLEMENTO MENSUAL PARA EL SALARIO FAMILIAR\"}]},{\"@type\":\"WebSite\",\"@id\":\"https:\/\/www.delexodo.com.ar\/#website\",\"url\":\"https:\/\/www.delexodo.com.ar\/\",\"name\":\"Del \u00c9xodo Nogoy\u00e1\",\"description\":\"El Portal de Noticias de la Regi\u00f3n\",\"publisher\":{\"@id\":\"https:\/\/www.delexodo.com.ar\/#organization\"},\"potentialAction\":[{\"@type\":\"SearchAction\",\"target\":{\"@type\":\"EntryPoint\",\"urlTemplate\":\"https:\/\/www.delexodo.com.ar\/?s={search_term_string}\"},\"query-input\":{\"@type\":\"PropertyValueSpecification\",\"valueRequired\":true,\"valueName\":\"search_term_string\"}}],\"inLanguage\":\"es\"},{\"@type\":\"Organization\",\"@id\":\"https:\/\/www.delexodo.com.ar\/#organization\",\"name\":\"Del \u00c9xodo Nogoy\u00e1\",\"url\":\"https:\/\/www.delexodo.com.ar\/\",\"logo\":{\"@type\":\"ImageObject\",\"inLanguage\":\"es\",\"@id\":\"https:\/\/www.delexodo.com.ar\/#\/schema\/logo\/image\/\",\"url\":\"https:\/\/www.delexodo.com.ar\/wp-content\/uploads\/2024\/10\/cropped-cropped-LOGO24.png\",\"contentUrl\":\"https:\/\/www.delexodo.com.ar\/wp-content\/uploads\/2024\/10\/cropped-cropped-LOGO24.png\",\"width\":512,\"height\":349,\"caption\":\"Del \u00c9xodo Nogoy\u00e1\"},\"image\":{\"@id\":\"https:\/\/www.delexodo.com.ar\/#\/schema\/logo\/image\/\"}},{\"@type\":\"Person\",\"@id\":\"https:\/\/www.delexodo.com.ar\/#\/schema\/person\/bbed37f7da8e938660b34f2013ba449d\",\"name\":\"admin\",\"image\":{\"@type\":\"ImageObject\",\"inLanguage\":\"es\",\"@id\":\"https:\/\/www.delexodo.com.ar\/#\/schema\/person\/image\/\",\"url\":\"https:\/\/secure.gravatar.com\/avatar\/6b1558d1b6df085f1901bd5bd98523d7?s=96&d=mm&r=g\",\"contentUrl\":\"https:\/\/secure.gravatar.com\/avatar\/6b1558d1b6df085f1901bd5bd98523d7?s=96&d=mm&r=g\",\"caption\":\"admin\"},\"url\":\"https:\/\/www.delexodo.com.ar\/?author=1\"}]}<\/script>\n<!-- \/ Yoast SEO plugin. -->","yoast_head_json":{"title":"EL LUNES 25 SE ABONAR\u00c1 EL COMPLEMENTO MENSUAL PARA EL SALARIO FAMILIAR - Del \u00c9xodo Nogoy\u00e1","robots":{"index":"index","follow":"follow","max-snippet":"max-snippet:-1","max-image-preview":"max-image-preview:large","max-video-preview":"max-video-preview:-1"},"canonical":"https:\/\/www.delexodo.com.ar\/?p=8842","og_locale":"es_ES","og_type":"article","og_title":"EL LUNES 25 SE ABONAR\u00c1 EL COMPLEMENTO MENSUAL PARA EL SALARIO FAMILIAR - Del \u00c9xodo Nogoy\u00e1","og_description":"La directora ejecutiva de ANSES,\u00a0Fernanda Raverta, confirm\u00f3 que este lunes se pagar\u00e1 el Complemento Mensual para el Salario Familiar que&hellip;","og_url":"https:\/\/www.delexodo.com.ar\/?p=8842","og_site_name":"Del \u00c9xodo Nogoy\u00e1","article_published_time":"2021-10-25T00:58:49+00:00","article_modified_time":"2021-10-25T00:58:50+00:00","og_image":[{"width":416,"height":234,"url":"https:\/\/www.delexodo.com.ar\/wp-content\/uploads\/2021\/10\/COMPLEMENTO-MENSUAL-PARA-EL-SALARIO-FAMILIAR.jpg","type":"image\/jpeg"}],"author":"admin","twitter_card":"summary_large_image","twitter_misc":{"Escrito por":"admin","Tiempo de lectura":"2 minutos"},"schema":{"@context":"https:\/\/schema.org","@graph":[{"@type":"Article","@id":"https:\/\/www.delexodo.com.ar\/?p=8842#article","isPartOf":{"@id":"https:\/\/www.delexodo.com.ar\/?p=8842"},"author":{"name":"admin","@id":"https:\/\/www.delexodo.com.ar\/#\/schema\/person\/bbed37f7da8e938660b34f2013ba449d"},"headline":"EL LUNES 25 SE ABONAR\u00c1 EL COMPLEMENTO MENSUAL PARA EL SALARIO FAMILIAR","datePublished":"2021-10-25T00:58:49+00:00","dateModified":"2021-10-25T00:58:50+00:00","mainEntityOfPage":{"@id":"https:\/\/www.delexodo.com.ar\/?p=8842"},"wordCount":426,"publisher":{"@id":"https:\/\/www.delexodo.com.ar\/#organization"},"image":{"@id":"https:\/\/www.delexodo.com.ar\/?p=8842#primaryimage"},"thumbnailUrl":"https:\/\/www.delexodo.com.ar\/wp-content\/uploads\/2021\/10\/COMPLEMENTO-MENSUAL-PARA-EL-SALARIO-FAMILIAR.jpg","articleSection":["Destacados","Nogoya","NOTICIAS"],"inLanguage":"es"},{"@type":"WebPage","@id":"https:\/\/www.delexodo.com.ar\/?p=8842","url":"https:\/\/www.delexodo.com.ar\/?p=8842","name":"EL LUNES 25 SE ABONAR\u00c1 EL COMPLEMENTO MENSUAL PARA EL SALARIO FAMILIAR - Del \u00c9xodo Nogoy\u00e1","isPartOf":{"@id":"https:\/\/www.delexodo.com.ar\/#website"},"primaryImageOfPage":{"@id":"https:\/\/www.delexodo.com.ar\/?p=8842#primaryimage"},"image":{"@id":"https:\/\/www.delexodo.com.ar\/?p=8842#primaryimage"},"thumbnailUrl":"https:\/\/www.delexodo.com.ar\/wp-content\/uploads\/2021\/10\/COMPLEMENTO-MENSUAL-PARA-EL-SALARIO-FAMILIAR.jpg","datePublished":"2021-10-25T00:58:49+00:00","dateModified":"2021-10-25T00:58:50+00:00","breadcrumb":{"@id":"https:\/\/www.delexodo.com.ar\/?p=8842#breadcrumb"},"inLanguage":"es","potentialAction":[{"@type":"ReadAction","target":["https:\/\/www.delexodo.com.ar\/?p=8842"]}]},{"@type":"ImageObject","inLanguage":"es","@id":"https:\/\/www.delexodo.com.ar\/?p=8842#primaryimage","url":"https:\/\/www.delexodo.com.ar\/wp-content\/uploads\/2021\/10\/COMPLEMENTO-MENSUAL-PARA-EL-SALARIO-FAMILIAR.jpg","contentUrl":"https:\/\/www.delexodo.com.ar\/wp-content\/uploads\/2021\/10\/COMPLEMENTO-MENSUAL-PARA-EL-SALARIO-FAMILIAR.jpg","width":416,"height":234},{"@type":"BreadcrumbList","@id":"https:\/\/www.delexodo.com.ar\/?p=8842#breadcrumb","itemListElement":[{"@type":"ListItem","position":1,"name":"Portada","item":"https:\/\/www.delexodo.com.ar\/"},{"@type":"ListItem","position":2,"name":"EL LUNES 25 SE ABONAR\u00c1 EL COMPLEMENTO MENSUAL PARA EL SALARIO FAMILIAR"}]},{"@type":"WebSite","@id":"https:\/\/www.delexodo.com.ar\/#website","url":"https:\/\/www.delexodo.com.ar\/","name":"Del \u00c9xodo Nogoy\u00e1","description":"El Portal de Noticias de la Regi\u00f3n","publisher":{"@id":"https:\/\/www.delexodo.com.ar\/#organization"},"potentialAction":[{"@type":"SearchAction","target":{"@type":"EntryPoint","urlTemplate":"https:\/\/www.delexodo.com.ar\/?s={search_term_string}"},"query-input":{"@type":"PropertyValueSpecification","valueRequired":true,"valueName":"search_term_string"}}],"inLanguage":"es"},{"@type":"Organization","@id":"https:\/\/www.delexodo.com.ar\/#organization","name":"Del \u00c9xodo Nogoy\u00e1","url":"https:\/\/www.delexodo.com.ar\/","logo":{"@type":"ImageObject","inLanguage":"es","@id":"https:\/\/www.delexodo.com.ar\/#\/schema\/logo\/image\/","url":"https:\/\/www.delexodo.com.ar\/wp-content\/uploads\/2024\/10\/cropped-cropped-LOGO24.png","contentUrl":"https:\/\/www.delexodo.com.ar\/wp-content\/uploads\/2024\/10\/cropped-cropped-LOGO24.png","width":512,"height":349,"caption":"Del \u00c9xodo Nogoy\u00e1"},"image":{"@id":"https:\/\/www.delexodo.com.ar\/#\/schema\/logo\/image\/"}},{"@type":"Person","@id":"https:\/\/www.delexodo.com.ar\/#\/schema\/person\/bbed37f7da8e938660b34f2013ba449d","name":"admin","image":{"@type":"ImageObject","inLanguage":"es","@id":"https:\/\/www.delexodo.com.ar\/#\/schema\/person\/image\/","url":"https:\/\/secure.gravatar.com\/avatar\/6b1558d1b6df085f1901bd5bd98523d7?s=96&d=mm&r=g","contentUrl":"https:\/\/secure.gravatar.com\/avatar\/6b1558d1b6df085f1901bd5bd98523d7?s=96&d=mm&r=g","caption":"admin"},"url":"https:\/\/www.delexodo.com.ar\/?author=1"}]}},"_links":{"self":[{"href":"https:\/\/www.delexodo.com.ar\/index.php?rest_route=\/wp\/v2\/posts\/8842","targetHints":{"allow":["GET"]}}],"collection":[{"href":"https:\/\/www.delexodo.com.ar\/index.php?rest_route=\/wp\/v2\/posts"}],"about":[{"href":"https:\/\/www.delexodo.com.ar\/index.php?rest_route=\/wp\/v2\/types\/post"}],"author":[{"embeddable":true,"href":"https:\/\/www.delexodo.com.ar\/index.php?rest_route=\/wp\/v2\/users\/1"}],"replies":[{"embeddable":true,"href":"https:\/\/www.delexodo.com.ar\/index.php?rest_route=%2Fwp%2Fv2%2Fcomments&post=8842"}],"version-history":[{"count":0,"href":"https:\/\/www.delexodo.com.ar\/index.php?rest_route=\/wp\/v2\/posts\/8842\/revisions"}],"wp:featuredmedia":[{"embeddable":true,"href":"https:\/\/www.delexodo.com.ar\/index.php?rest_route=\/wp\/v2\/media\/8843"}],"wp:attachment":[{"href":"https:\/\/www.delexodo.com.ar\/index.php?rest_route=%2Fwp%2Fv2%2Fmedia&parent=8842"}],"wp:term":[{"taxonomy":"category","embeddable":true,"href":"https:\/\/www.delexodo.com.ar\/index.php?rest_route=%2Fwp%2Fv2%2Fcategories&post=8842"},{"taxonomy":"post_tag","embeddable":true,"href":"https:\/\/www.delexodo.com.ar\/index.php?rest_route=%2Fwp%2Fv2%2Ftags&post=8842"}],"curies":[{"name":"wp","href":"https:\/\/api.w.org\/{rel}","templated":true}]}}