{"id":8830,"date":"2021-10-18T20:26:35","date_gmt":"2021-10-18T23:26:35","guid":{"rendered":"http:\/\/www.delexodo.com.ar\/?p=8830"},"modified":"2021-10-18T20:26:36","modified_gmt":"2021-10-18T23:26:36","slug":"se-unifica-el-pago-de-la-tarjeta-alimentar-con-la-asignacion-universal-por-hija-o-hijo","status":"publish","type":"post","link":"https:\/\/www.delexodo.com.ar\/?p=8830","title":{"rendered":"SE UNIFICA EL PAGO DE LA TARJETA ALIMENTAR CON LA ASIGNACI\u00d3N UNIVERSAL POR HIJA O HIJO"},"content":{"rendered":"\n<p><em>Desde el mes de noviembre el monto de la Tarjeta Alimentar pasar\u00e1 a depositarse en la misma cuenta y con el mismo cronograma de pago de la Asignaci\u00f3n Universal por Hija o Hijo<\/em>.<\/p>\n\n\n\n<p>El anuncio fue realizado hoy en la Casa Rosada por el presidente de la Naci\u00f3n,&nbsp;<strong>Alberto Fern\u00e1ndez<\/strong>, junto al ministro de Desarrollo Social de la Naci\u00f3n,&nbsp;<strong>Juan Zabaleta,<\/strong>&nbsp;y la directora ejecutiva de la ANSES,&nbsp;<strong>Fernanda Raverta<\/strong>.<\/p>\n\n\n\n<p>\u201c<em>A partir de noviembre, el monto de la Tarjeta Alimentar pasa a depositarse en la cuenta de la AUH. As\u00ed, las familias van a poder organizar mejor sus compras ampliando sus posibilidades de consumo<\/em>\u201d, destac\u00f3 el Presidente.<\/p>\n\n\n\n<p>En el mismo sentido, el Ministro agreg\u00f3 que \u201c<em>a partir de ahora cada familia podr\u00e1 disponer del dinero en forma f\u00edsica o electr\u00f3nica para poder direccionarlo al consumo<\/em>\u00ab. Con esta medida, resalt\u00f3: \u201cS<em>e va a beneficiar el consumo directo en los almacenes, carnicer\u00edas y verduler\u00edas de los barrios y ferias de emprendedoras y emprendedores<\/em>\u201d.<\/p>\n\n\n\n<p>Por su parte,&nbsp;<strong>Raverta<\/strong>&nbsp;explic\u00f3 que \u201c<em>esta medida es parte de la escucha que hicimos de una dificultad que ten\u00edan las familias para hacer las compras en el d\u00eda a d\u00eda, ya que en general las hacen en los comercios de proximidad en sus barrios<\/em>\u201d.<\/p>\n\n\n\n<p>En este marco, la titular de la ANSES destac\u00f3 que \u201c<em>con esta medida estamos defendiendo el bolsillo de las familias argentinas y fortaleciendo a los comercios de cercan\u00eda en los barrios, ya que desde ahora las madres tendr\u00e1n la posibilidad de recorrer y buscar la mejor calidad y los mejores precios donde comprar los alimentos para sus hijos<\/em>\u201d.<\/p>\n\n\n\n<p>Finalmente,&nbsp;<strong>Raverta<\/strong>&nbsp;se\u00f1al\u00f3 que \u201c<em>mientras durante el gobierno de Mauricio Macri la AUH perdi\u00f3 un 20% de su capacidad de compra, desde que asumimos en diciembre de 2019, la suma de la AUH y la Tarjeta Alimentar han aumentado la capacidad de compra en un 110%<\/em>\u201d.<\/p>\n","protected":false},"excerpt":{"rendered":"<p>Desde el mes de noviembre el monto de la Tarjeta Alimentar pasar\u00e1 a depositarse en la misma cuenta y con&hellip;<\/p>\n","protected":false},"author":1,"featured_media":8831,"comment_status":"closed","ping_status":"closed","sticky":false,"template":"","format":"standard","meta":{"_joinchat":[],"footnotes":""},"categories":[65,69,349],"tags":[345],"class_list":["post-8830","post","type-post","status-publish","format-standard","has-post-thumbnail","hentry","category-destacados","category-noticias","category-politica","tag-destacar"],"yoast_head":"<!-- This site is optimized with the Yoast SEO plugin v25.1 - https:\/\/yoast.com\/wordpress\/plugins\/seo\/ -->\n<title>SE UNIFICA EL PAGO DE LA TARJETA ALIMENTAR CON LA ASIGNACI\u00d3N UNIVERSAL POR HIJA O HIJO - Del \u00c9xodo Nogoy\u00e1<\/title>\n<meta name=\"robots\" content=\"index, follow, max-snippet:-1, max-image-preview:large, max-video-preview:-1\" \/>\n<link rel=\"canonical\" href=\"https:\/\/www.delexodo.com.ar\/?p=8830\" \/>\n<meta property=\"og:locale\" content=\"es_ES\" \/>\n<meta property=\"og:type\" content=\"article\" \/>\n<meta property=\"og:title\" content=\"SE UNIFICA EL PAGO DE LA TARJETA ALIMENTAR CON LA ASIGNACI\u00d3N UNIVERSAL POR HIJA O HIJO - Del \u00c9xodo Nogoy\u00e1\" \/>\n<meta property=\"og:description\" content=\"Desde el mes de noviembre el monto de la Tarjeta Alimentar pasar\u00e1 a depositarse en la misma cuenta y con&hellip;\" \/>\n<meta property=\"og:url\" content=\"https:\/\/www.delexodo.com.ar\/?p=8830\" \/>\n<meta property=\"og:site_name\" content=\"Del \u00c9xodo Nogoy\u00e1\" \/>\n<meta property=\"article:published_time\" content=\"2021-10-18T23:26:35+00:00\" \/>\n<meta property=\"article:modified_time\" content=\"2021-10-18T23:26:36+00:00\" \/>\n<meta property=\"og:image\" content=\"https:\/\/www.delexodo.com.ar\/wp-content\/uploads\/2021\/10\/UNIFICA-EL-PAGO-DE-LA-TARJETA-ALIMENTAR.jpg\" \/>\n\t<meta property=\"og:image:width\" content=\"962\" \/>\n\t<meta property=\"og:image:height\" content=\"539\" \/>\n\t<meta property=\"og:image:type\" content=\"image\/jpeg\" \/>\n<meta name=\"author\" content=\"admin\" \/>\n<meta name=\"twitter:card\" content=\"summary_large_image\" \/>\n<meta name=\"twitter:label1\" content=\"Escrito por\" \/>\n\t<meta name=\"twitter:data1\" content=\"admin\" \/>\n\t<meta name=\"twitter:label2\" content=\"Tiempo de lectura\" \/>\n\t<meta name=\"twitter:data2\" content=\"2 minutos\" \/>\n<script type=\"application\/ld+json\" class=\"yoast-schema-graph\">{\"@context\":\"https:\/\/schema.org\",\"@graph\":[{\"@type\":\"Article\",\"@id\":\"https:\/\/www.delexodo.com.ar\/?p=8830#article\",\"isPartOf\":{\"@id\":\"https:\/\/www.delexodo.com.ar\/?p=8830\"},\"author\":{\"name\":\"admin\",\"@id\":\"https:\/\/www.delexodo.com.ar\/#\/schema\/person\/bbed37f7da8e938660b34f2013ba449d\"},\"headline\":\"SE UNIFICA EL PAGO DE LA TARJETA ALIMENTAR CON LA ASIGNACI\u00d3N UNIVERSAL POR HIJA O HIJO\",\"datePublished\":\"2021-10-18T23:26:35+00:00\",\"dateModified\":\"2021-10-18T23:26:36+00:00\",\"mainEntityOfPage\":{\"@id\":\"https:\/\/www.delexodo.com.ar\/?p=8830\"},\"wordCount\":346,\"publisher\":{\"@id\":\"https:\/\/www.delexodo.com.ar\/#organization\"},\"image\":{\"@id\":\"https:\/\/www.delexodo.com.ar\/?p=8830#primaryimage\"},\"thumbnailUrl\":\"https:\/\/www.delexodo.com.ar\/wp-content\/uploads\/2021\/10\/UNIFICA-EL-PAGO-DE-LA-TARJETA-ALIMENTAR.jpg\",\"keywords\":[\"destacar\"],\"articleSection\":[\"Destacados\",\"NOTICIAS\",\"Politica\"],\"inLanguage\":\"es\"},{\"@type\":\"WebPage\",\"@id\":\"https:\/\/www.delexodo.com.ar\/?p=8830\",\"url\":\"https:\/\/www.delexodo.com.ar\/?p=8830\",\"name\":\"SE UNIFICA EL PAGO DE LA TARJETA ALIMENTAR CON LA ASIGNACI\u00d3N UNIVERSAL POR HIJA O HIJO - Del \u00c9xodo Nogoy\u00e1\",\"isPartOf\":{\"@id\":\"https:\/\/www.delexodo.com.ar\/#website\"},\"primaryImageOfPage\":{\"@id\":\"https:\/\/www.delexodo.com.ar\/?p=8830#primaryimage\"},\"image\":{\"@id\":\"https:\/\/www.delexodo.com.ar\/?p=8830#primaryimage\"},\"thumbnailUrl\":\"https:\/\/www.delexodo.com.ar\/wp-content\/uploads\/2021\/10\/UNIFICA-EL-PAGO-DE-LA-TARJETA-ALIMENTAR.jpg\",\"datePublished\":\"2021-10-18T23:26:35+00:00\",\"dateModified\":\"2021-10-18T23:26:36+00:00\",\"breadcrumb\":{\"@id\":\"https:\/\/www.delexodo.com.ar\/?p=8830#breadcrumb\"},\"inLanguage\":\"es\",\"potentialAction\":[{\"@type\":\"ReadAction\",\"target\":[\"https:\/\/www.delexodo.com.ar\/?p=8830\"]}]},{\"@type\":\"ImageObject\",\"inLanguage\":\"es\",\"@id\":\"https:\/\/www.delexodo.com.ar\/?p=8830#primaryimage\",\"url\":\"https:\/\/www.delexodo.com.ar\/wp-content\/uploads\/2021\/10\/UNIFICA-EL-PAGO-DE-LA-TARJETA-ALIMENTAR.jpg\",\"contentUrl\":\"https:\/\/www.delexodo.com.ar\/wp-content\/uploads\/2021\/10\/UNIFICA-EL-PAGO-DE-LA-TARJETA-ALIMENTAR.jpg\",\"width\":962,\"height\":539},{\"@type\":\"BreadcrumbList\",\"@id\":\"https:\/\/www.delexodo.com.ar\/?p=8830#breadcrumb\",\"itemListElement\":[{\"@type\":\"ListItem\",\"position\":1,\"name\":\"Portada\",\"item\":\"https:\/\/www.delexodo.com.ar\/\"},{\"@type\":\"ListItem\",\"position\":2,\"name\":\"SE UNIFICA EL PAGO DE LA TARJETA ALIMENTAR CON LA ASIGNACI\u00d3N UNIVERSAL POR HIJA O HIJO\"}]},{\"@type\":\"WebSite\",\"@id\":\"https:\/\/www.delexodo.com.ar\/#website\",\"url\":\"https:\/\/www.delexodo.com.ar\/\",\"name\":\"Del \u00c9xodo Nogoy\u00e1\",\"description\":\"El Portal de Noticias de la Regi\u00f3n\",\"publisher\":{\"@id\":\"https:\/\/www.delexodo.com.ar\/#organization\"},\"potentialAction\":[{\"@type\":\"SearchAction\",\"target\":{\"@type\":\"EntryPoint\",\"urlTemplate\":\"https:\/\/www.delexodo.com.ar\/?s={search_term_string}\"},\"query-input\":{\"@type\":\"PropertyValueSpecification\",\"valueRequired\":true,\"valueName\":\"search_term_string\"}}],\"inLanguage\":\"es\"},{\"@type\":\"Organization\",\"@id\":\"https:\/\/www.delexodo.com.ar\/#organization\",\"name\":\"Del \u00c9xodo Nogoy\u00e1\",\"url\":\"https:\/\/www.delexodo.com.ar\/\",\"logo\":{\"@type\":\"ImageObject\",\"inLanguage\":\"es\",\"@id\":\"https:\/\/www.delexodo.com.ar\/#\/schema\/logo\/image\/\",\"url\":\"https:\/\/www.delexodo.com.ar\/wp-content\/uploads\/2024\/10\/cropped-cropped-LOGO24.png\",\"contentUrl\":\"https:\/\/www.delexodo.com.ar\/wp-content\/uploads\/2024\/10\/cropped-cropped-LOGO24.png\",\"width\":512,\"height\":349,\"caption\":\"Del \u00c9xodo Nogoy\u00e1\"},\"image\":{\"@id\":\"https:\/\/www.delexodo.com.ar\/#\/schema\/logo\/image\/\"}},{\"@type\":\"Person\",\"@id\":\"https:\/\/www.delexodo.com.ar\/#\/schema\/person\/bbed37f7da8e938660b34f2013ba449d\",\"name\":\"admin\",\"image\":{\"@type\":\"ImageObject\",\"inLanguage\":\"es\",\"@id\":\"https:\/\/www.delexodo.com.ar\/#\/schema\/person\/image\/\",\"url\":\"https:\/\/secure.gravatar.com\/avatar\/6b1558d1b6df085f1901bd5bd98523d7?s=96&d=mm&r=g\",\"contentUrl\":\"https:\/\/secure.gravatar.com\/avatar\/6b1558d1b6df085f1901bd5bd98523d7?s=96&d=mm&r=g\",\"caption\":\"admin\"},\"url\":\"https:\/\/www.delexodo.com.ar\/?author=1\"}]}<\/script>\n<!-- \/ Yoast SEO plugin. -->","yoast_head_json":{"title":"SE UNIFICA EL PAGO DE LA TARJETA ALIMENTAR CON LA ASIGNACI\u00d3N UNIVERSAL POR HIJA O HIJO - Del \u00c9xodo Nogoy\u00e1","robots":{"index":"index","follow":"follow","max-snippet":"max-snippet:-1","max-image-preview":"max-image-preview:large","max-video-preview":"max-video-preview:-1"},"canonical":"https:\/\/www.delexodo.com.ar\/?p=8830","og_locale":"es_ES","og_type":"article","og_title":"SE UNIFICA EL PAGO DE LA TARJETA ALIMENTAR CON LA ASIGNACI\u00d3N UNIVERSAL POR HIJA O HIJO - Del \u00c9xodo Nogoy\u00e1","og_description":"Desde el mes de noviembre el monto de la Tarjeta Alimentar pasar\u00e1 a depositarse en la misma cuenta y con&hellip;","og_url":"https:\/\/www.delexodo.com.ar\/?p=8830","og_site_name":"Del \u00c9xodo Nogoy\u00e1","article_published_time":"2021-10-18T23:26:35+00:00","article_modified_time":"2021-10-18T23:26:36+00:00","og_image":[{"width":962,"height":539,"url":"https:\/\/www.delexodo.com.ar\/wp-content\/uploads\/2021\/10\/UNIFICA-EL-PAGO-DE-LA-TARJETA-ALIMENTAR.jpg","type":"image\/jpeg"}],"author":"admin","twitter_card":"summary_large_image","twitter_misc":{"Escrito por":"admin","Tiempo de lectura":"2 minutos"},"schema":{"@context":"https:\/\/schema.org","@graph":[{"@type":"Article","@id":"https:\/\/www.delexodo.com.ar\/?p=8830#article","isPartOf":{"@id":"https:\/\/www.delexodo.com.ar\/?p=8830"},"author":{"name":"admin","@id":"https:\/\/www.delexodo.com.ar\/#\/schema\/person\/bbed37f7da8e938660b34f2013ba449d"},"headline":"SE UNIFICA EL PAGO DE LA TARJETA ALIMENTAR CON LA ASIGNACI\u00d3N UNIVERSAL POR HIJA O HIJO","datePublished":"2021-10-18T23:26:35+00:00","dateModified":"2021-10-18T23:26:36+00:00","mainEntityOfPage":{"@id":"https:\/\/www.delexodo.com.ar\/?p=8830"},"wordCount":346,"publisher":{"@id":"https:\/\/www.delexodo.com.ar\/#organization"},"image":{"@id":"https:\/\/www.delexodo.com.ar\/?p=8830#primaryimage"},"thumbnailUrl":"https:\/\/www.delexodo.com.ar\/wp-content\/uploads\/2021\/10\/UNIFICA-EL-PAGO-DE-LA-TARJETA-ALIMENTAR.jpg","keywords":["destacar"],"articleSection":["Destacados","NOTICIAS","Politica"],"inLanguage":"es"},{"@type":"WebPage","@id":"https:\/\/www.delexodo.com.ar\/?p=8830","url":"https:\/\/www.delexodo.com.ar\/?p=8830","name":"SE UNIFICA EL PAGO DE LA TARJETA ALIMENTAR CON LA ASIGNACI\u00d3N UNIVERSAL POR HIJA O HIJO - Del \u00c9xodo Nogoy\u00e1","isPartOf":{"@id":"https:\/\/www.delexodo.com.ar\/#website"},"primaryImageOfPage":{"@id":"https:\/\/www.delexodo.com.ar\/?p=8830#primaryimage"},"image":{"@id":"https:\/\/www.delexodo.com.ar\/?p=8830#primaryimage"},"thumbnailUrl":"https:\/\/www.delexodo.com.ar\/wp-content\/uploads\/2021\/10\/UNIFICA-EL-PAGO-DE-LA-TARJETA-ALIMENTAR.jpg","datePublished":"2021-10-18T23:26:35+00:00","dateModified":"2021-10-18T23:26:36+00:00","breadcrumb":{"@id":"https:\/\/www.delexodo.com.ar\/?p=8830#breadcrumb"},"inLanguage":"es","potentialAction":[{"@type":"ReadAction","target":["https:\/\/www.delexodo.com.ar\/?p=8830"]}]},{"@type":"ImageObject","inLanguage":"es","@id":"https:\/\/www.delexodo.com.ar\/?p=8830#primaryimage","url":"https:\/\/www.delexodo.com.ar\/wp-content\/uploads\/2021\/10\/UNIFICA-EL-PAGO-DE-LA-TARJETA-ALIMENTAR.jpg","contentUrl":"https:\/\/www.delexodo.com.ar\/wp-content\/uploads\/2021\/10\/UNIFICA-EL-PAGO-DE-LA-TARJETA-ALIMENTAR.jpg","width":962,"height":539},{"@type":"BreadcrumbList","@id":"https:\/\/www.delexodo.com.ar\/?p=8830#breadcrumb","itemListElement":[{"@type":"ListItem","position":1,"name":"Portada","item":"https:\/\/www.delexodo.com.ar\/"},{"@type":"ListItem","position":2,"name":"SE UNIFICA EL PAGO DE LA TARJETA ALIMENTAR CON LA ASIGNACI\u00d3N UNIVERSAL POR HIJA O HIJO"}]},{"@type":"WebSite","@id":"https:\/\/www.delexodo.com.ar\/#website","url":"https:\/\/www.delexodo.com.ar\/","name":"Del \u00c9xodo Nogoy\u00e1","description":"El Portal de Noticias de la Regi\u00f3n","publisher":{"@id":"https:\/\/www.delexodo.com.ar\/#organization"},"potentialAction":[{"@type":"SearchAction","target":{"@type":"EntryPoint","urlTemplate":"https:\/\/www.delexodo.com.ar\/?s={search_term_string}"},"query-input":{"@type":"PropertyValueSpecification","valueRequired":true,"valueName":"search_term_string"}}],"inLanguage":"es"},{"@type":"Organization","@id":"https:\/\/www.delexodo.com.ar\/#organization","name":"Del \u00c9xodo Nogoy\u00e1","url":"https:\/\/www.delexodo.com.ar\/","logo":{"@type":"ImageObject","inLanguage":"es","@id":"https:\/\/www.delexodo.com.ar\/#\/schema\/logo\/image\/","url":"https:\/\/www.delexodo.com.ar\/wp-content\/uploads\/2024\/10\/cropped-cropped-LOGO24.png","contentUrl":"https:\/\/www.delexodo.com.ar\/wp-content\/uploads\/2024\/10\/cropped-cropped-LOGO24.png","width":512,"height":349,"caption":"Del \u00c9xodo Nogoy\u00e1"},"image":{"@id":"https:\/\/www.delexodo.com.ar\/#\/schema\/logo\/image\/"}},{"@type":"Person","@id":"https:\/\/www.delexodo.com.ar\/#\/schema\/person\/bbed37f7da8e938660b34f2013ba449d","name":"admin","image":{"@type":"ImageObject","inLanguage":"es","@id":"https:\/\/www.delexodo.com.ar\/#\/schema\/person\/image\/","url":"https:\/\/secure.gravatar.com\/avatar\/6b1558d1b6df085f1901bd5bd98523d7?s=96&d=mm&r=g","contentUrl":"https:\/\/secure.gravatar.com\/avatar\/6b1558d1b6df085f1901bd5bd98523d7?s=96&d=mm&r=g","caption":"admin"},"url":"https:\/\/www.delexodo.com.ar\/?author=1"}]}},"_links":{"self":[{"href":"https:\/\/www.delexodo.com.ar\/index.php?rest_route=\/wp\/v2\/posts\/8830","targetHints":{"allow":["GET"]}}],"collection":[{"href":"https:\/\/www.delexodo.com.ar\/index.php?rest_route=\/wp\/v2\/posts"}],"about":[{"href":"https:\/\/www.delexodo.com.ar\/index.php?rest_route=\/wp\/v2\/types\/post"}],"author":[{"embeddable":true,"href":"https:\/\/www.delexodo.com.ar\/index.php?rest_route=\/wp\/v2\/users\/1"}],"replies":[{"embeddable":true,"href":"https:\/\/www.delexodo.com.ar\/index.php?rest_route=%2Fwp%2Fv2%2Fcomments&post=8830"}],"version-history":[{"count":0,"href":"https:\/\/www.delexodo.com.ar\/index.php?rest_route=\/wp\/v2\/posts\/8830\/revisions"}],"wp:featuredmedia":[{"embeddable":true,"href":"https:\/\/www.delexodo.com.ar\/index.php?rest_route=\/wp\/v2\/media\/8831"}],"wp:attachment":[{"href":"https:\/\/www.delexodo.com.ar\/index.php?rest_route=%2Fwp%2Fv2%2Fmedia&parent=8830"}],"wp:term":[{"taxonomy":"category","embeddable":true,"href":"https:\/\/www.delexodo.com.ar\/index.php?rest_route=%2Fwp%2Fv2%2Fcategories&post=8830"},{"taxonomy":"post_tag","embeddable":true,"href":"https:\/\/www.delexodo.com.ar\/index.php?rest_route=%2Fwp%2Fv2%2Ftags&post=8830"}],"curies":[{"name":"wp","href":"https:\/\/api.w.org\/{rel}","templated":true}]}}