{"id":8763,"date":"2021-09-24T18:56:11","date_gmt":"2021-09-24T21:56:11","guid":{"rendered":"http:\/\/www.delexodo.com.ar\/?p=8763"},"modified":"2021-09-24T18:56:44","modified_gmt":"2021-09-24T21:56:44","slug":"reclamos-por-la-ley-de-enfermeria-que-ya-tiene-media-sancion","status":"publish","type":"post","link":"https:\/\/www.delexodo.com.ar\/?p=8763","title":{"rendered":"RECLAMOS POR LA LEY DE ENFERMER\u00cdA QUE YA TIENE MEDIA SANCI\u00d3N"},"content":{"rendered":"\n<p>Se llev\u00f3 adelante la <strong>13\u00b0 Sesi\u00f3n Ordinaria del Honorable Senado<\/strong> Entrerriano. La senadoras Maidana y Miranda recibieron a trabajadores y trabajadoras del sector de enfermer\u00eda, como as\u00ed tambi\u00e9n del gremio UPCN que se acercaron a la sesi\u00f3n para pedir el inmediato tratamiento del proyecto que ya cuenta con media sanci\u00f3n.<\/p>\n\n\n\n<figure class=\"wp-block-image size-large\"><img loading=\"lazy\" decoding=\"async\" width=\"755\" height=\"453\" src=\"https:\/\/www.delexodo.com.ar\/wp-content\/uploads\/2021\/09\/LEY-ENFERMERIA-MAYDANA.jpg\" alt=\"\" class=\"wp-image-8765\" srcset=\"https:\/\/www.delexodo.com.ar\/wp-content\/uploads\/2021\/09\/LEY-ENFERMERIA-MAYDANA.jpg 755w, https:\/\/www.delexodo.com.ar\/wp-content\/uploads\/2021\/09\/LEY-ENFERMERIA-MAYDANA-300x180.jpg 300w, https:\/\/www.delexodo.com.ar\/wp-content\/uploads\/2021\/09\/LEY-ENFERMERIA-MAYDANA-400x240.jpg 400w\" sizes=\"auto, (max-width: 755px) 100vw, 755px\" \/><\/figure>\n\n\n\n<p>Las legisladoras transmitieron el compromiso de senadores y senadoras a dar tratamiento legislativo al proyecto en los pr\u00f3ximos d\u00edas para que este 2021 culmine con una <strong>Ley de Enfermer\u00eda<\/strong> que brinde valor, derechos e igualdad a miles de servidores p\u00fablicos que han dejado todo en la pandemia y merecen su ley en beneficio de la salud de toda la provincia.<\/p>\n\n\n\n<figure class=\"wp-block-image size-large\"><img loading=\"lazy\" decoding=\"async\" width=\"649\" height=\"422\" src=\"https:\/\/www.delexodo.com.ar\/wp-content\/uploads\/2021\/09\/LEY-ENFERMERIA-MAYDANA1.jpg\" alt=\"\" class=\"wp-image-8766\" srcset=\"https:\/\/www.delexodo.com.ar\/wp-content\/uploads\/2021\/09\/LEY-ENFERMERIA-MAYDANA1.jpg 649w, https:\/\/www.delexodo.com.ar\/wp-content\/uploads\/2021\/09\/LEY-ENFERMERIA-MAYDANA1-300x195.jpg 300w\" sizes=\"auto, (max-width: 649px) 100vw, 649px\" \/><\/figure>\n\n\n\n<p>Por otro lado 13a. sesi\u00f3n ordinaria del 142\u00ba per\u00edodo legislativo de la Honorable C\u00e1mara de Senadores de Entre R\u00edos fue presidida por la vicegobernadora y presidenta del cuerpo Laura Stratta y se llev\u00f3 adelante de manera presencial en el recinto de la C\u00e1mara de Diputados de la provincia para garantizar el distanciamiento necesario en el marco de las medidas de prevenci\u00f3n por el Covid-19.<br><br>En la oportunidad, se aprobaron dos proyectos de resoluci\u00f3n para modificar el Reglamento de la Honorable C\u00e1mara de Senadores: uno de los senadores Armando Gay, Jorge Maradey, Mauricio Santa Cruz, Daniel Olano, Juan Carlos Kloss, Amilcar Genre Bert, Adri\u00e1n Fuertes, Marcelo Berthet y Horacio Amavet y de las senadoras Nancy Miranda, Flavia Maidana, Ester Gonz\u00e1lez y Claudia Gieco, por el que se modifica el art\u00edculo 30\u00ba del Reglamento; y otro de Gay y de sus pares Olano y Amavet, por el que modifican los art\u00edculos 32\u00ba, 34\u00ba y 35\u00ba. Este \u00faltimo establece, entre varios puntos, la posibilidad de realizar sesiones en los diferentes departamentos de la provincia.<\/p>\n\n\n\n<div class=\"wp-block-image\"><figure class=\"alignleft size-large is-resized\"><img decoding=\"async\" src=\"http:\/\/www.delexodo.com.ar\/wp-content\/uploads\/2021\/09\/MAIDANA-RECINTO-1024x769.jpg\" alt=\"\" class=\"wp-image-8764\" width=\"-195\" height=\"-146\" srcset=\"https:\/\/www.delexodo.com.ar\/wp-content\/uploads\/2021\/09\/MAIDANA-RECINTO-1024x769.jpg 1024w, https:\/\/www.delexodo.com.ar\/wp-content\/uploads\/2021\/09\/MAIDANA-RECINTO-300x225.jpg 300w, https:\/\/www.delexodo.com.ar\/wp-content\/uploads\/2021\/09\/MAIDANA-RECINTO-768x576.jpg 768w, https:\/\/www.delexodo.com.ar\/wp-content\/uploads\/2021\/09\/MAIDANA-RECINTO-1536x1153.jpg 1536w, https:\/\/www.delexodo.com.ar\/wp-content\/uploads\/2021\/09\/MAIDANA-RECINTO.jpg 1876w\" sizes=\"(max-width: 1024px) 100vw, 1024px\" \/><\/figure><\/div>\n\n\n\n<p>Al respecto, el senador Gay expres\u00f3: \u201cDesde el comienzo de la gesti\u00f3n, apostamos por el fortalecimiento del v\u00ednculo del Senado con la comunidad, y en especial, con los diferentes departamentos entrerrianos. Teniendo en cuenta la distribuci\u00f3n geogr\u00e1fica, estimamos necesario sesionar en cada uno de ellos, a requerimiento de cada senador o senadora, con previa aprobaci\u00f3n de la mayor\u00eda del cuerpo. Consideramos crucial consolidar un senado abierto, de cara a la gente, para que cada vecino y vecina pueda conocer la din\u00e1mica de una de nuestras instituciones democr\u00e1ticas\u201d.<\/p>\n\n\n\n<p>En otro orden, en la sesi\u00f3n de este mi\u00e9rcoles ingres\u00f3 en revisi\u00f3n y fue girado a la Comisi\u00f3n de Legislaci\u00f3n General el proyecto de Ley de autor\u00eda de la diputada Paola Rubattino y de las diputadas Silvia Moreno, Vanesa Castillo, Mariana Farf\u00e1n, Carina Ramos y Stefan\u00eda Cora y de los diputados Leonardo Silva, Julio Solanas, Jos\u00e9 C\u00e1ceres, Mariano Rebord, Juan Pablo Cosso, Jos\u00e9 Kramer, N\u00e9stor Loggio y Sergio Castrill\u00f3n en revisi\u00f3n, por el que se modifica el art\u00edculo 456\u00ba del C\u00f3digo Procesal Penal de la Provincia \u2013redacci\u00f3n de sentencias en lenguaje llano.<br><br><strong>Presentados por las senadoras y senadores<\/strong><\/p>\n\n\n\n<p>Adem\u00e1s, ingresaron proyectos presentados por las senadoras y senadores, entre ellos uno del senador Horacio Amavet, por el que se autoriza al Superior Gobierno de la Provincia a aceptar la oferta de donaci\u00f3n formulada por la Municipalidad de Concepci\u00f3n del Uruguay de dos fracciones de terreno de su propiedad con cargo a construcci\u00f3n de dos Unidades Educativas; y otro de su par Francisco Morchio, por el que se declara el Estado de Emergencia H\u00eddrica, por el t\u00e9rmino de 180 (ciento ochenta) d\u00edas corridos, en el Departamento Gualeguay. Estos dos fueron enviados a la Comisi\u00f3n de Legislaci\u00f3n General.<\/p>\n\n\n\n<p>Otra iniciativa, de autor\u00eda de la senadora Claudia Gieco, por el que se declara de inter\u00e9s p\u00fablico el Servicio de Conectividad Escolar, entendi\u00e9ndose por tal la provisi\u00f3n de conexi\u00f3n a internet, infraestructura, equipamiento, soporte t\u00e9cnico y recursos asociados con fines educativos, fue enviada a la Comisi\u00f3n de Educaci\u00f3n, Ciencia y Tecnolog\u00eda y a la de Legislaci\u00f3n General.<\/p>\n\n\n\n<div class=\"wp-block-image\"><figure class=\"alignright size-large is-resized\"><img loading=\"lazy\" decoding=\"async\" src=\"https:\/\/www.delexodo.com.ar\/wp-content\/uploads\/2021\/09\/MAIDANA-GAY-1024x768.jpg\" alt=\"\" class=\"wp-image-8767\" width=\"319\" height=\"239\" srcset=\"https:\/\/www.delexodo.com.ar\/wp-content\/uploads\/2021\/09\/MAIDANA-GAY-1024x768.jpg 1024w, https:\/\/www.delexodo.com.ar\/wp-content\/uploads\/2021\/09\/MAIDANA-GAY-300x225.jpg 300w, https:\/\/www.delexodo.com.ar\/wp-content\/uploads\/2021\/09\/MAIDANA-GAY-768x576.jpg 768w, https:\/\/www.delexodo.com.ar\/wp-content\/uploads\/2021\/09\/MAIDANA-GAY-1536x1152.jpg 1536w, https:\/\/www.delexodo.com.ar\/wp-content\/uploads\/2021\/09\/MAIDANA-GAY.jpg 1679w\" sizes=\"auto, (max-width: 319px) 100vw, 319px\" \/><\/figure><\/div>\n\n\n\n<p>El senador de Concordia Armando Gay solicit\u00f3 a viva voz el ingreso y el env\u00edo a la comisi\u00f3n de Seguridad de un proyecto de la senadora Miranda por el que se crea la figura del personal de reserva para la fuerza de seguridad en el \u00e1mbito de la Provincia de Entre R\u00edos.<\/p>\n\n\n\n<p><strong>De resoluci\u00f3n y comunicaci\u00f3n<\/strong><\/p>\n\n\n\n<p>Se aprob\u00f3 un proyecto de Resoluci\u00f3n de autor\u00eda del senador Gay y de las senadoras Gieco, Maidana, Miranda y Gonz\u00e1lez, por el que se declara \u201cPersonalidad Destacada de la Cultura\u201d al joven concordiense Santiago Borda, por su destacada participaci\u00f3n en el Programa \u201cLa Voz Argentina\u201d.<\/p>\n\n\n\n<p>Otro de Declaraci\u00f3n de autor\u00eda del senador Genre Bert, por el que declara su benepl\u00e1cito por el \u201c150\u00ba aniversario de la ciudad de Santa Elena\u201d, a celebrarse el 2 de octubre del corriente.<br><br>Tambi\u00e9n uno de Declaraci\u00f3n de autor\u00eda del senador Genre Bert, por el que se declara de Inter\u00e9s Legislativo la realizaci\u00f3n del 1\u00ba Certamen \u201cCuentos de mi Pueblo\u201d, organizado por la Asociaci\u00f3n Amigos del Museo y Archivo Hist\u00f3rico de Santa Elena, a realizarse en el marco de los festejos del 150\u00ba aniversario de la ciudad de Santa Elena.<br><br>Otro de Declaraci\u00f3n de autor\u00eda del senador Gay, por el que se declara de Inter\u00e9s el \u201c2\u00b0 Encuentro Competitivo de Pasistas del Mercosur a\u00f1o 2021\u201d.<\/p>\n\n\n\n<p>Tambi\u00e9n de Declaraci\u00f3n de autor\u00eda de la senadora Gieco, por el que se declara de inter\u00e9s social y cultural del H. Senado, la 8va edici\u00f3n de la \u201cTRAKTOR FEST\u201d, que se desarrollara el pasado 17, 18 y 19 de septiembre del corriente, en la localidad de Aldea Spatzenkutter, Departamento Diamante.<\/p>\n\n\n\n<p>Tambi\u00e9n de Declaraci\u00f3n de autor\u00eda del senador Maradey, por el que se declara de Inter\u00e9s del H. Senado \u201cla Semana del Ambiente Sano\u201d, organizada en el marco del hist\u00f3rico evento denominado \u201cGrito Blanco\u201d, a desarrollarse en la ciudad de Gualeguaych\u00fa del 27 de septiembre al 1\u00b0 de octubre del corriente.<\/p>\n\n\n\n<p>Se aprob\u00f3 tambi\u00e9n un proyecto de Comunicaci\u00f3n de autor\u00eda del senador Morchio, solicitando al Poder Ejecutivo, realice las gestiones necesarias para realizar la reparaci\u00f3n, reconstrucci\u00f3n y recuperaci\u00f3n del hist\u00f3rico Puente Pellegrini ubicado sobre el R\u00edo Gualeguay, tal como fuera solicitado en reiteradas oportunidades por las autoridades municipales de la ciudad de Gualeguay.<br><br><strong>Homenaje<\/strong><\/p>\n\n\n\n<p>En el turno de los homenajes, el senador Maradey pidi\u00f3 la palabra para conmemorar el D\u00eda de los Derechos Pol\u00edticos de las Mujeres, que se celebra este 23 de septiembre, con motivo del aniversario de la promulgaci\u00f3n de la Ley del Voto Femenino en la Rep\u00fablica Argentina.<\/p>\n\n\n\n<p>Al referirse a la ley N\u00b0 13010 conocida como \u201cLey Evita\u201d, el legislador expres\u00f3: \u201cTodo lo que esta ley representa como acto de justicia social, como reparaci\u00f3n hist\u00f3rica, como voluntad pol\u00edtica nos sigue movilizando, nos sigue emocionando, porque siempre hay que reconocer a qui\u00e9n luch\u00f3 primero por una patria grande, justa e inclusiva, donde las mujeres sean escuchadas, participen y tomen reales decisiones\u201d.<\/p>\n\n\n\n<p><strong>Para la pr\u00f3xima sesi\u00f3n<\/strong><\/p>\n\n\n\n<p>El proyecto del Poder Ejecutivo que establece un R\u00e9gimen de Protecci\u00f3n, Asistencia y Prevenci\u00f3n de la Violencia contra las mujeres por Razones de G\u00e9nero, que cuenta con despacho de la Comisi\u00f3n de Legislaci\u00f3n General, queda en el orden del d\u00eda para la pr\u00f3xima sesi\u00f3n del cuerpo, al igual que la iniciativa de Ley del Poder Ejecutivo, por el que se autoriza al mismo a aceptar la donaci\u00f3n, a favor del Superior Gobierno de la Provincia de Entre R\u00edos, efectuada por los se\u00f1ores Humberto Luis Kuttel y Gloria Siria Osman, de un inmueble de su propiedad en el Departamento Paran\u00e1, Distrito Espinillo, Centro Rural de Poblaci\u00f3n \u00abEspinillo Norte\u00bb, dependiente de la Jefatura Departamental Paran\u00e1.<\/p>\n","protected":false},"excerpt":{"rendered":"<p>Se llev\u00f3 adelante la 13\u00b0 Sesi\u00f3n Ordinaria del Honorable Senado Entrerriano. La senadoras Maidana y Miranda recibieron a trabajadores y&hellip;<\/p>\n","protected":false},"author":1,"featured_media":8768,"comment_status":"closed","ping_status":"closed","sticky":false,"template":"","format":"standard","meta":{"_joinchat":[],"footnotes":""},"categories":[65,69,349],"tags":[],"class_list":["post-8763","post","type-post","status-publish","format-standard","has-post-thumbnail","hentry","category-destacados","category-noticias","category-politica"],"yoast_head":"<!-- This site is optimized with the Yoast SEO plugin v25.1 - https:\/\/yoast.com\/wordpress\/plugins\/seo\/ -->\n<title>RECLAMOS POR LA LEY DE ENFERMER\u00cdA QUE YA TIENE MEDIA SANCI\u00d3N - Del \u00c9xodo Nogoy\u00e1<\/title>\n<meta name=\"robots\" content=\"index, follow, max-snippet:-1, max-image-preview:large, max-video-preview:-1\" \/>\n<link rel=\"canonical\" href=\"https:\/\/www.delexodo.com.ar\/?p=8763\" \/>\n<meta property=\"og:locale\" content=\"es_ES\" \/>\n<meta property=\"og:type\" content=\"article\" \/>\n<meta property=\"og:title\" content=\"RECLAMOS POR LA LEY DE ENFERMER\u00cdA QUE YA TIENE MEDIA SANCI\u00d3N - Del \u00c9xodo Nogoy\u00e1\" \/>\n<meta property=\"og:description\" content=\"Se llev\u00f3 adelante la 13\u00b0 Sesi\u00f3n Ordinaria del Honorable Senado Entrerriano. La senadoras Maidana y Miranda recibieron a trabajadores y&hellip;\" \/>\n<meta property=\"og:url\" content=\"https:\/\/www.delexodo.com.ar\/?p=8763\" \/>\n<meta property=\"og:site_name\" content=\"Del \u00c9xodo Nogoy\u00e1\" \/>\n<meta property=\"article:published_time\" content=\"2021-09-24T21:56:11+00:00\" \/>\n<meta property=\"article:modified_time\" content=\"2021-09-24T21:56:44+00:00\" \/>\n<meta property=\"og:image\" content=\"https:\/\/www.delexodo.com.ar\/wp-content\/uploads\/2021\/09\/SENADO-13RA.jpg\" \/>\n\t<meta property=\"og:image:width\" content=\"962\" \/>\n\t<meta property=\"og:image:height\" content=\"537\" \/>\n\t<meta property=\"og:image:type\" content=\"image\/jpeg\" \/>\n<meta name=\"author\" content=\"admin\" \/>\n<meta name=\"twitter:card\" content=\"summary_large_image\" \/>\n<meta name=\"twitter:label1\" content=\"Escrito por\" \/>\n\t<meta name=\"twitter:data1\" content=\"admin\" \/>\n\t<meta name=\"twitter:label2\" content=\"Tiempo de lectura\" \/>\n\t<meta name=\"twitter:data2\" content=\"7 minutos\" \/>\n<script type=\"application\/ld+json\" class=\"yoast-schema-graph\">{\"@context\":\"https:\/\/schema.org\",\"@graph\":[{\"@type\":\"Article\",\"@id\":\"https:\/\/www.delexodo.com.ar\/?p=8763#article\",\"isPartOf\":{\"@id\":\"https:\/\/www.delexodo.com.ar\/?p=8763\"},\"author\":{\"name\":\"admin\",\"@id\":\"https:\/\/www.delexodo.com.ar\/#\/schema\/person\/bbed37f7da8e938660b34f2013ba449d\"},\"headline\":\"RECLAMOS POR LA LEY DE ENFERMER\u00cdA QUE YA TIENE MEDIA SANCI\u00d3N\",\"datePublished\":\"2021-09-24T21:56:11+00:00\",\"dateModified\":\"2021-09-24T21:56:44+00:00\",\"mainEntityOfPage\":{\"@id\":\"https:\/\/www.delexodo.com.ar\/?p=8763\"},\"wordCount\":1335,\"publisher\":{\"@id\":\"https:\/\/www.delexodo.com.ar\/#organization\"},\"image\":{\"@id\":\"https:\/\/www.delexodo.com.ar\/?p=8763#primaryimage\"},\"thumbnailUrl\":\"https:\/\/www.delexodo.com.ar\/wp-content\/uploads\/2021\/09\/SENADO-13RA.jpg\",\"articleSection\":[\"Destacados\",\"NOTICIAS\",\"Politica\"],\"inLanguage\":\"es\"},{\"@type\":\"WebPage\",\"@id\":\"https:\/\/www.delexodo.com.ar\/?p=8763\",\"url\":\"https:\/\/www.delexodo.com.ar\/?p=8763\",\"name\":\"RECLAMOS POR LA LEY DE ENFERMER\u00cdA QUE YA TIENE MEDIA SANCI\u00d3N - Del \u00c9xodo Nogoy\u00e1\",\"isPartOf\":{\"@id\":\"https:\/\/www.delexodo.com.ar\/#website\"},\"primaryImageOfPage\":{\"@id\":\"https:\/\/www.delexodo.com.ar\/?p=8763#primaryimage\"},\"image\":{\"@id\":\"https:\/\/www.delexodo.com.ar\/?p=8763#primaryimage\"},\"thumbnailUrl\":\"https:\/\/www.delexodo.com.ar\/wp-content\/uploads\/2021\/09\/SENADO-13RA.jpg\",\"datePublished\":\"2021-09-24T21:56:11+00:00\",\"dateModified\":\"2021-09-24T21:56:44+00:00\",\"breadcrumb\":{\"@id\":\"https:\/\/www.delexodo.com.ar\/?p=8763#breadcrumb\"},\"inLanguage\":\"es\",\"potentialAction\":[{\"@type\":\"ReadAction\",\"target\":[\"https:\/\/www.delexodo.com.ar\/?p=8763\"]}]},{\"@type\":\"ImageObject\",\"inLanguage\":\"es\",\"@id\":\"https:\/\/www.delexodo.com.ar\/?p=8763#primaryimage\",\"url\":\"https:\/\/www.delexodo.com.ar\/wp-content\/uploads\/2021\/09\/SENADO-13RA.jpg\",\"contentUrl\":\"https:\/\/www.delexodo.com.ar\/wp-content\/uploads\/2021\/09\/SENADO-13RA.jpg\",\"width\":962,\"height\":537},{\"@type\":\"BreadcrumbList\",\"@id\":\"https:\/\/www.delexodo.com.ar\/?p=8763#breadcrumb\",\"itemListElement\":[{\"@type\":\"ListItem\",\"position\":1,\"name\":\"Portada\",\"item\":\"https:\/\/www.delexodo.com.ar\/\"},{\"@type\":\"ListItem\",\"position\":2,\"name\":\"RECLAMOS POR LA LEY DE ENFERMER\u00cdA QUE YA TIENE MEDIA SANCI\u00d3N\"}]},{\"@type\":\"WebSite\",\"@id\":\"https:\/\/www.delexodo.com.ar\/#website\",\"url\":\"https:\/\/www.delexodo.com.ar\/\",\"name\":\"Del \u00c9xodo Nogoy\u00e1\",\"description\":\"El Portal de Noticias de la Regi\u00f3n\",\"publisher\":{\"@id\":\"https:\/\/www.delexodo.com.ar\/#organization\"},\"potentialAction\":[{\"@type\":\"SearchAction\",\"target\":{\"@type\":\"EntryPoint\",\"urlTemplate\":\"https:\/\/www.delexodo.com.ar\/?s={search_term_string}\"},\"query-input\":{\"@type\":\"PropertyValueSpecification\",\"valueRequired\":true,\"valueName\":\"search_term_string\"}}],\"inLanguage\":\"es\"},{\"@type\":\"Organization\",\"@id\":\"https:\/\/www.delexodo.com.ar\/#organization\",\"name\":\"Del \u00c9xodo Nogoy\u00e1\",\"url\":\"https:\/\/www.delexodo.com.ar\/\",\"logo\":{\"@type\":\"ImageObject\",\"inLanguage\":\"es\",\"@id\":\"https:\/\/www.delexodo.com.ar\/#\/schema\/logo\/image\/\",\"url\":\"https:\/\/www.delexodo.com.ar\/wp-content\/uploads\/2024\/10\/cropped-cropped-LOGO24.png\",\"contentUrl\":\"https:\/\/www.delexodo.com.ar\/wp-content\/uploads\/2024\/10\/cropped-cropped-LOGO24.png\",\"width\":512,\"height\":349,\"caption\":\"Del \u00c9xodo Nogoy\u00e1\"},\"image\":{\"@id\":\"https:\/\/www.delexodo.com.ar\/#\/schema\/logo\/image\/\"}},{\"@type\":\"Person\",\"@id\":\"https:\/\/www.delexodo.com.ar\/#\/schema\/person\/bbed37f7da8e938660b34f2013ba449d\",\"name\":\"admin\",\"image\":{\"@type\":\"ImageObject\",\"inLanguage\":\"es\",\"@id\":\"https:\/\/www.delexodo.com.ar\/#\/schema\/person\/image\/\",\"url\":\"https:\/\/secure.gravatar.com\/avatar\/6b1558d1b6df085f1901bd5bd98523d7?s=96&d=mm&r=g\",\"contentUrl\":\"https:\/\/secure.gravatar.com\/avatar\/6b1558d1b6df085f1901bd5bd98523d7?s=96&d=mm&r=g\",\"caption\":\"admin\"},\"url\":\"https:\/\/www.delexodo.com.ar\/?author=1\"}]}<\/script>\n<!-- \/ Yoast SEO plugin. -->","yoast_head_json":{"title":"RECLAMOS POR LA LEY DE ENFERMER\u00cdA QUE YA TIENE MEDIA SANCI\u00d3N - Del \u00c9xodo Nogoy\u00e1","robots":{"index":"index","follow":"follow","max-snippet":"max-snippet:-1","max-image-preview":"max-image-preview:large","max-video-preview":"max-video-preview:-1"},"canonical":"https:\/\/www.delexodo.com.ar\/?p=8763","og_locale":"es_ES","og_type":"article","og_title":"RECLAMOS POR LA LEY DE ENFERMER\u00cdA QUE YA TIENE MEDIA SANCI\u00d3N - Del \u00c9xodo Nogoy\u00e1","og_description":"Se llev\u00f3 adelante la 13\u00b0 Sesi\u00f3n Ordinaria del Honorable Senado Entrerriano. La senadoras Maidana y Miranda recibieron a trabajadores y&hellip;","og_url":"https:\/\/www.delexodo.com.ar\/?p=8763","og_site_name":"Del \u00c9xodo Nogoy\u00e1","article_published_time":"2021-09-24T21:56:11+00:00","article_modified_time":"2021-09-24T21:56:44+00:00","og_image":[{"width":962,"height":537,"url":"https:\/\/www.delexodo.com.ar\/wp-content\/uploads\/2021\/09\/SENADO-13RA.jpg","type":"image\/jpeg"}],"author":"admin","twitter_card":"summary_large_image","twitter_misc":{"Escrito por":"admin","Tiempo de lectura":"7 minutos"},"schema":{"@context":"https:\/\/schema.org","@graph":[{"@type":"Article","@id":"https:\/\/www.delexodo.com.ar\/?p=8763#article","isPartOf":{"@id":"https:\/\/www.delexodo.com.ar\/?p=8763"},"author":{"name":"admin","@id":"https:\/\/www.delexodo.com.ar\/#\/schema\/person\/bbed37f7da8e938660b34f2013ba449d"},"headline":"RECLAMOS POR LA LEY DE ENFERMER\u00cdA QUE YA TIENE MEDIA SANCI\u00d3N","datePublished":"2021-09-24T21:56:11+00:00","dateModified":"2021-09-24T21:56:44+00:00","mainEntityOfPage":{"@id":"https:\/\/www.delexodo.com.ar\/?p=8763"},"wordCount":1335,"publisher":{"@id":"https:\/\/www.delexodo.com.ar\/#organization"},"image":{"@id":"https:\/\/www.delexodo.com.ar\/?p=8763#primaryimage"},"thumbnailUrl":"https:\/\/www.delexodo.com.ar\/wp-content\/uploads\/2021\/09\/SENADO-13RA.jpg","articleSection":["Destacados","NOTICIAS","Politica"],"inLanguage":"es"},{"@type":"WebPage","@id":"https:\/\/www.delexodo.com.ar\/?p=8763","url":"https:\/\/www.delexodo.com.ar\/?p=8763","name":"RECLAMOS POR LA LEY DE ENFERMER\u00cdA QUE YA TIENE MEDIA SANCI\u00d3N - Del \u00c9xodo Nogoy\u00e1","isPartOf":{"@id":"https:\/\/www.delexodo.com.ar\/#website"},"primaryImageOfPage":{"@id":"https:\/\/www.delexodo.com.ar\/?p=8763#primaryimage"},"image":{"@id":"https:\/\/www.delexodo.com.ar\/?p=8763#primaryimage"},"thumbnailUrl":"https:\/\/www.delexodo.com.ar\/wp-content\/uploads\/2021\/09\/SENADO-13RA.jpg","datePublished":"2021-09-24T21:56:11+00:00","dateModified":"2021-09-24T21:56:44+00:00","breadcrumb":{"@id":"https:\/\/www.delexodo.com.ar\/?p=8763#breadcrumb"},"inLanguage":"es","potentialAction":[{"@type":"ReadAction","target":["https:\/\/www.delexodo.com.ar\/?p=8763"]}]},{"@type":"ImageObject","inLanguage":"es","@id":"https:\/\/www.delexodo.com.ar\/?p=8763#primaryimage","url":"https:\/\/www.delexodo.com.ar\/wp-content\/uploads\/2021\/09\/SENADO-13RA.jpg","contentUrl":"https:\/\/www.delexodo.com.ar\/wp-content\/uploads\/2021\/09\/SENADO-13RA.jpg","width":962,"height":537},{"@type":"BreadcrumbList","@id":"https:\/\/www.delexodo.com.ar\/?p=8763#breadcrumb","itemListElement":[{"@type":"ListItem","position":1,"name":"Portada","item":"https:\/\/www.delexodo.com.ar\/"},{"@type":"ListItem","position":2,"name":"RECLAMOS POR LA LEY DE ENFERMER\u00cdA QUE YA TIENE MEDIA SANCI\u00d3N"}]},{"@type":"WebSite","@id":"https:\/\/www.delexodo.com.ar\/#website","url":"https:\/\/www.delexodo.com.ar\/","name":"Del \u00c9xodo Nogoy\u00e1","description":"El Portal de Noticias de la Regi\u00f3n","publisher":{"@id":"https:\/\/www.delexodo.com.ar\/#organization"},"potentialAction":[{"@type":"SearchAction","target":{"@type":"EntryPoint","urlTemplate":"https:\/\/www.delexodo.com.ar\/?s={search_term_string}"},"query-input":{"@type":"PropertyValueSpecification","valueRequired":true,"valueName":"search_term_string"}}],"inLanguage":"es"},{"@type":"Organization","@id":"https:\/\/www.delexodo.com.ar\/#organization","name":"Del \u00c9xodo Nogoy\u00e1","url":"https:\/\/www.delexodo.com.ar\/","logo":{"@type":"ImageObject","inLanguage":"es","@id":"https:\/\/www.delexodo.com.ar\/#\/schema\/logo\/image\/","url":"https:\/\/www.delexodo.com.ar\/wp-content\/uploads\/2024\/10\/cropped-cropped-LOGO24.png","contentUrl":"https:\/\/www.delexodo.com.ar\/wp-content\/uploads\/2024\/10\/cropped-cropped-LOGO24.png","width":512,"height":349,"caption":"Del \u00c9xodo Nogoy\u00e1"},"image":{"@id":"https:\/\/www.delexodo.com.ar\/#\/schema\/logo\/image\/"}},{"@type":"Person","@id":"https:\/\/www.delexodo.com.ar\/#\/schema\/person\/bbed37f7da8e938660b34f2013ba449d","name":"admin","image":{"@type":"ImageObject","inLanguage":"es","@id":"https:\/\/www.delexodo.com.ar\/#\/schema\/person\/image\/","url":"https:\/\/secure.gravatar.com\/avatar\/6b1558d1b6df085f1901bd5bd98523d7?s=96&d=mm&r=g","contentUrl":"https:\/\/secure.gravatar.com\/avatar\/6b1558d1b6df085f1901bd5bd98523d7?s=96&d=mm&r=g","caption":"admin"},"url":"https:\/\/www.delexodo.com.ar\/?author=1"}]}},"_links":{"self":[{"href":"https:\/\/www.delexodo.com.ar\/index.php?rest_route=\/wp\/v2\/posts\/8763","targetHints":{"allow":["GET"]}}],"collection":[{"href":"https:\/\/www.delexodo.com.ar\/index.php?rest_route=\/wp\/v2\/posts"}],"about":[{"href":"https:\/\/www.delexodo.com.ar\/index.php?rest_route=\/wp\/v2\/types\/post"}],"author":[{"embeddable":true,"href":"https:\/\/www.delexodo.com.ar\/index.php?rest_route=\/wp\/v2\/users\/1"}],"replies":[{"embeddable":true,"href":"https:\/\/www.delexodo.com.ar\/index.php?rest_route=%2Fwp%2Fv2%2Fcomments&post=8763"}],"version-history":[{"count":0,"href":"https:\/\/www.delexodo.com.ar\/index.php?rest_route=\/wp\/v2\/posts\/8763\/revisions"}],"wp:featuredmedia":[{"embeddable":true,"href":"https:\/\/www.delexodo.com.ar\/index.php?rest_route=\/wp\/v2\/media\/8768"}],"wp:attachment":[{"href":"https:\/\/www.delexodo.com.ar\/index.php?rest_route=%2Fwp%2Fv2%2Fmedia&parent=8763"}],"wp:term":[{"taxonomy":"category","embeddable":true,"href":"https:\/\/www.delexodo.com.ar\/index.php?rest_route=%2Fwp%2Fv2%2Fcategories&post=8763"},{"taxonomy":"post_tag","embeddable":true,"href":"https:\/\/www.delexodo.com.ar\/index.php?rest_route=%2Fwp%2Fv2%2Ftags&post=8763"}],"curies":[{"name":"wp","href":"https:\/\/api.w.org\/{rel}","templated":true}]}}