{"id":8757,"date":"2021-09-19T22:19:36","date_gmt":"2021-09-20T01:19:36","guid":{"rendered":"http:\/\/www.delexodo.com.ar\/?p=8757"},"modified":"2021-09-19T22:20:30","modified_gmt":"2021-09-20T01:20:30","slug":"nogoya-accidentes-y-heridos-graves-durante-la-semana","status":"publish","type":"post","link":"https:\/\/www.delexodo.com.ar\/?p=8757","title":{"rendered":"NOGOYA: ACCIDENTES Y HERIDOS GRAVES DURANTE LA SEMANA"},"content":{"rendered":"\n<p>La Polic\u00eda de Entre R\u00edos a trav\u00e9s de la Jefatura Departamental Nogoy\u00e1 informa a la ciudadan\u00eda en general las novedades de m\u00e1s importancia, que se puedan dar a conocer en forma p\u00fablica sin comprometer la identidad de las personas y\/o transgredir disposiciones legales vigentes.<\/p>\n\n\n\n<p>MASCULINO DETENIDO POR SUPUESTO DELITO DE DA\u00d1O EN FLAGRANCIA<\/p>\n\n\n\n<p>13\/09\/21 &#8211; 20:20 HS. Comisaria Villa 3 de Febrero concurre a llamado femenina la cual necesitaba presencia policial por inconveniente familiar; al llegar al lugar, esta manifiesta que su hijo de 25 a\u00f1os de edad, le habr\u00eda da\u00f1ado la puerta de ingreso a la vivienda; encontr\u00e1ndose all\u00ed el agresor, en estado alterado, insultaba, se le solicita que desista de su accionar, haciendo caso omiso, por lo que se procedi\u00f3 a la detenci\u00f3n, por el supuesto delito de Da\u00f1o en Flagrancia, trasladado hacia esta Jefatura Departamental, donde quedo alojado en calidad de detenido a disposici\u00f3n de la Unidad Fiscal.<\/p>\n\n\n\n<p>ACCIDENTE DE TRANSITO \u2013 MASCULINO DE 31 A\u00d1OS RESULTO CON LESIONES GRAVES<\/p>\n\n\n\n<p>13\/09\/21 &#8211; 23:10 HS. Comisaria Villa 3 de Febrero, inicia Actuaciones Policiales \u201cDe&nbsp; Oficio Policial para Establecer Formas y Circunstancias en que resultara con Lesiones de Car\u00e1cter Graves masculino de 31 a\u00f1os de edad\u201d. Personal de la dependencia concurre a calle Uruguay entre Sixto Oris y Paran\u00e1, lugar donde un masculino quien se conduc\u00eda en motoveh\u00edculo, marca Motomel Blitz 110 cc., habr\u00eda colisionado con un can. El conductor fue trasladado al Hospital San Blas, por Personal de Emergencias M\u00e9dicas, en el nosocomio se le realizaron placas radiogr\u00e1ficas, resultando con Lesiones de Car\u00e1cter Graves (fractura de clav\u00edcula izquierda). Quedando internado en observaci\u00f3n. Intervino Personal de Divisi\u00f3n Criminal\u00edstica y m\u00e9dico de Polic\u00eda.<\/p>\n\n\n\n<p>ACCIDENTE DE TRANSITO \u2013 VUELCO DE ACOPLADO CARGADO CON CASCARA DE ARROZ \u2013 RUTA 12 KM 325<\/p>\n\n\n\n<p>16\/09\/21 &#8211; 05:10 HS. Comisaria Lucas Gonz\u00e1lez, intervino en accidente de tr\u00e1nsito&nbsp; en Ruta Nacional 12, altura de km 325,&nbsp; donde se produce el vuelco de un acoplado marca Herman cargado con cascara de arroz, traccionado por un cami\u00f3n marca Volvo,&nbsp; conducido por masculino de 42 a\u00f1os de edad, domiciliado en Concepci\u00f3n del Uruguay, el cual se dirig\u00eda por Ruta 12 en sentido Este a Oeste, desde su ciudad de origen a Rosario, sin resultar personas Lesionadas, solo el vuelco del acoplado, se trabaj\u00f3 en el lugar con tr\u00e1nsito asistido, solo un carril cortado, intervino Personal de Comisar\u00eda de Jurisdicci\u00f3n, Puesto caminero Nogoy\u00e1 dependiente de la Direcci\u00f3n Prevenci\u00f3n y Seguridad Vial y Bomberos Voluntarios de Lucas Gonz\u00e1lez.<\/p>\n\n\n\n<p>ACCIDENTE DE TRANSITO \u2013 DESPISTE Y VUELCO DE AUTOMOVIL EN RUTA 12 &#8211;&nbsp; KM 330<\/p>\n\n\n\n<p>18\/09\/21\u00ad &#8211; 09:35 hs., Comisaria Lucas Gonz\u00e1lez interviene en accidente de tr\u00e1nsito, ocurrido&nbsp; en Ruta Nacional 12, Km 330, a 1 km del acceso a Lucas Gonz\u00e1lez hacia Nogoy\u00e1,&nbsp; donde se produjo el vuelco de un autom\u00f3vil marca Volkswagen Bora,&nbsp; que se dirig\u00eda desde Rosario del Tala a Paran\u00e1,&nbsp; era conducido por masculino de 64 a\u00f1os de edad, acompa\u00f1ado por su esposa de 62 a\u00f1os, domiciliados en la ciudad Rosario del Tala; siendo ambos trasladados en ambulancia al Hospital Santa Rosa de Lucas Gonz\u00e1lez., examinados por profesional m\u00e9dico, presentan lesiones de car\u00e1cter Leves (traumatismos y escoriaciones) se encuentran en observaci\u00f3n, dados de alta m\u00e9dica a la brevedad. En el lugar trabajo personal de Direcci\u00f3n de Prevenci\u00f3n y Seguridad Vial y Divisi\u00f3n Criminal\u00edstica.<\/p>\n\n\n\n<p>MASCULINO CON LESIONES GRAVES POR CAIDA EN MOTOVEHICULO<\/p>\n\n\n\n<p>18\/09\/21 &#8211; 14:45 HS. Secci\u00f3n Judiciales Inicia Actuaciones Policiales a ra\u00edz de accidente de tr\u00e1nsito ocurrido en calle 3 de Febrero y La Rioja; lugar donde masculino de 45 a\u00f1os de edad quien se conduc\u00eda en moto veh\u00edculo,&nbsp; al intentar esquivar un veh\u00edculo con el cual se encuentra en esa intersecci\u00f3n de calles, pierde el control del rodado y se cae. Resultando con Lesiones de car\u00e1cter Grave con fractura de cabeza de radio codo derecho.<\/p>\n\n\n\n<p>MASCULINO CON LESIONES GRAVES AL AYUDAR A CAMIONERO A ENGANCHAR LA LANZA DEL ACOPLADO<\/p>\n\n\n\n<p>18\/09\/21 &#8211; 15:50 Hs. Secci\u00f3n Judiciales inicia Actuaciones Policiales de Oficio para Establecer Formas y Circunstancias en que resultara con Lesiones de Car\u00e1cter Grave masculino de 71 a\u00f1os de edad, domiciliado&nbsp; en XX de Septiembre, quien se encontraba \u00abhaciendo dedo\u00bb sobre Ruta Nacional&nbsp; N\u00b0 12 y acceso a estaci\u00f3n de Servicio YPF, es ah\u00ed que ayuda a un camionero de 60 a\u00f1os de edad, domiciliado en esta ciudad, quien conduc\u00eda cami\u00f3n marca Ford, modelo Cargo 1722E,&nbsp; a enganchar la lanza del acoplado, por lo que al maniobrar el conductor del rodado marcha atr\u00e1s, el ciudadano de 71 a\u00f1os resulta apretado con la misma. Es trasladado por personal del Centro de Emergencias al Hospital San Blas, resultando con Lesiones de Caracter Graves,&nbsp;&nbsp; fractura de escapula izquierda y fractura de arcos costales torax izquierdo. Fue derivado a Hospital San Mart\u00edn de la ciudad de Paran\u00e1, para estudios m\u00e9dicos de mayor complejidad. Se dio a conocimiento a Sra., Fiscal en Turno e intervenci\u00f3n a Personal de Divisi\u00f3n criminal\u00edstica y m\u00e9dico de polic\u00eda.<\/p>\n\n\n\n<p>MASCULINO DETENIDO POR DESOBEDIENCIA JUDICIAL<\/p>\n\n\n\n<p>18\/09\/21 &#8211; 17:25 HS. Personal de Comisaria Villa 3 de Febrero, en virtud de Causa Judicial en tr\u00e1mite y ante caso omiso a contenido de Mandamiento Judicial ( prohibici\u00f3n de acercamiento y cese de actos molestos), procedi\u00f3 a la detenci\u00f3n de un masculino de 22 a\u00f1os de edad, por Supuesto Delito de DESOBEDIENCIA JUDICIAL, por agredir a su ex pareja; Por disposici\u00f3n de Fiscal en Turno, quedo alojado en esta Jefatura Departamental.<\/p>\n\n\n\n<p>OPERATIVO EN CONJUNTO: PERSONAL DE DIR. PREV. DELITOS RURALES Brigada Nogoy\u00e1 y de Destacamento Aldea San Miguel<\/p>\n\n\n\n<p>PROCEDIMIENTO POR SUPUESTO DELITO DE TENENCIA ILEGAL DE ARMAS DE FUEGO &#8211;&nbsp; INFRACCI\u00d3N Art. 189 BIS del C.P.A \/ SECUESTRO DE -03- ARMAS DE FUEGO&nbsp; Y CARTUCHERIA (ESCOPETAS \u2013 DOS CAL. 16 Y UNA CAL. 20 )<\/p>\n\n\n\n<p>18\/09\/21 &#8211; 13:30 HS. En Operativo de control vehicular e identificaci\u00f3n de personas, en camino vecinal de Aldea San Miguel, se observa un veh\u00edculo el cual se da a la fuga tras ver el control policial, a lo cual a unos kil\u00f3metros se intercepta el mismo, siendo un veh\u00edculo marca Fiat modelo Duna, en el cual se conduc\u00edan tres masculinos, de 34 y 30 a\u00f1os de edad domiciliado en Gral. Ram\u00edrez y masculino de 44 a\u00f1os de edad con domicilio en la ciudad de Victoria, observando que transportaban en la parte interna trasera del rodado, a simple vista -03- armas de fuego, (01) escopeta cal. 16 marca Hartman,&nbsp; (01) escopeta cal. 16, yuxtapuesta sin marca visible y (01) escopeta cal. 20 marca Gaucha, y adem\u00e1s 26 cartuchos recargados, careciendo \u00e9stos de toda documentaci\u00f3n inherente al respecto. Se brind\u00f3 a conocimiento a Sra. Fiscal en Turno, quien orden\u00f3 el secuestro de las armas y Cartucher\u00eda.-<\/p>\n\n\n\n<p>MISMO PERSONAL REALIZA OTRO PROCEDIMIENTO EN ESA JURISDICCION. PROCEDIMIENTO POR INFRACCI\u00d3N A LEY DE PLAGUICIDAS N\u00b0 6599\/80<\/p>\n\n\n\n<p>Se controla una pulverizadora conducida por masculino de 51 a\u00f1os, con domicilio en la localidad de Segui, la cual regresaba de fumigar; transportando bidones fitosanitarios en lugares inadecuados, sin receta agron\u00f3mica\/expendio y sin remito.<\/p>\n\n\n\n<p>CONTRAVENCIONES<\/p>\n\n\n\n<p>Se registr\u00f3 el ingreso de nueve (09) personas a esta Jefatura Departamental por supuesta infracci\u00f3n a disposiciones contempladas en la Ley Org\u00e1nica Pcial. N\u00ba3.815 y modificatorias.<\/p>\n\n\n\n<p>OPERATIVOS \u201cCONTROL DE MOTOS\u201d<\/p>\n\n\n\n<p>Por aplicaci\u00f3n del Decreto M.G.J. N\u00ba2675\/14, en el transcurso de la semana se procedi\u00f3 a la retenci\u00f3n de seis (06) motoveh\u00edculos por no reunir las condiciones exigidas para poder circular acorde a reglamentaci\u00f3n vigente .<\/p>\n\n\n\n<p>OPERATIVOS EN CONJUNTO CON PERSONAL DEL AREA DE COMERCIO Y TRANSITO MUNICIPAL<\/p>\n\n\n\n<p>Se realizan operativos en distintos comercios y eventos, asimismo control vehicular en el \u00e1mbito de nuestra ciudad, los cuales se llevan a cabo requiriendo documentaci\u00f3n obligatoria a los conductores, con realizaci\u00f3n de test de alcoholemia, procediendo a la retenci\u00f3n vehicular si as\u00ed correspondiera.<\/p>\n","protected":false},"excerpt":{"rendered":"<p>La Polic\u00eda de Entre R\u00edos a trav\u00e9s de la Jefatura Departamental Nogoy\u00e1 informa a la ciudadan\u00eda en general las novedades&hellip;<\/p>\n","protected":false},"author":1,"featured_media":6566,"comment_status":"closed","ping_status":"closed","sticky":false,"template":"","format":"standard","meta":{"_joinchat":[],"footnotes":""},"categories":[65,1,69,350],"tags":[345],"class_list":["post-8757","post","type-post","status-publish","format-standard","has-post-thumbnail","hentry","category-destacados","category-sincategoria","category-noticias","category-policiales","tag-destacar"],"yoast_head":"<!-- This site is optimized with the Yoast SEO plugin v25.1 - https:\/\/yoast.com\/wordpress\/plugins\/seo\/ -->\n<title>NOGOYA: ACCIDENTES Y HERIDOS GRAVES DURANTE LA SEMANA - Del \u00c9xodo Nogoy\u00e1<\/title>\n<meta name=\"robots\" content=\"index, follow, max-snippet:-1, max-image-preview:large, max-video-preview:-1\" \/>\n<link rel=\"canonical\" href=\"https:\/\/www.delexodo.com.ar\/?p=8757\" \/>\n<meta property=\"og:locale\" content=\"es_ES\" \/>\n<meta property=\"og:type\" content=\"article\" \/>\n<meta property=\"og:title\" content=\"NOGOYA: ACCIDENTES Y HERIDOS GRAVES DURANTE LA SEMANA - Del \u00c9xodo Nogoy\u00e1\" \/>\n<meta property=\"og:description\" content=\"La Polic\u00eda de Entre R\u00edos a trav\u00e9s de la Jefatura Departamental Nogoy\u00e1 informa a la ciudadan\u00eda en general las novedades&hellip;\" \/>\n<meta property=\"og:url\" content=\"https:\/\/www.delexodo.com.ar\/?p=8757\" \/>\n<meta property=\"og:site_name\" content=\"Del \u00c9xodo Nogoy\u00e1\" \/>\n<meta property=\"article:published_time\" content=\"2021-09-20T01:19:36+00:00\" \/>\n<meta property=\"article:modified_time\" content=\"2021-09-20T01:20:30+00:00\" \/>\n<meta property=\"og:image\" content=\"https:\/\/www.delexodo.com.ar\/wp-content\/uploads\/2020\/07\/policia-jefatura-760x450-1.jpg\" \/>\n\t<meta property=\"og:image:width\" content=\"760\" \/>\n\t<meta property=\"og:image:height\" content=\"450\" \/>\n\t<meta property=\"og:image:type\" content=\"image\/jpeg\" \/>\n<meta name=\"author\" content=\"admin\" \/>\n<meta name=\"twitter:card\" content=\"summary_large_image\" \/>\n<meta name=\"twitter:label1\" content=\"Escrito por\" \/>\n\t<meta name=\"twitter:data1\" content=\"admin\" \/>\n\t<meta name=\"twitter:label2\" content=\"Tiempo de lectura\" \/>\n\t<meta name=\"twitter:data2\" content=\"7 minutos\" \/>\n<script type=\"application\/ld+json\" class=\"yoast-schema-graph\">{\"@context\":\"https:\/\/schema.org\",\"@graph\":[{\"@type\":\"Article\",\"@id\":\"https:\/\/www.delexodo.com.ar\/?p=8757#article\",\"isPartOf\":{\"@id\":\"https:\/\/www.delexodo.com.ar\/?p=8757\"},\"author\":{\"name\":\"admin\",\"@id\":\"https:\/\/www.delexodo.com.ar\/#\/schema\/person\/bbed37f7da8e938660b34f2013ba449d\"},\"headline\":\"NOGOYA: ACCIDENTES Y HERIDOS GRAVES DURANTE LA SEMANA\",\"datePublished\":\"2021-09-20T01:19:36+00:00\",\"dateModified\":\"2021-09-20T01:20:30+00:00\",\"mainEntityOfPage\":{\"@id\":\"https:\/\/www.delexodo.com.ar\/?p=8757\"},\"wordCount\":1345,\"publisher\":{\"@id\":\"https:\/\/www.delexodo.com.ar\/#organization\"},\"image\":{\"@id\":\"https:\/\/www.delexodo.com.ar\/?p=8757#primaryimage\"},\"thumbnailUrl\":\"https:\/\/www.delexodo.com.ar\/wp-content\/uploads\/2020\/07\/policia-jefatura-760x450-1.jpg\",\"keywords\":[\"destacar\"],\"articleSection\":[\"Destacados\",\"Nogoya\",\"NOTICIAS\",\"Policiales\"],\"inLanguage\":\"es\"},{\"@type\":\"WebPage\",\"@id\":\"https:\/\/www.delexodo.com.ar\/?p=8757\",\"url\":\"https:\/\/www.delexodo.com.ar\/?p=8757\",\"name\":\"NOGOYA: ACCIDENTES Y HERIDOS GRAVES DURANTE LA SEMANA - Del \u00c9xodo Nogoy\u00e1\",\"isPartOf\":{\"@id\":\"https:\/\/www.delexodo.com.ar\/#website\"},\"primaryImageOfPage\":{\"@id\":\"https:\/\/www.delexodo.com.ar\/?p=8757#primaryimage\"},\"image\":{\"@id\":\"https:\/\/www.delexodo.com.ar\/?p=8757#primaryimage\"},\"thumbnailUrl\":\"https:\/\/www.delexodo.com.ar\/wp-content\/uploads\/2020\/07\/policia-jefatura-760x450-1.jpg\",\"datePublished\":\"2021-09-20T01:19:36+00:00\",\"dateModified\":\"2021-09-20T01:20:30+00:00\",\"breadcrumb\":{\"@id\":\"https:\/\/www.delexodo.com.ar\/?p=8757#breadcrumb\"},\"inLanguage\":\"es\",\"potentialAction\":[{\"@type\":\"ReadAction\",\"target\":[\"https:\/\/www.delexodo.com.ar\/?p=8757\"]}]},{\"@type\":\"ImageObject\",\"inLanguage\":\"es\",\"@id\":\"https:\/\/www.delexodo.com.ar\/?p=8757#primaryimage\",\"url\":\"https:\/\/www.delexodo.com.ar\/wp-content\/uploads\/2020\/07\/policia-jefatura-760x450-1.jpg\",\"contentUrl\":\"https:\/\/www.delexodo.com.ar\/wp-content\/uploads\/2020\/07\/policia-jefatura-760x450-1.jpg\",\"width\":760,\"height\":450},{\"@type\":\"BreadcrumbList\",\"@id\":\"https:\/\/www.delexodo.com.ar\/?p=8757#breadcrumb\",\"itemListElement\":[{\"@type\":\"ListItem\",\"position\":1,\"name\":\"Portada\",\"item\":\"https:\/\/www.delexodo.com.ar\/\"},{\"@type\":\"ListItem\",\"position\":2,\"name\":\"NOGOYA: ACCIDENTES Y HERIDOS GRAVES DURANTE LA SEMANA\"}]},{\"@type\":\"WebSite\",\"@id\":\"https:\/\/www.delexodo.com.ar\/#website\",\"url\":\"https:\/\/www.delexodo.com.ar\/\",\"name\":\"Del \u00c9xodo Nogoy\u00e1\",\"description\":\"El Portal de Noticias de la Regi\u00f3n\",\"publisher\":{\"@id\":\"https:\/\/www.delexodo.com.ar\/#organization\"},\"potentialAction\":[{\"@type\":\"SearchAction\",\"target\":{\"@type\":\"EntryPoint\",\"urlTemplate\":\"https:\/\/www.delexodo.com.ar\/?s={search_term_string}\"},\"query-input\":{\"@type\":\"PropertyValueSpecification\",\"valueRequired\":true,\"valueName\":\"search_term_string\"}}],\"inLanguage\":\"es\"},{\"@type\":\"Organization\",\"@id\":\"https:\/\/www.delexodo.com.ar\/#organization\",\"name\":\"Del \u00c9xodo Nogoy\u00e1\",\"url\":\"https:\/\/www.delexodo.com.ar\/\",\"logo\":{\"@type\":\"ImageObject\",\"inLanguage\":\"es\",\"@id\":\"https:\/\/www.delexodo.com.ar\/#\/schema\/logo\/image\/\",\"url\":\"https:\/\/www.delexodo.com.ar\/wp-content\/uploads\/2024\/10\/cropped-cropped-LOGO24.png\",\"contentUrl\":\"https:\/\/www.delexodo.com.ar\/wp-content\/uploads\/2024\/10\/cropped-cropped-LOGO24.png\",\"width\":512,\"height\":349,\"caption\":\"Del \u00c9xodo Nogoy\u00e1\"},\"image\":{\"@id\":\"https:\/\/www.delexodo.com.ar\/#\/schema\/logo\/image\/\"}},{\"@type\":\"Person\",\"@id\":\"https:\/\/www.delexodo.com.ar\/#\/schema\/person\/bbed37f7da8e938660b34f2013ba449d\",\"name\":\"admin\",\"image\":{\"@type\":\"ImageObject\",\"inLanguage\":\"es\",\"@id\":\"https:\/\/www.delexodo.com.ar\/#\/schema\/person\/image\/\",\"url\":\"https:\/\/secure.gravatar.com\/avatar\/6b1558d1b6df085f1901bd5bd98523d7?s=96&d=mm&r=g\",\"contentUrl\":\"https:\/\/secure.gravatar.com\/avatar\/6b1558d1b6df085f1901bd5bd98523d7?s=96&d=mm&r=g\",\"caption\":\"admin\"},\"url\":\"https:\/\/www.delexodo.com.ar\/?author=1\"}]}<\/script>\n<!-- \/ Yoast SEO plugin. -->","yoast_head_json":{"title":"NOGOYA: ACCIDENTES Y HERIDOS GRAVES DURANTE LA SEMANA - Del \u00c9xodo Nogoy\u00e1","robots":{"index":"index","follow":"follow","max-snippet":"max-snippet:-1","max-image-preview":"max-image-preview:large","max-video-preview":"max-video-preview:-1"},"canonical":"https:\/\/www.delexodo.com.ar\/?p=8757","og_locale":"es_ES","og_type":"article","og_title":"NOGOYA: ACCIDENTES Y HERIDOS GRAVES DURANTE LA SEMANA - Del \u00c9xodo Nogoy\u00e1","og_description":"La Polic\u00eda de Entre R\u00edos a trav\u00e9s de la Jefatura Departamental Nogoy\u00e1 informa a la ciudadan\u00eda en general las novedades&hellip;","og_url":"https:\/\/www.delexodo.com.ar\/?p=8757","og_site_name":"Del \u00c9xodo Nogoy\u00e1","article_published_time":"2021-09-20T01:19:36+00:00","article_modified_time":"2021-09-20T01:20:30+00:00","og_image":[{"width":760,"height":450,"url":"https:\/\/www.delexodo.com.ar\/wp-content\/uploads\/2020\/07\/policia-jefatura-760x450-1.jpg","type":"image\/jpeg"}],"author":"admin","twitter_card":"summary_large_image","twitter_misc":{"Escrito por":"admin","Tiempo de lectura":"7 minutos"},"schema":{"@context":"https:\/\/schema.org","@graph":[{"@type":"Article","@id":"https:\/\/www.delexodo.com.ar\/?p=8757#article","isPartOf":{"@id":"https:\/\/www.delexodo.com.ar\/?p=8757"},"author":{"name":"admin","@id":"https:\/\/www.delexodo.com.ar\/#\/schema\/person\/bbed37f7da8e938660b34f2013ba449d"},"headline":"NOGOYA: ACCIDENTES Y HERIDOS GRAVES DURANTE LA SEMANA","datePublished":"2021-09-20T01:19:36+00:00","dateModified":"2021-09-20T01:20:30+00:00","mainEntityOfPage":{"@id":"https:\/\/www.delexodo.com.ar\/?p=8757"},"wordCount":1345,"publisher":{"@id":"https:\/\/www.delexodo.com.ar\/#organization"},"image":{"@id":"https:\/\/www.delexodo.com.ar\/?p=8757#primaryimage"},"thumbnailUrl":"https:\/\/www.delexodo.com.ar\/wp-content\/uploads\/2020\/07\/policia-jefatura-760x450-1.jpg","keywords":["destacar"],"articleSection":["Destacados","Nogoya","NOTICIAS","Policiales"],"inLanguage":"es"},{"@type":"WebPage","@id":"https:\/\/www.delexodo.com.ar\/?p=8757","url":"https:\/\/www.delexodo.com.ar\/?p=8757","name":"NOGOYA: ACCIDENTES Y HERIDOS GRAVES DURANTE LA SEMANA - Del \u00c9xodo Nogoy\u00e1","isPartOf":{"@id":"https:\/\/www.delexodo.com.ar\/#website"},"primaryImageOfPage":{"@id":"https:\/\/www.delexodo.com.ar\/?p=8757#primaryimage"},"image":{"@id":"https:\/\/www.delexodo.com.ar\/?p=8757#primaryimage"},"thumbnailUrl":"https:\/\/www.delexodo.com.ar\/wp-content\/uploads\/2020\/07\/policia-jefatura-760x450-1.jpg","datePublished":"2021-09-20T01:19:36+00:00","dateModified":"2021-09-20T01:20:30+00:00","breadcrumb":{"@id":"https:\/\/www.delexodo.com.ar\/?p=8757#breadcrumb"},"inLanguage":"es","potentialAction":[{"@type":"ReadAction","target":["https:\/\/www.delexodo.com.ar\/?p=8757"]}]},{"@type":"ImageObject","inLanguage":"es","@id":"https:\/\/www.delexodo.com.ar\/?p=8757#primaryimage","url":"https:\/\/www.delexodo.com.ar\/wp-content\/uploads\/2020\/07\/policia-jefatura-760x450-1.jpg","contentUrl":"https:\/\/www.delexodo.com.ar\/wp-content\/uploads\/2020\/07\/policia-jefatura-760x450-1.jpg","width":760,"height":450},{"@type":"BreadcrumbList","@id":"https:\/\/www.delexodo.com.ar\/?p=8757#breadcrumb","itemListElement":[{"@type":"ListItem","position":1,"name":"Portada","item":"https:\/\/www.delexodo.com.ar\/"},{"@type":"ListItem","position":2,"name":"NOGOYA: ACCIDENTES Y HERIDOS GRAVES DURANTE LA SEMANA"}]},{"@type":"WebSite","@id":"https:\/\/www.delexodo.com.ar\/#website","url":"https:\/\/www.delexodo.com.ar\/","name":"Del \u00c9xodo Nogoy\u00e1","description":"El Portal de Noticias de la Regi\u00f3n","publisher":{"@id":"https:\/\/www.delexodo.com.ar\/#organization"},"potentialAction":[{"@type":"SearchAction","target":{"@type":"EntryPoint","urlTemplate":"https:\/\/www.delexodo.com.ar\/?s={search_term_string}"},"query-input":{"@type":"PropertyValueSpecification","valueRequired":true,"valueName":"search_term_string"}}],"inLanguage":"es"},{"@type":"Organization","@id":"https:\/\/www.delexodo.com.ar\/#organization","name":"Del \u00c9xodo Nogoy\u00e1","url":"https:\/\/www.delexodo.com.ar\/","logo":{"@type":"ImageObject","inLanguage":"es","@id":"https:\/\/www.delexodo.com.ar\/#\/schema\/logo\/image\/","url":"https:\/\/www.delexodo.com.ar\/wp-content\/uploads\/2024\/10\/cropped-cropped-LOGO24.png","contentUrl":"https:\/\/www.delexodo.com.ar\/wp-content\/uploads\/2024\/10\/cropped-cropped-LOGO24.png","width":512,"height":349,"caption":"Del \u00c9xodo Nogoy\u00e1"},"image":{"@id":"https:\/\/www.delexodo.com.ar\/#\/schema\/logo\/image\/"}},{"@type":"Person","@id":"https:\/\/www.delexodo.com.ar\/#\/schema\/person\/bbed37f7da8e938660b34f2013ba449d","name":"admin","image":{"@type":"ImageObject","inLanguage":"es","@id":"https:\/\/www.delexodo.com.ar\/#\/schema\/person\/image\/","url":"https:\/\/secure.gravatar.com\/avatar\/6b1558d1b6df085f1901bd5bd98523d7?s=96&d=mm&r=g","contentUrl":"https:\/\/secure.gravatar.com\/avatar\/6b1558d1b6df085f1901bd5bd98523d7?s=96&d=mm&r=g","caption":"admin"},"url":"https:\/\/www.delexodo.com.ar\/?author=1"}]}},"_links":{"self":[{"href":"https:\/\/www.delexodo.com.ar\/index.php?rest_route=\/wp\/v2\/posts\/8757","targetHints":{"allow":["GET"]}}],"collection":[{"href":"https:\/\/www.delexodo.com.ar\/index.php?rest_route=\/wp\/v2\/posts"}],"about":[{"href":"https:\/\/www.delexodo.com.ar\/index.php?rest_route=\/wp\/v2\/types\/post"}],"author":[{"embeddable":true,"href":"https:\/\/www.delexodo.com.ar\/index.php?rest_route=\/wp\/v2\/users\/1"}],"replies":[{"embeddable":true,"href":"https:\/\/www.delexodo.com.ar\/index.php?rest_route=%2Fwp%2Fv2%2Fcomments&post=8757"}],"version-history":[{"count":0,"href":"https:\/\/www.delexodo.com.ar\/index.php?rest_route=\/wp\/v2\/posts\/8757\/revisions"}],"wp:featuredmedia":[{"embeddable":true,"href":"https:\/\/www.delexodo.com.ar\/index.php?rest_route=\/wp\/v2\/media\/6566"}],"wp:attachment":[{"href":"https:\/\/www.delexodo.com.ar\/index.php?rest_route=%2Fwp%2Fv2%2Fmedia&parent=8757"}],"wp:term":[{"taxonomy":"category","embeddable":true,"href":"https:\/\/www.delexodo.com.ar\/index.php?rest_route=%2Fwp%2Fv2%2Fcategories&post=8757"},{"taxonomy":"post_tag","embeddable":true,"href":"https:\/\/www.delexodo.com.ar\/index.php?rest_route=%2Fwp%2Fv2%2Ftags&post=8757"}],"curies":[{"name":"wp","href":"https:\/\/api.w.org\/{rel}","templated":true}]}}