{"id":8687,"date":"2021-08-24T19:46:50","date_gmt":"2021-08-24T22:46:50","guid":{"rendered":"http:\/\/www.delexodo.com.ar\/?p=8687"},"modified":"2021-08-24T19:46:51","modified_gmt":"2021-08-24T22:46:51","slug":"galimberti-en-villaguay-hay-que-hablar-menos-de-los-carpinchos-y-mas-de-los-verdaderos-problemas-del-sector-agropecuario","status":"publish","type":"post","link":"https:\/\/www.delexodo.com.ar\/?p=8687","title":{"rendered":"GALIMBERTI  EN VILLAGUAY: \u201cHAY QUE HABLAR MENOS DE LOS CARPINCHOS Y M\u00c1S DE LOS VERDADEROS PROBLEMAS DEL SECTOR AGROPECUARIO\u201d"},"content":{"rendered":"\n<p><strong><em>&nbsp;\u201cPara que Entre R\u00edos salga de su estancamiento necesitamos del trabajo y la producci\u00f3n como ejes fundamentales\u201d<\/em><\/strong><\/p>\n\n\n\n<p>Coincidieron &nbsp;Pedro Galimberti, Mariana Salinas y Dar\u00edo Schneider aL entrevistarse con la Sociedad Rural, el Centro Comercial y vecinos &nbsp;de Villaguay.<\/p>\n\n\n\n<p>El lunes 23 de agosto los precandidatos a diputados nacionales por la lista 502 B Entre R\u00edos Cambia, continuaron su campa\u00f1a de cara a las PASO del pr\u00f3ximo 12 de septiembre, pasando en esta oportunidad por Villaguay.<\/p>\n\n\n\n<p>Con una intensiva agenda, desarrollaron distintas actividades, que incluyeron una reuni\u00f3n con representantes de la Sociedad Rural Villaguay, en la Sala Carlos Nogueira de la entidad. Previamente recorrieron el centro comercial de la ciudad y el Barrio Mar\u00eda Reina, distribuyendo boletas, adem\u00e1s de tomar contacto con medios de comunicaci\u00f3n de la zona. Tambi\u00e9n hubo una reuni\u00f3n con representantes del Centro Comercial.<\/p>\n\n\n\n<p><strong>PREOCUPACI\u00d3N DE RURALISTAS<\/strong><\/p>\n\n\n\n<p>Con los referentes de la Sociedad Rural Villaguay dialogaron sobre problemas que aquejan al sector agropecuario, analizando c\u00f3mo este sector productivo sigue siendo pisoteado por medidas del Ejecutivo y hasta el propio Congreso Nacional, con definiciones pol\u00edticas y la sanci\u00f3n de leyes que perjudican en sobremanera a los trabajadores.<\/p>\n\n\n\n<p>Galimberti mostr\u00f3 su preocupaci\u00f3n y plante\u00f3 <em>que \u201cEstamos hablando de los carpinchos y no de los temas fundamentales del pa\u00eds y la provincia. Y hay legisladores que est\u00e1n preocupados por saber cu\u00e1ntas veces hicieron uso de la palabra o cu\u00e1ntos proyectos presentaron, pero no atienden las problem\u00e1ticas concretas del sector agropecuario y otros sectores a quienes podr\u00edan mejorarles el estado con medidas concretas, proyectos de acompa\u00f1amiento y leyes acordes\u201d<\/em>.<\/p>\n\n\n\n<p>Los ruralistas plantearon la preocupaci\u00f3n por la nula consulta que reciben ante temas que os afectan directamente, indicando que necesitan y merecen tener participaci\u00f3n en el debate previo a la sanci\u00f3n de leyes que los involucran en forma directa.<\/p>\n\n\n\n<p>Manifestaron su acuerdo con muchas posturas que sostienen legisladores de Juntos por el Cambio, pero reconocieron que sienten el an\u00e1lisis incluye temas de su incumbencia como las retenciones al campo, el delito rural, la rotura de los silobolsas y el abigeato en general.<\/p>\n\n\n\n<p>Como conocedor de la problem\u00e1tica rural Galimberti &nbsp;marc\u00f3 la importancia de dialogar con las cuatro entidades rurales que tienen presencia en el pa\u00eds y la provincia, y la relevancia adem\u00e1s de que tengan acuerdos en aspectos fundamentales. <em>\u201cEste pa\u00eds necesita m\u00e1s conducci\u00f3n ejecutiva y menos leyes\u201d<\/em>, dijo, convencido.<\/p>\n\n\n\n<p><em>\u201cDesde nuestro espacio pensamos en un proceso pol\u00edtico que en la provincia, al menos, tiene que ver con los pr\u00f3ximos diez a\u00f1os, donde surgen procesos pol\u00edticos, con liderazgos plurales y regionales, para darle forma a proyectos fundamentales\u201d<\/em>, agreg\u00f3.<\/p>\n\n\n\n<p>Tambi\u00e9n analiz\u00f3 cr\u00edticamente problemas provinciales como, por ejemplo, la situaci\u00f3n actual de Vialidad, envuelta en una desidia alarmante y plante\u00f3 que <em>\u201cEs inconcebible que cada Departamento no cuente al menos con cuestiones b\u00e1sicas como una retroexcavadora y una motoniveladora para garantizar los servicios m\u00ednimamente necesarios, con el necesario control de parte de los propios productores. El Estado entrerriano, lamentablemente, no deja de poner palos en las ruedas. No ofrece soluciones y encima complica a\u00fan m\u00e1s las cosas con su incapacidad e inacci\u00f3n\u201d<\/em>.<\/p>\n\n\n\n<p><strong>OBJETIVOS<\/strong><\/p>\n\n\n\n<p>Los precandidatos coincidieron en afirmar que, <em>\u201cpasadas las elecciones, los dos primeros a\u00f1os ser\u00e1n seguramente de mucha resistencia institucional, siendo tal vez dificultoso conseguir el \u00e9xito inmediato para temas que nos preocupan y queremos poner de una vez por todas en la preponderancia de la agenda pol\u00edtica. Pero s\u00ed ser\u00e1n claves para defender la institucionalidad y la rep\u00fablica, para ponerle un freno al kircherismo y para empezar a torcer la relaci\u00f3n de fuerzas con el objetivo de lograr un triunfo en 2023 tanto en la provincia como el pa\u00eds\u201d<\/em>.<\/p>\n\n\n\n<p>Plantearon en que <em>\u201cPara que Entre R\u00edos salga de su estancamiento necesitamos del trabajo y la producci\u00f3n como ejes fundamentales\u201d<\/em>.<\/p>\n\n\n\n<p>En el corto plazo, ratificaron que <em>\u201cel objetivo fundamental de las elecciones del 12 de septiembre es el reemplazo de los tres actuales diputados de la oposici\u00f3n, renovando mandatos que vencen en diciembre y cumpliendo as\u00ed con lo que se estipula desde lo formal. Pero tenemos claro que esta es una estaci\u00f3n intermedia y que el proyecto que estamos llevando a toda la provincia tiene como objetivo final llegar al Gobierno de Entre R\u00edos para, de una vez y para siempre, sacar a la provincia de esta chatura inconcebible que lleva a muchos a perder la esperanza en un presente y un futuro mejor\u201d<\/em>.<\/p>\n","protected":false},"excerpt":{"rendered":"<p>&nbsp;\u201cPara que Entre R\u00edos salga de su estancamiento necesitamos del trabajo y la producci\u00f3n como ejes fundamentales\u201d Coincidieron &nbsp;Pedro Galimberti,&hellip;<\/p>\n","protected":false},"author":1,"featured_media":5995,"comment_status":"closed","ping_status":"closed","sticky":false,"template":"","format":"standard","meta":{"_joinchat":[],"footnotes":""},"categories":[65,69,349],"tags":[],"class_list":["post-8687","post","type-post","status-publish","format-standard","has-post-thumbnail","hentry","category-destacados","category-noticias","category-politica"],"yoast_head":"<!-- This site is optimized with the Yoast SEO plugin v25.1 - https:\/\/yoast.com\/wordpress\/plugins\/seo\/ -->\n<title>GALIMBERTI EN VILLAGUAY: \u201cHAY QUE HABLAR MENOS DE LOS CARPINCHOS Y M\u00c1S DE LOS VERDADEROS PROBLEMAS DEL SECTOR AGROPECUARIO\u201d - Del \u00c9xodo Nogoy\u00e1<\/title>\n<meta name=\"robots\" content=\"index, follow, max-snippet:-1, max-image-preview:large, max-video-preview:-1\" \/>\n<link rel=\"canonical\" href=\"https:\/\/www.delexodo.com.ar\/?p=8687\" \/>\n<meta property=\"og:locale\" content=\"es_ES\" \/>\n<meta property=\"og:type\" content=\"article\" \/>\n<meta property=\"og:title\" content=\"GALIMBERTI EN VILLAGUAY: \u201cHAY QUE HABLAR MENOS DE LOS CARPINCHOS Y M\u00c1S DE LOS VERDADEROS PROBLEMAS DEL SECTOR AGROPECUARIO\u201d - Del \u00c9xodo Nogoy\u00e1\" \/>\n<meta property=\"og:description\" content=\"&nbsp;\u201cPara que Entre R\u00edos salga de su estancamiento necesitamos del trabajo y la producci\u00f3n como ejes fundamentales\u201d Coincidieron &nbsp;Pedro Galimberti,&hellip;\" \/>\n<meta property=\"og:url\" content=\"https:\/\/www.delexodo.com.ar\/?p=8687\" \/>\n<meta property=\"og:site_name\" content=\"Del \u00c9xodo Nogoy\u00e1\" \/>\n<meta property=\"article:published_time\" content=\"2021-08-24T22:46:50+00:00\" \/>\n<meta property=\"article:modified_time\" content=\"2021-08-24T22:46:51+00:00\" \/>\n<meta property=\"og:image\" content=\"https:\/\/www.delexodo.com.ar\/wp-content\/uploads\/2020\/04\/Galimberti.jpg\" \/>\n\t<meta property=\"og:image:width\" content=\"3017\" \/>\n\t<meta property=\"og:image:height\" content=\"2322\" \/>\n\t<meta property=\"og:image:type\" content=\"image\/jpeg\" \/>\n<meta name=\"author\" content=\"admin\" \/>\n<meta name=\"twitter:card\" content=\"summary_large_image\" \/>\n<meta name=\"twitter:label1\" content=\"Escrito por\" \/>\n\t<meta name=\"twitter:data1\" content=\"admin\" \/>\n\t<meta name=\"twitter:label2\" content=\"Tiempo de lectura\" \/>\n\t<meta name=\"twitter:data2\" content=\"4 minutos\" \/>\n<script type=\"application\/ld+json\" class=\"yoast-schema-graph\">{\"@context\":\"https:\/\/schema.org\",\"@graph\":[{\"@type\":\"Article\",\"@id\":\"https:\/\/www.delexodo.com.ar\/?p=8687#article\",\"isPartOf\":{\"@id\":\"https:\/\/www.delexodo.com.ar\/?p=8687\"},\"author\":{\"name\":\"admin\",\"@id\":\"https:\/\/www.delexodo.com.ar\/#\/schema\/person\/bbed37f7da8e938660b34f2013ba449d\"},\"headline\":\"GALIMBERTI EN VILLAGUAY: \u201cHAY QUE HABLAR MENOS DE LOS CARPINCHOS Y M\u00c1S DE LOS VERDADEROS PROBLEMAS DEL SECTOR AGROPECUARIO\u201d\",\"datePublished\":\"2021-08-24T22:46:50+00:00\",\"dateModified\":\"2021-08-24T22:46:51+00:00\",\"mainEntityOfPage\":{\"@id\":\"https:\/\/www.delexodo.com.ar\/?p=8687\"},\"wordCount\":798,\"publisher\":{\"@id\":\"https:\/\/www.delexodo.com.ar\/#organization\"},\"image\":{\"@id\":\"https:\/\/www.delexodo.com.ar\/?p=8687#primaryimage\"},\"thumbnailUrl\":\"https:\/\/www.delexodo.com.ar\/wp-content\/uploads\/2020\/04\/Galimberti.jpg\",\"articleSection\":[\"Destacados\",\"NOTICIAS\",\"Politica\"],\"inLanguage\":\"es\"},{\"@type\":\"WebPage\",\"@id\":\"https:\/\/www.delexodo.com.ar\/?p=8687\",\"url\":\"https:\/\/www.delexodo.com.ar\/?p=8687\",\"name\":\"GALIMBERTI EN VILLAGUAY: \u201cHAY QUE HABLAR MENOS DE LOS CARPINCHOS Y M\u00c1S DE LOS VERDADEROS PROBLEMAS DEL SECTOR AGROPECUARIO\u201d - Del \u00c9xodo Nogoy\u00e1\",\"isPartOf\":{\"@id\":\"https:\/\/www.delexodo.com.ar\/#website\"},\"primaryImageOfPage\":{\"@id\":\"https:\/\/www.delexodo.com.ar\/?p=8687#primaryimage\"},\"image\":{\"@id\":\"https:\/\/www.delexodo.com.ar\/?p=8687#primaryimage\"},\"thumbnailUrl\":\"https:\/\/www.delexodo.com.ar\/wp-content\/uploads\/2020\/04\/Galimberti.jpg\",\"datePublished\":\"2021-08-24T22:46:50+00:00\",\"dateModified\":\"2021-08-24T22:46:51+00:00\",\"breadcrumb\":{\"@id\":\"https:\/\/www.delexodo.com.ar\/?p=8687#breadcrumb\"},\"inLanguage\":\"es\",\"potentialAction\":[{\"@type\":\"ReadAction\",\"target\":[\"https:\/\/www.delexodo.com.ar\/?p=8687\"]}]},{\"@type\":\"ImageObject\",\"inLanguage\":\"es\",\"@id\":\"https:\/\/www.delexodo.com.ar\/?p=8687#primaryimage\",\"url\":\"https:\/\/www.delexodo.com.ar\/wp-content\/uploads\/2020\/04\/Galimberti.jpg\",\"contentUrl\":\"https:\/\/www.delexodo.com.ar\/wp-content\/uploads\/2020\/04\/Galimberti.jpg\",\"width\":3017,\"height\":2322,\"caption\":\"KODAK Digital Still Camera\"},{\"@type\":\"BreadcrumbList\",\"@id\":\"https:\/\/www.delexodo.com.ar\/?p=8687#breadcrumb\",\"itemListElement\":[{\"@type\":\"ListItem\",\"position\":1,\"name\":\"Portada\",\"item\":\"https:\/\/www.delexodo.com.ar\/\"},{\"@type\":\"ListItem\",\"position\":2,\"name\":\"GALIMBERTI EN VILLAGUAY: \u201cHAY QUE HABLAR MENOS DE LOS CARPINCHOS Y M\u00c1S DE LOS VERDADEROS PROBLEMAS DEL SECTOR AGROPECUARIO\u201d\"}]},{\"@type\":\"WebSite\",\"@id\":\"https:\/\/www.delexodo.com.ar\/#website\",\"url\":\"https:\/\/www.delexodo.com.ar\/\",\"name\":\"Del \u00c9xodo Nogoy\u00e1\",\"description\":\"El Portal de Noticias de la Regi\u00f3n\",\"publisher\":{\"@id\":\"https:\/\/www.delexodo.com.ar\/#organization\"},\"potentialAction\":[{\"@type\":\"SearchAction\",\"target\":{\"@type\":\"EntryPoint\",\"urlTemplate\":\"https:\/\/www.delexodo.com.ar\/?s={search_term_string}\"},\"query-input\":{\"@type\":\"PropertyValueSpecification\",\"valueRequired\":true,\"valueName\":\"search_term_string\"}}],\"inLanguage\":\"es\"},{\"@type\":\"Organization\",\"@id\":\"https:\/\/www.delexodo.com.ar\/#organization\",\"name\":\"Del \u00c9xodo Nogoy\u00e1\",\"url\":\"https:\/\/www.delexodo.com.ar\/\",\"logo\":{\"@type\":\"ImageObject\",\"inLanguage\":\"es\",\"@id\":\"https:\/\/www.delexodo.com.ar\/#\/schema\/logo\/image\/\",\"url\":\"https:\/\/www.delexodo.com.ar\/wp-content\/uploads\/2024\/10\/cropped-cropped-LOGO24.png\",\"contentUrl\":\"https:\/\/www.delexodo.com.ar\/wp-content\/uploads\/2024\/10\/cropped-cropped-LOGO24.png\",\"width\":512,\"height\":349,\"caption\":\"Del \u00c9xodo Nogoy\u00e1\"},\"image\":{\"@id\":\"https:\/\/www.delexodo.com.ar\/#\/schema\/logo\/image\/\"}},{\"@type\":\"Person\",\"@id\":\"https:\/\/www.delexodo.com.ar\/#\/schema\/person\/bbed37f7da8e938660b34f2013ba449d\",\"name\":\"admin\",\"image\":{\"@type\":\"ImageObject\",\"inLanguage\":\"es\",\"@id\":\"https:\/\/www.delexodo.com.ar\/#\/schema\/person\/image\/\",\"url\":\"https:\/\/secure.gravatar.com\/avatar\/6b1558d1b6df085f1901bd5bd98523d7?s=96&d=mm&r=g\",\"contentUrl\":\"https:\/\/secure.gravatar.com\/avatar\/6b1558d1b6df085f1901bd5bd98523d7?s=96&d=mm&r=g\",\"caption\":\"admin\"},\"url\":\"https:\/\/www.delexodo.com.ar\/?author=1\"}]}<\/script>\n<!-- \/ Yoast SEO plugin. -->","yoast_head_json":{"title":"GALIMBERTI EN VILLAGUAY: \u201cHAY QUE HABLAR MENOS DE LOS CARPINCHOS Y M\u00c1S DE LOS VERDADEROS PROBLEMAS DEL SECTOR AGROPECUARIO\u201d - Del \u00c9xodo Nogoy\u00e1","robots":{"index":"index","follow":"follow","max-snippet":"max-snippet:-1","max-image-preview":"max-image-preview:large","max-video-preview":"max-video-preview:-1"},"canonical":"https:\/\/www.delexodo.com.ar\/?p=8687","og_locale":"es_ES","og_type":"article","og_title":"GALIMBERTI EN VILLAGUAY: \u201cHAY QUE HABLAR MENOS DE LOS CARPINCHOS Y M\u00c1S DE LOS VERDADEROS PROBLEMAS DEL SECTOR AGROPECUARIO\u201d - Del \u00c9xodo Nogoy\u00e1","og_description":"&nbsp;\u201cPara que Entre R\u00edos salga de su estancamiento necesitamos del trabajo y la producci\u00f3n como ejes fundamentales\u201d Coincidieron &nbsp;Pedro Galimberti,&hellip;","og_url":"https:\/\/www.delexodo.com.ar\/?p=8687","og_site_name":"Del \u00c9xodo Nogoy\u00e1","article_published_time":"2021-08-24T22:46:50+00:00","article_modified_time":"2021-08-24T22:46:51+00:00","og_image":[{"width":3017,"height":2322,"url":"https:\/\/www.delexodo.com.ar\/wp-content\/uploads\/2020\/04\/Galimberti.jpg","type":"image\/jpeg"}],"author":"admin","twitter_card":"summary_large_image","twitter_misc":{"Escrito por":"admin","Tiempo de lectura":"4 minutos"},"schema":{"@context":"https:\/\/schema.org","@graph":[{"@type":"Article","@id":"https:\/\/www.delexodo.com.ar\/?p=8687#article","isPartOf":{"@id":"https:\/\/www.delexodo.com.ar\/?p=8687"},"author":{"name":"admin","@id":"https:\/\/www.delexodo.com.ar\/#\/schema\/person\/bbed37f7da8e938660b34f2013ba449d"},"headline":"GALIMBERTI EN VILLAGUAY: \u201cHAY QUE HABLAR MENOS DE LOS CARPINCHOS Y M\u00c1S DE LOS VERDADEROS PROBLEMAS DEL SECTOR AGROPECUARIO\u201d","datePublished":"2021-08-24T22:46:50+00:00","dateModified":"2021-08-24T22:46:51+00:00","mainEntityOfPage":{"@id":"https:\/\/www.delexodo.com.ar\/?p=8687"},"wordCount":798,"publisher":{"@id":"https:\/\/www.delexodo.com.ar\/#organization"},"image":{"@id":"https:\/\/www.delexodo.com.ar\/?p=8687#primaryimage"},"thumbnailUrl":"https:\/\/www.delexodo.com.ar\/wp-content\/uploads\/2020\/04\/Galimberti.jpg","articleSection":["Destacados","NOTICIAS","Politica"],"inLanguage":"es"},{"@type":"WebPage","@id":"https:\/\/www.delexodo.com.ar\/?p=8687","url":"https:\/\/www.delexodo.com.ar\/?p=8687","name":"GALIMBERTI EN VILLAGUAY: \u201cHAY QUE HABLAR MENOS DE LOS CARPINCHOS Y M\u00c1S DE LOS VERDADEROS PROBLEMAS DEL SECTOR AGROPECUARIO\u201d - Del \u00c9xodo Nogoy\u00e1","isPartOf":{"@id":"https:\/\/www.delexodo.com.ar\/#website"},"primaryImageOfPage":{"@id":"https:\/\/www.delexodo.com.ar\/?p=8687#primaryimage"},"image":{"@id":"https:\/\/www.delexodo.com.ar\/?p=8687#primaryimage"},"thumbnailUrl":"https:\/\/www.delexodo.com.ar\/wp-content\/uploads\/2020\/04\/Galimberti.jpg","datePublished":"2021-08-24T22:46:50+00:00","dateModified":"2021-08-24T22:46:51+00:00","breadcrumb":{"@id":"https:\/\/www.delexodo.com.ar\/?p=8687#breadcrumb"},"inLanguage":"es","potentialAction":[{"@type":"ReadAction","target":["https:\/\/www.delexodo.com.ar\/?p=8687"]}]},{"@type":"ImageObject","inLanguage":"es","@id":"https:\/\/www.delexodo.com.ar\/?p=8687#primaryimage","url":"https:\/\/www.delexodo.com.ar\/wp-content\/uploads\/2020\/04\/Galimberti.jpg","contentUrl":"https:\/\/www.delexodo.com.ar\/wp-content\/uploads\/2020\/04\/Galimberti.jpg","width":3017,"height":2322,"caption":"KODAK Digital Still Camera"},{"@type":"BreadcrumbList","@id":"https:\/\/www.delexodo.com.ar\/?p=8687#breadcrumb","itemListElement":[{"@type":"ListItem","position":1,"name":"Portada","item":"https:\/\/www.delexodo.com.ar\/"},{"@type":"ListItem","position":2,"name":"GALIMBERTI EN VILLAGUAY: \u201cHAY QUE HABLAR MENOS DE LOS CARPINCHOS Y M\u00c1S DE LOS VERDADEROS PROBLEMAS DEL SECTOR AGROPECUARIO\u201d"}]},{"@type":"WebSite","@id":"https:\/\/www.delexodo.com.ar\/#website","url":"https:\/\/www.delexodo.com.ar\/","name":"Del \u00c9xodo Nogoy\u00e1","description":"El Portal de Noticias de la Regi\u00f3n","publisher":{"@id":"https:\/\/www.delexodo.com.ar\/#organization"},"potentialAction":[{"@type":"SearchAction","target":{"@type":"EntryPoint","urlTemplate":"https:\/\/www.delexodo.com.ar\/?s={search_term_string}"},"query-input":{"@type":"PropertyValueSpecification","valueRequired":true,"valueName":"search_term_string"}}],"inLanguage":"es"},{"@type":"Organization","@id":"https:\/\/www.delexodo.com.ar\/#organization","name":"Del \u00c9xodo Nogoy\u00e1","url":"https:\/\/www.delexodo.com.ar\/","logo":{"@type":"ImageObject","inLanguage":"es","@id":"https:\/\/www.delexodo.com.ar\/#\/schema\/logo\/image\/","url":"https:\/\/www.delexodo.com.ar\/wp-content\/uploads\/2024\/10\/cropped-cropped-LOGO24.png","contentUrl":"https:\/\/www.delexodo.com.ar\/wp-content\/uploads\/2024\/10\/cropped-cropped-LOGO24.png","width":512,"height":349,"caption":"Del \u00c9xodo Nogoy\u00e1"},"image":{"@id":"https:\/\/www.delexodo.com.ar\/#\/schema\/logo\/image\/"}},{"@type":"Person","@id":"https:\/\/www.delexodo.com.ar\/#\/schema\/person\/bbed37f7da8e938660b34f2013ba449d","name":"admin","image":{"@type":"ImageObject","inLanguage":"es","@id":"https:\/\/www.delexodo.com.ar\/#\/schema\/person\/image\/","url":"https:\/\/secure.gravatar.com\/avatar\/6b1558d1b6df085f1901bd5bd98523d7?s=96&d=mm&r=g","contentUrl":"https:\/\/secure.gravatar.com\/avatar\/6b1558d1b6df085f1901bd5bd98523d7?s=96&d=mm&r=g","caption":"admin"},"url":"https:\/\/www.delexodo.com.ar\/?author=1"}]}},"_links":{"self":[{"href":"https:\/\/www.delexodo.com.ar\/index.php?rest_route=\/wp\/v2\/posts\/8687","targetHints":{"allow":["GET"]}}],"collection":[{"href":"https:\/\/www.delexodo.com.ar\/index.php?rest_route=\/wp\/v2\/posts"}],"about":[{"href":"https:\/\/www.delexodo.com.ar\/index.php?rest_route=\/wp\/v2\/types\/post"}],"author":[{"embeddable":true,"href":"https:\/\/www.delexodo.com.ar\/index.php?rest_route=\/wp\/v2\/users\/1"}],"replies":[{"embeddable":true,"href":"https:\/\/www.delexodo.com.ar\/index.php?rest_route=%2Fwp%2Fv2%2Fcomments&post=8687"}],"version-history":[{"count":0,"href":"https:\/\/www.delexodo.com.ar\/index.php?rest_route=\/wp\/v2\/posts\/8687\/revisions"}],"wp:featuredmedia":[{"embeddable":true,"href":"https:\/\/www.delexodo.com.ar\/index.php?rest_route=\/wp\/v2\/media\/5995"}],"wp:attachment":[{"href":"https:\/\/www.delexodo.com.ar\/index.php?rest_route=%2Fwp%2Fv2%2Fmedia&parent=8687"}],"wp:term":[{"taxonomy":"category","embeddable":true,"href":"https:\/\/www.delexodo.com.ar\/index.php?rest_route=%2Fwp%2Fv2%2Fcategories&post=8687"},{"taxonomy":"post_tag","embeddable":true,"href":"https:\/\/www.delexodo.com.ar\/index.php?rest_route=%2Fwp%2Fv2%2Ftags&post=8687"}],"curies":[{"name":"wp","href":"https:\/\/api.w.org\/{rel}","templated":true}]}}