{"id":8679,"date":"2021-08-22T20:51:28","date_gmt":"2021-08-22T23:51:28","guid":{"rendered":"http:\/\/www.delexodo.com.ar\/?p=8679"},"modified":"2021-08-22T20:51:29","modified_gmt":"2021-08-22T23:51:29","slug":"nogoya-actividad-policial-durante-la-semana","status":"publish","type":"post","link":"https:\/\/www.delexodo.com.ar\/?p=8679","title":{"rendered":"NOGOY\u00c1: ACTIVIDAD POLICIAL DURANTE LA SEMANA"},"content":{"rendered":"\n<p>La Polic\u00eda de Entre R\u00edos a trav\u00e9s de la Jefatura Departamental Nogoy\u00e1 informa a la ciudadan\u00eda en general las novedades de m\u00e1s importancia, que se puedan dar a conocer en forma p\u00fablica sin comprometer la identidad de las personas y\/o transgredir disposiciones legales vigentes, acaecidas en el \u00e1mbito jurisdiccional durante los \u00faltimos d\u00edas.<\/p>\n\n\n\n<p>SE RECUPERAN LADRILLOS SUSTRAIDOS DE OBRA EN CONSTRUCCION<\/p>\n\n\n\n<p>17\/08\/21 &#8211; 20:20 Hs. &#8211; Comisaria Villa 3 de Febrero, inicia Actuaciones de Oficio por Supuesto Delito de Hurto, en perjuicio de masculino de 26 a\u00f1os de edad, dado que a ra\u00edz de llamado telef\u00f3nico se toma conocimiento que de obra en construcci\u00f3n en calle Islas del Ibicuy de esta ciudad, faltar\u00edan ladrillos cer\u00e1micos, por ello,&nbsp; personal de Dependencia de Jurisdicci\u00f3n, llegados al lugar, observan un veh\u00edculo Ford K que se retiraba del lugar r\u00e1pidamente, logrando interceptarlo, en calle Sixto Oriz, lugar donde el conductor del rodado desciende e ingresa a una vivienda, quedando el autom\u00f3vil en la calle, cargado con 74 ladrillos cer\u00e1micos huecos, los cuales momentos antes hab\u00edan sido sustra\u00eddos. Se inform\u00f3 a Fiscal en turno, quien dispuso que los ladrillos sean secuestrados y entregados al propietario, asimismo intervino personal de Divisi\u00f3n Criminal\u00edstica y Divisi\u00f3n Investigaciones. Se individualiz\u00f3 e identific\u00f3 al conductor del rodado, masculino de 27 a\u00f1os de edad, quien quedo supeditado a la Causa Judicial en tr\u00e1mite.<\/p>\n\n\n\n<p>MASCULINO DETENIDO POR DESOBEDIENCIA JUDICIAL<\/p>\n\n\n\n<p>18\/08\/21 &#8211; 15:20 HS. &#8211; Personal de Divisi\u00f3n Investigaciones y Comisaria Villa 3 de Febrero, en horas de la tarde, en virtud de Causa Judicial en tr\u00e1mite y ante caso omiso a contenido de Mandamiento Judicial ( prohibici\u00f3n de acercamiento y cese de actos molestos), en cumplimiento de oficio del Juzgado de Transici\u00f3n y Garant\u00edas local, se procedi\u00f3 a la detenci\u00f3n de un masculino de 24 a\u00f1os de edad, por Supuesto Delito de DESOBEDIENCIA JUDICIAL, quedo alojado en esta Jefatura Departamental.<\/p>\n\n\n\n<p>SECUESTRO DE MOTOVEHICULO \u2013 TENIA PEDIDO DE SECUESTRO DEL 26\/02\/2021 POR POLICIA DE MORTEROS \u2013 PROVINCIA DE CORDOBA<\/p>\n\n\n\n<p>19\/08\/21 &#8211; 20:30 HS. &#8211; Divisi\u00f3n Investigaciones Inicia Actuaciones Policiales en virtud de estar en vigencia pedido de secuestro de moto veh\u00edculo marca&nbsp; Honda, modelo Storm,&nbsp;&nbsp; esto solicitado por Polic\u00eda de la localidad de Morteros, Provincia de C\u00f3rdoba,&nbsp; por denuncia radicada por&nbsp; Hurto del rodado en fecha 26\/02\/21. A ra\u00edz de tareas investigativas y distintas averiguaciones, se ubica en domicilio, de zona Sur de esta ciudad, moto veh\u00edculo,&nbsp; del cual se corrobora Numero de chasis y motor en sistema inform\u00e1tico, siendo coincidentes con el interesado; masculino de 27 a\u00f1os de edad, hace entrega del rodado, se dio a conocimiento de lo acontecido a&nbsp; Sra. Fiscal en turno, procedi\u00e9ndose al formal secuestro bajo Acta correspondiente, y personal de Divisi\u00f3n Criminal\u00edstica, efectu\u00f3 placas fotogr\u00e1ficas.<\/p>\n\n\n\n<p>SECUESTRO DE REVOLVER &#8211; AMENAZAS Y TENENCIA ILEGAL DE ARMA DE FUEGO<\/p>\n\n\n\n<p>19\/08\/21 &#8211; 22:30 Hs. &#8211; Secci\u00f3n Judiciales en virtud de Denuncia radicada por femenina de 42 a\u00f1os de edad, con domicilio en esta ciudad, al suscitarse inconvenientes reiterados con un familiar, amenazas, situaciones de agresi\u00f3n verbal y f\u00edsica, denunciado tambi\u00e9n en su momento; en el d\u00eda de la fecha, este masculino,&nbsp; en estado de ebriedad actu\u00f3 de forma similar, se mencion\u00f3 que tendr\u00eda un&nbsp; arma de fuego, tipo revolver; se comunic\u00f3 a Sra., Fiscal en Turno,&nbsp;&nbsp; quien dio directivas al respecto, lo cual se llev\u00f3 a la pr\u00e1ctica, con resultado positivo, procedi\u00e9ndose al secuestro de un Revolver calibre 32 largo, marca \u201cOrbea\u201d, municionado completo, tambor con ( 06 )&nbsp; SEIS cartuchos de proyectil \u00fanico; sin documentaci\u00f3n alguna, y se dio intervenci\u00f3n a Personal de Divisi\u00f3n Criminal\u00edstica para toma de placas fotogr\u00e1ficas.<\/p>\n\n\n\n<p>SECUESTRO DE MOTOVEHICULO marca Motomel 150 c.c. \u2013 PARA ESTABLECER PROPIEDAD<\/p>\n\n\n\n<p>20\/08\/21 &#8211; 20:20 Hs. &#8211; Comisaria Lucas Gonz\u00e1lez, Inicia Actuaciones Policiales \u201cDe Oficio Para Establecer Real Propiedad y Procedencia de motoveh\u00edculo marca Motomel,&nbsp; dado que aproximadamente, 23:00 Hs., del jueves \u00faltimo, personal de Cria. XX de Septiembre, ubic\u00f3 en camino vecinal, motoveh\u00edculo marca Motomel, modelo CUS 150 c.c. color verde, en regular estado de conservaci\u00f3n, abandonado, por lo cual se lo traslad\u00f3 para su resguardo a Dependencia; luego habi\u00e9ndose esperado un tiempo prudencial, sin haber comparecido persona alguna a reclamar el mismo, se dio a conocimiento a Sra., Fiscal en turno y se procedi\u00f3 al Secuestro mediante Acta de Estilo.<\/p>\n\n\n\n<p>INCENDIO DE&nbsp; CAMIONETA \u2013 RUTA 12 KM 364<\/p>\n\n\n\n<p>21\/08\/2021 &#8211; 10:00 Hs. &#8211; Comisar\u00eda Hern\u00e1ndez, toma conocimiento que sobre Ruta Nacional N\u00ba 12 a la altura del Kil\u00f3metro 364 aproximadamente,&nbsp; se habr\u00eda originado foco \u00edgneo en una camioneta marca Chevrolet Silverado,&nbsp; que era conducida por&nbsp; masculino de 29 a\u00f1os&nbsp; de edad, con domicilio en la localidad de Urdinarrain,&nbsp; y seg\u00fan sus dichos, se dirig\u00eda solo,&nbsp; hacia la ciudad de Paran\u00e1, y producto de un desperfecto, que ser\u00eda a determinar, tomo fuego el rodado por completo;&nbsp; fue sofocado por Bomberos Voluntarios de Hern\u00e1ndez, el conductor result\u00f3 ileso.<\/p>\n\n\n\n<p>CONTRAVENCIONES<\/p>\n\n\n\n<p>Se registr\u00f3 el ingreso de seis (06) personas a esta Jefatura Departamental por supuesta infracci\u00f3n a disposiciones contempladas en la Ley Org\u00e1nica Pcial. N\u00ba3.815 y modificatorias.<\/p>\n\n\n\n<p>OPERATIVOS \u201cCONTROL DE MOTOS\u201d<\/p>\n\n\n\n<p>Por aplicaci\u00f3n del Decreto M.G.J. N\u00ba2675\/14, en el transcurso de la semana se procedi\u00f3 a la retenci\u00f3n de diez (10) motoveh\u00edculos por no reunir las condiciones exigidas para poder circular acorde a reglamentaci\u00f3n vigente.<\/p>\n\n\n\n<p>OPERATIVOS EN CONJUNTO CON PERSONAL DEL AREA DE COMERCIO Y TRANSITO MUNICIPAL<\/p>\n\n\n\n<p>Se realizan operativos en distintos comercios y eventos, asimismo control vehicular en el \u00e1mbito de nuestra ciudad, los cuales se llevan a cabo requiriendo documentaci\u00f3n obligatoria a los conductores, con realizaci\u00f3n de test de alcoholemia, procediendo a la retenci\u00f3n vehicular si as\u00ed correspondiera.<\/p>\n","protected":false},"excerpt":{"rendered":"<p>La Polic\u00eda de Entre R\u00edos a trav\u00e9s de la Jefatura Departamental Nogoy\u00e1 informa a la ciudadan\u00eda en general las novedades&hellip;<\/p>\n","protected":false},"author":1,"featured_media":6566,"comment_status":"closed","ping_status":"closed","sticky":false,"template":"","format":"standard","meta":{"_joinchat":[],"footnotes":""},"categories":[65,1,69,350],"tags":[],"class_list":["post-8679","post","type-post","status-publish","format-standard","has-post-thumbnail","hentry","category-destacados","category-sincategoria","category-noticias","category-policiales"],"yoast_head":"<!-- This site is optimized with the Yoast SEO plugin v25.1 - https:\/\/yoast.com\/wordpress\/plugins\/seo\/ -->\n<title>NOGOY\u00c1: ACTIVIDAD POLICIAL DURANTE LA SEMANA - Del \u00c9xodo Nogoy\u00e1<\/title>\n<meta name=\"robots\" content=\"index, follow, max-snippet:-1, max-image-preview:large, max-video-preview:-1\" \/>\n<link rel=\"canonical\" href=\"https:\/\/www.delexodo.com.ar\/?p=8679\" \/>\n<meta property=\"og:locale\" content=\"es_ES\" \/>\n<meta property=\"og:type\" content=\"article\" \/>\n<meta property=\"og:title\" content=\"NOGOY\u00c1: ACTIVIDAD POLICIAL DURANTE LA SEMANA - Del \u00c9xodo Nogoy\u00e1\" \/>\n<meta property=\"og:description\" content=\"La Polic\u00eda de Entre R\u00edos a trav\u00e9s de la Jefatura Departamental Nogoy\u00e1 informa a la ciudadan\u00eda en general las novedades&hellip;\" \/>\n<meta property=\"og:url\" content=\"https:\/\/www.delexodo.com.ar\/?p=8679\" \/>\n<meta property=\"og:site_name\" content=\"Del \u00c9xodo Nogoy\u00e1\" \/>\n<meta property=\"article:published_time\" content=\"2021-08-22T23:51:28+00:00\" \/>\n<meta property=\"article:modified_time\" content=\"2021-08-22T23:51:29+00:00\" \/>\n<meta property=\"og:image\" content=\"https:\/\/www.delexodo.com.ar\/wp-content\/uploads\/2020\/07\/policia-jefatura-760x450-1.jpg\" \/>\n\t<meta property=\"og:image:width\" content=\"760\" \/>\n\t<meta property=\"og:image:height\" content=\"450\" \/>\n\t<meta property=\"og:image:type\" content=\"image\/jpeg\" \/>\n<meta name=\"author\" content=\"admin\" \/>\n<meta name=\"twitter:card\" content=\"summary_large_image\" \/>\n<meta name=\"twitter:label1\" content=\"Escrito por\" \/>\n\t<meta name=\"twitter:data1\" content=\"admin\" \/>\n\t<meta name=\"twitter:label2\" content=\"Tiempo de lectura\" \/>\n\t<meta name=\"twitter:data2\" content=\"5 minutos\" \/>\n<script type=\"application\/ld+json\" class=\"yoast-schema-graph\">{\"@context\":\"https:\/\/schema.org\",\"@graph\":[{\"@type\":\"Article\",\"@id\":\"https:\/\/www.delexodo.com.ar\/?p=8679#article\",\"isPartOf\":{\"@id\":\"https:\/\/www.delexodo.com.ar\/?p=8679\"},\"author\":{\"name\":\"admin\",\"@id\":\"https:\/\/www.delexodo.com.ar\/#\/schema\/person\/bbed37f7da8e938660b34f2013ba449d\"},\"headline\":\"NOGOY\u00c1: ACTIVIDAD POLICIAL DURANTE LA SEMANA\",\"datePublished\":\"2021-08-22T23:51:28+00:00\",\"dateModified\":\"2021-08-22T23:51:29+00:00\",\"mainEntityOfPage\":{\"@id\":\"https:\/\/www.delexodo.com.ar\/?p=8679\"},\"wordCount\":991,\"publisher\":{\"@id\":\"https:\/\/www.delexodo.com.ar\/#organization\"},\"image\":{\"@id\":\"https:\/\/www.delexodo.com.ar\/?p=8679#primaryimage\"},\"thumbnailUrl\":\"https:\/\/www.delexodo.com.ar\/wp-content\/uploads\/2020\/07\/policia-jefatura-760x450-1.jpg\",\"articleSection\":[\"Destacados\",\"Nogoya\",\"NOTICIAS\",\"Policiales\"],\"inLanguage\":\"es\"},{\"@type\":\"WebPage\",\"@id\":\"https:\/\/www.delexodo.com.ar\/?p=8679\",\"url\":\"https:\/\/www.delexodo.com.ar\/?p=8679\",\"name\":\"NOGOY\u00c1: ACTIVIDAD POLICIAL DURANTE LA SEMANA - Del \u00c9xodo Nogoy\u00e1\",\"isPartOf\":{\"@id\":\"https:\/\/www.delexodo.com.ar\/#website\"},\"primaryImageOfPage\":{\"@id\":\"https:\/\/www.delexodo.com.ar\/?p=8679#primaryimage\"},\"image\":{\"@id\":\"https:\/\/www.delexodo.com.ar\/?p=8679#primaryimage\"},\"thumbnailUrl\":\"https:\/\/www.delexodo.com.ar\/wp-content\/uploads\/2020\/07\/policia-jefatura-760x450-1.jpg\",\"datePublished\":\"2021-08-22T23:51:28+00:00\",\"dateModified\":\"2021-08-22T23:51:29+00:00\",\"breadcrumb\":{\"@id\":\"https:\/\/www.delexodo.com.ar\/?p=8679#breadcrumb\"},\"inLanguage\":\"es\",\"potentialAction\":[{\"@type\":\"ReadAction\",\"target\":[\"https:\/\/www.delexodo.com.ar\/?p=8679\"]}]},{\"@type\":\"ImageObject\",\"inLanguage\":\"es\",\"@id\":\"https:\/\/www.delexodo.com.ar\/?p=8679#primaryimage\",\"url\":\"https:\/\/www.delexodo.com.ar\/wp-content\/uploads\/2020\/07\/policia-jefatura-760x450-1.jpg\",\"contentUrl\":\"https:\/\/www.delexodo.com.ar\/wp-content\/uploads\/2020\/07\/policia-jefatura-760x450-1.jpg\",\"width\":760,\"height\":450},{\"@type\":\"BreadcrumbList\",\"@id\":\"https:\/\/www.delexodo.com.ar\/?p=8679#breadcrumb\",\"itemListElement\":[{\"@type\":\"ListItem\",\"position\":1,\"name\":\"Portada\",\"item\":\"https:\/\/www.delexodo.com.ar\/\"},{\"@type\":\"ListItem\",\"position\":2,\"name\":\"NOGOY\u00c1: ACTIVIDAD POLICIAL DURANTE LA SEMANA\"}]},{\"@type\":\"WebSite\",\"@id\":\"https:\/\/www.delexodo.com.ar\/#website\",\"url\":\"https:\/\/www.delexodo.com.ar\/\",\"name\":\"Del \u00c9xodo Nogoy\u00e1\",\"description\":\"El Portal de Noticias de la Regi\u00f3n\",\"publisher\":{\"@id\":\"https:\/\/www.delexodo.com.ar\/#organization\"},\"potentialAction\":[{\"@type\":\"SearchAction\",\"target\":{\"@type\":\"EntryPoint\",\"urlTemplate\":\"https:\/\/www.delexodo.com.ar\/?s={search_term_string}\"},\"query-input\":{\"@type\":\"PropertyValueSpecification\",\"valueRequired\":true,\"valueName\":\"search_term_string\"}}],\"inLanguage\":\"es\"},{\"@type\":\"Organization\",\"@id\":\"https:\/\/www.delexodo.com.ar\/#organization\",\"name\":\"Del \u00c9xodo Nogoy\u00e1\",\"url\":\"https:\/\/www.delexodo.com.ar\/\",\"logo\":{\"@type\":\"ImageObject\",\"inLanguage\":\"es\",\"@id\":\"https:\/\/www.delexodo.com.ar\/#\/schema\/logo\/image\/\",\"url\":\"https:\/\/www.delexodo.com.ar\/wp-content\/uploads\/2024\/10\/cropped-cropped-LOGO24.png\",\"contentUrl\":\"https:\/\/www.delexodo.com.ar\/wp-content\/uploads\/2024\/10\/cropped-cropped-LOGO24.png\",\"width\":512,\"height\":349,\"caption\":\"Del \u00c9xodo Nogoy\u00e1\"},\"image\":{\"@id\":\"https:\/\/www.delexodo.com.ar\/#\/schema\/logo\/image\/\"}},{\"@type\":\"Person\",\"@id\":\"https:\/\/www.delexodo.com.ar\/#\/schema\/person\/bbed37f7da8e938660b34f2013ba449d\",\"name\":\"admin\",\"image\":{\"@type\":\"ImageObject\",\"inLanguage\":\"es\",\"@id\":\"https:\/\/www.delexodo.com.ar\/#\/schema\/person\/image\/\",\"url\":\"https:\/\/secure.gravatar.com\/avatar\/6b1558d1b6df085f1901bd5bd98523d7?s=96&d=mm&r=g\",\"contentUrl\":\"https:\/\/secure.gravatar.com\/avatar\/6b1558d1b6df085f1901bd5bd98523d7?s=96&d=mm&r=g\",\"caption\":\"admin\"},\"url\":\"https:\/\/www.delexodo.com.ar\/?author=1\"}]}<\/script>\n<!-- \/ Yoast SEO plugin. -->","yoast_head_json":{"title":"NOGOY\u00c1: ACTIVIDAD POLICIAL DURANTE LA SEMANA - Del \u00c9xodo Nogoy\u00e1","robots":{"index":"index","follow":"follow","max-snippet":"max-snippet:-1","max-image-preview":"max-image-preview:large","max-video-preview":"max-video-preview:-1"},"canonical":"https:\/\/www.delexodo.com.ar\/?p=8679","og_locale":"es_ES","og_type":"article","og_title":"NOGOY\u00c1: ACTIVIDAD POLICIAL DURANTE LA SEMANA - Del \u00c9xodo Nogoy\u00e1","og_description":"La Polic\u00eda de Entre R\u00edos a trav\u00e9s de la Jefatura Departamental Nogoy\u00e1 informa a la ciudadan\u00eda en general las novedades&hellip;","og_url":"https:\/\/www.delexodo.com.ar\/?p=8679","og_site_name":"Del \u00c9xodo Nogoy\u00e1","article_published_time":"2021-08-22T23:51:28+00:00","article_modified_time":"2021-08-22T23:51:29+00:00","og_image":[{"width":760,"height":450,"url":"https:\/\/www.delexodo.com.ar\/wp-content\/uploads\/2020\/07\/policia-jefatura-760x450-1.jpg","type":"image\/jpeg"}],"author":"admin","twitter_card":"summary_large_image","twitter_misc":{"Escrito por":"admin","Tiempo de lectura":"5 minutos"},"schema":{"@context":"https:\/\/schema.org","@graph":[{"@type":"Article","@id":"https:\/\/www.delexodo.com.ar\/?p=8679#article","isPartOf":{"@id":"https:\/\/www.delexodo.com.ar\/?p=8679"},"author":{"name":"admin","@id":"https:\/\/www.delexodo.com.ar\/#\/schema\/person\/bbed37f7da8e938660b34f2013ba449d"},"headline":"NOGOY\u00c1: ACTIVIDAD POLICIAL DURANTE LA SEMANA","datePublished":"2021-08-22T23:51:28+00:00","dateModified":"2021-08-22T23:51:29+00:00","mainEntityOfPage":{"@id":"https:\/\/www.delexodo.com.ar\/?p=8679"},"wordCount":991,"publisher":{"@id":"https:\/\/www.delexodo.com.ar\/#organization"},"image":{"@id":"https:\/\/www.delexodo.com.ar\/?p=8679#primaryimage"},"thumbnailUrl":"https:\/\/www.delexodo.com.ar\/wp-content\/uploads\/2020\/07\/policia-jefatura-760x450-1.jpg","articleSection":["Destacados","Nogoya","NOTICIAS","Policiales"],"inLanguage":"es"},{"@type":"WebPage","@id":"https:\/\/www.delexodo.com.ar\/?p=8679","url":"https:\/\/www.delexodo.com.ar\/?p=8679","name":"NOGOY\u00c1: ACTIVIDAD POLICIAL DURANTE LA SEMANA - Del \u00c9xodo Nogoy\u00e1","isPartOf":{"@id":"https:\/\/www.delexodo.com.ar\/#website"},"primaryImageOfPage":{"@id":"https:\/\/www.delexodo.com.ar\/?p=8679#primaryimage"},"image":{"@id":"https:\/\/www.delexodo.com.ar\/?p=8679#primaryimage"},"thumbnailUrl":"https:\/\/www.delexodo.com.ar\/wp-content\/uploads\/2020\/07\/policia-jefatura-760x450-1.jpg","datePublished":"2021-08-22T23:51:28+00:00","dateModified":"2021-08-22T23:51:29+00:00","breadcrumb":{"@id":"https:\/\/www.delexodo.com.ar\/?p=8679#breadcrumb"},"inLanguage":"es","potentialAction":[{"@type":"ReadAction","target":["https:\/\/www.delexodo.com.ar\/?p=8679"]}]},{"@type":"ImageObject","inLanguage":"es","@id":"https:\/\/www.delexodo.com.ar\/?p=8679#primaryimage","url":"https:\/\/www.delexodo.com.ar\/wp-content\/uploads\/2020\/07\/policia-jefatura-760x450-1.jpg","contentUrl":"https:\/\/www.delexodo.com.ar\/wp-content\/uploads\/2020\/07\/policia-jefatura-760x450-1.jpg","width":760,"height":450},{"@type":"BreadcrumbList","@id":"https:\/\/www.delexodo.com.ar\/?p=8679#breadcrumb","itemListElement":[{"@type":"ListItem","position":1,"name":"Portada","item":"https:\/\/www.delexodo.com.ar\/"},{"@type":"ListItem","position":2,"name":"NOGOY\u00c1: ACTIVIDAD POLICIAL DURANTE LA SEMANA"}]},{"@type":"WebSite","@id":"https:\/\/www.delexodo.com.ar\/#website","url":"https:\/\/www.delexodo.com.ar\/","name":"Del \u00c9xodo Nogoy\u00e1","description":"El Portal de Noticias de la Regi\u00f3n","publisher":{"@id":"https:\/\/www.delexodo.com.ar\/#organization"},"potentialAction":[{"@type":"SearchAction","target":{"@type":"EntryPoint","urlTemplate":"https:\/\/www.delexodo.com.ar\/?s={search_term_string}"},"query-input":{"@type":"PropertyValueSpecification","valueRequired":true,"valueName":"search_term_string"}}],"inLanguage":"es"},{"@type":"Organization","@id":"https:\/\/www.delexodo.com.ar\/#organization","name":"Del \u00c9xodo Nogoy\u00e1","url":"https:\/\/www.delexodo.com.ar\/","logo":{"@type":"ImageObject","inLanguage":"es","@id":"https:\/\/www.delexodo.com.ar\/#\/schema\/logo\/image\/","url":"https:\/\/www.delexodo.com.ar\/wp-content\/uploads\/2024\/10\/cropped-cropped-LOGO24.png","contentUrl":"https:\/\/www.delexodo.com.ar\/wp-content\/uploads\/2024\/10\/cropped-cropped-LOGO24.png","width":512,"height":349,"caption":"Del \u00c9xodo Nogoy\u00e1"},"image":{"@id":"https:\/\/www.delexodo.com.ar\/#\/schema\/logo\/image\/"}},{"@type":"Person","@id":"https:\/\/www.delexodo.com.ar\/#\/schema\/person\/bbed37f7da8e938660b34f2013ba449d","name":"admin","image":{"@type":"ImageObject","inLanguage":"es","@id":"https:\/\/www.delexodo.com.ar\/#\/schema\/person\/image\/","url":"https:\/\/secure.gravatar.com\/avatar\/6b1558d1b6df085f1901bd5bd98523d7?s=96&d=mm&r=g","contentUrl":"https:\/\/secure.gravatar.com\/avatar\/6b1558d1b6df085f1901bd5bd98523d7?s=96&d=mm&r=g","caption":"admin"},"url":"https:\/\/www.delexodo.com.ar\/?author=1"}]}},"_links":{"self":[{"href":"https:\/\/www.delexodo.com.ar\/index.php?rest_route=\/wp\/v2\/posts\/8679","targetHints":{"allow":["GET"]}}],"collection":[{"href":"https:\/\/www.delexodo.com.ar\/index.php?rest_route=\/wp\/v2\/posts"}],"about":[{"href":"https:\/\/www.delexodo.com.ar\/index.php?rest_route=\/wp\/v2\/types\/post"}],"author":[{"embeddable":true,"href":"https:\/\/www.delexodo.com.ar\/index.php?rest_route=\/wp\/v2\/users\/1"}],"replies":[{"embeddable":true,"href":"https:\/\/www.delexodo.com.ar\/index.php?rest_route=%2Fwp%2Fv2%2Fcomments&post=8679"}],"version-history":[{"count":0,"href":"https:\/\/www.delexodo.com.ar\/index.php?rest_route=\/wp\/v2\/posts\/8679\/revisions"}],"wp:featuredmedia":[{"embeddable":true,"href":"https:\/\/www.delexodo.com.ar\/index.php?rest_route=\/wp\/v2\/media\/6566"}],"wp:attachment":[{"href":"https:\/\/www.delexodo.com.ar\/index.php?rest_route=%2Fwp%2Fv2%2Fmedia&parent=8679"}],"wp:term":[{"taxonomy":"category","embeddable":true,"href":"https:\/\/www.delexodo.com.ar\/index.php?rest_route=%2Fwp%2Fv2%2Fcategories&post=8679"},{"taxonomy":"post_tag","embeddable":true,"href":"https:\/\/www.delexodo.com.ar\/index.php?rest_route=%2Fwp%2Fv2%2Ftags&post=8679"}],"curies":[{"name":"wp","href":"https:\/\/api.w.org\/{rel}","templated":true}]}}