{"id":8674,"date":"2021-08-18T19:00:27","date_gmt":"2021-08-18T22:00:27","guid":{"rendered":"http:\/\/www.delexodo.com.ar\/?p=8674"},"modified":"2021-08-18T19:00:27","modified_gmt":"2021-08-18T22:00:27","slug":"abrieron-las-preinscripciones-a-la-diplomatura-en-comunicacion-juridica","status":"publish","type":"post","link":"https:\/\/www.delexodo.com.ar\/?p=8674","title":{"rendered":"ABRIERON LAS PREINSCRIPCIONES A LA DIPLOMATURA EN COMUNICACI\u00d3N JUR\u00cdDICA"},"content":{"rendered":"\n<p><em><span style=\"color:#5f6264\" class=\"has-inline-color\">La Diplomatura en Comunicaci\u00f3n Jur\u00eddica es una propuesta formativa de las Facultades de Ciencias de la Educaci\u00f3n y de Ciencias Econ\u00f3micas de la Universidad Nacional de Entre R\u00edos (UNER) en convenio con el Instituto de Formaci\u00f3n Legislativa de la Vicegobernaci\u00f3n de Entre R\u00edos. Es gratuita, con cupo limitado y modalidad de cursado virtual.<\/span><\/em><\/p>\n\n\n\n<p>La\u00a0<a rel=\"noreferrer noopener\" href=\"https:\/\/gmail.us4.list-manage.com\/track\/click?u=a7c0b679790824652097654fd&amp;id=7353f12ab4&amp;e=d65a7e78e5\" target=\"_blank\"><strong>Diplomatura en Comunicaci\u00f3n Jur\u00eddica<\/strong>\u00a0<\/a>es una alternativa formativa acorde a los tiempos que corren. Se justifica y fundamenta en el cruce entre tres vectores: la publicidad de los actos p\u00fablicos (leyes, sentencias y decisiones administrativas); el rol de los medios de comunicaci\u00f3n tradicionales; y las nuevas demandas surgidas de las Tecnolog\u00edas de las Informaci\u00f3n y la Comunicaci\u00f3n (TICs).<br><br>En tal sentido, aporta a la formaci\u00f3n y reflexi\u00f3n sobre esta singular mixtura que supone el ejercicio de las funciones estatales, expresadas en cada esfera de poder, y al mismo tiempo, las demandas de mayor claridad, transparencia y an\u00e1lisis por parte de la sociedad.<br>Si bien en los \u00faltimos a\u00f1os se avanz\u00f3 notoriamente en la confecci\u00f3n de manuales de estilo y en la incorporaci\u00f3n del lenguaje inclusivo, a\u00fan suele resultar dif\u00edcil comprender textos que informan sobre decisiones que provienen de quienes se desempe\u00f1an en el Estado.<br><br>Esta Diplomatura propone habilitar un \u00e1mbito de di\u00e1logo que permita, principalmente, comprender las l\u00f3gicas institucionales y de los operadores (abogados, administrativos, legisladores, jueces, periodistas, comunicadores) conociendo el marco legal b\u00e1sico de esta interrelaci\u00f3n, y capacitar en pr\u00e1cticas comunicacionales espec\u00edficas que favorezcan a la efectiva llegada a la ciudadan\u00eda.<\/p>\n\n\n\n<p><strong>Modalidad, contenidos y certificaci\u00f3n<\/strong><br><br>La modalidad de cursado es virtual con una carga horaria total de ciento sesenta (160) horas. Se cursa en dos (2) cuatrimestres acad\u00e9micos, iniciando el pr\u00f3ximo viernes 10 de septiembre.<br>El cursado comprender\u00e1 cinco (5) m\u00f3dulos que se detallan a continuaci\u00f3n:<br><br>1. Introducci\u00f3n a la Comunicaci\u00f3n y al Derecho.<br>2. Introducci\u00f3n al Derecho y Derecho a la Comunicaci\u00f3n.<br>3. Leguaje claro: t\u00e9cnicas para facilitar la comunicaci\u00f3n jur\u00eddica.<br>4. Perspectiva de G\u00e9nero y Comunicaci\u00f3n.<br>5. Comunicaci\u00f3n y Nuevas Tecnolog\u00edas.<br><br>Adem\u00e1s, se ofrecer\u00e1n seminarios vinculados a la tem\u00e1tica. Por \u00faltimo, se realizar\u00e1 un Taller Integrador de Trabajo Final.&nbsp;Quienes aprueben la Diplomatura recibir\u00e1n el Diploma en Comunicaci\u00f3n Jur\u00eddica, expedido por las Facultades de Ciencias de la Educaci\u00f3n y Ciencias Econ\u00f3micas de la Universidad Nacional de Entre R\u00edos (UNER) en conjunto con el Instituto de Formaci\u00f3n Legislativa de la Vicegobernaci\u00f3n de Entre R\u00edos.<\/p>\n\n\n\n<p>La Diplomatura en Comunicaci\u00f3n Jur\u00eddica se enmarca en los reglamentos vigentes en la Universidad Nacional de Entre R\u00edos (Ordenanza N\u00b0 449 y Resoluci\u00f3n \u201cRect.\u201d N\u00b0 306\/19) y dem\u00e1s normativa sobre el particular.&nbsp;Para obtener la certificaci\u00f3n que acredite la Diplomatura se deben cumplimentar los requisitos establecidos en la normativa de la Universidad Nacional de Entre R\u00edos.<\/p>\n\n\n\n<p><strong>Destinatarios y destinatarias<\/strong><br><br>La Diplomatura en Comunicaci\u00f3n Jur\u00eddica est\u00e1 dirigida a legisladores, legisladoras, concejales, concejalas, funcionarios, funcionarias y agentes de los poderes legislativos y judiciales. Tambi\u00e9n est\u00e1 destinado a comunicadores sociales y periodistas, docentes universitarios, abogados, abogadas, y profesionales en general, vinculados al \u00e1mbito judicial y legislativo e interesados en la tem\u00e1tica.<\/p>\n\n\n\n<p><strong>Preinscripci\u00f3n<\/strong><br><br>Las preinscripciones a la Diplomatura en Comunicaci\u00f3n Jur\u00eddica se encuentran abiertas hasta el 31 de agosto de 2021, las personas interesadas deber\u00e1n completar el formulario on line, adjuntar una nota dirigida al Equipo Evaluador detallando brevemente las razones por las que le interesa dicha formaci\u00f3n acad\u00e9mica (m\u00e1ximo 20 l\u00edneas) y Curriculum Vitae.&nbsp;<\/p>\n\n\n\n<p>Los\/as interesados\/as deber\u00e1n ingresar en el siguiente enlace:\u00a0<a rel=\"noreferrer noopener\" href=\"https:\/\/gmail.us4.list-manage.com\/track\/click?u=a7c0b679790824652097654fd&amp;id=57b068811b&amp;e=d65a7e78e5\" target=\"_blank\"><strong>https:\/\/www.senadoer.gob.ar\/IFL\/inscripciones\/<\/strong><\/a><\/p>\n\n\n\n<p>Para mayor informaci\u00f3n comunicarse a&nbsp;<a href=\"mailto:formacionlegislativa@gmail.com\" target=\"_blank\" rel=\"noreferrer noopener\">formacionlegislativa@gmail.com<\/a><\/p>\n","protected":false},"excerpt":{"rendered":"<p>La Diplomatura en Comunicaci\u00f3n Jur\u00eddica es una propuesta formativa de las Facultades de Ciencias de la Educaci\u00f3n y de Ciencias&hellip;<\/p>\n","protected":false},"author":1,"featured_media":8675,"comment_status":"closed","ping_status":"closed","sticky":false,"template":"","format":"standard","meta":{"_joinchat":[],"footnotes":""},"categories":[65,69],"tags":[345],"class_list":["post-8674","post","type-post","status-publish","format-standard","has-post-thumbnail","hentry","category-destacados","category-noticias","tag-destacar"],"yoast_head":"<!-- This site is optimized with the Yoast SEO plugin v25.1 - https:\/\/yoast.com\/wordpress\/plugins\/seo\/ -->\n<title>ABRIERON LAS PREINSCRIPCIONES A LA DIPLOMATURA EN COMUNICACI\u00d3N JUR\u00cdDICA - Del \u00c9xodo Nogoy\u00e1<\/title>\n<meta name=\"robots\" content=\"index, follow, max-snippet:-1, max-image-preview:large, max-video-preview:-1\" \/>\n<link rel=\"canonical\" href=\"https:\/\/www.delexodo.com.ar\/?p=8674\" \/>\n<meta property=\"og:locale\" content=\"es_ES\" \/>\n<meta property=\"og:type\" content=\"article\" \/>\n<meta property=\"og:title\" content=\"ABRIERON LAS PREINSCRIPCIONES A LA DIPLOMATURA EN COMUNICACI\u00d3N JUR\u00cdDICA - Del \u00c9xodo Nogoy\u00e1\" \/>\n<meta property=\"og:description\" content=\"La Diplomatura en Comunicaci\u00f3n Jur\u00eddica es una propuesta formativa de las Facultades de Ciencias de la Educaci\u00f3n y de Ciencias&hellip;\" \/>\n<meta property=\"og:url\" content=\"https:\/\/www.delexodo.com.ar\/?p=8674\" \/>\n<meta property=\"og:site_name\" content=\"Del \u00c9xodo Nogoy\u00e1\" \/>\n<meta property=\"article:published_time\" content=\"2021-08-18T22:00:27+00:00\" \/>\n<meta property=\"og:image\" content=\"https:\/\/www.delexodo.com.ar\/wp-content\/uploads\/2021\/08\/Diplomatura-en-Comunicacion-Juridica-1.jpg\" \/>\n\t<meta property=\"og:image:width\" content=\"730\" \/>\n\t<meta property=\"og:image:height\" content=\"329\" \/>\n\t<meta property=\"og:image:type\" content=\"image\/jpeg\" \/>\n<meta name=\"author\" content=\"admin\" \/>\n<meta name=\"twitter:card\" content=\"summary_large_image\" \/>\n<meta name=\"twitter:label1\" content=\"Escrito por\" \/>\n\t<meta name=\"twitter:data1\" content=\"admin\" \/>\n\t<meta name=\"twitter:label2\" content=\"Tiempo de lectura\" \/>\n\t<meta name=\"twitter:data2\" content=\"3 minutos\" \/>\n<script type=\"application\/ld+json\" class=\"yoast-schema-graph\">{\"@context\":\"https:\/\/schema.org\",\"@graph\":[{\"@type\":\"Article\",\"@id\":\"https:\/\/www.delexodo.com.ar\/?p=8674#article\",\"isPartOf\":{\"@id\":\"https:\/\/www.delexodo.com.ar\/?p=8674\"},\"author\":{\"name\":\"admin\",\"@id\":\"https:\/\/www.delexodo.com.ar\/#\/schema\/person\/bbed37f7da8e938660b34f2013ba449d\"},\"headline\":\"ABRIERON LAS PREINSCRIPCIONES A LA DIPLOMATURA EN COMUNICACI\u00d3N JUR\u00cdDICA\",\"datePublished\":\"2021-08-18T22:00:27+00:00\",\"mainEntityOfPage\":{\"@id\":\"https:\/\/www.delexodo.com.ar\/?p=8674\"},\"wordCount\":657,\"publisher\":{\"@id\":\"https:\/\/www.delexodo.com.ar\/#organization\"},\"image\":{\"@id\":\"https:\/\/www.delexodo.com.ar\/?p=8674#primaryimage\"},\"thumbnailUrl\":\"https:\/\/www.delexodo.com.ar\/wp-content\/uploads\/2021\/08\/Diplomatura-en-Comunicacion-Juridica-1.jpg\",\"keywords\":[\"destacar\"],\"articleSection\":[\"Destacados\",\"NOTICIAS\"],\"inLanguage\":\"es\"},{\"@type\":\"WebPage\",\"@id\":\"https:\/\/www.delexodo.com.ar\/?p=8674\",\"url\":\"https:\/\/www.delexodo.com.ar\/?p=8674\",\"name\":\"ABRIERON LAS PREINSCRIPCIONES A LA DIPLOMATURA EN COMUNICACI\u00d3N JUR\u00cdDICA - Del \u00c9xodo Nogoy\u00e1\",\"isPartOf\":{\"@id\":\"https:\/\/www.delexodo.com.ar\/#website\"},\"primaryImageOfPage\":{\"@id\":\"https:\/\/www.delexodo.com.ar\/?p=8674#primaryimage\"},\"image\":{\"@id\":\"https:\/\/www.delexodo.com.ar\/?p=8674#primaryimage\"},\"thumbnailUrl\":\"https:\/\/www.delexodo.com.ar\/wp-content\/uploads\/2021\/08\/Diplomatura-en-Comunicacion-Juridica-1.jpg\",\"datePublished\":\"2021-08-18T22:00:27+00:00\",\"breadcrumb\":{\"@id\":\"https:\/\/www.delexodo.com.ar\/?p=8674#breadcrumb\"},\"inLanguage\":\"es\",\"potentialAction\":[{\"@type\":\"ReadAction\",\"target\":[\"https:\/\/www.delexodo.com.ar\/?p=8674\"]}]},{\"@type\":\"ImageObject\",\"inLanguage\":\"es\",\"@id\":\"https:\/\/www.delexodo.com.ar\/?p=8674#primaryimage\",\"url\":\"https:\/\/www.delexodo.com.ar\/wp-content\/uploads\/2021\/08\/Diplomatura-en-Comunicacion-Juridica-1.jpg\",\"contentUrl\":\"https:\/\/www.delexodo.com.ar\/wp-content\/uploads\/2021\/08\/Diplomatura-en-Comunicacion-Juridica-1.jpg\",\"width\":730,\"height\":329},{\"@type\":\"BreadcrumbList\",\"@id\":\"https:\/\/www.delexodo.com.ar\/?p=8674#breadcrumb\",\"itemListElement\":[{\"@type\":\"ListItem\",\"position\":1,\"name\":\"Portada\",\"item\":\"https:\/\/www.delexodo.com.ar\/\"},{\"@type\":\"ListItem\",\"position\":2,\"name\":\"ABRIERON LAS PREINSCRIPCIONES A LA DIPLOMATURA EN COMUNICACI\u00d3N JUR\u00cdDICA\"}]},{\"@type\":\"WebSite\",\"@id\":\"https:\/\/www.delexodo.com.ar\/#website\",\"url\":\"https:\/\/www.delexodo.com.ar\/\",\"name\":\"Del \u00c9xodo Nogoy\u00e1\",\"description\":\"El Portal de Noticias de la Regi\u00f3n\",\"publisher\":{\"@id\":\"https:\/\/www.delexodo.com.ar\/#organization\"},\"potentialAction\":[{\"@type\":\"SearchAction\",\"target\":{\"@type\":\"EntryPoint\",\"urlTemplate\":\"https:\/\/www.delexodo.com.ar\/?s={search_term_string}\"},\"query-input\":{\"@type\":\"PropertyValueSpecification\",\"valueRequired\":true,\"valueName\":\"search_term_string\"}}],\"inLanguage\":\"es\"},{\"@type\":\"Organization\",\"@id\":\"https:\/\/www.delexodo.com.ar\/#organization\",\"name\":\"Del \u00c9xodo Nogoy\u00e1\",\"url\":\"https:\/\/www.delexodo.com.ar\/\",\"logo\":{\"@type\":\"ImageObject\",\"inLanguage\":\"es\",\"@id\":\"https:\/\/www.delexodo.com.ar\/#\/schema\/logo\/image\/\",\"url\":\"https:\/\/www.delexodo.com.ar\/wp-content\/uploads\/2024\/10\/cropped-cropped-LOGO24.png\",\"contentUrl\":\"https:\/\/www.delexodo.com.ar\/wp-content\/uploads\/2024\/10\/cropped-cropped-LOGO24.png\",\"width\":512,\"height\":349,\"caption\":\"Del \u00c9xodo Nogoy\u00e1\"},\"image\":{\"@id\":\"https:\/\/www.delexodo.com.ar\/#\/schema\/logo\/image\/\"}},{\"@type\":\"Person\",\"@id\":\"https:\/\/www.delexodo.com.ar\/#\/schema\/person\/bbed37f7da8e938660b34f2013ba449d\",\"name\":\"admin\",\"image\":{\"@type\":\"ImageObject\",\"inLanguage\":\"es\",\"@id\":\"https:\/\/www.delexodo.com.ar\/#\/schema\/person\/image\/\",\"url\":\"https:\/\/secure.gravatar.com\/avatar\/6b1558d1b6df085f1901bd5bd98523d7?s=96&d=mm&r=g\",\"contentUrl\":\"https:\/\/secure.gravatar.com\/avatar\/6b1558d1b6df085f1901bd5bd98523d7?s=96&d=mm&r=g\",\"caption\":\"admin\"},\"url\":\"https:\/\/www.delexodo.com.ar\/?author=1\"}]}<\/script>\n<!-- \/ Yoast SEO plugin. -->","yoast_head_json":{"title":"ABRIERON LAS PREINSCRIPCIONES A LA DIPLOMATURA EN COMUNICACI\u00d3N JUR\u00cdDICA - Del \u00c9xodo Nogoy\u00e1","robots":{"index":"index","follow":"follow","max-snippet":"max-snippet:-1","max-image-preview":"max-image-preview:large","max-video-preview":"max-video-preview:-1"},"canonical":"https:\/\/www.delexodo.com.ar\/?p=8674","og_locale":"es_ES","og_type":"article","og_title":"ABRIERON LAS PREINSCRIPCIONES A LA DIPLOMATURA EN COMUNICACI\u00d3N JUR\u00cdDICA - Del \u00c9xodo Nogoy\u00e1","og_description":"La Diplomatura en Comunicaci\u00f3n Jur\u00eddica es una propuesta formativa de las Facultades de Ciencias de la Educaci\u00f3n y de Ciencias&hellip;","og_url":"https:\/\/www.delexodo.com.ar\/?p=8674","og_site_name":"Del \u00c9xodo Nogoy\u00e1","article_published_time":"2021-08-18T22:00:27+00:00","og_image":[{"width":730,"height":329,"url":"https:\/\/www.delexodo.com.ar\/wp-content\/uploads\/2021\/08\/Diplomatura-en-Comunicacion-Juridica-1.jpg","type":"image\/jpeg"}],"author":"admin","twitter_card":"summary_large_image","twitter_misc":{"Escrito por":"admin","Tiempo de lectura":"3 minutos"},"schema":{"@context":"https:\/\/schema.org","@graph":[{"@type":"Article","@id":"https:\/\/www.delexodo.com.ar\/?p=8674#article","isPartOf":{"@id":"https:\/\/www.delexodo.com.ar\/?p=8674"},"author":{"name":"admin","@id":"https:\/\/www.delexodo.com.ar\/#\/schema\/person\/bbed37f7da8e938660b34f2013ba449d"},"headline":"ABRIERON LAS PREINSCRIPCIONES A LA DIPLOMATURA EN COMUNICACI\u00d3N JUR\u00cdDICA","datePublished":"2021-08-18T22:00:27+00:00","mainEntityOfPage":{"@id":"https:\/\/www.delexodo.com.ar\/?p=8674"},"wordCount":657,"publisher":{"@id":"https:\/\/www.delexodo.com.ar\/#organization"},"image":{"@id":"https:\/\/www.delexodo.com.ar\/?p=8674#primaryimage"},"thumbnailUrl":"https:\/\/www.delexodo.com.ar\/wp-content\/uploads\/2021\/08\/Diplomatura-en-Comunicacion-Juridica-1.jpg","keywords":["destacar"],"articleSection":["Destacados","NOTICIAS"],"inLanguage":"es"},{"@type":"WebPage","@id":"https:\/\/www.delexodo.com.ar\/?p=8674","url":"https:\/\/www.delexodo.com.ar\/?p=8674","name":"ABRIERON LAS PREINSCRIPCIONES A LA DIPLOMATURA EN COMUNICACI\u00d3N JUR\u00cdDICA - Del \u00c9xodo Nogoy\u00e1","isPartOf":{"@id":"https:\/\/www.delexodo.com.ar\/#website"},"primaryImageOfPage":{"@id":"https:\/\/www.delexodo.com.ar\/?p=8674#primaryimage"},"image":{"@id":"https:\/\/www.delexodo.com.ar\/?p=8674#primaryimage"},"thumbnailUrl":"https:\/\/www.delexodo.com.ar\/wp-content\/uploads\/2021\/08\/Diplomatura-en-Comunicacion-Juridica-1.jpg","datePublished":"2021-08-18T22:00:27+00:00","breadcrumb":{"@id":"https:\/\/www.delexodo.com.ar\/?p=8674#breadcrumb"},"inLanguage":"es","potentialAction":[{"@type":"ReadAction","target":["https:\/\/www.delexodo.com.ar\/?p=8674"]}]},{"@type":"ImageObject","inLanguage":"es","@id":"https:\/\/www.delexodo.com.ar\/?p=8674#primaryimage","url":"https:\/\/www.delexodo.com.ar\/wp-content\/uploads\/2021\/08\/Diplomatura-en-Comunicacion-Juridica-1.jpg","contentUrl":"https:\/\/www.delexodo.com.ar\/wp-content\/uploads\/2021\/08\/Diplomatura-en-Comunicacion-Juridica-1.jpg","width":730,"height":329},{"@type":"BreadcrumbList","@id":"https:\/\/www.delexodo.com.ar\/?p=8674#breadcrumb","itemListElement":[{"@type":"ListItem","position":1,"name":"Portada","item":"https:\/\/www.delexodo.com.ar\/"},{"@type":"ListItem","position":2,"name":"ABRIERON LAS PREINSCRIPCIONES A LA DIPLOMATURA EN COMUNICACI\u00d3N JUR\u00cdDICA"}]},{"@type":"WebSite","@id":"https:\/\/www.delexodo.com.ar\/#website","url":"https:\/\/www.delexodo.com.ar\/","name":"Del \u00c9xodo Nogoy\u00e1","description":"El Portal de Noticias de la Regi\u00f3n","publisher":{"@id":"https:\/\/www.delexodo.com.ar\/#organization"},"potentialAction":[{"@type":"SearchAction","target":{"@type":"EntryPoint","urlTemplate":"https:\/\/www.delexodo.com.ar\/?s={search_term_string}"},"query-input":{"@type":"PropertyValueSpecification","valueRequired":true,"valueName":"search_term_string"}}],"inLanguage":"es"},{"@type":"Organization","@id":"https:\/\/www.delexodo.com.ar\/#organization","name":"Del \u00c9xodo Nogoy\u00e1","url":"https:\/\/www.delexodo.com.ar\/","logo":{"@type":"ImageObject","inLanguage":"es","@id":"https:\/\/www.delexodo.com.ar\/#\/schema\/logo\/image\/","url":"https:\/\/www.delexodo.com.ar\/wp-content\/uploads\/2024\/10\/cropped-cropped-LOGO24.png","contentUrl":"https:\/\/www.delexodo.com.ar\/wp-content\/uploads\/2024\/10\/cropped-cropped-LOGO24.png","width":512,"height":349,"caption":"Del \u00c9xodo Nogoy\u00e1"},"image":{"@id":"https:\/\/www.delexodo.com.ar\/#\/schema\/logo\/image\/"}},{"@type":"Person","@id":"https:\/\/www.delexodo.com.ar\/#\/schema\/person\/bbed37f7da8e938660b34f2013ba449d","name":"admin","image":{"@type":"ImageObject","inLanguage":"es","@id":"https:\/\/www.delexodo.com.ar\/#\/schema\/person\/image\/","url":"https:\/\/secure.gravatar.com\/avatar\/6b1558d1b6df085f1901bd5bd98523d7?s=96&d=mm&r=g","contentUrl":"https:\/\/secure.gravatar.com\/avatar\/6b1558d1b6df085f1901bd5bd98523d7?s=96&d=mm&r=g","caption":"admin"},"url":"https:\/\/www.delexodo.com.ar\/?author=1"}]}},"_links":{"self":[{"href":"https:\/\/www.delexodo.com.ar\/index.php?rest_route=\/wp\/v2\/posts\/8674","targetHints":{"allow":["GET"]}}],"collection":[{"href":"https:\/\/www.delexodo.com.ar\/index.php?rest_route=\/wp\/v2\/posts"}],"about":[{"href":"https:\/\/www.delexodo.com.ar\/index.php?rest_route=\/wp\/v2\/types\/post"}],"author":[{"embeddable":true,"href":"https:\/\/www.delexodo.com.ar\/index.php?rest_route=\/wp\/v2\/users\/1"}],"replies":[{"embeddable":true,"href":"https:\/\/www.delexodo.com.ar\/index.php?rest_route=%2Fwp%2Fv2%2Fcomments&post=8674"}],"version-history":[{"count":0,"href":"https:\/\/www.delexodo.com.ar\/index.php?rest_route=\/wp\/v2\/posts\/8674\/revisions"}],"wp:featuredmedia":[{"embeddable":true,"href":"https:\/\/www.delexodo.com.ar\/index.php?rest_route=\/wp\/v2\/media\/8675"}],"wp:attachment":[{"href":"https:\/\/www.delexodo.com.ar\/index.php?rest_route=%2Fwp%2Fv2%2Fmedia&parent=8674"}],"wp:term":[{"taxonomy":"category","embeddable":true,"href":"https:\/\/www.delexodo.com.ar\/index.php?rest_route=%2Fwp%2Fv2%2Fcategories&post=8674"},{"taxonomy":"post_tag","embeddable":true,"href":"https:\/\/www.delexodo.com.ar\/index.php?rest_route=%2Fwp%2Fv2%2Ftags&post=8674"}],"curies":[{"name":"wp","href":"https:\/\/api.w.org\/{rel}","templated":true}]}}