{"id":8668,"date":"2021-08-15T15:35:25","date_gmt":"2021-08-15T18:35:25","guid":{"rendered":"http:\/\/www.delexodo.com.ar\/?p=8668"},"modified":"2021-08-15T15:35:26","modified_gmt":"2021-08-15T18:35:26","slug":"berdinas-los-problemas-de-la-provincia-desde-el-2003-a-la-fecha-no-estan-resueltos-y-estamos-cada-vez-peor","status":"publish","type":"post","link":"https:\/\/www.delexodo.com.ar\/?p=8668","title":{"rendered":"BERDI\u00d1AS: \u201cLOS PROBLEMAS DE LA PROVINCIA DESDE EL 2003 A LA FECHA NO EST\u00c1N RESUELTOS Y ESTAMOS CADA VEZ PEOR\u201d"},"content":{"rendered":"\n<p>Referente del PRO en la ciudad, abogado, concejal, es qui\u00e9n se puso al hombro la campa\u00f1a en Nogoy\u00e1 de cara a las PASO 2021 para impulsar la <strong>lista 502A \u201cJuntos\u201d<\/strong> encabezada por el ex ministro del interior <strong>ROGELIO FRIGERIO<\/strong> junto a MARCELA \u00c1NTOLA y ATILIO BENEDETTI.<\/p>\n\n\n\n<p>Berdi\u00f1as hizo un repaso por lo que b\u00e1sicamente suceder\u00e1 este pr\u00f3ximo 12 de septiembre en la internas PASO donde ahora <strong>\u201cJuntos por Entre R\u00edos\u201d <\/strong>tendr\u00e1 tres alternativas para dirimir un lugar en las generales de noviembre y manifest\u00f3, <strong><em>\u201cestamos trabajando en un \u00e1mbito en el cual hemos construido consensos y acuerdos con el sector a nivel local del ex intendente Manuel Sch\u00f6nhals con todo su grupo de trabajo, el ex diputado Fuad Sosa, el ex concejal Juan Albornoz, Rodolfo P\u00e9rez del vecinalismo \u201cLa Nogoyasera\u201d y el PRO en pos de la candidatura de Frigerio y que Juntos por Entre R\u00edos renueve las tres bancas que gan\u00f3 en el 2017 para evitar que el Kirchnerismo gobernante a nivel nacional pueda avanzar en pol\u00edticas que nosotros entendemos que no son buenas para la rep\u00fablica ni la institucionalidad\u201d.<\/em><\/strong><\/p>\n\n\n\n<figure class=\"wp-block-embed is-type-video is-provider-youtube wp-block-embed-youtube wp-embed-aspect-16-9 wp-has-aspect-ratio\"><div class=\"wp-block-embed__wrapper\">\n<iframe loading=\"lazy\" title=\"#ENTREVISTAS - Dr. MARIANO BERDI\u00d1AS - CAMINO A LAS PASO 2021\" width=\"500\" height=\"281\" src=\"https:\/\/www.youtube.com\/embed\/Bc7lyoZLTt8?feature=oembed\" frameborder=\"0\" allow=\"accelerometer; autoplay; clipboard-write; encrypted-media; gyroscope; picture-in-picture; web-share\" referrerpolicy=\"strict-origin-when-cross-origin\" allowfullscreen><\/iframe>\n<\/div><\/figure>\n\n\n\n<p><em>\u201cEsta va a ser la primera vez, donde desde el 2015 a esta fecha no voy a trabajar en t\u00e9rminos electorales con el actual intendente municipal, Rafael Cavagna, pero por supuesto en un marco totalmente de respeto\u201d<\/em><\/p>\n\n\n\n<p><em>\u201cNosotros entendemos que un proyecto encabezado por Rogelio Frigerio que es un dirigente muy valorado por los entrerrianos, lo mismo pasa en la ciudad de Nogoy\u00e1 tiene verdaderamente mucha potencialidad para el 2023 poder llegar a ser el gobernador de la provincia\u201d<\/em><\/p>\n\n\n\n<p><em>\u201cCon la presencia de Cresto como candidato del partido Justicialista hay un peque\u00f1o anticipo de lo que puede ser la pelea por la gobernaci\u00f3n en el 2023\u201d<\/em><\/p>\n\n\n\n<p><em>\u201cLuego del proceso de las PASO vamos a estar todos juntos trabajando por el mismo objetivo que es en el mes de noviembre derrotar al partido Justicialista\u201d<\/em><\/p>\n\n\n\n<p><em>\u201cHay un proceso l\u00f3gico de desgaste del partido Justicialista\u201d<\/em><\/p>\n\n\n\n<p><em>\u201cNunca es bueno que el mismo partido gobierne durante 20 a\u00f1os en forma ininterrumpida como va a pasar en el 2023 cuando Bordet termine este que es su segundo mandato\u201d<\/em><\/p>\n\n\n\n<p><strong><em>\u201cLOS PROBLEMAS DE LA PROVINCIA DESDE EL 2003 A LA FECHA NO EST\u00c1N RESUELTOS Y ESTAMOS CADA VEZ PEOR\u201d<\/em><\/strong><\/p>\n\n\n\n<p><em>\u201cNuestras rutas provinciales no est\u00e1n mejor que antes, los caminos de la producci\u00f3n sabemos que est\u00e1n peor, la situaci\u00f3n econ\u00f3mica de la provincia es muy delicada, la situaci\u00f3n de la caja de jubilaciones y pensiones de la provincia es preocupante, la situaci\u00f3n del IOSPER, todas estas situaciones en las que el justicialismo no puede decir claramente que no tiene nada que ver porque hace 20 a\u00f1os que son gobierno y siempre con la mayor\u00eda en las c\u00e1maras\u201d<\/em><\/p>\n\n\n\n<p><em>\u201cDesde el lado del justicialismo son ellos los que tendr\u00e1n que dar sus explicaciones, sobre todo Cresto que es candidato a Diputado Nacional, fue intendente de Concordia pero despu\u00e9s pidi\u00f3 licencia, despu\u00e9s se fue al ENHOSA y ahora viene a ser diputado nacional siendo el Intendente en uso de licencia de la 2da. ciudad m\u00e1s pobre de la Argentina\u201d<\/em><\/p>\n\n\n\n<p><em>\u201cLo que Frigerio&nbsp; propone es una agenda de desarrollo sostenible para la provincia unido a la disminuci\u00f3n de la presi\u00f3n tributaria, que no puede ser de golpe, tiene que ser paulatino para poder generar inversiones, desarrollos, mayor demanda de empleo, mayor posibilidades de estudio para nuestros j\u00f3venes que es lo necesario\u201d<\/em><\/p>\n\n\n\n<p><em>\u201cLa \u00fanica forma de sacar la provincia de Entre R\u00edos adelante, la Argentina adelante es generando trabajo, el pa\u00eds y la provincia no se van a sacar adelante otorgando planes\u201d<\/em><\/p>\n\n\n\n<p><em>\u201cLos planes son muy importantes en momentos de crisis para poder acompa\u00f1ar a la gente que la est\u00e1 pasando mal pero la discusi\u00f3n tiene que ser como generamos trabajo\u201d<\/em><\/p>\n\n\n\n<p><em>\u201cSi yo fuera m\u00e1s joven a\u00fan creo que sin dudas votar\u00eda a una opci\u00f3n de la oposici\u00f3n, el oficialismo no ha podido resolver los problemas de la provincia y creo que como joven naturalmente ir\u00eda por una de las alternativas de la oposici\u00f3n\u201d<\/em><\/p>\n\n\n\n<p><em>\u201cClaramente dentro de la oposici\u00f3n Rogelio Frigerio es quien plantea un esquema real de desarrollo de la provincia donde los j\u00f3venes puedan tener mayores oportunidades\u201d<\/em><\/p>\n\n\n\n<p><em>\u201cRogelio Frigerio para Nogoy\u00e1 fue muy beneficioso y fue el Ministro del Interior de Mauricio Macri y creo que esto los nogoyaenses lo tienen que valorar porque yo en 35 a\u00f1os nunca vi transformaciones tan importantes en la ciudad como cuando Macri fue presidente de la naci\u00f3n\u201d<\/em><\/p>\n\n\n\n<p><em>\u201cCuando uno gana una elecci\u00f3n tiene que dejar de hacer pol\u00edtica, tiene que dedicarse a la gesti\u00f3n y uno gestiona para que la gente viva mejor\u201d<\/em><\/p>\n\n\n\n<p><em>\u201cEl d\u00eda domingo 12 de septiembre a la noche va a haber un ganador y alguien que no le toc\u00f3 ganar, pero dentro de estos frentes vamos a estar todos juntos tirando del carro parejo para que las elecciones generales del 14 de noviembre, cuando la gente elija entre nuestro candidato y el del justicialismo, ganar esa elecci\u00f3n y retener las 3 bancas que renovamos por la elecci\u00f3n del 2017\u201d<\/em><\/p>\n\n\n\n<p><em>\u201cEstamos llevando esta campa\u00f1a&nbsp; con mucha responsabilidad en t\u00e9rminos del frente y porque tambi\u00e9n sabemos los tipos de crisis que la gente est\u00e1 atravesando\u201d<\/em><\/p>\n","protected":false},"excerpt":{"rendered":"<p>Referente del PRO en la ciudad, abogado, concejal, es qui\u00e9n se puso al hombro la campa\u00f1a en Nogoy\u00e1 de cara&hellip;<\/p>\n","protected":false},"author":1,"featured_media":8670,"comment_status":"closed","ping_status":"closed","sticky":false,"template":"","format":"standard","meta":{"_joinchat":[],"footnotes":""},"categories":[65,1,69,349],"tags":[345],"class_list":["post-8668","post","type-post","status-publish","format-standard","has-post-thumbnail","hentry","category-destacados","category-sincategoria","category-noticias","category-politica","tag-destacar"],"yoast_head":"<!-- This site is optimized with the Yoast SEO plugin v25.1 - https:\/\/yoast.com\/wordpress\/plugins\/seo\/ -->\n<title>BERDI\u00d1AS: \u201cLOS PROBLEMAS DE LA PROVINCIA DESDE EL 2003 A LA FECHA NO EST\u00c1N RESUELTOS Y ESTAMOS CADA VEZ PEOR\u201d - Del \u00c9xodo Nogoy\u00e1<\/title>\n<meta name=\"robots\" content=\"index, follow, max-snippet:-1, max-image-preview:large, max-video-preview:-1\" \/>\n<link rel=\"canonical\" href=\"https:\/\/www.delexodo.com.ar\/?p=8668\" \/>\n<meta property=\"og:locale\" content=\"es_ES\" \/>\n<meta property=\"og:type\" content=\"article\" \/>\n<meta property=\"og:title\" content=\"BERDI\u00d1AS: \u201cLOS PROBLEMAS DE LA PROVINCIA DESDE EL 2003 A LA FECHA NO EST\u00c1N RESUELTOS Y ESTAMOS CADA VEZ PEOR\u201d - Del \u00c9xodo Nogoy\u00e1\" \/>\n<meta property=\"og:description\" content=\"Referente del PRO en la ciudad, abogado, concejal, es qui\u00e9n se puso al hombro la campa\u00f1a en Nogoy\u00e1 de cara&hellip;\" \/>\n<meta property=\"og:url\" content=\"https:\/\/www.delexodo.com.ar\/?p=8668\" \/>\n<meta property=\"og:site_name\" content=\"Del \u00c9xodo Nogoy\u00e1\" \/>\n<meta property=\"article:published_time\" content=\"2021-08-15T18:35:25+00:00\" \/>\n<meta property=\"article:modified_time\" content=\"2021-08-15T18:35:26+00:00\" \/>\n<meta property=\"og:image\" content=\"https:\/\/www.delexodo.com.ar\/wp-content\/uploads\/2021\/08\/BERDINAS-M-PASO.jpg\" \/>\n\t<meta property=\"og:image:width\" content=\"1293\" \/>\n\t<meta property=\"og:image:height\" content=\"645\" \/>\n\t<meta property=\"og:image:type\" content=\"image\/jpeg\" \/>\n<meta name=\"author\" content=\"admin\" \/>\n<meta name=\"twitter:card\" content=\"summary_large_image\" \/>\n<meta name=\"twitter:label1\" content=\"Escrito por\" \/>\n\t<meta name=\"twitter:data1\" content=\"admin\" \/>\n\t<meta name=\"twitter:label2\" content=\"Tiempo de lectura\" \/>\n\t<meta name=\"twitter:data2\" content=\"5 minutos\" \/>\n<script type=\"application\/ld+json\" class=\"yoast-schema-graph\">{\"@context\":\"https:\/\/schema.org\",\"@graph\":[{\"@type\":\"Article\",\"@id\":\"https:\/\/www.delexodo.com.ar\/?p=8668#article\",\"isPartOf\":{\"@id\":\"https:\/\/www.delexodo.com.ar\/?p=8668\"},\"author\":{\"name\":\"admin\",\"@id\":\"https:\/\/www.delexodo.com.ar\/#\/schema\/person\/bbed37f7da8e938660b34f2013ba449d\"},\"headline\":\"BERDI\u00d1AS: \u201cLOS PROBLEMAS DE LA PROVINCIA DESDE EL 2003 A LA FECHA NO EST\u00c1N RESUELTOS Y ESTAMOS CADA VEZ PEOR\u201d\",\"datePublished\":\"2021-08-15T18:35:25+00:00\",\"dateModified\":\"2021-08-15T18:35:26+00:00\",\"mainEntityOfPage\":{\"@id\":\"https:\/\/www.delexodo.com.ar\/?p=8668\"},\"wordCount\":924,\"publisher\":{\"@id\":\"https:\/\/www.delexodo.com.ar\/#organization\"},\"image\":{\"@id\":\"https:\/\/www.delexodo.com.ar\/?p=8668#primaryimage\"},\"thumbnailUrl\":\"https:\/\/www.delexodo.com.ar\/wp-content\/uploads\/2021\/08\/BERDINAS-M-PASO.jpg\",\"keywords\":[\"destacar\"],\"articleSection\":[\"Destacados\",\"Nogoya\",\"NOTICIAS\",\"Politica\"],\"inLanguage\":\"es\"},{\"@type\":\"WebPage\",\"@id\":\"https:\/\/www.delexodo.com.ar\/?p=8668\",\"url\":\"https:\/\/www.delexodo.com.ar\/?p=8668\",\"name\":\"BERDI\u00d1AS: \u201cLOS PROBLEMAS DE LA PROVINCIA DESDE EL 2003 A LA FECHA NO EST\u00c1N RESUELTOS Y ESTAMOS CADA VEZ PEOR\u201d - Del \u00c9xodo Nogoy\u00e1\",\"isPartOf\":{\"@id\":\"https:\/\/www.delexodo.com.ar\/#website\"},\"primaryImageOfPage\":{\"@id\":\"https:\/\/www.delexodo.com.ar\/?p=8668#primaryimage\"},\"image\":{\"@id\":\"https:\/\/www.delexodo.com.ar\/?p=8668#primaryimage\"},\"thumbnailUrl\":\"https:\/\/www.delexodo.com.ar\/wp-content\/uploads\/2021\/08\/BERDINAS-M-PASO.jpg\",\"datePublished\":\"2021-08-15T18:35:25+00:00\",\"dateModified\":\"2021-08-15T18:35:26+00:00\",\"breadcrumb\":{\"@id\":\"https:\/\/www.delexodo.com.ar\/?p=8668#breadcrumb\"},\"inLanguage\":\"es\",\"potentialAction\":[{\"@type\":\"ReadAction\",\"target\":[\"https:\/\/www.delexodo.com.ar\/?p=8668\"]}]},{\"@type\":\"ImageObject\",\"inLanguage\":\"es\",\"@id\":\"https:\/\/www.delexodo.com.ar\/?p=8668#primaryimage\",\"url\":\"https:\/\/www.delexodo.com.ar\/wp-content\/uploads\/2021\/08\/BERDINAS-M-PASO.jpg\",\"contentUrl\":\"https:\/\/www.delexodo.com.ar\/wp-content\/uploads\/2021\/08\/BERDINAS-M-PASO.jpg\",\"width\":1293,\"height\":645},{\"@type\":\"BreadcrumbList\",\"@id\":\"https:\/\/www.delexodo.com.ar\/?p=8668#breadcrumb\",\"itemListElement\":[{\"@type\":\"ListItem\",\"position\":1,\"name\":\"Portada\",\"item\":\"https:\/\/www.delexodo.com.ar\/\"},{\"@type\":\"ListItem\",\"position\":2,\"name\":\"BERDI\u00d1AS: \u201cLOS PROBLEMAS DE LA PROVINCIA DESDE EL 2003 A LA FECHA NO EST\u00c1N RESUELTOS Y ESTAMOS CADA VEZ PEOR\u201d\"}]},{\"@type\":\"WebSite\",\"@id\":\"https:\/\/www.delexodo.com.ar\/#website\",\"url\":\"https:\/\/www.delexodo.com.ar\/\",\"name\":\"Del \u00c9xodo Nogoy\u00e1\",\"description\":\"El Portal de Noticias de la Regi\u00f3n\",\"publisher\":{\"@id\":\"https:\/\/www.delexodo.com.ar\/#organization\"},\"potentialAction\":[{\"@type\":\"SearchAction\",\"target\":{\"@type\":\"EntryPoint\",\"urlTemplate\":\"https:\/\/www.delexodo.com.ar\/?s={search_term_string}\"},\"query-input\":{\"@type\":\"PropertyValueSpecification\",\"valueRequired\":true,\"valueName\":\"search_term_string\"}}],\"inLanguage\":\"es\"},{\"@type\":\"Organization\",\"@id\":\"https:\/\/www.delexodo.com.ar\/#organization\",\"name\":\"Del \u00c9xodo Nogoy\u00e1\",\"url\":\"https:\/\/www.delexodo.com.ar\/\",\"logo\":{\"@type\":\"ImageObject\",\"inLanguage\":\"es\",\"@id\":\"https:\/\/www.delexodo.com.ar\/#\/schema\/logo\/image\/\",\"url\":\"https:\/\/www.delexodo.com.ar\/wp-content\/uploads\/2024\/10\/cropped-cropped-LOGO24.png\",\"contentUrl\":\"https:\/\/www.delexodo.com.ar\/wp-content\/uploads\/2024\/10\/cropped-cropped-LOGO24.png\",\"width\":512,\"height\":349,\"caption\":\"Del \u00c9xodo Nogoy\u00e1\"},\"image\":{\"@id\":\"https:\/\/www.delexodo.com.ar\/#\/schema\/logo\/image\/\"}},{\"@type\":\"Person\",\"@id\":\"https:\/\/www.delexodo.com.ar\/#\/schema\/person\/bbed37f7da8e938660b34f2013ba449d\",\"name\":\"admin\",\"image\":{\"@type\":\"ImageObject\",\"inLanguage\":\"es\",\"@id\":\"https:\/\/www.delexodo.com.ar\/#\/schema\/person\/image\/\",\"url\":\"https:\/\/secure.gravatar.com\/avatar\/6b1558d1b6df085f1901bd5bd98523d7?s=96&d=mm&r=g\",\"contentUrl\":\"https:\/\/secure.gravatar.com\/avatar\/6b1558d1b6df085f1901bd5bd98523d7?s=96&d=mm&r=g\",\"caption\":\"admin\"},\"url\":\"https:\/\/www.delexodo.com.ar\/?author=1\"}]}<\/script>\n<!-- \/ Yoast SEO plugin. -->","yoast_head_json":{"title":"BERDI\u00d1AS: \u201cLOS PROBLEMAS DE LA PROVINCIA DESDE EL 2003 A LA FECHA NO EST\u00c1N RESUELTOS Y ESTAMOS CADA VEZ PEOR\u201d - Del \u00c9xodo Nogoy\u00e1","robots":{"index":"index","follow":"follow","max-snippet":"max-snippet:-1","max-image-preview":"max-image-preview:large","max-video-preview":"max-video-preview:-1"},"canonical":"https:\/\/www.delexodo.com.ar\/?p=8668","og_locale":"es_ES","og_type":"article","og_title":"BERDI\u00d1AS: \u201cLOS PROBLEMAS DE LA PROVINCIA DESDE EL 2003 A LA FECHA NO EST\u00c1N RESUELTOS Y ESTAMOS CADA VEZ PEOR\u201d - Del \u00c9xodo Nogoy\u00e1","og_description":"Referente del PRO en la ciudad, abogado, concejal, es qui\u00e9n se puso al hombro la campa\u00f1a en Nogoy\u00e1 de cara&hellip;","og_url":"https:\/\/www.delexodo.com.ar\/?p=8668","og_site_name":"Del \u00c9xodo Nogoy\u00e1","article_published_time":"2021-08-15T18:35:25+00:00","article_modified_time":"2021-08-15T18:35:26+00:00","og_image":[{"width":1293,"height":645,"url":"https:\/\/www.delexodo.com.ar\/wp-content\/uploads\/2021\/08\/BERDINAS-M-PASO.jpg","type":"image\/jpeg"}],"author":"admin","twitter_card":"summary_large_image","twitter_misc":{"Escrito por":"admin","Tiempo de lectura":"5 minutos"},"schema":{"@context":"https:\/\/schema.org","@graph":[{"@type":"Article","@id":"https:\/\/www.delexodo.com.ar\/?p=8668#article","isPartOf":{"@id":"https:\/\/www.delexodo.com.ar\/?p=8668"},"author":{"name":"admin","@id":"https:\/\/www.delexodo.com.ar\/#\/schema\/person\/bbed37f7da8e938660b34f2013ba449d"},"headline":"BERDI\u00d1AS: \u201cLOS PROBLEMAS DE LA PROVINCIA DESDE EL 2003 A LA FECHA NO EST\u00c1N RESUELTOS Y ESTAMOS CADA VEZ PEOR\u201d","datePublished":"2021-08-15T18:35:25+00:00","dateModified":"2021-08-15T18:35:26+00:00","mainEntityOfPage":{"@id":"https:\/\/www.delexodo.com.ar\/?p=8668"},"wordCount":924,"publisher":{"@id":"https:\/\/www.delexodo.com.ar\/#organization"},"image":{"@id":"https:\/\/www.delexodo.com.ar\/?p=8668#primaryimage"},"thumbnailUrl":"https:\/\/www.delexodo.com.ar\/wp-content\/uploads\/2021\/08\/BERDINAS-M-PASO.jpg","keywords":["destacar"],"articleSection":["Destacados","Nogoya","NOTICIAS","Politica"],"inLanguage":"es"},{"@type":"WebPage","@id":"https:\/\/www.delexodo.com.ar\/?p=8668","url":"https:\/\/www.delexodo.com.ar\/?p=8668","name":"BERDI\u00d1AS: \u201cLOS PROBLEMAS DE LA PROVINCIA DESDE EL 2003 A LA FECHA NO EST\u00c1N RESUELTOS Y ESTAMOS CADA VEZ PEOR\u201d - Del \u00c9xodo Nogoy\u00e1","isPartOf":{"@id":"https:\/\/www.delexodo.com.ar\/#website"},"primaryImageOfPage":{"@id":"https:\/\/www.delexodo.com.ar\/?p=8668#primaryimage"},"image":{"@id":"https:\/\/www.delexodo.com.ar\/?p=8668#primaryimage"},"thumbnailUrl":"https:\/\/www.delexodo.com.ar\/wp-content\/uploads\/2021\/08\/BERDINAS-M-PASO.jpg","datePublished":"2021-08-15T18:35:25+00:00","dateModified":"2021-08-15T18:35:26+00:00","breadcrumb":{"@id":"https:\/\/www.delexodo.com.ar\/?p=8668#breadcrumb"},"inLanguage":"es","potentialAction":[{"@type":"ReadAction","target":["https:\/\/www.delexodo.com.ar\/?p=8668"]}]},{"@type":"ImageObject","inLanguage":"es","@id":"https:\/\/www.delexodo.com.ar\/?p=8668#primaryimage","url":"https:\/\/www.delexodo.com.ar\/wp-content\/uploads\/2021\/08\/BERDINAS-M-PASO.jpg","contentUrl":"https:\/\/www.delexodo.com.ar\/wp-content\/uploads\/2021\/08\/BERDINAS-M-PASO.jpg","width":1293,"height":645},{"@type":"BreadcrumbList","@id":"https:\/\/www.delexodo.com.ar\/?p=8668#breadcrumb","itemListElement":[{"@type":"ListItem","position":1,"name":"Portada","item":"https:\/\/www.delexodo.com.ar\/"},{"@type":"ListItem","position":2,"name":"BERDI\u00d1AS: \u201cLOS PROBLEMAS DE LA PROVINCIA DESDE EL 2003 A LA FECHA NO EST\u00c1N RESUELTOS Y ESTAMOS CADA VEZ PEOR\u201d"}]},{"@type":"WebSite","@id":"https:\/\/www.delexodo.com.ar\/#website","url":"https:\/\/www.delexodo.com.ar\/","name":"Del \u00c9xodo Nogoy\u00e1","description":"El Portal de Noticias de la Regi\u00f3n","publisher":{"@id":"https:\/\/www.delexodo.com.ar\/#organization"},"potentialAction":[{"@type":"SearchAction","target":{"@type":"EntryPoint","urlTemplate":"https:\/\/www.delexodo.com.ar\/?s={search_term_string}"},"query-input":{"@type":"PropertyValueSpecification","valueRequired":true,"valueName":"search_term_string"}}],"inLanguage":"es"},{"@type":"Organization","@id":"https:\/\/www.delexodo.com.ar\/#organization","name":"Del \u00c9xodo Nogoy\u00e1","url":"https:\/\/www.delexodo.com.ar\/","logo":{"@type":"ImageObject","inLanguage":"es","@id":"https:\/\/www.delexodo.com.ar\/#\/schema\/logo\/image\/","url":"https:\/\/www.delexodo.com.ar\/wp-content\/uploads\/2024\/10\/cropped-cropped-LOGO24.png","contentUrl":"https:\/\/www.delexodo.com.ar\/wp-content\/uploads\/2024\/10\/cropped-cropped-LOGO24.png","width":512,"height":349,"caption":"Del \u00c9xodo Nogoy\u00e1"},"image":{"@id":"https:\/\/www.delexodo.com.ar\/#\/schema\/logo\/image\/"}},{"@type":"Person","@id":"https:\/\/www.delexodo.com.ar\/#\/schema\/person\/bbed37f7da8e938660b34f2013ba449d","name":"admin","image":{"@type":"ImageObject","inLanguage":"es","@id":"https:\/\/www.delexodo.com.ar\/#\/schema\/person\/image\/","url":"https:\/\/secure.gravatar.com\/avatar\/6b1558d1b6df085f1901bd5bd98523d7?s=96&d=mm&r=g","contentUrl":"https:\/\/secure.gravatar.com\/avatar\/6b1558d1b6df085f1901bd5bd98523d7?s=96&d=mm&r=g","caption":"admin"},"url":"https:\/\/www.delexodo.com.ar\/?author=1"}]}},"_links":{"self":[{"href":"https:\/\/www.delexodo.com.ar\/index.php?rest_route=\/wp\/v2\/posts\/8668","targetHints":{"allow":["GET"]}}],"collection":[{"href":"https:\/\/www.delexodo.com.ar\/index.php?rest_route=\/wp\/v2\/posts"}],"about":[{"href":"https:\/\/www.delexodo.com.ar\/index.php?rest_route=\/wp\/v2\/types\/post"}],"author":[{"embeddable":true,"href":"https:\/\/www.delexodo.com.ar\/index.php?rest_route=\/wp\/v2\/users\/1"}],"replies":[{"embeddable":true,"href":"https:\/\/www.delexodo.com.ar\/index.php?rest_route=%2Fwp%2Fv2%2Fcomments&post=8668"}],"version-history":[{"count":0,"href":"https:\/\/www.delexodo.com.ar\/index.php?rest_route=\/wp\/v2\/posts\/8668\/revisions"}],"wp:featuredmedia":[{"embeddable":true,"href":"https:\/\/www.delexodo.com.ar\/index.php?rest_route=\/wp\/v2\/media\/8670"}],"wp:attachment":[{"href":"https:\/\/www.delexodo.com.ar\/index.php?rest_route=%2Fwp%2Fv2%2Fmedia&parent=8668"}],"wp:term":[{"taxonomy":"category","embeddable":true,"href":"https:\/\/www.delexodo.com.ar\/index.php?rest_route=%2Fwp%2Fv2%2Fcategories&post=8668"},{"taxonomy":"post_tag","embeddable":true,"href":"https:\/\/www.delexodo.com.ar\/index.php?rest_route=%2Fwp%2Fv2%2Ftags&post=8668"}],"curies":[{"name":"wp","href":"https:\/\/api.w.org\/{rel}","templated":true}]}}