{"id":8573,"date":"2021-08-05T15:44:21","date_gmt":"2021-08-05T18:44:21","guid":{"rendered":"http:\/\/www.delexodo.com.ar\/?p=8573"},"modified":"2021-08-05T15:46:32","modified_gmt":"2021-08-05T18:46:32","slug":"rechazaron-el-acuerdo-de-juicio-abreviado-para-el-sindicalista-jose-angel-allende","status":"publish","type":"post","link":"https:\/\/www.delexodo.com.ar\/?p=8573","title":{"rendered":"RECHAZARON  EL ACUERDO DE JUICIO ABREVIADO PARA EL SINDICALISTA JOS\u00c9 ANGEL ALLENDE"},"content":{"rendered":"\n<p>El acuerdo presentado por el <strong>Ministerio P\u00fablico Fiscal<\/strong> y los defensores Julio Federik y Leopoldo Lambruschini en representaci\u00f3n del sindicalista y exdiputado provincial <strong>Jos\u00e9 \u00c1ngel Allende<\/strong>, consigui\u00f3 un segundo rev\u00e9s. El a\u00f1o pasado un tribunal encabezado por el juez Jos\u00e9 Mar\u00eda Chemez lo rechaz\u00f3. Este a\u00f1o, el tribunal compuesto por el juez Elvio Garz\u00f3n volvi\u00f3 a rechazarlo.<\/p>\n\n\n\n<figure class=\"wp-block-embed is-type-video is-provider-youtube wp-block-embed-youtube wp-embed-aspect-16-9 wp-has-aspect-ratio\"><div class=\"wp-block-embed__wrapper\">\n<iframe loading=\"lazy\" title=\"Audiencia : Resoluci\u00f3n Juicio abreviado &quot; Allende , Jos\u00e9 \u00c1ngel s\/amenazas&quot; . Autos N\u00b0 7436.\" width=\"500\" height=\"281\" src=\"https:\/\/www.youtube.com\/embed\/Gr5sk_I-eiI?start=5&#038;feature=oembed\" frameborder=\"0\" allow=\"accelerometer; autoplay; clipboard-write; encrypted-media; gyroscope; picture-in-picture; web-share\" referrerpolicy=\"strict-origin-when-cross-origin\" allowfullscreen><\/iframe>\n<\/div><figcaption>Audiencia : Resoluci\u00f3n Juicio abreviado \u00bb Allende , Jos\u00e9 \u00c1ngel s\/amenazas\u00bb . Autos N\u00b0 7436<\/figcaption><\/figure>\n\n\n\n<p>Garz\u00f3n s\u00f3lo analiz\u00f3 la imputaci\u00f3n a Allende en el marco de la denuncia de la ministra de Salud Sonia Vel\u00e1zquez. Entendi\u00f3 que <strong>Allende no puede ser condenado por amenazas simples sino coacciones agravadas<\/strong>. Consider\u00f3 que la prueba colectada en el legajo que estuvo a cargo del fiscal de la Unidad de Violencia de G\u00e9nero, Leandro Dato, no se condice con la imputaci\u00f3n por amenazas. Una menci\u00f3n puntual hizo en el mismo sentido sobre la denuncia del periodista Mart\u00edn Carboni y el encuadre legal realizado por el fiscal \u00c1lvaro Pi\u00e9rola.<\/p>\n\n\n\n<p>Cabe se\u00f1alar que Allende reconoci\u00f3 todos los hechos endilgados por el Ministerio P\u00fablico Fiscal (MPF). <strong>Lo acusaron de enriquecimiento il\u00edcito, coacciones y violencia de g\u00e9nero<\/strong>. <strong><em>\u201cEl acuerdo presentado entre la acusaci\u00f3n p\u00fablica y la defensa particular, ofrece una f\u00e9rrea oposici\u00f3n por parte de las v\u00edctimas y la querellante particular que emprende la ministra de Salud, Sonia Vel\u00e1zquez\u201d<\/em><\/strong>, puntualiz\u00f3 Garz\u00f3n.<\/p>\n\n\n\n<p>El magistrado describi\u00f3 los hechos acusados a Allende, analiz\u00f3 la prueba y los encuadres legales realizados por el Ministerio Fiscal. <strong>Rechaz\u00f3 que Allende, m\u00e1s all\u00e1 de su reconocimiento, sea condenado por amenazas simples<\/strong>.<\/p>\n\n\n\n<p><em>\u201cDe la plataforma f\u00e1ctica imputada como de la prueba colectada, surge de manera palmaria que el encuadre de amenazas simples contra la ministra de Salud, resulta err\u00f3neo dado que no se dan aspectos objetivos y subjetivos\u201d<\/em>, dijo Garz\u00f3n. Retom\u00f3 la descripci\u00f3n sobre un encuentro entre Allende y Vel\u00e1zquez, en el cual el exdiputado llev\u00f3 a cabo acciones intimidatorias, denigrantes y coactivas. <em>\u201cCuando allende entr\u00f3 a su despacho le manifest\u00f3 que lo de Diamante no da para m\u00e1s, quiero que eches a la directora, te lo ordeno. Vos sab\u00e9s qui\u00e9n soy, no me atend\u00e9s el tel\u00e9fono\u201d<\/em>, ley\u00f3 y record\u00f3 que Allende amenaz\u00f3 con prender fuego Nogoy\u00e1.<\/p>\n\n\n\n<p><em>\u201cM\u00e1s all\u00e1 del expreso reconocimiento de Allende, la prueba acredita que el hecho son coacciones agravadas\u201d<\/em>, apunt\u00f3. Mencion\u00f3 testimoniales e informes psicol\u00f3gicos. <em>\u201cEl imputado actu\u00f3 con dolo directo porque conoc\u00eda el peligro concreto de su accionar. Intent\u00f3 quebrar la voluntad de Vel\u00e1zquez con violencia ps\u00edquica\u201d<\/em>, marc\u00f3.<\/p>\n\n\n\n<p>Cuestion\u00f3 la defensa del abogado Leopoldo Lambruschini en representaci\u00f3n de Allende. <em>\u201cMinimiza la cuesti\u00f3n porque no llev\u00f3 un bid\u00f3n con nafta para efectivamente prender fuego\u201d<\/em>. <em>\u201cTeniendo en cuenta el evidente contexto de violencia de g\u00e9nero en el que sucedieron los hechos, en modo alguno los que impartimos justicia, funcionarios de los ministerios o los abogados podemos basarnos en la hermen\u00e9utica ling\u00fc\u00edstica para rechazar cuestiones de extrema gravedad. Tenemos compromisos internacionales que respetar. As\u00ed lo entendi\u00f3 y se expidi\u00f3 la Sala Penal del\u00a0 Superior Tribunal de Justicia (STJ) en distintas sentencias\u201d<\/em>, dijo.<\/p>\n\n\n\n<p>M\u00e1s adelante defendi\u00f3 <em>\u201cincorporar la perspectiva de g\u00e9nero es combatir discriminaci\u00f3n por el medio del quehacer jurisdiccional y remediar situaciones asim\u00e9tricas de poder\u201d<\/em>. <em>\u201cAl aplicar perspectiva de g\u00e9nero generamos precedentes para un Estado republicano. El logro de la igualdad es un mandato constitucional, por mandatos de convenciones internacionales, por lo establecido por Corte Interamericana\u201d. \u201cEl fin del derecho es combatir relaciones asim\u00e9tricas de poder. El mandato de la igualdad requiere ejercicio de deconstrucci\u00f3n en quienes impartimos justicia. Delito de coacciones agravadas no amenazas simples. La conducta atribuida a allende enmarcada en contexto de violencia de g\u00e9nero. El sujeto pasivo es ministra del gobierno, se amenaz\u00f3 para obtener una medida o concesi\u00f3n que se encontraba dentro del \u00e1mbito de decisi\u00f3n de la ministra\u201d<\/em>, valor\u00f3.<\/p>\n\n\n\n<p>En tanto, no ahorr\u00f3 cuestionamientos para el encuadre legal hecho por el fiscal \u00c1lvaro Pi\u00e9rola tras la denuncia del periodista Mart\u00edn Carboni.<\/p>\n\n\n\n<p><em>\u201cNo cabe duda que el acuerdo realizado ha sido forzado, tal como lo se\u00f1al\u00f3 la abogada Fernanda V\u00e1zquez Pinasco para beneficiarlo a usted se\u00f1or Allende. Porque la pena que le corresponder\u00eda rondar\u00eda los 5 a\u00f1os de prisi\u00f3n efectiva. No se subsume la figura penal seleccionada, no se condice con la prueba colectada. Esto me hace rechazarlo\u201d<\/em>, concluy\u00f3 y resolvi\u00f3:\u00a0<\/p>\n\n\n\n<p><em>\u201c<strong><span class=\"has-inline-color has-luminous-vivid-orange-color\">Corresponde no admitir el acuerdo de juicio abreviado arribado<\/span><\/strong> por las partes. Me parece innecesario ingresar a las dem\u00e1s cuestiones. <strong><span class=\"has-inline-color has-luminous-vivid-orange-color\">Resuelvo desestimar solicitud de juicio abreviado presentado por las partes. Remitir la causa a la oficina de Gesti\u00f3n de Audiencias (OGA) para continuidad del proceso<\/span><\/strong>. Devolver los legajos de IPP (Investigaci\u00f3n pena Preparatoria) a las fiscal\u00edas intervinientes\u201d<\/em>.<\/p>\n\n\n\n<p>Fuente: An\u00e1lisis Digital<\/p>\n","protected":false},"excerpt":{"rendered":"<p>El acuerdo presentado por el Ministerio P\u00fablico Fiscal y los defensores Julio Federik y Leopoldo Lambruschini en representaci\u00f3n del sindicalista&hellip;<\/p>\n","protected":false},"author":1,"featured_media":8569,"comment_status":"closed","ping_status":"closed","sticky":false,"template":"","format":"standard","meta":{"_joinchat":[],"footnotes":""},"categories":[65,1,69],"tags":[345],"class_list":["post-8573","post","type-post","status-publish","format-standard","has-post-thumbnail","hentry","category-destacados","category-sincategoria","category-noticias","tag-destacar"],"yoast_head":"<!-- This site is optimized with the Yoast SEO plugin v25.1 - https:\/\/yoast.com\/wordpress\/plugins\/seo\/ -->\n<title>RECHAZARON EL ACUERDO DE JUICIO ABREVIADO PARA EL SINDICALISTA JOS\u00c9 ANGEL ALLENDE - Del \u00c9xodo Nogoy\u00e1<\/title>\n<meta name=\"robots\" content=\"index, follow, max-snippet:-1, max-image-preview:large, max-video-preview:-1\" \/>\n<link rel=\"canonical\" href=\"https:\/\/www.delexodo.com.ar\/?p=8573\" \/>\n<meta property=\"og:locale\" content=\"es_ES\" \/>\n<meta property=\"og:type\" content=\"article\" \/>\n<meta property=\"og:title\" content=\"RECHAZARON EL ACUERDO DE JUICIO ABREVIADO PARA EL SINDICALISTA JOS\u00c9 ANGEL ALLENDE - Del \u00c9xodo Nogoy\u00e1\" \/>\n<meta property=\"og:description\" content=\"El acuerdo presentado por el Ministerio P\u00fablico Fiscal y los defensores Julio Federik y Leopoldo Lambruschini en representaci\u00f3n del sindicalista&hellip;\" \/>\n<meta property=\"og:url\" content=\"https:\/\/www.delexodo.com.ar\/?p=8573\" \/>\n<meta property=\"og:site_name\" content=\"Del \u00c9xodo Nogoy\u00e1\" \/>\n<meta property=\"article:published_time\" content=\"2021-08-05T18:44:21+00:00\" \/>\n<meta property=\"article:modified_time\" content=\"2021-08-05T18:46:32+00:00\" \/>\n<meta property=\"og:image\" content=\"https:\/\/www.delexodo.com.ar\/wp-content\/uploads\/2021\/08\/JOSE-ANGEL-ALLENDE.jpeg\" \/>\n\t<meta property=\"og:image:width\" content=\"1330\" \/>\n\t<meta property=\"og:image:height\" content=\"880\" \/>\n\t<meta property=\"og:image:type\" content=\"image\/jpeg\" \/>\n<meta name=\"author\" content=\"admin\" \/>\n<meta name=\"twitter:card\" content=\"summary_large_image\" \/>\n<meta name=\"twitter:label1\" content=\"Escrito por\" \/>\n\t<meta name=\"twitter:data1\" content=\"admin\" \/>\n\t<meta name=\"twitter:label2\" content=\"Tiempo de lectura\" \/>\n\t<meta name=\"twitter:data2\" content=\"4 minutos\" \/>\n<script type=\"application\/ld+json\" class=\"yoast-schema-graph\">{\"@context\":\"https:\/\/schema.org\",\"@graph\":[{\"@type\":\"Article\",\"@id\":\"https:\/\/www.delexodo.com.ar\/?p=8573#article\",\"isPartOf\":{\"@id\":\"https:\/\/www.delexodo.com.ar\/?p=8573\"},\"author\":{\"name\":\"admin\",\"@id\":\"https:\/\/www.delexodo.com.ar\/#\/schema\/person\/bbed37f7da8e938660b34f2013ba449d\"},\"headline\":\"RECHAZARON EL ACUERDO DE JUICIO ABREVIADO PARA EL SINDICALISTA JOS\u00c9 ANGEL ALLENDE\",\"datePublished\":\"2021-08-05T18:44:21+00:00\",\"dateModified\":\"2021-08-05T18:46:32+00:00\",\"mainEntityOfPage\":{\"@id\":\"https:\/\/www.delexodo.com.ar\/?p=8573\"},\"wordCount\":852,\"publisher\":{\"@id\":\"https:\/\/www.delexodo.com.ar\/#organization\"},\"image\":{\"@id\":\"https:\/\/www.delexodo.com.ar\/?p=8573#primaryimage\"},\"thumbnailUrl\":\"https:\/\/www.delexodo.com.ar\/wp-content\/uploads\/2021\/08\/JOSE-ANGEL-ALLENDE.jpeg\",\"keywords\":[\"destacar\"],\"articleSection\":[\"Destacados\",\"Nogoya\",\"NOTICIAS\"],\"inLanguage\":\"es\"},{\"@type\":\"WebPage\",\"@id\":\"https:\/\/www.delexodo.com.ar\/?p=8573\",\"url\":\"https:\/\/www.delexodo.com.ar\/?p=8573\",\"name\":\"RECHAZARON EL ACUERDO DE JUICIO ABREVIADO PARA EL SINDICALISTA JOS\u00c9 ANGEL ALLENDE - Del \u00c9xodo Nogoy\u00e1\",\"isPartOf\":{\"@id\":\"https:\/\/www.delexodo.com.ar\/#website\"},\"primaryImageOfPage\":{\"@id\":\"https:\/\/www.delexodo.com.ar\/?p=8573#primaryimage\"},\"image\":{\"@id\":\"https:\/\/www.delexodo.com.ar\/?p=8573#primaryimage\"},\"thumbnailUrl\":\"https:\/\/www.delexodo.com.ar\/wp-content\/uploads\/2021\/08\/JOSE-ANGEL-ALLENDE.jpeg\",\"datePublished\":\"2021-08-05T18:44:21+00:00\",\"dateModified\":\"2021-08-05T18:46:32+00:00\",\"breadcrumb\":{\"@id\":\"https:\/\/www.delexodo.com.ar\/?p=8573#breadcrumb\"},\"inLanguage\":\"es\",\"potentialAction\":[{\"@type\":\"ReadAction\",\"target\":[\"https:\/\/www.delexodo.com.ar\/?p=8573\"]}]},{\"@type\":\"ImageObject\",\"inLanguage\":\"es\",\"@id\":\"https:\/\/www.delexodo.com.ar\/?p=8573#primaryimage\",\"url\":\"https:\/\/www.delexodo.com.ar\/wp-content\/uploads\/2021\/08\/JOSE-ANGEL-ALLENDE.jpeg\",\"contentUrl\":\"https:\/\/www.delexodo.com.ar\/wp-content\/uploads\/2021\/08\/JOSE-ANGEL-ALLENDE.jpeg\",\"width\":1330,\"height\":880},{\"@type\":\"BreadcrumbList\",\"@id\":\"https:\/\/www.delexodo.com.ar\/?p=8573#breadcrumb\",\"itemListElement\":[{\"@type\":\"ListItem\",\"position\":1,\"name\":\"Portada\",\"item\":\"https:\/\/www.delexodo.com.ar\/\"},{\"@type\":\"ListItem\",\"position\":2,\"name\":\"RECHAZARON EL ACUERDO DE JUICIO ABREVIADO PARA EL SINDICALISTA JOS\u00c9 ANGEL ALLENDE\"}]},{\"@type\":\"WebSite\",\"@id\":\"https:\/\/www.delexodo.com.ar\/#website\",\"url\":\"https:\/\/www.delexodo.com.ar\/\",\"name\":\"Del \u00c9xodo Nogoy\u00e1\",\"description\":\"El Portal de Noticias de la Regi\u00f3n\",\"publisher\":{\"@id\":\"https:\/\/www.delexodo.com.ar\/#organization\"},\"potentialAction\":[{\"@type\":\"SearchAction\",\"target\":{\"@type\":\"EntryPoint\",\"urlTemplate\":\"https:\/\/www.delexodo.com.ar\/?s={search_term_string}\"},\"query-input\":{\"@type\":\"PropertyValueSpecification\",\"valueRequired\":true,\"valueName\":\"search_term_string\"}}],\"inLanguage\":\"es\"},{\"@type\":\"Organization\",\"@id\":\"https:\/\/www.delexodo.com.ar\/#organization\",\"name\":\"Del \u00c9xodo Nogoy\u00e1\",\"url\":\"https:\/\/www.delexodo.com.ar\/\",\"logo\":{\"@type\":\"ImageObject\",\"inLanguage\":\"es\",\"@id\":\"https:\/\/www.delexodo.com.ar\/#\/schema\/logo\/image\/\",\"url\":\"https:\/\/www.delexodo.com.ar\/wp-content\/uploads\/2024\/10\/cropped-cropped-LOGO24.png\",\"contentUrl\":\"https:\/\/www.delexodo.com.ar\/wp-content\/uploads\/2024\/10\/cropped-cropped-LOGO24.png\",\"width\":512,\"height\":349,\"caption\":\"Del \u00c9xodo Nogoy\u00e1\"},\"image\":{\"@id\":\"https:\/\/www.delexodo.com.ar\/#\/schema\/logo\/image\/\"}},{\"@type\":\"Person\",\"@id\":\"https:\/\/www.delexodo.com.ar\/#\/schema\/person\/bbed37f7da8e938660b34f2013ba449d\",\"name\":\"admin\",\"image\":{\"@type\":\"ImageObject\",\"inLanguage\":\"es\",\"@id\":\"https:\/\/www.delexodo.com.ar\/#\/schema\/person\/image\/\",\"url\":\"https:\/\/secure.gravatar.com\/avatar\/6b1558d1b6df085f1901bd5bd98523d7?s=96&d=mm&r=g\",\"contentUrl\":\"https:\/\/secure.gravatar.com\/avatar\/6b1558d1b6df085f1901bd5bd98523d7?s=96&d=mm&r=g\",\"caption\":\"admin\"},\"url\":\"https:\/\/www.delexodo.com.ar\/?author=1\"}]}<\/script>\n<!-- \/ Yoast SEO plugin. -->","yoast_head_json":{"title":"RECHAZARON EL ACUERDO DE JUICIO ABREVIADO PARA EL SINDICALISTA JOS\u00c9 ANGEL ALLENDE - Del \u00c9xodo Nogoy\u00e1","robots":{"index":"index","follow":"follow","max-snippet":"max-snippet:-1","max-image-preview":"max-image-preview:large","max-video-preview":"max-video-preview:-1"},"canonical":"https:\/\/www.delexodo.com.ar\/?p=8573","og_locale":"es_ES","og_type":"article","og_title":"RECHAZARON EL ACUERDO DE JUICIO ABREVIADO PARA EL SINDICALISTA JOS\u00c9 ANGEL ALLENDE - Del \u00c9xodo Nogoy\u00e1","og_description":"El acuerdo presentado por el Ministerio P\u00fablico Fiscal y los defensores Julio Federik y Leopoldo Lambruschini en representaci\u00f3n del sindicalista&hellip;","og_url":"https:\/\/www.delexodo.com.ar\/?p=8573","og_site_name":"Del \u00c9xodo Nogoy\u00e1","article_published_time":"2021-08-05T18:44:21+00:00","article_modified_time":"2021-08-05T18:46:32+00:00","og_image":[{"width":1330,"height":880,"url":"https:\/\/www.delexodo.com.ar\/wp-content\/uploads\/2021\/08\/JOSE-ANGEL-ALLENDE.jpeg","type":"image\/jpeg"}],"author":"admin","twitter_card":"summary_large_image","twitter_misc":{"Escrito por":"admin","Tiempo de lectura":"4 minutos"},"schema":{"@context":"https:\/\/schema.org","@graph":[{"@type":"Article","@id":"https:\/\/www.delexodo.com.ar\/?p=8573#article","isPartOf":{"@id":"https:\/\/www.delexodo.com.ar\/?p=8573"},"author":{"name":"admin","@id":"https:\/\/www.delexodo.com.ar\/#\/schema\/person\/bbed37f7da8e938660b34f2013ba449d"},"headline":"RECHAZARON EL ACUERDO DE JUICIO ABREVIADO PARA EL SINDICALISTA JOS\u00c9 ANGEL ALLENDE","datePublished":"2021-08-05T18:44:21+00:00","dateModified":"2021-08-05T18:46:32+00:00","mainEntityOfPage":{"@id":"https:\/\/www.delexodo.com.ar\/?p=8573"},"wordCount":852,"publisher":{"@id":"https:\/\/www.delexodo.com.ar\/#organization"},"image":{"@id":"https:\/\/www.delexodo.com.ar\/?p=8573#primaryimage"},"thumbnailUrl":"https:\/\/www.delexodo.com.ar\/wp-content\/uploads\/2021\/08\/JOSE-ANGEL-ALLENDE.jpeg","keywords":["destacar"],"articleSection":["Destacados","Nogoya","NOTICIAS"],"inLanguage":"es"},{"@type":"WebPage","@id":"https:\/\/www.delexodo.com.ar\/?p=8573","url":"https:\/\/www.delexodo.com.ar\/?p=8573","name":"RECHAZARON EL ACUERDO DE JUICIO ABREVIADO PARA EL SINDICALISTA JOS\u00c9 ANGEL ALLENDE - Del \u00c9xodo Nogoy\u00e1","isPartOf":{"@id":"https:\/\/www.delexodo.com.ar\/#website"},"primaryImageOfPage":{"@id":"https:\/\/www.delexodo.com.ar\/?p=8573#primaryimage"},"image":{"@id":"https:\/\/www.delexodo.com.ar\/?p=8573#primaryimage"},"thumbnailUrl":"https:\/\/www.delexodo.com.ar\/wp-content\/uploads\/2021\/08\/JOSE-ANGEL-ALLENDE.jpeg","datePublished":"2021-08-05T18:44:21+00:00","dateModified":"2021-08-05T18:46:32+00:00","breadcrumb":{"@id":"https:\/\/www.delexodo.com.ar\/?p=8573#breadcrumb"},"inLanguage":"es","potentialAction":[{"@type":"ReadAction","target":["https:\/\/www.delexodo.com.ar\/?p=8573"]}]},{"@type":"ImageObject","inLanguage":"es","@id":"https:\/\/www.delexodo.com.ar\/?p=8573#primaryimage","url":"https:\/\/www.delexodo.com.ar\/wp-content\/uploads\/2021\/08\/JOSE-ANGEL-ALLENDE.jpeg","contentUrl":"https:\/\/www.delexodo.com.ar\/wp-content\/uploads\/2021\/08\/JOSE-ANGEL-ALLENDE.jpeg","width":1330,"height":880},{"@type":"BreadcrumbList","@id":"https:\/\/www.delexodo.com.ar\/?p=8573#breadcrumb","itemListElement":[{"@type":"ListItem","position":1,"name":"Portada","item":"https:\/\/www.delexodo.com.ar\/"},{"@type":"ListItem","position":2,"name":"RECHAZARON EL ACUERDO DE JUICIO ABREVIADO PARA EL SINDICALISTA JOS\u00c9 ANGEL ALLENDE"}]},{"@type":"WebSite","@id":"https:\/\/www.delexodo.com.ar\/#website","url":"https:\/\/www.delexodo.com.ar\/","name":"Del \u00c9xodo Nogoy\u00e1","description":"El Portal de Noticias de la Regi\u00f3n","publisher":{"@id":"https:\/\/www.delexodo.com.ar\/#organization"},"potentialAction":[{"@type":"SearchAction","target":{"@type":"EntryPoint","urlTemplate":"https:\/\/www.delexodo.com.ar\/?s={search_term_string}"},"query-input":{"@type":"PropertyValueSpecification","valueRequired":true,"valueName":"search_term_string"}}],"inLanguage":"es"},{"@type":"Organization","@id":"https:\/\/www.delexodo.com.ar\/#organization","name":"Del \u00c9xodo Nogoy\u00e1","url":"https:\/\/www.delexodo.com.ar\/","logo":{"@type":"ImageObject","inLanguage":"es","@id":"https:\/\/www.delexodo.com.ar\/#\/schema\/logo\/image\/","url":"https:\/\/www.delexodo.com.ar\/wp-content\/uploads\/2024\/10\/cropped-cropped-LOGO24.png","contentUrl":"https:\/\/www.delexodo.com.ar\/wp-content\/uploads\/2024\/10\/cropped-cropped-LOGO24.png","width":512,"height":349,"caption":"Del \u00c9xodo Nogoy\u00e1"},"image":{"@id":"https:\/\/www.delexodo.com.ar\/#\/schema\/logo\/image\/"}},{"@type":"Person","@id":"https:\/\/www.delexodo.com.ar\/#\/schema\/person\/bbed37f7da8e938660b34f2013ba449d","name":"admin","image":{"@type":"ImageObject","inLanguage":"es","@id":"https:\/\/www.delexodo.com.ar\/#\/schema\/person\/image\/","url":"https:\/\/secure.gravatar.com\/avatar\/6b1558d1b6df085f1901bd5bd98523d7?s=96&d=mm&r=g","contentUrl":"https:\/\/secure.gravatar.com\/avatar\/6b1558d1b6df085f1901bd5bd98523d7?s=96&d=mm&r=g","caption":"admin"},"url":"https:\/\/www.delexodo.com.ar\/?author=1"}]}},"_links":{"self":[{"href":"https:\/\/www.delexodo.com.ar\/index.php?rest_route=\/wp\/v2\/posts\/8573","targetHints":{"allow":["GET"]}}],"collection":[{"href":"https:\/\/www.delexodo.com.ar\/index.php?rest_route=\/wp\/v2\/posts"}],"about":[{"href":"https:\/\/www.delexodo.com.ar\/index.php?rest_route=\/wp\/v2\/types\/post"}],"author":[{"embeddable":true,"href":"https:\/\/www.delexodo.com.ar\/index.php?rest_route=\/wp\/v2\/users\/1"}],"replies":[{"embeddable":true,"href":"https:\/\/www.delexodo.com.ar\/index.php?rest_route=%2Fwp%2Fv2%2Fcomments&post=8573"}],"version-history":[{"count":0,"href":"https:\/\/www.delexodo.com.ar\/index.php?rest_route=\/wp\/v2\/posts\/8573\/revisions"}],"wp:featuredmedia":[{"embeddable":true,"href":"https:\/\/www.delexodo.com.ar\/index.php?rest_route=\/wp\/v2\/media\/8569"}],"wp:attachment":[{"href":"https:\/\/www.delexodo.com.ar\/index.php?rest_route=%2Fwp%2Fv2%2Fmedia&parent=8573"}],"wp:term":[{"taxonomy":"category","embeddable":true,"href":"https:\/\/www.delexodo.com.ar\/index.php?rest_route=%2Fwp%2Fv2%2Fcategories&post=8573"},{"taxonomy":"post_tag","embeddable":true,"href":"https:\/\/www.delexodo.com.ar\/index.php?rest_route=%2Fwp%2Fv2%2Ftags&post=8573"}],"curies":[{"name":"wp","href":"https:\/\/api.w.org\/{rel}","templated":true}]}}