{"id":8568,"date":"2021-08-04T21:29:28","date_gmt":"2021-08-05T00:29:28","guid":{"rendered":"http:\/\/www.delexodo.com.ar\/?p=8568"},"modified":"2021-08-04T21:30:45","modified_gmt":"2021-08-05T00:30:45","slug":"la-prensa-nacional-titula-el-sindicalista-que-debe-devolver-lo-que-robo","status":"publish","type":"post","link":"https:\/\/www.delexodo.com.ar\/?p=8568","title":{"rendered":"LA PRENSA NACIONAL TITULA: \u00abEL SINDICALISTA QUE DEBE DEVOLVER LO QUE ROB\u00d3\u00bb"},"content":{"rendered":"\n<p>En un art\u00edculo de opini\u00f3n publicado por La Naci\u00f3n, el periodista Francisco Olivera presenta el caso Allende como <em>\u201cun caso testigo de corrupci\u00f3n t\u00edpica argentina\u201d<\/em>.<\/p>\n\n\n\n<h3 class=\"wp-block-heading\">JOS\u00c9 ANGEL ALLENDE, EL SINDICALISTA QUE DEBE DEVOLVER LO QUE ROB\u00d3<\/h3>\n\n\n\n<p>El sindicalista <strong>Jos\u00e9 \u00c1ngel Allende<\/strong> quedar\u00e1 inhabilitado de por vida para ejercer cargos p\u00fablicos y tendr\u00e1 que devolver los casi US$1,2 millones que rob\u00f3; como beneficio, no ir\u00e1 a prisi\u00f3n<br>La escena, que es de la semana pasada, impresiona por lo infrecuente. <em>\u201c\u00bfUsted reconoce ser el autor de esos hechos que se le imputaron?\u201d<\/em>, pregunta el juez. <strong><em>\u201cS\u00ed, se\u00f1or juez\u201d<\/em><\/strong>, contesta el sindicalista en la pantalla gigante. Si todo sale como su defensa lo prev\u00e9, <strong>Jos\u00e9 \u00c1ngel Allende<\/strong>, secretario general de la Uni\u00f3n del Personal Civil de la Naci\u00f3n (UPCN) Entre R\u00edos y ex diputado provincial del PJ, millonario, acusado de haberse quedado con casi 1,2 millones de d\u00f3lares del Estado en el transcurso de los \u00faltimos 22 a\u00f1os, <strong>deber\u00e1 devolver lo que rob\u00f3<\/strong>. Se resolver\u00e1 ma\u00f1ana por la tarde en Paran\u00e1, donde el juez Elvio Garz\u00f3n dar\u00e1 a conocer si acepta el acuerdo de juicio abreviado.<\/p>\n\n\n\n<p><span class=\"has-inline-color has-luminous-vivid-orange-color\"><strong>Allende quedar\u00e1 inhabilitado de por vida para ejercer cargos p\u00fablicos. Es lo que quienes propician este procedimiento consideran m\u00e1s valioso<\/strong><\/span>: son demasiadas las veces que los corruptos no s\u00f3lo quedan impunes, dicen, sino que adem\u00e1s se reciclan en nuevas funciones. El acuerdo a que lleg\u00f3 con la fiscal\u00eda incluye como contraparte un beneficio para \u00e9l: no ir preso, porque la pena establecida es de dos a\u00f1os y ocho meses, y la posibilidad, que decidir\u00e1 otro juez, el de instrucci\u00f3n, de que queden sobrese\u00eddos sus hijos Julio, Victoria y Carolina; Adriana Satler, su mujer, y Diana Traverso, su ex, todos ellos involucrados en la investigaci\u00f3n porque pudieron haber oficiado de testaferros y a quienes, con excepci\u00f3n de Traverso, ubic\u00f3 en distintas reparticiones del Estado.<br>El de Allende es un caso testigo de corrupci\u00f3n t\u00edpica argentina. El juez debe resolverlo sopesando la postura de quienes se oponen al acuerdo porque piden una pena mayor. Entre ellos, dos v\u00edctimas de esta causa m\u00faltiple, que adem\u00e1s de enriquecimiento il\u00edcito y negociaciones incompatibles con la funci\u00f3n p\u00fablica incluye amenazas: la actual ministra de Salud de Entre R\u00edos, Sonia Vel\u00e1zquez, a quien el l\u00edder sindical hostig\u00f3 y agredi\u00f3 mientras le ped\u00eda remover a la directora del hospital de Diamante, y el periodista Mart\u00edn Carboni, al que critic\u00f3 en una radio local comparando la situaci\u00f3n con el suicidio de Alfredo Yabr\u00e1n y el asesinato de Jos\u00e9 Luis Cabezas.<\/p>\n\n\n\n<p>Allende ha sido desde los 90 uno de los dirigentes m\u00e1s relevantes del poder provincial. Su patrimonio, estimado en 4,5 millones de d\u00f3lares, creci\u00f3 al amparo de una relaci\u00f3n siempre estrecha con los diferentes gobernadores: tiene barcos, casas en Entre R\u00edos, una colecci\u00f3n de autos antiguos y hasta una isla en el Paran\u00e1 y un departamento en la torre Le Parc, en Puerto Madero. <span class=\"has-inline-color has-luminous-vivid-orange-color\"><strong>El acuerdo con la fiscal\u00eda, ratificado a LA NACION por los abogados del imputado, prev\u00e9 que devuelva dos casas (una en el Parque Urquiza, con vista al Paran\u00e1, valuada en US$720.922, y otra de 378.289 d\u00f3lares) m\u00e1s 3 millones de pesos en efectivo.<\/strong><\/span><\/p>\n\n\n\n<p>Si prospera, el procedimiento interpelar\u00e1 de alg\u00fan modo a todo el poder provincial. Entre ellos al gobernador, Gustavo Bordet, que design\u00f3 hace cinco a\u00f1os a Satler, la mujer de Allende, en un cargo ad honorem en el ministerio de Salud: la nombr\u00f3 coordinadora de la Unidad Ejecutora de Conservaci\u00f3n, una dependencia que se encarga del mantenimiento de los hospitales. Y tambi\u00e9n a Sergio Urribarri, actual embajador en Israel, que condujo los destinos de la provincia hasta 2015 y tiene tres causas dispuestas ya para el juicio, entre ellas, una que lo investiga por el supuesto desv\u00edo de fondos en la campa\u00f1a mediante la cual pretend\u00eda ser candidato a presidente y llam\u00f3 \u201cSue\u00f1o Entrerriano\u201d.<\/p>\n\n\n\n<p>En su libro El Nido, el periodista Daniel Enz, uno de los que sac\u00f3 a la luz el caso desde la revista An\u00e1lisis en 2012, dice que Urribarri fue uno de los que se opon\u00eda a que el sindicalista se declarara culpable. Lo expone con una an\u00e9cdota previa a otro intento de acuerdo con la fiscal\u00eda, a fines del a\u00f1o pasado, que finalmente el juez desech\u00f3. Cuenta Enz que el entonces gobernador lleg\u00f3 a objetar la decisi\u00f3n en una conversaci\u00f3n privada con Allende: \u201c\u00bfVos sos loco, Ruso? \u00bfSos consciente del precedente que nos gener\u00e1s si acord\u00e1s eso?\u201d El acusado le contest\u00f3 que lo hac\u00eda para excluir de la causa a su familia.<\/p>\n\n\n\n<p>Es una pretensi\u00f3n que en rigor depende del juez de instrucci\u00f3n. Porque Allende los involucr\u00f3 directamente. Lo admite \u00e9l en el acuerdo. Entre 2008 y 2011, por ejemplo, desde la C\u00e1mara de Diputados, le suministr\u00f3 128 subsidios a la fundaci\u00f3n Esperanza, que presid\u00eda su mujer, Satler, y en la que figuraban su hija Victoria como tesorera y \u00e9l mismo como secretario del Consejo de Administraci\u00f3n. Una maniobra que sum\u00f3 casi 1,5 millones de pesos de entonces y que podr\u00eda resumirse en una vieja broma que el economista Juan Carlos De Pablo suele hacer sobre aquellos lobbies de intenci\u00f3n dudosa: \u201cHay que aprobar el subsidio a m\u00ed\u201d.<\/p>\n\n\n\n<p><strong>Por Francisco Olivera para La Naci\u00f3n<\/strong><\/p>\n","protected":false},"excerpt":{"rendered":"<p>En un art\u00edculo de opini\u00f3n publicado por La Naci\u00f3n, el periodista Francisco Olivera presenta el caso Allende como \u201cun caso&hellip;<\/p>\n","protected":false},"author":1,"featured_media":8569,"comment_status":"closed","ping_status":"closed","sticky":false,"template":"","format":"standard","meta":{"_joinchat":[],"footnotes":""},"categories":[65,1,69],"tags":[345],"class_list":["post-8568","post","type-post","status-publish","format-standard","has-post-thumbnail","hentry","category-destacados","category-sincategoria","category-noticias","tag-destacar"],"yoast_head":"<!-- This site is optimized with the Yoast SEO plugin v25.1 - https:\/\/yoast.com\/wordpress\/plugins\/seo\/ -->\n<title>LA PRENSA NACIONAL TITULA: &quot;EL SINDICALISTA QUE DEBE DEVOLVER LO QUE ROB\u00d3&quot; - Del \u00c9xodo Nogoy\u00e1<\/title>\n<meta name=\"robots\" content=\"index, follow, max-snippet:-1, max-image-preview:large, max-video-preview:-1\" \/>\n<link rel=\"canonical\" href=\"https:\/\/www.delexodo.com.ar\/?p=8568\" \/>\n<meta property=\"og:locale\" content=\"es_ES\" \/>\n<meta property=\"og:type\" content=\"article\" \/>\n<meta property=\"og:title\" content=\"LA PRENSA NACIONAL TITULA: &quot;EL SINDICALISTA QUE DEBE DEVOLVER LO QUE ROB\u00d3&quot; - Del \u00c9xodo Nogoy\u00e1\" \/>\n<meta property=\"og:description\" content=\"En un art\u00edculo de opini\u00f3n publicado por La Naci\u00f3n, el periodista Francisco Olivera presenta el caso Allende como \u201cun caso&hellip;\" \/>\n<meta property=\"og:url\" content=\"https:\/\/www.delexodo.com.ar\/?p=8568\" \/>\n<meta property=\"og:site_name\" content=\"Del \u00c9xodo Nogoy\u00e1\" \/>\n<meta property=\"article:published_time\" content=\"2021-08-05T00:29:28+00:00\" \/>\n<meta property=\"article:modified_time\" content=\"2021-08-05T00:30:45+00:00\" \/>\n<meta property=\"og:image\" content=\"https:\/\/www.delexodo.com.ar\/wp-content\/uploads\/2021\/08\/JOSE-ANGEL-ALLENDE.jpeg\" \/>\n\t<meta property=\"og:image:width\" content=\"1330\" \/>\n\t<meta property=\"og:image:height\" content=\"880\" \/>\n\t<meta property=\"og:image:type\" content=\"image\/jpeg\" \/>\n<meta name=\"author\" content=\"admin\" \/>\n<meta name=\"twitter:card\" content=\"summary_large_image\" \/>\n<meta name=\"twitter:label1\" content=\"Escrito por\" \/>\n\t<meta name=\"twitter:data1\" content=\"admin\" \/>\n\t<meta name=\"twitter:label2\" content=\"Tiempo de lectura\" \/>\n\t<meta name=\"twitter:data2\" content=\"5 minutos\" \/>\n<script type=\"application\/ld+json\" class=\"yoast-schema-graph\">{\"@context\":\"https:\/\/schema.org\",\"@graph\":[{\"@type\":\"Article\",\"@id\":\"https:\/\/www.delexodo.com.ar\/?p=8568#article\",\"isPartOf\":{\"@id\":\"https:\/\/www.delexodo.com.ar\/?p=8568\"},\"author\":{\"name\":\"admin\",\"@id\":\"https:\/\/www.delexodo.com.ar\/#\/schema\/person\/bbed37f7da8e938660b34f2013ba449d\"},\"headline\":\"LA PRENSA NACIONAL TITULA: \u00abEL SINDICALISTA QUE DEBE DEVOLVER LO QUE ROB\u00d3\u00bb\",\"datePublished\":\"2021-08-05T00:29:28+00:00\",\"dateModified\":\"2021-08-05T00:30:45+00:00\",\"mainEntityOfPage\":{\"@id\":\"https:\/\/www.delexodo.com.ar\/?p=8568\"},\"wordCount\":932,\"publisher\":{\"@id\":\"https:\/\/www.delexodo.com.ar\/#organization\"},\"image\":{\"@id\":\"https:\/\/www.delexodo.com.ar\/?p=8568#primaryimage\"},\"thumbnailUrl\":\"https:\/\/www.delexodo.com.ar\/wp-content\/uploads\/2021\/08\/JOSE-ANGEL-ALLENDE.jpeg\",\"keywords\":[\"destacar\"],\"articleSection\":[\"Destacados\",\"Nogoya\",\"NOTICIAS\"],\"inLanguage\":\"es\"},{\"@type\":\"WebPage\",\"@id\":\"https:\/\/www.delexodo.com.ar\/?p=8568\",\"url\":\"https:\/\/www.delexodo.com.ar\/?p=8568\",\"name\":\"LA PRENSA NACIONAL TITULA: \\\"EL SINDICALISTA QUE DEBE DEVOLVER LO QUE ROB\u00d3\\\" - Del \u00c9xodo Nogoy\u00e1\",\"isPartOf\":{\"@id\":\"https:\/\/www.delexodo.com.ar\/#website\"},\"primaryImageOfPage\":{\"@id\":\"https:\/\/www.delexodo.com.ar\/?p=8568#primaryimage\"},\"image\":{\"@id\":\"https:\/\/www.delexodo.com.ar\/?p=8568#primaryimage\"},\"thumbnailUrl\":\"https:\/\/www.delexodo.com.ar\/wp-content\/uploads\/2021\/08\/JOSE-ANGEL-ALLENDE.jpeg\",\"datePublished\":\"2021-08-05T00:29:28+00:00\",\"dateModified\":\"2021-08-05T00:30:45+00:00\",\"breadcrumb\":{\"@id\":\"https:\/\/www.delexodo.com.ar\/?p=8568#breadcrumb\"},\"inLanguage\":\"es\",\"potentialAction\":[{\"@type\":\"ReadAction\",\"target\":[\"https:\/\/www.delexodo.com.ar\/?p=8568\"]}]},{\"@type\":\"ImageObject\",\"inLanguage\":\"es\",\"@id\":\"https:\/\/www.delexodo.com.ar\/?p=8568#primaryimage\",\"url\":\"https:\/\/www.delexodo.com.ar\/wp-content\/uploads\/2021\/08\/JOSE-ANGEL-ALLENDE.jpeg\",\"contentUrl\":\"https:\/\/www.delexodo.com.ar\/wp-content\/uploads\/2021\/08\/JOSE-ANGEL-ALLENDE.jpeg\",\"width\":1330,\"height\":880},{\"@type\":\"BreadcrumbList\",\"@id\":\"https:\/\/www.delexodo.com.ar\/?p=8568#breadcrumb\",\"itemListElement\":[{\"@type\":\"ListItem\",\"position\":1,\"name\":\"Portada\",\"item\":\"https:\/\/www.delexodo.com.ar\/\"},{\"@type\":\"ListItem\",\"position\":2,\"name\":\"LA PRENSA NACIONAL TITULA: \u00abEL SINDICALISTA QUE DEBE DEVOLVER LO QUE ROB\u00d3\u00bb\"}]},{\"@type\":\"WebSite\",\"@id\":\"https:\/\/www.delexodo.com.ar\/#website\",\"url\":\"https:\/\/www.delexodo.com.ar\/\",\"name\":\"Del \u00c9xodo Nogoy\u00e1\",\"description\":\"El Portal de Noticias de la Regi\u00f3n\",\"publisher\":{\"@id\":\"https:\/\/www.delexodo.com.ar\/#organization\"},\"potentialAction\":[{\"@type\":\"SearchAction\",\"target\":{\"@type\":\"EntryPoint\",\"urlTemplate\":\"https:\/\/www.delexodo.com.ar\/?s={search_term_string}\"},\"query-input\":{\"@type\":\"PropertyValueSpecification\",\"valueRequired\":true,\"valueName\":\"search_term_string\"}}],\"inLanguage\":\"es\"},{\"@type\":\"Organization\",\"@id\":\"https:\/\/www.delexodo.com.ar\/#organization\",\"name\":\"Del \u00c9xodo Nogoy\u00e1\",\"url\":\"https:\/\/www.delexodo.com.ar\/\",\"logo\":{\"@type\":\"ImageObject\",\"inLanguage\":\"es\",\"@id\":\"https:\/\/www.delexodo.com.ar\/#\/schema\/logo\/image\/\",\"url\":\"https:\/\/www.delexodo.com.ar\/wp-content\/uploads\/2024\/10\/cropped-cropped-LOGO24.png\",\"contentUrl\":\"https:\/\/www.delexodo.com.ar\/wp-content\/uploads\/2024\/10\/cropped-cropped-LOGO24.png\",\"width\":512,\"height\":349,\"caption\":\"Del \u00c9xodo Nogoy\u00e1\"},\"image\":{\"@id\":\"https:\/\/www.delexodo.com.ar\/#\/schema\/logo\/image\/\"}},{\"@type\":\"Person\",\"@id\":\"https:\/\/www.delexodo.com.ar\/#\/schema\/person\/bbed37f7da8e938660b34f2013ba449d\",\"name\":\"admin\",\"image\":{\"@type\":\"ImageObject\",\"inLanguage\":\"es\",\"@id\":\"https:\/\/www.delexodo.com.ar\/#\/schema\/person\/image\/\",\"url\":\"https:\/\/secure.gravatar.com\/avatar\/6b1558d1b6df085f1901bd5bd98523d7?s=96&d=mm&r=g\",\"contentUrl\":\"https:\/\/secure.gravatar.com\/avatar\/6b1558d1b6df085f1901bd5bd98523d7?s=96&d=mm&r=g\",\"caption\":\"admin\"},\"url\":\"https:\/\/www.delexodo.com.ar\/?author=1\"}]}<\/script>\n<!-- \/ Yoast SEO plugin. -->","yoast_head_json":{"title":"LA PRENSA NACIONAL TITULA: \"EL SINDICALISTA QUE DEBE DEVOLVER LO QUE ROB\u00d3\" - Del \u00c9xodo Nogoy\u00e1","robots":{"index":"index","follow":"follow","max-snippet":"max-snippet:-1","max-image-preview":"max-image-preview:large","max-video-preview":"max-video-preview:-1"},"canonical":"https:\/\/www.delexodo.com.ar\/?p=8568","og_locale":"es_ES","og_type":"article","og_title":"LA PRENSA NACIONAL TITULA: \"EL SINDICALISTA QUE DEBE DEVOLVER LO QUE ROB\u00d3\" - Del \u00c9xodo Nogoy\u00e1","og_description":"En un art\u00edculo de opini\u00f3n publicado por La Naci\u00f3n, el periodista Francisco Olivera presenta el caso Allende como \u201cun caso&hellip;","og_url":"https:\/\/www.delexodo.com.ar\/?p=8568","og_site_name":"Del \u00c9xodo Nogoy\u00e1","article_published_time":"2021-08-05T00:29:28+00:00","article_modified_time":"2021-08-05T00:30:45+00:00","og_image":[{"width":1330,"height":880,"url":"https:\/\/www.delexodo.com.ar\/wp-content\/uploads\/2021\/08\/JOSE-ANGEL-ALLENDE.jpeg","type":"image\/jpeg"}],"author":"admin","twitter_card":"summary_large_image","twitter_misc":{"Escrito por":"admin","Tiempo de lectura":"5 minutos"},"schema":{"@context":"https:\/\/schema.org","@graph":[{"@type":"Article","@id":"https:\/\/www.delexodo.com.ar\/?p=8568#article","isPartOf":{"@id":"https:\/\/www.delexodo.com.ar\/?p=8568"},"author":{"name":"admin","@id":"https:\/\/www.delexodo.com.ar\/#\/schema\/person\/bbed37f7da8e938660b34f2013ba449d"},"headline":"LA PRENSA NACIONAL TITULA: \u00abEL SINDICALISTA QUE DEBE DEVOLVER LO QUE ROB\u00d3\u00bb","datePublished":"2021-08-05T00:29:28+00:00","dateModified":"2021-08-05T00:30:45+00:00","mainEntityOfPage":{"@id":"https:\/\/www.delexodo.com.ar\/?p=8568"},"wordCount":932,"publisher":{"@id":"https:\/\/www.delexodo.com.ar\/#organization"},"image":{"@id":"https:\/\/www.delexodo.com.ar\/?p=8568#primaryimage"},"thumbnailUrl":"https:\/\/www.delexodo.com.ar\/wp-content\/uploads\/2021\/08\/JOSE-ANGEL-ALLENDE.jpeg","keywords":["destacar"],"articleSection":["Destacados","Nogoya","NOTICIAS"],"inLanguage":"es"},{"@type":"WebPage","@id":"https:\/\/www.delexodo.com.ar\/?p=8568","url":"https:\/\/www.delexodo.com.ar\/?p=8568","name":"LA PRENSA NACIONAL TITULA: \"EL SINDICALISTA QUE DEBE DEVOLVER LO QUE ROB\u00d3\" - Del \u00c9xodo Nogoy\u00e1","isPartOf":{"@id":"https:\/\/www.delexodo.com.ar\/#website"},"primaryImageOfPage":{"@id":"https:\/\/www.delexodo.com.ar\/?p=8568#primaryimage"},"image":{"@id":"https:\/\/www.delexodo.com.ar\/?p=8568#primaryimage"},"thumbnailUrl":"https:\/\/www.delexodo.com.ar\/wp-content\/uploads\/2021\/08\/JOSE-ANGEL-ALLENDE.jpeg","datePublished":"2021-08-05T00:29:28+00:00","dateModified":"2021-08-05T00:30:45+00:00","breadcrumb":{"@id":"https:\/\/www.delexodo.com.ar\/?p=8568#breadcrumb"},"inLanguage":"es","potentialAction":[{"@type":"ReadAction","target":["https:\/\/www.delexodo.com.ar\/?p=8568"]}]},{"@type":"ImageObject","inLanguage":"es","@id":"https:\/\/www.delexodo.com.ar\/?p=8568#primaryimage","url":"https:\/\/www.delexodo.com.ar\/wp-content\/uploads\/2021\/08\/JOSE-ANGEL-ALLENDE.jpeg","contentUrl":"https:\/\/www.delexodo.com.ar\/wp-content\/uploads\/2021\/08\/JOSE-ANGEL-ALLENDE.jpeg","width":1330,"height":880},{"@type":"BreadcrumbList","@id":"https:\/\/www.delexodo.com.ar\/?p=8568#breadcrumb","itemListElement":[{"@type":"ListItem","position":1,"name":"Portada","item":"https:\/\/www.delexodo.com.ar\/"},{"@type":"ListItem","position":2,"name":"LA PRENSA NACIONAL TITULA: \u00abEL SINDICALISTA QUE DEBE DEVOLVER LO QUE ROB\u00d3\u00bb"}]},{"@type":"WebSite","@id":"https:\/\/www.delexodo.com.ar\/#website","url":"https:\/\/www.delexodo.com.ar\/","name":"Del \u00c9xodo Nogoy\u00e1","description":"El Portal de Noticias de la Regi\u00f3n","publisher":{"@id":"https:\/\/www.delexodo.com.ar\/#organization"},"potentialAction":[{"@type":"SearchAction","target":{"@type":"EntryPoint","urlTemplate":"https:\/\/www.delexodo.com.ar\/?s={search_term_string}"},"query-input":{"@type":"PropertyValueSpecification","valueRequired":true,"valueName":"search_term_string"}}],"inLanguage":"es"},{"@type":"Organization","@id":"https:\/\/www.delexodo.com.ar\/#organization","name":"Del \u00c9xodo Nogoy\u00e1","url":"https:\/\/www.delexodo.com.ar\/","logo":{"@type":"ImageObject","inLanguage":"es","@id":"https:\/\/www.delexodo.com.ar\/#\/schema\/logo\/image\/","url":"https:\/\/www.delexodo.com.ar\/wp-content\/uploads\/2024\/10\/cropped-cropped-LOGO24.png","contentUrl":"https:\/\/www.delexodo.com.ar\/wp-content\/uploads\/2024\/10\/cropped-cropped-LOGO24.png","width":512,"height":349,"caption":"Del \u00c9xodo Nogoy\u00e1"},"image":{"@id":"https:\/\/www.delexodo.com.ar\/#\/schema\/logo\/image\/"}},{"@type":"Person","@id":"https:\/\/www.delexodo.com.ar\/#\/schema\/person\/bbed37f7da8e938660b34f2013ba449d","name":"admin","image":{"@type":"ImageObject","inLanguage":"es","@id":"https:\/\/www.delexodo.com.ar\/#\/schema\/person\/image\/","url":"https:\/\/secure.gravatar.com\/avatar\/6b1558d1b6df085f1901bd5bd98523d7?s=96&d=mm&r=g","contentUrl":"https:\/\/secure.gravatar.com\/avatar\/6b1558d1b6df085f1901bd5bd98523d7?s=96&d=mm&r=g","caption":"admin"},"url":"https:\/\/www.delexodo.com.ar\/?author=1"}]}},"_links":{"self":[{"href":"https:\/\/www.delexodo.com.ar\/index.php?rest_route=\/wp\/v2\/posts\/8568","targetHints":{"allow":["GET"]}}],"collection":[{"href":"https:\/\/www.delexodo.com.ar\/index.php?rest_route=\/wp\/v2\/posts"}],"about":[{"href":"https:\/\/www.delexodo.com.ar\/index.php?rest_route=\/wp\/v2\/types\/post"}],"author":[{"embeddable":true,"href":"https:\/\/www.delexodo.com.ar\/index.php?rest_route=\/wp\/v2\/users\/1"}],"replies":[{"embeddable":true,"href":"https:\/\/www.delexodo.com.ar\/index.php?rest_route=%2Fwp%2Fv2%2Fcomments&post=8568"}],"version-history":[{"count":0,"href":"https:\/\/www.delexodo.com.ar\/index.php?rest_route=\/wp\/v2\/posts\/8568\/revisions"}],"wp:featuredmedia":[{"embeddable":true,"href":"https:\/\/www.delexodo.com.ar\/index.php?rest_route=\/wp\/v2\/media\/8569"}],"wp:attachment":[{"href":"https:\/\/www.delexodo.com.ar\/index.php?rest_route=%2Fwp%2Fv2%2Fmedia&parent=8568"}],"wp:term":[{"taxonomy":"category","embeddable":true,"href":"https:\/\/www.delexodo.com.ar\/index.php?rest_route=%2Fwp%2Fv2%2Fcategories&post=8568"},{"taxonomy":"post_tag","embeddable":true,"href":"https:\/\/www.delexodo.com.ar\/index.php?rest_route=%2Fwp%2Fv2%2Ftags&post=8568"}],"curies":[{"name":"wp","href":"https:\/\/api.w.org\/{rel}","templated":true}]}}