{"id":8493,"date":"2021-07-13T22:19:02","date_gmt":"2021-07-14T01:19:02","guid":{"rendered":"http:\/\/www.delexodo.com.ar\/?p=8493"},"modified":"2021-07-13T22:19:03","modified_gmt":"2021-07-14T01:19:03","slug":"27-viviendas-27-familias-mas-cerca-de-un-techo-propio","status":"publish","type":"post","link":"https:\/\/www.delexodo.com.ar\/?p=8493","title":{"rendered":"27 VIVIENDAS: 27 FAMILIAS MAS CERCA DE UN TECHO PROPIO"},"content":{"rendered":"\n<p>El <strong>martes 13<\/strong> para las 27 familias que esperan por la vivienda ya adjudicada, puede que sea un d\u00eda para recordar como la reuni\u00f3n que los acerca un poco m\u00e1s al sue\u00f1o de la casa propia.<\/p>\n\n\n\n<figure class=\"wp-block-embed is-type-video is-provider-youtube wp-block-embed-youtube wp-embed-aspect-16-9 wp-has-aspect-ratio\"><div class=\"wp-block-embed__wrapper\">\n<iframe loading=\"lazy\" title=\"#EXTERIORES - REUNI\u00d3N ADJUDICATARIOS 27 VIVIENDAS NOGOY\u00c1 13\/07\/21\" width=\"500\" height=\"281\" src=\"https:\/\/www.youtube.com\/embed\/9EFAJNWVQjA?feature=oembed\" frameborder=\"0\" allow=\"accelerometer; autoplay; clipboard-write; encrypted-media; gyroscope; picture-in-picture; web-share\" referrerpolicy=\"strict-origin-when-cross-origin\" allowfullscreen><\/iframe>\n<\/div><\/figure>\n\n\n\n<p>27 familias que a\u00fan siguen expectantes a ese llamado que les informen que pueden habitar el m\u00f3dulo habitacional que por burocracia tiene demorada la llegada de los fondos necesarios para su finalizaci\u00f3n.<\/p>\n\n\n\n<div class=\"wp-block-image\"><figure class=\"aligncenter size-large\"><img loading=\"lazy\" decoding=\"async\" width=\"1024\" height=\"281\" src=\"https:\/\/www.delexodo.com.ar\/wp-content\/uploads\/2021\/07\/REUNION-27-VIVIENDAS1-1-1024x281.jpg\" alt=\"\" class=\"wp-image-8496\" srcset=\"https:\/\/www.delexodo.com.ar\/wp-content\/uploads\/2021\/07\/REUNION-27-VIVIENDAS1-1-1024x281.jpg 1024w, https:\/\/www.delexodo.com.ar\/wp-content\/uploads\/2021\/07\/REUNION-27-VIVIENDAS1-1-300x82.jpg 300w, https:\/\/www.delexodo.com.ar\/wp-content\/uploads\/2021\/07\/REUNION-27-VIVIENDAS1-1-768x211.jpg 768w, https:\/\/www.delexodo.com.ar\/wp-content\/uploads\/2021\/07\/REUNION-27-VIVIENDAS1-1-1536x422.jpg 1536w, https:\/\/www.delexodo.com.ar\/wp-content\/uploads\/2021\/07\/REUNION-27-VIVIENDAS1-1.jpg 1922w\" sizes=\"auto, (max-width: 1024px) 100vw, 1024px\" \/><\/figure><\/div>\n\n\n\n<p>Las 27 familias fueron convocadas por el ejecutivo municipal y el presidente del consorcio habitacional a fin de informarles que en las pr\u00f3ximas dos semanas se llevar\u00e1 a cabo un relevamiento por parte del \u00e1rea de desarrollo social para cotejar cualquier cambio en las disposiciones familiares y asimismo en ese plazo se los va a convocar al predio del B\u00b0 Cha\u00f1ar para que puedan corroborar el avance de las obras y ese mismo d\u00eda se proceder\u00e1 al sorteo para que cada familia tenga asignada, por azar, la vivienda que podr\u00e1 ocupar una vez finalizada la obra.<\/p>\n\n\n\n<p>Obra que por cuestiones netamente burocr\u00e1ticas, como ya se explic\u00f3 anteriormente, se demor\u00f3 en la llegada de los fondos necesarios para dar el final de obra y as\u00ed entregar las unidades.<\/p>\n\n\n\n<p><a rel=\"noreferrer noopener\" href=\"https:\/\/www.delexodo.com.ar\/se-convoca-a-los-beneficiarios-del-programa-prodiser-a-presentar-documentacion-del-grupo-familiar\/\" target=\"_blank\">SE CONVOCA A LOS BENEFICIARIOS DEL PROGRAMA PRODISER A PRESENTAR DOCUMENTACI\u00d3N DEL GRUPO FAMILIAR<\/a><\/p>\n\n\n\n<p>Desde aquel 06 de noviembre del 2019 cuando se convocaba a presentar documentaci\u00f3n parece estar mas cerca la entrega aunque alguna voz hoy se hizo sentir con la consigna de que no sean 6 a\u00f1os mas los que se esperen para la entrega .<\/p>\n\n\n\n<div class=\"wp-block-image\"><figure class=\"alignleft size-large is-resized\"><img loading=\"lazy\" decoding=\"async\" src=\"https:\/\/www.delexodo.com.ar\/wp-content\/uploads\/2021\/07\/REUNION-27-VIVIENDAS-MESA.jpg\" alt=\"\" class=\"wp-image-8497\" width=\"320\" height=\"228\" srcset=\"https:\/\/www.delexodo.com.ar\/wp-content\/uploads\/2021\/07\/REUNION-27-VIVIENDAS-MESA.jpg 738w, https:\/\/www.delexodo.com.ar\/wp-content\/uploads\/2021\/07\/REUNION-27-VIVIENDAS-MESA-300x215.jpg 300w\" sizes=\"auto, (max-width: 320px) 100vw, 320px\" \/><\/figure><\/div>\n\n\n\n<p>Tras las explicaciones por parte del intendente Cavagna y Marcos Acosta (presidente del Consorcio) se pudo escuchar un cerrado aplauso por parte de los asistentes que dej\u00f3 entrever el entusiasmo y la confianza de la palabra prometida. Que as\u00ed sea. <\/p>\n\n\n\n<p>En el mientras tanto seguiremos registrando im\u00e1genes hasta que las mismas sean de felicidad cuando las familias reciban al fin las llaves de su tan esperado hogar.<\/p>\n\n\n\n<figure class=\"wp-block-embed is-type-video is-provider-youtube wp-block-embed-youtube wp-embed-aspect-16-9 wp-has-aspect-ratio\"><div class=\"wp-block-embed__wrapper\">\n<iframe loading=\"lazy\" title=\"#ARCHIVO - INFORME BARRIO CHA\u00d1AR 27 VIVIENDAS 19\/02\/20\" width=\"500\" height=\"281\" src=\"https:\/\/www.youtube.com\/embed\/y1ycO129NGU?feature=oembed\" frameborder=\"0\" allow=\"accelerometer; autoplay; clipboard-write; encrypted-media; gyroscope; picture-in-picture; web-share\" referrerpolicy=\"strict-origin-when-cross-origin\" allowfullscreen><\/iframe>\n<\/div><figcaption>Archivo FM De \u00c9xodo 19\/02\/20<\/figcaption><\/figure>\n","protected":false},"excerpt":{"rendered":"<p>El martes 13 para las 27 familias que esperan por la vivienda ya adjudicada, puede que sea un d\u00eda para&hellip;<\/p>\n","protected":false},"author":1,"featured_media":8494,"comment_status":"closed","ping_status":"closed","sticky":false,"template":"","format":"standard","meta":{"_joinchat":[],"footnotes":""},"categories":[65,1,69],"tags":[345],"class_list":["post-8493","post","type-post","status-publish","format-standard","has-post-thumbnail","hentry","category-destacados","category-sincategoria","category-noticias","tag-destacar"],"yoast_head":"<!-- This site is optimized with the Yoast SEO plugin v25.1 - https:\/\/yoast.com\/wordpress\/plugins\/seo\/ -->\n<title>27 VIVIENDAS: 27 FAMILIAS MAS CERCA DE UN TECHO PROPIO - Del \u00c9xodo Nogoy\u00e1<\/title>\n<meta name=\"robots\" content=\"index, follow, max-snippet:-1, max-image-preview:large, max-video-preview:-1\" \/>\n<link rel=\"canonical\" href=\"https:\/\/www.delexodo.com.ar\/?p=8493\" \/>\n<meta property=\"og:locale\" content=\"es_ES\" \/>\n<meta property=\"og:type\" content=\"article\" \/>\n<meta property=\"og:title\" content=\"27 VIVIENDAS: 27 FAMILIAS MAS CERCA DE UN TECHO PROPIO - Del \u00c9xodo Nogoy\u00e1\" \/>\n<meta property=\"og:description\" content=\"El martes 13 para las 27 familias que esperan por la vivienda ya adjudicada, puede que sea un d\u00eda para&hellip;\" \/>\n<meta property=\"og:url\" content=\"https:\/\/www.delexodo.com.ar\/?p=8493\" \/>\n<meta property=\"og:site_name\" content=\"Del \u00c9xodo Nogoy\u00e1\" \/>\n<meta property=\"article:published_time\" content=\"2021-07-14T01:19:02+00:00\" \/>\n<meta property=\"article:modified_time\" content=\"2021-07-14T01:19:03+00:00\" \/>\n<meta property=\"og:image\" content=\"https:\/\/www.delexodo.com.ar\/wp-content\/uploads\/2021\/07\/REUNION-PORTADA.jpg\" \/>\n\t<meta property=\"og:image:width\" content=\"944\" \/>\n\t<meta property=\"og:image:height\" content=\"442\" \/>\n\t<meta property=\"og:image:type\" content=\"image\/jpeg\" \/>\n<meta name=\"author\" content=\"admin\" \/>\n<meta name=\"twitter:card\" content=\"summary_large_image\" \/>\n<meta name=\"twitter:label1\" content=\"Escrito por\" \/>\n\t<meta name=\"twitter:data1\" content=\"admin\" \/>\n\t<meta name=\"twitter:label2\" content=\"Tiempo de lectura\" \/>\n\t<meta name=\"twitter:data2\" content=\"2 minutos\" \/>\n<script type=\"application\/ld+json\" class=\"yoast-schema-graph\">{\"@context\":\"https:\/\/schema.org\",\"@graph\":[{\"@type\":\"Article\",\"@id\":\"https:\/\/www.delexodo.com.ar\/?p=8493#article\",\"isPartOf\":{\"@id\":\"https:\/\/www.delexodo.com.ar\/?p=8493\"},\"author\":{\"name\":\"admin\",\"@id\":\"https:\/\/www.delexodo.com.ar\/#\/schema\/person\/bbed37f7da8e938660b34f2013ba449d\"},\"headline\":\"27 VIVIENDAS: 27 FAMILIAS MAS CERCA DE UN TECHO PROPIO\",\"datePublished\":\"2021-07-14T01:19:02+00:00\",\"dateModified\":\"2021-07-14T01:19:03+00:00\",\"mainEntityOfPage\":{\"@id\":\"https:\/\/www.delexodo.com.ar\/?p=8493\"},\"wordCount\":352,\"publisher\":{\"@id\":\"https:\/\/www.delexodo.com.ar\/#organization\"},\"image\":{\"@id\":\"https:\/\/www.delexodo.com.ar\/?p=8493#primaryimage\"},\"thumbnailUrl\":\"https:\/\/www.delexodo.com.ar\/wp-content\/uploads\/2021\/07\/REUNION-PORTADA.jpg\",\"keywords\":[\"destacar\"],\"articleSection\":[\"Destacados\",\"Nogoya\",\"NOTICIAS\"],\"inLanguage\":\"es\"},{\"@type\":\"WebPage\",\"@id\":\"https:\/\/www.delexodo.com.ar\/?p=8493\",\"url\":\"https:\/\/www.delexodo.com.ar\/?p=8493\",\"name\":\"27 VIVIENDAS: 27 FAMILIAS MAS CERCA DE UN TECHO PROPIO - Del \u00c9xodo Nogoy\u00e1\",\"isPartOf\":{\"@id\":\"https:\/\/www.delexodo.com.ar\/#website\"},\"primaryImageOfPage\":{\"@id\":\"https:\/\/www.delexodo.com.ar\/?p=8493#primaryimage\"},\"image\":{\"@id\":\"https:\/\/www.delexodo.com.ar\/?p=8493#primaryimage\"},\"thumbnailUrl\":\"https:\/\/www.delexodo.com.ar\/wp-content\/uploads\/2021\/07\/REUNION-PORTADA.jpg\",\"datePublished\":\"2021-07-14T01:19:02+00:00\",\"dateModified\":\"2021-07-14T01:19:03+00:00\",\"breadcrumb\":{\"@id\":\"https:\/\/www.delexodo.com.ar\/?p=8493#breadcrumb\"},\"inLanguage\":\"es\",\"potentialAction\":[{\"@type\":\"ReadAction\",\"target\":[\"https:\/\/www.delexodo.com.ar\/?p=8493\"]}]},{\"@type\":\"ImageObject\",\"inLanguage\":\"es\",\"@id\":\"https:\/\/www.delexodo.com.ar\/?p=8493#primaryimage\",\"url\":\"https:\/\/www.delexodo.com.ar\/wp-content\/uploads\/2021\/07\/REUNION-PORTADA.jpg\",\"contentUrl\":\"https:\/\/www.delexodo.com.ar\/wp-content\/uploads\/2021\/07\/REUNION-PORTADA.jpg\",\"width\":944,\"height\":442},{\"@type\":\"BreadcrumbList\",\"@id\":\"https:\/\/www.delexodo.com.ar\/?p=8493#breadcrumb\",\"itemListElement\":[{\"@type\":\"ListItem\",\"position\":1,\"name\":\"Portada\",\"item\":\"https:\/\/www.delexodo.com.ar\/\"},{\"@type\":\"ListItem\",\"position\":2,\"name\":\"27 VIVIENDAS: 27 FAMILIAS MAS CERCA DE UN TECHO PROPIO\"}]},{\"@type\":\"WebSite\",\"@id\":\"https:\/\/www.delexodo.com.ar\/#website\",\"url\":\"https:\/\/www.delexodo.com.ar\/\",\"name\":\"Del \u00c9xodo Nogoy\u00e1\",\"description\":\"El Portal de Noticias de la Regi\u00f3n\",\"publisher\":{\"@id\":\"https:\/\/www.delexodo.com.ar\/#organization\"},\"potentialAction\":[{\"@type\":\"SearchAction\",\"target\":{\"@type\":\"EntryPoint\",\"urlTemplate\":\"https:\/\/www.delexodo.com.ar\/?s={search_term_string}\"},\"query-input\":{\"@type\":\"PropertyValueSpecification\",\"valueRequired\":true,\"valueName\":\"search_term_string\"}}],\"inLanguage\":\"es\"},{\"@type\":\"Organization\",\"@id\":\"https:\/\/www.delexodo.com.ar\/#organization\",\"name\":\"Del \u00c9xodo Nogoy\u00e1\",\"url\":\"https:\/\/www.delexodo.com.ar\/\",\"logo\":{\"@type\":\"ImageObject\",\"inLanguage\":\"es\",\"@id\":\"https:\/\/www.delexodo.com.ar\/#\/schema\/logo\/image\/\",\"url\":\"https:\/\/www.delexodo.com.ar\/wp-content\/uploads\/2024\/10\/cropped-cropped-LOGO24.png\",\"contentUrl\":\"https:\/\/www.delexodo.com.ar\/wp-content\/uploads\/2024\/10\/cropped-cropped-LOGO24.png\",\"width\":512,\"height\":349,\"caption\":\"Del \u00c9xodo Nogoy\u00e1\"},\"image\":{\"@id\":\"https:\/\/www.delexodo.com.ar\/#\/schema\/logo\/image\/\"}},{\"@type\":\"Person\",\"@id\":\"https:\/\/www.delexodo.com.ar\/#\/schema\/person\/bbed37f7da8e938660b34f2013ba449d\",\"name\":\"admin\",\"image\":{\"@type\":\"ImageObject\",\"inLanguage\":\"es\",\"@id\":\"https:\/\/www.delexodo.com.ar\/#\/schema\/person\/image\/\",\"url\":\"https:\/\/secure.gravatar.com\/avatar\/6b1558d1b6df085f1901bd5bd98523d7?s=96&d=mm&r=g\",\"contentUrl\":\"https:\/\/secure.gravatar.com\/avatar\/6b1558d1b6df085f1901bd5bd98523d7?s=96&d=mm&r=g\",\"caption\":\"admin\"},\"url\":\"https:\/\/www.delexodo.com.ar\/?author=1\"}]}<\/script>\n<!-- \/ Yoast SEO plugin. -->","yoast_head_json":{"title":"27 VIVIENDAS: 27 FAMILIAS MAS CERCA DE UN TECHO PROPIO - Del \u00c9xodo Nogoy\u00e1","robots":{"index":"index","follow":"follow","max-snippet":"max-snippet:-1","max-image-preview":"max-image-preview:large","max-video-preview":"max-video-preview:-1"},"canonical":"https:\/\/www.delexodo.com.ar\/?p=8493","og_locale":"es_ES","og_type":"article","og_title":"27 VIVIENDAS: 27 FAMILIAS MAS CERCA DE UN TECHO PROPIO - Del \u00c9xodo Nogoy\u00e1","og_description":"El martes 13 para las 27 familias que esperan por la vivienda ya adjudicada, puede que sea un d\u00eda para&hellip;","og_url":"https:\/\/www.delexodo.com.ar\/?p=8493","og_site_name":"Del \u00c9xodo Nogoy\u00e1","article_published_time":"2021-07-14T01:19:02+00:00","article_modified_time":"2021-07-14T01:19:03+00:00","og_image":[{"width":944,"height":442,"url":"https:\/\/www.delexodo.com.ar\/wp-content\/uploads\/2021\/07\/REUNION-PORTADA.jpg","type":"image\/jpeg"}],"author":"admin","twitter_card":"summary_large_image","twitter_misc":{"Escrito por":"admin","Tiempo de lectura":"2 minutos"},"schema":{"@context":"https:\/\/schema.org","@graph":[{"@type":"Article","@id":"https:\/\/www.delexodo.com.ar\/?p=8493#article","isPartOf":{"@id":"https:\/\/www.delexodo.com.ar\/?p=8493"},"author":{"name":"admin","@id":"https:\/\/www.delexodo.com.ar\/#\/schema\/person\/bbed37f7da8e938660b34f2013ba449d"},"headline":"27 VIVIENDAS: 27 FAMILIAS MAS CERCA DE UN TECHO PROPIO","datePublished":"2021-07-14T01:19:02+00:00","dateModified":"2021-07-14T01:19:03+00:00","mainEntityOfPage":{"@id":"https:\/\/www.delexodo.com.ar\/?p=8493"},"wordCount":352,"publisher":{"@id":"https:\/\/www.delexodo.com.ar\/#organization"},"image":{"@id":"https:\/\/www.delexodo.com.ar\/?p=8493#primaryimage"},"thumbnailUrl":"https:\/\/www.delexodo.com.ar\/wp-content\/uploads\/2021\/07\/REUNION-PORTADA.jpg","keywords":["destacar"],"articleSection":["Destacados","Nogoya","NOTICIAS"],"inLanguage":"es"},{"@type":"WebPage","@id":"https:\/\/www.delexodo.com.ar\/?p=8493","url":"https:\/\/www.delexodo.com.ar\/?p=8493","name":"27 VIVIENDAS: 27 FAMILIAS MAS CERCA DE UN TECHO PROPIO - Del \u00c9xodo Nogoy\u00e1","isPartOf":{"@id":"https:\/\/www.delexodo.com.ar\/#website"},"primaryImageOfPage":{"@id":"https:\/\/www.delexodo.com.ar\/?p=8493#primaryimage"},"image":{"@id":"https:\/\/www.delexodo.com.ar\/?p=8493#primaryimage"},"thumbnailUrl":"https:\/\/www.delexodo.com.ar\/wp-content\/uploads\/2021\/07\/REUNION-PORTADA.jpg","datePublished":"2021-07-14T01:19:02+00:00","dateModified":"2021-07-14T01:19:03+00:00","breadcrumb":{"@id":"https:\/\/www.delexodo.com.ar\/?p=8493#breadcrumb"},"inLanguage":"es","potentialAction":[{"@type":"ReadAction","target":["https:\/\/www.delexodo.com.ar\/?p=8493"]}]},{"@type":"ImageObject","inLanguage":"es","@id":"https:\/\/www.delexodo.com.ar\/?p=8493#primaryimage","url":"https:\/\/www.delexodo.com.ar\/wp-content\/uploads\/2021\/07\/REUNION-PORTADA.jpg","contentUrl":"https:\/\/www.delexodo.com.ar\/wp-content\/uploads\/2021\/07\/REUNION-PORTADA.jpg","width":944,"height":442},{"@type":"BreadcrumbList","@id":"https:\/\/www.delexodo.com.ar\/?p=8493#breadcrumb","itemListElement":[{"@type":"ListItem","position":1,"name":"Portada","item":"https:\/\/www.delexodo.com.ar\/"},{"@type":"ListItem","position":2,"name":"27 VIVIENDAS: 27 FAMILIAS MAS CERCA DE UN TECHO PROPIO"}]},{"@type":"WebSite","@id":"https:\/\/www.delexodo.com.ar\/#website","url":"https:\/\/www.delexodo.com.ar\/","name":"Del \u00c9xodo Nogoy\u00e1","description":"El Portal de Noticias de la Regi\u00f3n","publisher":{"@id":"https:\/\/www.delexodo.com.ar\/#organization"},"potentialAction":[{"@type":"SearchAction","target":{"@type":"EntryPoint","urlTemplate":"https:\/\/www.delexodo.com.ar\/?s={search_term_string}"},"query-input":{"@type":"PropertyValueSpecification","valueRequired":true,"valueName":"search_term_string"}}],"inLanguage":"es"},{"@type":"Organization","@id":"https:\/\/www.delexodo.com.ar\/#organization","name":"Del \u00c9xodo Nogoy\u00e1","url":"https:\/\/www.delexodo.com.ar\/","logo":{"@type":"ImageObject","inLanguage":"es","@id":"https:\/\/www.delexodo.com.ar\/#\/schema\/logo\/image\/","url":"https:\/\/www.delexodo.com.ar\/wp-content\/uploads\/2024\/10\/cropped-cropped-LOGO24.png","contentUrl":"https:\/\/www.delexodo.com.ar\/wp-content\/uploads\/2024\/10\/cropped-cropped-LOGO24.png","width":512,"height":349,"caption":"Del \u00c9xodo Nogoy\u00e1"},"image":{"@id":"https:\/\/www.delexodo.com.ar\/#\/schema\/logo\/image\/"}},{"@type":"Person","@id":"https:\/\/www.delexodo.com.ar\/#\/schema\/person\/bbed37f7da8e938660b34f2013ba449d","name":"admin","image":{"@type":"ImageObject","inLanguage":"es","@id":"https:\/\/www.delexodo.com.ar\/#\/schema\/person\/image\/","url":"https:\/\/secure.gravatar.com\/avatar\/6b1558d1b6df085f1901bd5bd98523d7?s=96&d=mm&r=g","contentUrl":"https:\/\/secure.gravatar.com\/avatar\/6b1558d1b6df085f1901bd5bd98523d7?s=96&d=mm&r=g","caption":"admin"},"url":"https:\/\/www.delexodo.com.ar\/?author=1"}]}},"_links":{"self":[{"href":"https:\/\/www.delexodo.com.ar\/index.php?rest_route=\/wp\/v2\/posts\/8493","targetHints":{"allow":["GET"]}}],"collection":[{"href":"https:\/\/www.delexodo.com.ar\/index.php?rest_route=\/wp\/v2\/posts"}],"about":[{"href":"https:\/\/www.delexodo.com.ar\/index.php?rest_route=\/wp\/v2\/types\/post"}],"author":[{"embeddable":true,"href":"https:\/\/www.delexodo.com.ar\/index.php?rest_route=\/wp\/v2\/users\/1"}],"replies":[{"embeddable":true,"href":"https:\/\/www.delexodo.com.ar\/index.php?rest_route=%2Fwp%2Fv2%2Fcomments&post=8493"}],"version-history":[{"count":0,"href":"https:\/\/www.delexodo.com.ar\/index.php?rest_route=\/wp\/v2\/posts\/8493\/revisions"}],"wp:featuredmedia":[{"embeddable":true,"href":"https:\/\/www.delexodo.com.ar\/index.php?rest_route=\/wp\/v2\/media\/8494"}],"wp:attachment":[{"href":"https:\/\/www.delexodo.com.ar\/index.php?rest_route=%2Fwp%2Fv2%2Fmedia&parent=8493"}],"wp:term":[{"taxonomy":"category","embeddable":true,"href":"https:\/\/www.delexodo.com.ar\/index.php?rest_route=%2Fwp%2Fv2%2Fcategories&post=8493"},{"taxonomy":"post_tag","embeddable":true,"href":"https:\/\/www.delexodo.com.ar\/index.php?rest_route=%2Fwp%2Fv2%2Ftags&post=8493"}],"curies":[{"name":"wp","href":"https:\/\/api.w.org\/{rel}","templated":true}]}}