{"id":8485,"date":"2021-07-07T20:48:46","date_gmt":"2021-07-07T23:48:46","guid":{"rendered":"http:\/\/www.delexodo.com.ar\/?p=8485"},"modified":"2021-07-07T20:48:46","modified_gmt":"2021-07-07T23:48:46","slug":"880-mil-beneficiarios-de-la-auh-cobraran-un-plus-de-mas-de-7-mil-pesos","status":"publish","type":"post","link":"https:\/\/www.delexodo.com.ar\/?p=8485","title":{"rendered":"880 MIL BENEFICIARIOS DE LA AUH COBRAR\u00c1N UN PLUS DE M\u00c1S DE 7 MIL PESOS"},"content":{"rendered":"\n<p>La ANSES, adelantar\u00e1 el pago en julio del 20 por ciento acumulado del complemento de la Asignaci\u00f3n Universal por Hijo (AUH).<\/p>\n\n\n\n<p>De esta manera, el Gobierno Nacional vuelve a implementar la medida excepcional que llev\u00f3 adelante por primera vez el mes pasado, que busca acompa\u00f1ar a las\u00a0familias con un ingreso extra, en el marco de la emergencia econ\u00f3mica por los efectos de la pandemia.<\/p>\n\n\n\n<p>El complemento se otorgar\u00e1 a&nbsp;<strong>488.351 mil titulares de la AUH&nbsp;<\/strong>que hayan cargado&nbsp;la declaraci\u00f3n jurada&nbsp;posterior al 30 de abril&nbsp;en la aplicaci\u00f3n MI ANSES.&nbsp;<strong>La misma acredita la condicionalidad de escolaridad y salud necesaria para percibir este plus correspondiente a 2020.&nbsp;<\/strong>A partir del mes que viene se completar\u00e1 el pago para el resto de los titulares que presenten la declaraci\u00f3n jurada.<\/p>\n\n\n\n<p>De esta manera,&nbsp;<strong>cada titular percibir\u00e1 la suma de 7083,40 pesos por hijo o hija<\/strong>&nbsp;en caso de haber cobrado los 12 meses de AUH durante 2020.<\/p>\n\n\n\n<p>El calendario de pago comenzar\u00e1 ma\u00f1ana 8 de julio y se extender\u00e1 hasta el 22. Para cobrarlo&nbsp;<strong>no se requerir\u00e1 ning\u00fan tr\u00e1mite adicional<\/strong>, por lo que cada titular recibir\u00e1 el monto en su medio de pago habitual y en la misma fecha.<\/p>\n\n\n\n<p>As\u00ed, la ANSES realizar\u00e1 una inversi\u00f3n de&nbsp;<strong>6583 millones de pesos para 880.253 ni\u00f1os, ni\u00f1as y adolescentes de la AUH,&nbsp;<\/strong>que se suman a los 1.3 millones que percibieron el beneficio del plus el mes anterior.<\/p>\n","protected":false},"excerpt":{"rendered":"<p>La ANSES, adelantar\u00e1 el pago en julio del 20 por ciento acumulado del complemento de la Asignaci\u00f3n Universal por Hijo&hellip;<\/p>\n","protected":false},"author":1,"featured_media":3081,"comment_status":"closed","ping_status":"closed","sticky":false,"template":"","format":"standard","meta":{"_joinchat":[],"footnotes":""},"categories":[65,1,69],"tags":[345],"class_list":["post-8485","post","type-post","status-publish","format-standard","has-post-thumbnail","hentry","category-destacados","category-sincategoria","category-noticias","tag-destacar"],"yoast_head":"<!-- This site is optimized with the Yoast SEO plugin v25.1 - https:\/\/yoast.com\/wordpress\/plugins\/seo\/ -->\n<title>880 MIL BENEFICIARIOS DE LA AUH COBRAR\u00c1N UN PLUS DE M\u00c1S DE 7 MIL PESOS - Del \u00c9xodo Nogoy\u00e1<\/title>\n<meta name=\"robots\" content=\"index, follow, max-snippet:-1, max-image-preview:large, max-video-preview:-1\" \/>\n<link rel=\"canonical\" href=\"https:\/\/www.delexodo.com.ar\/?p=8485\" \/>\n<meta property=\"og:locale\" content=\"es_ES\" \/>\n<meta property=\"og:type\" content=\"article\" \/>\n<meta property=\"og:title\" content=\"880 MIL BENEFICIARIOS DE LA AUH COBRAR\u00c1N UN PLUS DE M\u00c1S DE 7 MIL PESOS - Del \u00c9xodo Nogoy\u00e1\" \/>\n<meta property=\"og:description\" content=\"La ANSES, adelantar\u00e1 el pago en julio del 20 por ciento acumulado del complemento de la Asignaci\u00f3n Universal por Hijo&hellip;\" \/>\n<meta property=\"og:url\" content=\"https:\/\/www.delexodo.com.ar\/?p=8485\" \/>\n<meta property=\"og:site_name\" content=\"Del \u00c9xodo Nogoy\u00e1\" \/>\n<meta property=\"article:published_time\" content=\"2021-07-07T23:48:46+00:00\" \/>\n<meta property=\"og:image\" content=\"https:\/\/www.delexodo.com.ar\/wp-content\/uploads\/2019\/05\/ANSES-AUH.jpg\" \/>\n\t<meta property=\"og:image:width\" content=\"800\" \/>\n\t<meta property=\"og:image:height\" content=\"450\" \/>\n\t<meta property=\"og:image:type\" content=\"image\/jpeg\" \/>\n<meta name=\"author\" content=\"admin\" \/>\n<meta name=\"twitter:card\" content=\"summary_large_image\" \/>\n<meta name=\"twitter:label1\" content=\"Escrito por\" \/>\n\t<meta name=\"twitter:data1\" content=\"admin\" \/>\n\t<meta name=\"twitter:label2\" content=\"Tiempo de lectura\" \/>\n\t<meta name=\"twitter:data2\" content=\"1 minuto\" \/>\n<script type=\"application\/ld+json\" class=\"yoast-schema-graph\">{\"@context\":\"https:\/\/schema.org\",\"@graph\":[{\"@type\":\"Article\",\"@id\":\"https:\/\/www.delexodo.com.ar\/?p=8485#article\",\"isPartOf\":{\"@id\":\"https:\/\/www.delexodo.com.ar\/?p=8485\"},\"author\":{\"name\":\"admin\",\"@id\":\"https:\/\/www.delexodo.com.ar\/#\/schema\/person\/bbed37f7da8e938660b34f2013ba449d\"},\"headline\":\"880 MIL BENEFICIARIOS DE LA AUH COBRAR\u00c1N UN PLUS DE M\u00c1S DE 7 MIL PESOS\",\"datePublished\":\"2021-07-07T23:48:46+00:00\",\"mainEntityOfPage\":{\"@id\":\"https:\/\/www.delexodo.com.ar\/?p=8485\"},\"wordCount\":262,\"publisher\":{\"@id\":\"https:\/\/www.delexodo.com.ar\/#organization\"},\"image\":{\"@id\":\"https:\/\/www.delexodo.com.ar\/?p=8485#primaryimage\"},\"thumbnailUrl\":\"https:\/\/www.delexodo.com.ar\/wp-content\/uploads\/2019\/05\/ANSES-AUH.jpg\",\"keywords\":[\"destacar\"],\"articleSection\":[\"Destacados\",\"Nogoya\",\"NOTICIAS\"],\"inLanguage\":\"es\"},{\"@type\":\"WebPage\",\"@id\":\"https:\/\/www.delexodo.com.ar\/?p=8485\",\"url\":\"https:\/\/www.delexodo.com.ar\/?p=8485\",\"name\":\"880 MIL BENEFICIARIOS DE LA AUH COBRAR\u00c1N UN PLUS DE M\u00c1S DE 7 MIL PESOS - Del \u00c9xodo Nogoy\u00e1\",\"isPartOf\":{\"@id\":\"https:\/\/www.delexodo.com.ar\/#website\"},\"primaryImageOfPage\":{\"@id\":\"https:\/\/www.delexodo.com.ar\/?p=8485#primaryimage\"},\"image\":{\"@id\":\"https:\/\/www.delexodo.com.ar\/?p=8485#primaryimage\"},\"thumbnailUrl\":\"https:\/\/www.delexodo.com.ar\/wp-content\/uploads\/2019\/05\/ANSES-AUH.jpg\",\"datePublished\":\"2021-07-07T23:48:46+00:00\",\"breadcrumb\":{\"@id\":\"https:\/\/www.delexodo.com.ar\/?p=8485#breadcrumb\"},\"inLanguage\":\"es\",\"potentialAction\":[{\"@type\":\"ReadAction\",\"target\":[\"https:\/\/www.delexodo.com.ar\/?p=8485\"]}]},{\"@type\":\"ImageObject\",\"inLanguage\":\"es\",\"@id\":\"https:\/\/www.delexodo.com.ar\/?p=8485#primaryimage\",\"url\":\"https:\/\/www.delexodo.com.ar\/wp-content\/uploads\/2019\/05\/ANSES-AUH.jpg\",\"contentUrl\":\"https:\/\/www.delexodo.com.ar\/wp-content\/uploads\/2019\/05\/ANSES-AUH.jpg\",\"width\":800,\"height\":450},{\"@type\":\"BreadcrumbList\",\"@id\":\"https:\/\/www.delexodo.com.ar\/?p=8485#breadcrumb\",\"itemListElement\":[{\"@type\":\"ListItem\",\"position\":1,\"name\":\"Portada\",\"item\":\"https:\/\/www.delexodo.com.ar\/\"},{\"@type\":\"ListItem\",\"position\":2,\"name\":\"880 MIL BENEFICIARIOS DE LA AUH COBRAR\u00c1N UN PLUS DE M\u00c1S DE 7 MIL PESOS\"}]},{\"@type\":\"WebSite\",\"@id\":\"https:\/\/www.delexodo.com.ar\/#website\",\"url\":\"https:\/\/www.delexodo.com.ar\/\",\"name\":\"Del \u00c9xodo Nogoy\u00e1\",\"description\":\"El Portal de Noticias de la Regi\u00f3n\",\"publisher\":{\"@id\":\"https:\/\/www.delexodo.com.ar\/#organization\"},\"potentialAction\":[{\"@type\":\"SearchAction\",\"target\":{\"@type\":\"EntryPoint\",\"urlTemplate\":\"https:\/\/www.delexodo.com.ar\/?s={search_term_string}\"},\"query-input\":{\"@type\":\"PropertyValueSpecification\",\"valueRequired\":true,\"valueName\":\"search_term_string\"}}],\"inLanguage\":\"es\"},{\"@type\":\"Organization\",\"@id\":\"https:\/\/www.delexodo.com.ar\/#organization\",\"name\":\"Del \u00c9xodo Nogoy\u00e1\",\"url\":\"https:\/\/www.delexodo.com.ar\/\",\"logo\":{\"@type\":\"ImageObject\",\"inLanguage\":\"es\",\"@id\":\"https:\/\/www.delexodo.com.ar\/#\/schema\/logo\/image\/\",\"url\":\"https:\/\/www.delexodo.com.ar\/wp-content\/uploads\/2024\/10\/cropped-cropped-LOGO24.png\",\"contentUrl\":\"https:\/\/www.delexodo.com.ar\/wp-content\/uploads\/2024\/10\/cropped-cropped-LOGO24.png\",\"width\":512,\"height\":349,\"caption\":\"Del \u00c9xodo Nogoy\u00e1\"},\"image\":{\"@id\":\"https:\/\/www.delexodo.com.ar\/#\/schema\/logo\/image\/\"}},{\"@type\":\"Person\",\"@id\":\"https:\/\/www.delexodo.com.ar\/#\/schema\/person\/bbed37f7da8e938660b34f2013ba449d\",\"name\":\"admin\",\"image\":{\"@type\":\"ImageObject\",\"inLanguage\":\"es\",\"@id\":\"https:\/\/www.delexodo.com.ar\/#\/schema\/person\/image\/\",\"url\":\"https:\/\/secure.gravatar.com\/avatar\/6b1558d1b6df085f1901bd5bd98523d7?s=96&d=mm&r=g\",\"contentUrl\":\"https:\/\/secure.gravatar.com\/avatar\/6b1558d1b6df085f1901bd5bd98523d7?s=96&d=mm&r=g\",\"caption\":\"admin\"},\"url\":\"https:\/\/www.delexodo.com.ar\/?author=1\"}]}<\/script>\n<!-- \/ Yoast SEO plugin. -->","yoast_head_json":{"title":"880 MIL BENEFICIARIOS DE LA AUH COBRAR\u00c1N UN PLUS DE M\u00c1S DE 7 MIL PESOS - Del \u00c9xodo Nogoy\u00e1","robots":{"index":"index","follow":"follow","max-snippet":"max-snippet:-1","max-image-preview":"max-image-preview:large","max-video-preview":"max-video-preview:-1"},"canonical":"https:\/\/www.delexodo.com.ar\/?p=8485","og_locale":"es_ES","og_type":"article","og_title":"880 MIL BENEFICIARIOS DE LA AUH COBRAR\u00c1N UN PLUS DE M\u00c1S DE 7 MIL PESOS - Del \u00c9xodo Nogoy\u00e1","og_description":"La ANSES, adelantar\u00e1 el pago en julio del 20 por ciento acumulado del complemento de la Asignaci\u00f3n Universal por Hijo&hellip;","og_url":"https:\/\/www.delexodo.com.ar\/?p=8485","og_site_name":"Del \u00c9xodo Nogoy\u00e1","article_published_time":"2021-07-07T23:48:46+00:00","og_image":[{"width":800,"height":450,"url":"https:\/\/www.delexodo.com.ar\/wp-content\/uploads\/2019\/05\/ANSES-AUH.jpg","type":"image\/jpeg"}],"author":"admin","twitter_card":"summary_large_image","twitter_misc":{"Escrito por":"admin","Tiempo de lectura":"1 minuto"},"schema":{"@context":"https:\/\/schema.org","@graph":[{"@type":"Article","@id":"https:\/\/www.delexodo.com.ar\/?p=8485#article","isPartOf":{"@id":"https:\/\/www.delexodo.com.ar\/?p=8485"},"author":{"name":"admin","@id":"https:\/\/www.delexodo.com.ar\/#\/schema\/person\/bbed37f7da8e938660b34f2013ba449d"},"headline":"880 MIL BENEFICIARIOS DE LA AUH COBRAR\u00c1N UN PLUS DE M\u00c1S DE 7 MIL PESOS","datePublished":"2021-07-07T23:48:46+00:00","mainEntityOfPage":{"@id":"https:\/\/www.delexodo.com.ar\/?p=8485"},"wordCount":262,"publisher":{"@id":"https:\/\/www.delexodo.com.ar\/#organization"},"image":{"@id":"https:\/\/www.delexodo.com.ar\/?p=8485#primaryimage"},"thumbnailUrl":"https:\/\/www.delexodo.com.ar\/wp-content\/uploads\/2019\/05\/ANSES-AUH.jpg","keywords":["destacar"],"articleSection":["Destacados","Nogoya","NOTICIAS"],"inLanguage":"es"},{"@type":"WebPage","@id":"https:\/\/www.delexodo.com.ar\/?p=8485","url":"https:\/\/www.delexodo.com.ar\/?p=8485","name":"880 MIL BENEFICIARIOS DE LA AUH COBRAR\u00c1N UN PLUS DE M\u00c1S DE 7 MIL PESOS - Del \u00c9xodo Nogoy\u00e1","isPartOf":{"@id":"https:\/\/www.delexodo.com.ar\/#website"},"primaryImageOfPage":{"@id":"https:\/\/www.delexodo.com.ar\/?p=8485#primaryimage"},"image":{"@id":"https:\/\/www.delexodo.com.ar\/?p=8485#primaryimage"},"thumbnailUrl":"https:\/\/www.delexodo.com.ar\/wp-content\/uploads\/2019\/05\/ANSES-AUH.jpg","datePublished":"2021-07-07T23:48:46+00:00","breadcrumb":{"@id":"https:\/\/www.delexodo.com.ar\/?p=8485#breadcrumb"},"inLanguage":"es","potentialAction":[{"@type":"ReadAction","target":["https:\/\/www.delexodo.com.ar\/?p=8485"]}]},{"@type":"ImageObject","inLanguage":"es","@id":"https:\/\/www.delexodo.com.ar\/?p=8485#primaryimage","url":"https:\/\/www.delexodo.com.ar\/wp-content\/uploads\/2019\/05\/ANSES-AUH.jpg","contentUrl":"https:\/\/www.delexodo.com.ar\/wp-content\/uploads\/2019\/05\/ANSES-AUH.jpg","width":800,"height":450},{"@type":"BreadcrumbList","@id":"https:\/\/www.delexodo.com.ar\/?p=8485#breadcrumb","itemListElement":[{"@type":"ListItem","position":1,"name":"Portada","item":"https:\/\/www.delexodo.com.ar\/"},{"@type":"ListItem","position":2,"name":"880 MIL BENEFICIARIOS DE LA AUH COBRAR\u00c1N UN PLUS DE M\u00c1S DE 7 MIL PESOS"}]},{"@type":"WebSite","@id":"https:\/\/www.delexodo.com.ar\/#website","url":"https:\/\/www.delexodo.com.ar\/","name":"Del \u00c9xodo Nogoy\u00e1","description":"El Portal de Noticias de la Regi\u00f3n","publisher":{"@id":"https:\/\/www.delexodo.com.ar\/#organization"},"potentialAction":[{"@type":"SearchAction","target":{"@type":"EntryPoint","urlTemplate":"https:\/\/www.delexodo.com.ar\/?s={search_term_string}"},"query-input":{"@type":"PropertyValueSpecification","valueRequired":true,"valueName":"search_term_string"}}],"inLanguage":"es"},{"@type":"Organization","@id":"https:\/\/www.delexodo.com.ar\/#organization","name":"Del \u00c9xodo Nogoy\u00e1","url":"https:\/\/www.delexodo.com.ar\/","logo":{"@type":"ImageObject","inLanguage":"es","@id":"https:\/\/www.delexodo.com.ar\/#\/schema\/logo\/image\/","url":"https:\/\/www.delexodo.com.ar\/wp-content\/uploads\/2024\/10\/cropped-cropped-LOGO24.png","contentUrl":"https:\/\/www.delexodo.com.ar\/wp-content\/uploads\/2024\/10\/cropped-cropped-LOGO24.png","width":512,"height":349,"caption":"Del \u00c9xodo Nogoy\u00e1"},"image":{"@id":"https:\/\/www.delexodo.com.ar\/#\/schema\/logo\/image\/"}},{"@type":"Person","@id":"https:\/\/www.delexodo.com.ar\/#\/schema\/person\/bbed37f7da8e938660b34f2013ba449d","name":"admin","image":{"@type":"ImageObject","inLanguage":"es","@id":"https:\/\/www.delexodo.com.ar\/#\/schema\/person\/image\/","url":"https:\/\/secure.gravatar.com\/avatar\/6b1558d1b6df085f1901bd5bd98523d7?s=96&d=mm&r=g","contentUrl":"https:\/\/secure.gravatar.com\/avatar\/6b1558d1b6df085f1901bd5bd98523d7?s=96&d=mm&r=g","caption":"admin"},"url":"https:\/\/www.delexodo.com.ar\/?author=1"}]}},"_links":{"self":[{"href":"https:\/\/www.delexodo.com.ar\/index.php?rest_route=\/wp\/v2\/posts\/8485","targetHints":{"allow":["GET"]}}],"collection":[{"href":"https:\/\/www.delexodo.com.ar\/index.php?rest_route=\/wp\/v2\/posts"}],"about":[{"href":"https:\/\/www.delexodo.com.ar\/index.php?rest_route=\/wp\/v2\/types\/post"}],"author":[{"embeddable":true,"href":"https:\/\/www.delexodo.com.ar\/index.php?rest_route=\/wp\/v2\/users\/1"}],"replies":[{"embeddable":true,"href":"https:\/\/www.delexodo.com.ar\/index.php?rest_route=%2Fwp%2Fv2%2Fcomments&post=8485"}],"version-history":[{"count":0,"href":"https:\/\/www.delexodo.com.ar\/index.php?rest_route=\/wp\/v2\/posts\/8485\/revisions"}],"wp:featuredmedia":[{"embeddable":true,"href":"https:\/\/www.delexodo.com.ar\/index.php?rest_route=\/wp\/v2\/media\/3081"}],"wp:attachment":[{"href":"https:\/\/www.delexodo.com.ar\/index.php?rest_route=%2Fwp%2Fv2%2Fmedia&parent=8485"}],"wp:term":[{"taxonomy":"category","embeddable":true,"href":"https:\/\/www.delexodo.com.ar\/index.php?rest_route=%2Fwp%2Fv2%2Fcategories&post=8485"},{"taxonomy":"post_tag","embeddable":true,"href":"https:\/\/www.delexodo.com.ar\/index.php?rest_route=%2Fwp%2Fv2%2Ftags&post=8485"}],"curies":[{"name":"wp","href":"https:\/\/api.w.org\/{rel}","templated":true}]}}