{"id":8476,"date":"2021-07-04T21:35:10","date_gmt":"2021-07-05T00:35:10","guid":{"rendered":"http:\/\/www.delexodo.com.ar\/?p=8476"},"modified":"2021-07-04T21:35:11","modified_gmt":"2021-07-05T00:35:11","slug":"nogoya-aportes-ambulancia-y-obras-con-la-visita-del-gobernador-bordet","status":"publish","type":"post","link":"https:\/\/www.delexodo.com.ar\/?p=8476","title":{"rendered":"NOGOY\u00c1: APORTES, AMBULANCIA Y OBRAS CON LA VISITA DEL GOBERNADOR BORDET"},"content":{"rendered":"\n<p>Bordet entreg\u00f3 aportes y una ambulancia y firm\u00f3 un convenio para obras de saneamiento y destac\u00f3 el trabajo que se realiza en materia sanitaria en la provincia en articulaci\u00f3n con los municipios y la Naci\u00f3n.<\/p>\n\n\n\n<p><em>\u201cLa salud es una sola. No es p\u00fablica ni privada. Ni municipal, ni provincial, ni nacional. Y como Estado tenemos que ser garantes de brindar ese servicio, independientemente de a qui\u00e9n le corresponda. Entonces, es muy importante poder trabajar, como lo hacemos aqu\u00ed en Nogoy\u00e1, en forma coordinada entre municipio y la provincia para poder resolver problemas que son urgentes como los de salud\u00bb<\/em>, dijo el gobernador durante la visita que realiz\u00f3 este viernes a la ciudad de Nogoy\u00e1 donde rubric\u00f3 el convenio con el Enohsa para la obra de readecuaci\u00f3n de lagunas de tratamiento de efluentes cloacales de esa localidad. Tambi\u00e9n entreg\u00f3 aportes y una nueva ambulancia para el servicio del Centro de Emergencia Municipal.<\/p>\n\n\n\n<div class=\"wp-block-image\"><figure class=\"alignleft size-large is-resized\"><img loading=\"lazy\" decoding=\"async\" src=\"https:\/\/www.delexodo.com.ar\/wp-content\/uploads\/2021\/07\/BORDET-VELAZQUEZ-CAVAGNA.jpg\" alt=\"\" class=\"wp-image-8478\" width=\"315\" height=\"211\" srcset=\"https:\/\/www.delexodo.com.ar\/wp-content\/uploads\/2021\/07\/BORDET-VELAZQUEZ-CAVAGNA.jpg 712w, https:\/\/www.delexodo.com.ar\/wp-content\/uploads\/2021\/07\/BORDET-VELAZQUEZ-CAVAGNA-300x201.jpg 300w\" sizes=\"auto, (max-width: 315px) 100vw, 315px\" \/><\/figure><\/div>\n\n\n\n<p><em>\u00abEstamos cumpliendo un compromiso que asumimos la \u00faltima vez que estuve aqu\u00ed, de entregar una ambulancia\u00bb<\/em>, expres\u00f3 el gobernador, al tiempo que indic\u00f3 que esa es una de las pocas ciudades de la provincia que tiene a su cargo el servicio de emergencia, que se brinda a trav\u00e9s del 103, y que tambi\u00e9n lo extiende a las zonas rurales. <em>\u201cA eso lo valoramos much\u00edsimo porque la salud es una sola\u201d<\/em>, remarc\u00f3 Bordet.<\/p>\n\n\n\n<p>Luego sostuvo: <em>\u00abHoy estamos cumpliendo con la entrega de la ambulancia parar reforzar el servicio del 103 y tambi\u00e9n toda el sistema sanitario de emergencia que tiene la ciudad y parte del departamento\u00bb<\/em>.<\/p>\n\n\n\n<h3 class=\"wp-block-heading\"><strong>INVERSI\u00d3N EN LA PANDEMIA<\/strong><\/h3>\n\n\n\n<p>Coment\u00f3 que a principio de a\u00f1o se concret\u00f3 una compra de seis ambulancias y que los 500 millones de pesos ahorrados por la reestructuraci\u00f3n de la deuda fueron destinados \u00edntegramente a atender los problemas de la pandemia y temas de salud urgentes. Mencion\u00f3 que con parte de ese dinero se est\u00e1 tramitando la compra de 40 nuevas ambulancias que en aproximadamente un mes y medio estar\u00e1n en la provincia para ser distribuidas en ciudades y comunas que tambi\u00e9n las est\u00e1n necesitando.<\/p>\n\n\n\n<p>En ese marco, indic\u00f3 que en pocos d\u00edas se otorgar\u00e1 un aporte de 16 millones de pesos al hospital de Nogoy\u00e1 para la compra de equipamiento que incluir\u00e1 la mesa de anestesias, un mam\u00f3grafo, un electrocardi\u00f3grafo, entre otros, que gestionados por la Direcci\u00f3n de la instituci\u00f3n.<\/p>\n\n\n\n<div class=\"wp-block-image\"><figure class=\"alignright size-large is-resized\"><img loading=\"lazy\" decoding=\"async\" src=\"https:\/\/www.delexodo.com.ar\/wp-content\/uploads\/2021\/07\/BORDET-NOGOYA-GRUPAL.jpg\" alt=\"\" class=\"wp-image-8479\" width=\"355\" height=\"236\" srcset=\"https:\/\/www.delexodo.com.ar\/wp-content\/uploads\/2021\/07\/BORDET-NOGOYA-GRUPAL.jpg 689w, https:\/\/www.delexodo.com.ar\/wp-content\/uploads\/2021\/07\/BORDET-NOGOYA-GRUPAL-300x200.jpg 300w\" sizes=\"auto, (max-width: 355px) 100vw, 355px\" \/><\/figure><\/div>\n\n\n\n<p><em>\u00abEn el marco de la pandemia, estamos avanzando en la campa\u00f1a de vacunaci\u00f3n. Venimos a muy buen ritmo\u00bb, sentenci\u00f3, al tiempo que indic\u00f3 que \u00abentre ciudad y departamento hay casi 20.000 personas vacunadas, lo cual representa un poco m\u00e1s del 50 por ciento del total de habitantes que tiene el departamento\u00bb<\/em>. Y agreg\u00f3: <em>\u00abVamos a intensificar en las pr\u00f3ximas semanas el ritmo de vacunaci\u00f3n para poder tener inmunizada la mayor parte de la poblaci\u00f3n que se requiera\u00bb<\/em>.<\/p>\n\n\n\n<p>M\u00e1s adelante, el gobernador se\u00f1al\u00f3 que <em>\u00abcomo fruto del trabajo que venimos generando con el intendente, con la senadora, que nos han planteado una obra muy necesaria para Nogoy\u00e1 como son los desag\u00fces pluviales en el barrio 3 de Febrero, y asumimos el compromiso de poder licitarla en los pr\u00f3ximos meses. Vamos dando respuestas a medida que se van generando las oportunidades y lo hacemos con todos los intendentes, no miramos el color pol\u00edtico, porque tenemos que ponernos de acuerdo sobre lo m\u00e1s importante que es atender los problemas de la gente\u00bb<\/em>, remarc\u00f3 Bordet.<\/p>\n\n\n\n<p>Finalmente mencion\u00f3 que est\u00e1 previsto mejorar el acceso a XX de Septiembre y que se licitar\u00e1 la repavimentaci\u00f3n de la ruta 12 desde Galarza hasta Crespo, y destac\u00f3 la importante cantidad de obras que est\u00e1n en marcha.<\/p>\n\n\n\n<h3 class=\"wp-block-heading\"><strong>CONCEPTOS DE INTENDENTE<\/strong><\/h3>\n\n\n\n<div class=\"wp-block-image\"><figure class=\"alignleft size-large is-resized\"><img loading=\"lazy\" decoding=\"async\" src=\"https:\/\/www.delexodo.com.ar\/wp-content\/uploads\/2021\/07\/BORDET-CAVAGNA-CUSINATO.jpg\" alt=\"\" class=\"wp-image-8482\" width=\"346\" height=\"188\" srcset=\"https:\/\/www.delexodo.com.ar\/wp-content\/uploads\/2021\/07\/BORDET-CAVAGNA-CUSINATO.jpg 837w, https:\/\/www.delexodo.com.ar\/wp-content\/uploads\/2021\/07\/BORDET-CAVAGNA-CUSINATO-300x164.jpg 300w, https:\/\/www.delexodo.com.ar\/wp-content\/uploads\/2021\/07\/BORDET-CAVAGNA-CUSINATO-768x419.jpg 768w\" sizes=\"auto, (max-width: 346px) 100vw, 346px\" \/><\/figure><\/div>\n\n\n\n<p>Por su parte, el intendente de Nogoy\u00e1, Rafael Cavagna, hizo referencia a las acciones y actividades realizadas en su ciudad y agradeci\u00f3 por las obras, los aportes y la ambulancia entregada por la provincia.<\/p>\n\n\n\n<p><em>\u00abSon tiempos de pandemia e hist\u00f3ricos para todos, y poder estar haciendo pol\u00edticas p\u00fablicas concretas, tratando de llegar a todos, es fundamental. Por eso quiero agradecer en nombre de la comunidad de Nogoy\u00e1 porque se ha hecho realidad una nueva ambulancia para nuestro Centro de Emergencias Municipal. Sabido es que la pandemia nos ha repensando en un mont\u00f3n de cosas, pero lo primero que pensamos cuando asumimos en Nogoy\u00e1 es que la salud es un sola. Y ah\u00ed estamos trabajando codo a codo\u00bb<\/em>, sostuvo el intendente.<\/p>\n\n\n\n<p>Mencion\u00f3 que, a trav\u00e9s del Ministerio de Salud, se obtuvo la resoluci\u00f3n para convertir el Centro de Salud Dr. Mello del Barrio Cha\u00f1ar en un nuevo centro vacunatorio para que la poblaci\u00f3n pueda aplicarse las dosis como corresponde. <em>\u00abSon tiempos dif\u00edciles de pandemia, pero los resultados van marchando de la mano junto con el gobierno nacional, provincial y municipal. Sin miramientos de nada. La salud es una sola y sabemos los nogoyaenses que tenemos que mejorar en salud, pero tenemos que dar estos saltitos de calidad\u00bb<\/em>, insisti\u00f3 y destac\u00f3 la labor del personal del Centro de Emergencias.<\/p>\n\n\n\n<p>Luego se refiri\u00f3 a la firma del convenio para la obra de las lagunas de tratamiento y dijo que est\u00e1n relacionadas<em> \u00abcon una vieja problem\u00e1tica de Nogoy\u00e1\u00bb. Mencion\u00f3 que a dos meses de iniciar la gesti\u00f3n se cre\u00f3 la Direcci\u00f3n de Ambiente y se tom\u00f3 la decisi\u00f3n municipal de sanear las lagunas de tratamiento cloacales y que a partir de all\u00ed se empez\u00f3 a trabajar con el Ministerio de Planeamiento de la provincia. \u00abHoy gracias a Enohsa y al gobierno provincial es una realidad la obra de readecuaci\u00f3n de la laguna de tratamiento de efluentes cloacales\u00bb<\/em>, remarc\u00f3.<\/p>\n\n\n\n<p>Agradeci\u00f3 tambi\u00e9n el trabajo en conjunto en pol\u00edticas para toda la comunidad que se lleva adelante con el Ministerio de Desarrollo Social. <em>\u00abEn medio de la pandemia el gobierno nacional decidi\u00f3 trabajar con un programa Argentina contra el hambre, donde ah\u00ed estuvimos los nogoyaenses gestionando, concretando y yendo de la mano para que muchos vecinos puedan tener elementos de necesidades b\u00e1sicas\u00bb<\/em>, remarc\u00f3. Habl\u00f3 sobre el avance que se tiene con el Programa Primera Infancia y de la importancia del centro integral infantil para Villa Ghiano.<\/p>\n\n\n\n<p>Asimismo, mencion\u00f3 el trabajo \u00abcodo a codo\u00bb que tambi\u00e9n se viene llevando adelante con el Ministerio de Salud y agradeci\u00f3 a la ministra Sonia Vel\u00e1zquez <em>\u00abporque entendi\u00f3 r\u00e1pidamente lo que es nuestro Centro de Emergencia Municipal y como trabajan\u00bb<\/em>.<\/p>\n\n\n\n<div class=\"wp-block-image\"><figure class=\"aligncenter size-large\"><img loading=\"lazy\" decoding=\"async\" width=\"779\" height=\"372\" src=\"https:\/\/www.delexodo.com.ar\/wp-content\/uploads\/2021\/07\/BORDET-NOGOYA-TODOS.jpg\" alt=\"\" class=\"wp-image-8480\" srcset=\"https:\/\/www.delexodo.com.ar\/wp-content\/uploads\/2021\/07\/BORDET-NOGOYA-TODOS.jpg 779w, https:\/\/www.delexodo.com.ar\/wp-content\/uploads\/2021\/07\/BORDET-NOGOYA-TODOS-300x143.jpg 300w, https:\/\/www.delexodo.com.ar\/wp-content\/uploads\/2021\/07\/BORDET-NOGOYA-TODOS-768x367.jpg 768w\" sizes=\"auto, (max-width: 779px) 100vw, 779px\" \/><\/figure><\/div>\n\n\n\n<h3 class=\"wp-block-heading\"><strong>DETALLE DE LAS ACTIVIDADES<\/strong><\/h3>\n\n\n\n<p>Durante el acto, que tuvo lugar en la sede el Centro de Emergencia Municipal, se firm\u00f3 el convenio de la obra de Readecuaci\u00f3n de lagunas de tratamiento de efluentes cloacales de la ciudad de Nogoy\u00e1, que se llevar\u00e1 a cabo en el marco del programa Federal de Saneamiento (Profesa), con un presupuesto de 22.218. 828 pesos. La firma estuvo a cargo del gerente de la regi\u00f3n Mesopotamia del Enohsa, Mauro D\u00edaz Ch\u00e1vez; el intendente Rafael Cavagna; el ministro de Planeamiento, Marcelo Richard; y el gobernador Bordet.<\/p>\n\n\n\n<p>En el acto tambi\u00e9n se plasm\u00f3 la donaci\u00f3n de un terreno por parte de la provincia a la municipalidad de Nogoy\u00e1 para la construcci\u00f3n de 10 viviendas y se entregaron aportes.<\/p>\n\n\n\n<p>Uno de los beneficios fue para la municipalidad de Nogoy\u00e1 para la adquisici\u00f3n de equipamiento en el marco del proyecto Feria Municipal y otro para el club Deportivo Libertad para obras en la entidad. Tambi\u00e9n se entregaron fondos del Ministerio de Desarrollo Social para el desarrollo de proyectos en el marco del Programa Iniciativas Populares para Mi Barrio. Adem\u00e1s se entregaron cr\u00e9ditos del Programa J\u00f3venes Emprendedores del Ministerio de Producci\u00f3n que brinda asistencia, capacitaci\u00f3n y financiamiento a personas de entre 18 y 40 a\u00f1os para llevar adelante sus proyectos productivos. Adem\u00e1s, se anunci\u00f3 la transferencia en el d\u00eda de la fecha de los fondos para beneficiarios de todo el departamento Nogoy\u00e1 en el marco del Programa Mejora es Hacer. Tras el acto el mandatario y las dem\u00e1s autoridades recorrieron el Centro de Operaciones y Monitoreo.<\/p>\n\n\n\n<h3 class=\"wp-block-heading\"><strong>AUTORIDADES<\/strong><\/h3>\n\n\n\n<div class=\"wp-block-image\"><figure class=\"aligncenter size-large\"><img loading=\"lazy\" decoding=\"async\" width=\"920\" height=\"477\" src=\"https:\/\/www.delexodo.com.ar\/wp-content\/uploads\/2021\/07\/BORDET-AUTORIDADES.jpg\" alt=\"\" class=\"wp-image-8481\" srcset=\"https:\/\/www.delexodo.com.ar\/wp-content\/uploads\/2021\/07\/BORDET-AUTORIDADES.jpg 920w, https:\/\/www.delexodo.com.ar\/wp-content\/uploads\/2021\/07\/BORDET-AUTORIDADES-300x156.jpg 300w, https:\/\/www.delexodo.com.ar\/wp-content\/uploads\/2021\/07\/BORDET-AUTORIDADES-768x398.jpg 768w\" sizes=\"auto, (max-width: 920px) 100vw, 920px\" \/><\/figure><\/div>\n\n\n\n<p>El gobernador, junto al intendente de Nogoy\u00e1, Rafael Cavagna, estuvo acompa\u00f1ado por su esposa, Mariel \u00c1vila; los ministros Producci\u00f3n Juan Jos\u00e9 Bahillo; de Planeamiento Marcelo Richard; y de Desarrollo Social, Marisa Paira; la senadora provincial Flavia Maidana; el diputado provincial, Gustavo Cusinato; el delegado Vialidad Nacional en Entre R\u00edos, Daniel Koch; y Mauro D\u00edaz Ch\u00e1vez, gerente del Enohsa para la Regi\u00f3n Mesopot\u00e1mica, organismo nacional a cargo de Enrique Cresto.<\/p>\n\n\n\n<h3 class=\"wp-block-heading\"><strong>EL CONVENIO CON ENOHSA<\/strong><\/h3>\n\n\n\n<p>El convenio tiene por objeto brindar la asistencia financiera para la ejecuci\u00f3n de la obra de lagunas de tratamiento de efluentes cloacales, donde la provincia se compromete a llevar adelante el procedimiento de contrataci\u00f3n para la ejecuci\u00f3n de la misma. El presupuesto total para su ejecuci\u00f3n es de 22.218.828,08 pesos y ser\u00e1n financiados por el Enohsa.<\/p>\n\n\n\n<p>La provincia, a trav\u00e9s del Ministerio de Planeamiento, Infraestructura y Servicios, se compromete a iniciar la obra en un plazo no mayor a cuatro meses contados a partir de la suscripci\u00f3n del presente acuerdo, y el plazo de ejecuci\u00f3n ser\u00e1 5 meses, contados desde la suscripci\u00f3n del Acta de Inicio<\/p>\n\n\n\n<p>Esta obra se enmarca en el Convenio Marco suscripto oportunamente entre el Ministerio de Obras P\u00fablicas de la Naci\u00f3n y la provincia de Entre R\u00edos, con fecha 28 de mayo de 2020, y que contempla un convenio de Asistencia Financiera entre el Enohsa y la provincia para la ejecuci\u00f3n de varios proyectos en distintas localidades por 1.230.089.511,74 pesos, entre los cuales se encuentra la ejecuci\u00f3n de la mencionada obra.<\/p>\n\n\n\n<p>El convenio incluye cl\u00e1usulas para garantizar la transparencia gubernamental y un reglamento para la rendici\u00f3n de cuentas de fondos presupuestarios transferidos.<\/p>\n","protected":false},"excerpt":{"rendered":"<p>Bordet entreg\u00f3 aportes y una ambulancia y firm\u00f3 un convenio para obras de saneamiento y destac\u00f3 el trabajo que se&hellip;<\/p>\n","protected":false},"author":1,"featured_media":8477,"comment_status":"closed","ping_status":"closed","sticky":false,"template":"","format":"standard","meta":{"_joinchat":[],"footnotes":""},"categories":[65,1,69,349],"tags":[345],"class_list":["post-8476","post","type-post","status-publish","format-standard","has-post-thumbnail","hentry","category-destacados","category-sincategoria","category-noticias","category-politica","tag-destacar"],"yoast_head":"<!-- This site is optimized with the Yoast SEO plugin v25.1 - https:\/\/yoast.com\/wordpress\/plugins\/seo\/ -->\n<title>NOGOY\u00c1: APORTES, AMBULANCIA Y OBRAS CON LA VISITA DEL GOBERNADOR BORDET - Del \u00c9xodo Nogoy\u00e1<\/title>\n<meta name=\"robots\" content=\"index, follow, max-snippet:-1, max-image-preview:large, max-video-preview:-1\" \/>\n<link rel=\"canonical\" href=\"https:\/\/www.delexodo.com.ar\/?p=8476\" \/>\n<meta property=\"og:locale\" content=\"es_ES\" \/>\n<meta property=\"og:type\" content=\"article\" \/>\n<meta property=\"og:title\" content=\"NOGOY\u00c1: APORTES, AMBULANCIA Y OBRAS CON LA VISITA DEL GOBERNADOR BORDET - Del \u00c9xodo Nogoy\u00e1\" \/>\n<meta property=\"og:description\" content=\"Bordet entreg\u00f3 aportes y una ambulancia y firm\u00f3 un convenio para obras de saneamiento y destac\u00f3 el trabajo que se&hellip;\" \/>\n<meta property=\"og:url\" content=\"https:\/\/www.delexodo.com.ar\/?p=8476\" \/>\n<meta property=\"og:site_name\" content=\"Del \u00c9xodo Nogoy\u00e1\" \/>\n<meta property=\"article:published_time\" content=\"2021-07-05T00:35:10+00:00\" \/>\n<meta property=\"article:modified_time\" content=\"2021-07-05T00:35:11+00:00\" \/>\n<meta property=\"og:image\" content=\"https:\/\/www.delexodo.com.ar\/wp-content\/uploads\/2021\/07\/BORDET-EMERGENCIAS.jpg\" \/>\n\t<meta property=\"og:image:width\" content=\"962\" \/>\n\t<meta property=\"og:image:height\" content=\"642\" \/>\n\t<meta property=\"og:image:type\" content=\"image\/jpeg\" \/>\n<meta name=\"author\" content=\"admin\" \/>\n<meta name=\"twitter:card\" content=\"summary_large_image\" \/>\n<meta name=\"twitter:label1\" content=\"Escrito por\" \/>\n\t<meta name=\"twitter:data1\" content=\"admin\" \/>\n\t<meta name=\"twitter:label2\" content=\"Tiempo de lectura\" \/>\n\t<meta name=\"twitter:data2\" content=\"8 minutos\" \/>\n<script type=\"application\/ld+json\" class=\"yoast-schema-graph\">{\"@context\":\"https:\/\/schema.org\",\"@graph\":[{\"@type\":\"Article\",\"@id\":\"https:\/\/www.delexodo.com.ar\/?p=8476#article\",\"isPartOf\":{\"@id\":\"https:\/\/www.delexodo.com.ar\/?p=8476\"},\"author\":{\"name\":\"admin\",\"@id\":\"https:\/\/www.delexodo.com.ar\/#\/schema\/person\/bbed37f7da8e938660b34f2013ba449d\"},\"headline\":\"NOGOY\u00c1: APORTES, AMBULANCIA Y OBRAS CON LA VISITA DEL GOBERNADOR BORDET\",\"datePublished\":\"2021-07-05T00:35:10+00:00\",\"dateModified\":\"2021-07-05T00:35:11+00:00\",\"mainEntityOfPage\":{\"@id\":\"https:\/\/www.delexodo.com.ar\/?p=8476\"},\"wordCount\":1651,\"publisher\":{\"@id\":\"https:\/\/www.delexodo.com.ar\/#organization\"},\"image\":{\"@id\":\"https:\/\/www.delexodo.com.ar\/?p=8476#primaryimage\"},\"thumbnailUrl\":\"https:\/\/www.delexodo.com.ar\/wp-content\/uploads\/2021\/07\/BORDET-EMERGENCIAS.jpg\",\"keywords\":[\"destacar\"],\"articleSection\":[\"Destacados\",\"Nogoya\",\"NOTICIAS\",\"Politica\"],\"inLanguage\":\"es\"},{\"@type\":\"WebPage\",\"@id\":\"https:\/\/www.delexodo.com.ar\/?p=8476\",\"url\":\"https:\/\/www.delexodo.com.ar\/?p=8476\",\"name\":\"NOGOY\u00c1: APORTES, AMBULANCIA Y OBRAS CON LA VISITA DEL GOBERNADOR BORDET - Del \u00c9xodo Nogoy\u00e1\",\"isPartOf\":{\"@id\":\"https:\/\/www.delexodo.com.ar\/#website\"},\"primaryImageOfPage\":{\"@id\":\"https:\/\/www.delexodo.com.ar\/?p=8476#primaryimage\"},\"image\":{\"@id\":\"https:\/\/www.delexodo.com.ar\/?p=8476#primaryimage\"},\"thumbnailUrl\":\"https:\/\/www.delexodo.com.ar\/wp-content\/uploads\/2021\/07\/BORDET-EMERGENCIAS.jpg\",\"datePublished\":\"2021-07-05T00:35:10+00:00\",\"dateModified\":\"2021-07-05T00:35:11+00:00\",\"breadcrumb\":{\"@id\":\"https:\/\/www.delexodo.com.ar\/?p=8476#breadcrumb\"},\"inLanguage\":\"es\",\"potentialAction\":[{\"@type\":\"ReadAction\",\"target\":[\"https:\/\/www.delexodo.com.ar\/?p=8476\"]}]},{\"@type\":\"ImageObject\",\"inLanguage\":\"es\",\"@id\":\"https:\/\/www.delexodo.com.ar\/?p=8476#primaryimage\",\"url\":\"https:\/\/www.delexodo.com.ar\/wp-content\/uploads\/2021\/07\/BORDET-EMERGENCIAS.jpg\",\"contentUrl\":\"https:\/\/www.delexodo.com.ar\/wp-content\/uploads\/2021\/07\/BORDET-EMERGENCIAS.jpg\",\"width\":962,\"height\":642},{\"@type\":\"BreadcrumbList\",\"@id\":\"https:\/\/www.delexodo.com.ar\/?p=8476#breadcrumb\",\"itemListElement\":[{\"@type\":\"ListItem\",\"position\":1,\"name\":\"Portada\",\"item\":\"https:\/\/www.delexodo.com.ar\/\"},{\"@type\":\"ListItem\",\"position\":2,\"name\":\"NOGOY\u00c1: APORTES, AMBULANCIA Y OBRAS CON LA VISITA DEL GOBERNADOR BORDET\"}]},{\"@type\":\"WebSite\",\"@id\":\"https:\/\/www.delexodo.com.ar\/#website\",\"url\":\"https:\/\/www.delexodo.com.ar\/\",\"name\":\"Del \u00c9xodo Nogoy\u00e1\",\"description\":\"El Portal de Noticias de la Regi\u00f3n\",\"publisher\":{\"@id\":\"https:\/\/www.delexodo.com.ar\/#organization\"},\"potentialAction\":[{\"@type\":\"SearchAction\",\"target\":{\"@type\":\"EntryPoint\",\"urlTemplate\":\"https:\/\/www.delexodo.com.ar\/?s={search_term_string}\"},\"query-input\":{\"@type\":\"PropertyValueSpecification\",\"valueRequired\":true,\"valueName\":\"search_term_string\"}}],\"inLanguage\":\"es\"},{\"@type\":\"Organization\",\"@id\":\"https:\/\/www.delexodo.com.ar\/#organization\",\"name\":\"Del \u00c9xodo Nogoy\u00e1\",\"url\":\"https:\/\/www.delexodo.com.ar\/\",\"logo\":{\"@type\":\"ImageObject\",\"inLanguage\":\"es\",\"@id\":\"https:\/\/www.delexodo.com.ar\/#\/schema\/logo\/image\/\",\"url\":\"https:\/\/www.delexodo.com.ar\/wp-content\/uploads\/2024\/10\/cropped-cropped-LOGO24.png\",\"contentUrl\":\"https:\/\/www.delexodo.com.ar\/wp-content\/uploads\/2024\/10\/cropped-cropped-LOGO24.png\",\"width\":512,\"height\":349,\"caption\":\"Del \u00c9xodo Nogoy\u00e1\"},\"image\":{\"@id\":\"https:\/\/www.delexodo.com.ar\/#\/schema\/logo\/image\/\"}},{\"@type\":\"Person\",\"@id\":\"https:\/\/www.delexodo.com.ar\/#\/schema\/person\/bbed37f7da8e938660b34f2013ba449d\",\"name\":\"admin\",\"image\":{\"@type\":\"ImageObject\",\"inLanguage\":\"es\",\"@id\":\"https:\/\/www.delexodo.com.ar\/#\/schema\/person\/image\/\",\"url\":\"https:\/\/secure.gravatar.com\/avatar\/6b1558d1b6df085f1901bd5bd98523d7?s=96&d=mm&r=g\",\"contentUrl\":\"https:\/\/secure.gravatar.com\/avatar\/6b1558d1b6df085f1901bd5bd98523d7?s=96&d=mm&r=g\",\"caption\":\"admin\"},\"url\":\"https:\/\/www.delexodo.com.ar\/?author=1\"}]}<\/script>\n<!-- \/ Yoast SEO plugin. -->","yoast_head_json":{"title":"NOGOY\u00c1: APORTES, AMBULANCIA Y OBRAS CON LA VISITA DEL GOBERNADOR BORDET - Del \u00c9xodo Nogoy\u00e1","robots":{"index":"index","follow":"follow","max-snippet":"max-snippet:-1","max-image-preview":"max-image-preview:large","max-video-preview":"max-video-preview:-1"},"canonical":"https:\/\/www.delexodo.com.ar\/?p=8476","og_locale":"es_ES","og_type":"article","og_title":"NOGOY\u00c1: APORTES, AMBULANCIA Y OBRAS CON LA VISITA DEL GOBERNADOR BORDET - Del \u00c9xodo Nogoy\u00e1","og_description":"Bordet entreg\u00f3 aportes y una ambulancia y firm\u00f3 un convenio para obras de saneamiento y destac\u00f3 el trabajo que se&hellip;","og_url":"https:\/\/www.delexodo.com.ar\/?p=8476","og_site_name":"Del \u00c9xodo Nogoy\u00e1","article_published_time":"2021-07-05T00:35:10+00:00","article_modified_time":"2021-07-05T00:35:11+00:00","og_image":[{"width":962,"height":642,"url":"https:\/\/www.delexodo.com.ar\/wp-content\/uploads\/2021\/07\/BORDET-EMERGENCIAS.jpg","type":"image\/jpeg"}],"author":"admin","twitter_card":"summary_large_image","twitter_misc":{"Escrito por":"admin","Tiempo de lectura":"8 minutos"},"schema":{"@context":"https:\/\/schema.org","@graph":[{"@type":"Article","@id":"https:\/\/www.delexodo.com.ar\/?p=8476#article","isPartOf":{"@id":"https:\/\/www.delexodo.com.ar\/?p=8476"},"author":{"name":"admin","@id":"https:\/\/www.delexodo.com.ar\/#\/schema\/person\/bbed37f7da8e938660b34f2013ba449d"},"headline":"NOGOY\u00c1: APORTES, AMBULANCIA Y OBRAS CON LA VISITA DEL GOBERNADOR BORDET","datePublished":"2021-07-05T00:35:10+00:00","dateModified":"2021-07-05T00:35:11+00:00","mainEntityOfPage":{"@id":"https:\/\/www.delexodo.com.ar\/?p=8476"},"wordCount":1651,"publisher":{"@id":"https:\/\/www.delexodo.com.ar\/#organization"},"image":{"@id":"https:\/\/www.delexodo.com.ar\/?p=8476#primaryimage"},"thumbnailUrl":"https:\/\/www.delexodo.com.ar\/wp-content\/uploads\/2021\/07\/BORDET-EMERGENCIAS.jpg","keywords":["destacar"],"articleSection":["Destacados","Nogoya","NOTICIAS","Politica"],"inLanguage":"es"},{"@type":"WebPage","@id":"https:\/\/www.delexodo.com.ar\/?p=8476","url":"https:\/\/www.delexodo.com.ar\/?p=8476","name":"NOGOY\u00c1: APORTES, AMBULANCIA Y OBRAS CON LA VISITA DEL GOBERNADOR BORDET - Del \u00c9xodo Nogoy\u00e1","isPartOf":{"@id":"https:\/\/www.delexodo.com.ar\/#website"},"primaryImageOfPage":{"@id":"https:\/\/www.delexodo.com.ar\/?p=8476#primaryimage"},"image":{"@id":"https:\/\/www.delexodo.com.ar\/?p=8476#primaryimage"},"thumbnailUrl":"https:\/\/www.delexodo.com.ar\/wp-content\/uploads\/2021\/07\/BORDET-EMERGENCIAS.jpg","datePublished":"2021-07-05T00:35:10+00:00","dateModified":"2021-07-05T00:35:11+00:00","breadcrumb":{"@id":"https:\/\/www.delexodo.com.ar\/?p=8476#breadcrumb"},"inLanguage":"es","potentialAction":[{"@type":"ReadAction","target":["https:\/\/www.delexodo.com.ar\/?p=8476"]}]},{"@type":"ImageObject","inLanguage":"es","@id":"https:\/\/www.delexodo.com.ar\/?p=8476#primaryimage","url":"https:\/\/www.delexodo.com.ar\/wp-content\/uploads\/2021\/07\/BORDET-EMERGENCIAS.jpg","contentUrl":"https:\/\/www.delexodo.com.ar\/wp-content\/uploads\/2021\/07\/BORDET-EMERGENCIAS.jpg","width":962,"height":642},{"@type":"BreadcrumbList","@id":"https:\/\/www.delexodo.com.ar\/?p=8476#breadcrumb","itemListElement":[{"@type":"ListItem","position":1,"name":"Portada","item":"https:\/\/www.delexodo.com.ar\/"},{"@type":"ListItem","position":2,"name":"NOGOY\u00c1: APORTES, AMBULANCIA Y OBRAS CON LA VISITA DEL GOBERNADOR BORDET"}]},{"@type":"WebSite","@id":"https:\/\/www.delexodo.com.ar\/#website","url":"https:\/\/www.delexodo.com.ar\/","name":"Del \u00c9xodo Nogoy\u00e1","description":"El Portal de Noticias de la Regi\u00f3n","publisher":{"@id":"https:\/\/www.delexodo.com.ar\/#organization"},"potentialAction":[{"@type":"SearchAction","target":{"@type":"EntryPoint","urlTemplate":"https:\/\/www.delexodo.com.ar\/?s={search_term_string}"},"query-input":{"@type":"PropertyValueSpecification","valueRequired":true,"valueName":"search_term_string"}}],"inLanguage":"es"},{"@type":"Organization","@id":"https:\/\/www.delexodo.com.ar\/#organization","name":"Del \u00c9xodo Nogoy\u00e1","url":"https:\/\/www.delexodo.com.ar\/","logo":{"@type":"ImageObject","inLanguage":"es","@id":"https:\/\/www.delexodo.com.ar\/#\/schema\/logo\/image\/","url":"https:\/\/www.delexodo.com.ar\/wp-content\/uploads\/2024\/10\/cropped-cropped-LOGO24.png","contentUrl":"https:\/\/www.delexodo.com.ar\/wp-content\/uploads\/2024\/10\/cropped-cropped-LOGO24.png","width":512,"height":349,"caption":"Del \u00c9xodo Nogoy\u00e1"},"image":{"@id":"https:\/\/www.delexodo.com.ar\/#\/schema\/logo\/image\/"}},{"@type":"Person","@id":"https:\/\/www.delexodo.com.ar\/#\/schema\/person\/bbed37f7da8e938660b34f2013ba449d","name":"admin","image":{"@type":"ImageObject","inLanguage":"es","@id":"https:\/\/www.delexodo.com.ar\/#\/schema\/person\/image\/","url":"https:\/\/secure.gravatar.com\/avatar\/6b1558d1b6df085f1901bd5bd98523d7?s=96&d=mm&r=g","contentUrl":"https:\/\/secure.gravatar.com\/avatar\/6b1558d1b6df085f1901bd5bd98523d7?s=96&d=mm&r=g","caption":"admin"},"url":"https:\/\/www.delexodo.com.ar\/?author=1"}]}},"_links":{"self":[{"href":"https:\/\/www.delexodo.com.ar\/index.php?rest_route=\/wp\/v2\/posts\/8476","targetHints":{"allow":["GET"]}}],"collection":[{"href":"https:\/\/www.delexodo.com.ar\/index.php?rest_route=\/wp\/v2\/posts"}],"about":[{"href":"https:\/\/www.delexodo.com.ar\/index.php?rest_route=\/wp\/v2\/types\/post"}],"author":[{"embeddable":true,"href":"https:\/\/www.delexodo.com.ar\/index.php?rest_route=\/wp\/v2\/users\/1"}],"replies":[{"embeddable":true,"href":"https:\/\/www.delexodo.com.ar\/index.php?rest_route=%2Fwp%2Fv2%2Fcomments&post=8476"}],"version-history":[{"count":0,"href":"https:\/\/www.delexodo.com.ar\/index.php?rest_route=\/wp\/v2\/posts\/8476\/revisions"}],"wp:featuredmedia":[{"embeddable":true,"href":"https:\/\/www.delexodo.com.ar\/index.php?rest_route=\/wp\/v2\/media\/8477"}],"wp:attachment":[{"href":"https:\/\/www.delexodo.com.ar\/index.php?rest_route=%2Fwp%2Fv2%2Fmedia&parent=8476"}],"wp:term":[{"taxonomy":"category","embeddable":true,"href":"https:\/\/www.delexodo.com.ar\/index.php?rest_route=%2Fwp%2Fv2%2Fcategories&post=8476"},{"taxonomy":"post_tag","embeddable":true,"href":"https:\/\/www.delexodo.com.ar\/index.php?rest_route=%2Fwp%2Fv2%2Ftags&post=8476"}],"curies":[{"name":"wp","href":"https:\/\/api.w.org\/{rel}","templated":true}]}}