{"id":8471,"date":"2021-06-30T22:26:32","date_gmt":"2021-07-01T01:26:32","guid":{"rendered":"http:\/\/www.delexodo.com.ar\/?p=8471"},"modified":"2021-06-30T22:26:33","modified_gmt":"2021-07-01T01:26:33","slug":"la-senadora-maidana-se-reunio-con-autoridades-del-centro-comercial","status":"publish","type":"post","link":"https:\/\/www.delexodo.com.ar\/?p=8471","title":{"rendered":"LA SENADORA MAIDANA SE REUNI\u00d3 CON AUTORIDADES DEL CENTRO COMERCIAL"},"content":{"rendered":"\n<p>La comisi\u00f3n directiva del Centro Empresarial, Comercial y de Servicios de Nogoy\u00e1, llev\u00f3 adelante una reuni\u00f3n con la senadora Flavia Maidana, de la que tambi\u00e9n particip\u00f3 el intendente de la ciudad, Dr. Cavagna, donde los comerciantes hicieron saber diversas situaciones del sector para articular con organismos provinciales soluciones y canales de informaci\u00f3n.<\/p>\n\n\n\n<div class=\"wp-block-image\"><figure class=\"alignleft size-large is-resized\"><img loading=\"lazy\" decoding=\"async\" src=\"https:\/\/www.delexodo.com.ar\/wp-content\/uploads\/2021\/06\/MAIDANA-PEREZ-CAVAGNA-1024x659.jpeg\" alt=\"\" class=\"wp-image-8473\" width=\"286\" height=\"183\" srcset=\"https:\/\/www.delexodo.com.ar\/wp-content\/uploads\/2021\/06\/MAIDANA-PEREZ-CAVAGNA-1024x659.jpeg 1024w, https:\/\/www.delexodo.com.ar\/wp-content\/uploads\/2021\/06\/MAIDANA-PEREZ-CAVAGNA-300x193.jpeg 300w, https:\/\/www.delexodo.com.ar\/wp-content\/uploads\/2021\/06\/MAIDANA-PEREZ-CAVAGNA-768x494.jpeg 768w, https:\/\/www.delexodo.com.ar\/wp-content\/uploads\/2021\/06\/MAIDANA-PEREZ-CAVAGNA-95x60.jpeg 95w, https:\/\/www.delexodo.com.ar\/wp-content\/uploads\/2021\/06\/MAIDANA-PEREZ-CAVAGNA.jpeg 1026w\" sizes=\"auto, (max-width: 286px) 100vw, 286px\" \/><\/figure><\/div>\n\n\n\n<p><em>\u201cJunto con el intendente, las autoridades nos plantearon problem\u00e1ticas e inquietudes del sector, de nuestra parte nos comprometimos a trabajar de manera coordinada y conjunta y mantener un di\u00e1logo fluido para que todos estemos en conocimiento de planes y programas provinciales para los comerciantes y empresarios\u201d<\/em> se\u00f1al\u00f3 Flavia Maidana.<\/p>\n\n\n\n<p><em>\u201cTrabajaremos para coordinar una reuni\u00f3n con autoridades de Enersa y poder plantear a ellos la situaci\u00f3n por la que atraviesa el comercio, sobre la deuda con la empresa prestadora de energ\u00eda y sobre todo conocer si habr\u00e1 planes de pago para poder cubrir dichos montos\u201d <\/em>agreg\u00f3.<\/p>\n\n\n\n<p>En la reuni\u00f3n, la legisladora tambi\u00e9n hizo entrega de los decretos provinciales donde se establece el pago de aportes a aquellos empleadores del sector gastron\u00f3mico y de gimnasios, poniendo en conocimiento de los alcances del mismo y los requisitos para acceder al beneficio.<\/p>\n","protected":false},"excerpt":{"rendered":"<p>La comisi\u00f3n directiva del Centro Empresarial, Comercial y de Servicios de Nogoy\u00e1, llev\u00f3 adelante una reuni\u00f3n con la senadora Flavia&hellip;<\/p>\n","protected":false},"author":1,"featured_media":8472,"comment_status":"closed","ping_status":"closed","sticky":false,"template":"","format":"standard","meta":{"_joinchat":[],"footnotes":""},"categories":[65,1,69,349],"tags":[],"class_list":["post-8471","post","type-post","status-publish","format-standard","has-post-thumbnail","hentry","category-destacados","category-sincategoria","category-noticias","category-politica"],"yoast_head":"<!-- This site is optimized with the Yoast SEO plugin v25.1 - https:\/\/yoast.com\/wordpress\/plugins\/seo\/ -->\n<title>LA SENADORA MAIDANA SE REUNI\u00d3 CON AUTORIDADES DEL CENTRO COMERCIAL - Del \u00c9xodo Nogoy\u00e1<\/title>\n<meta name=\"robots\" content=\"index, follow, max-snippet:-1, max-image-preview:large, max-video-preview:-1\" \/>\n<link rel=\"canonical\" href=\"https:\/\/www.delexodo.com.ar\/?p=8471\" \/>\n<meta property=\"og:locale\" content=\"es_ES\" \/>\n<meta property=\"og:type\" content=\"article\" \/>\n<meta property=\"og:title\" content=\"LA SENADORA MAIDANA SE REUNI\u00d3 CON AUTORIDADES DEL CENTRO COMERCIAL - Del \u00c9xodo Nogoy\u00e1\" \/>\n<meta property=\"og:description\" content=\"La comisi\u00f3n directiva del Centro Empresarial, Comercial y de Servicios de Nogoy\u00e1, llev\u00f3 adelante una reuni\u00f3n con la senadora Flavia&hellip;\" \/>\n<meta property=\"og:url\" content=\"https:\/\/www.delexodo.com.ar\/?p=8471\" \/>\n<meta property=\"og:site_name\" content=\"Del \u00c9xodo Nogoy\u00e1\" \/>\n<meta property=\"article:published_time\" content=\"2021-07-01T01:26:32+00:00\" \/>\n<meta property=\"article:modified_time\" content=\"2021-07-01T01:26:33+00:00\" \/>\n<meta property=\"og:image\" content=\"https:\/\/www.delexodo.com.ar\/wp-content\/uploads\/2021\/06\/CECIS-REUNION.jpeg\" \/>\n\t<meta property=\"og:image:width\" content=\"962\" \/>\n\t<meta property=\"og:image:height\" content=\"553\" \/>\n\t<meta property=\"og:image:type\" content=\"image\/jpeg\" \/>\n<meta name=\"author\" content=\"admin\" \/>\n<meta name=\"twitter:card\" content=\"summary_large_image\" \/>\n<meta name=\"twitter:label1\" content=\"Escrito por\" \/>\n\t<meta name=\"twitter:data1\" content=\"admin\" \/>\n\t<meta name=\"twitter:label2\" content=\"Tiempo de lectura\" \/>\n\t<meta name=\"twitter:data2\" content=\"1 minuto\" \/>\n<script type=\"application\/ld+json\" class=\"yoast-schema-graph\">{\"@context\":\"https:\/\/schema.org\",\"@graph\":[{\"@type\":\"Article\",\"@id\":\"https:\/\/www.delexodo.com.ar\/?p=8471#article\",\"isPartOf\":{\"@id\":\"https:\/\/www.delexodo.com.ar\/?p=8471\"},\"author\":{\"name\":\"admin\",\"@id\":\"https:\/\/www.delexodo.com.ar\/#\/schema\/person\/bbed37f7da8e938660b34f2013ba449d\"},\"headline\":\"LA SENADORA MAIDANA SE REUNI\u00d3 CON AUTORIDADES DEL CENTRO COMERCIAL\",\"datePublished\":\"2021-07-01T01:26:32+00:00\",\"dateModified\":\"2021-07-01T01:26:33+00:00\",\"mainEntityOfPage\":{\"@id\":\"https:\/\/www.delexodo.com.ar\/?p=8471\"},\"wordCount\":213,\"publisher\":{\"@id\":\"https:\/\/www.delexodo.com.ar\/#organization\"},\"image\":{\"@id\":\"https:\/\/www.delexodo.com.ar\/?p=8471#primaryimage\"},\"thumbnailUrl\":\"https:\/\/www.delexodo.com.ar\/wp-content\/uploads\/2021\/06\/CECIS-REUNION.jpeg\",\"articleSection\":[\"Destacados\",\"Nogoya\",\"NOTICIAS\",\"Politica\"],\"inLanguage\":\"es\"},{\"@type\":\"WebPage\",\"@id\":\"https:\/\/www.delexodo.com.ar\/?p=8471\",\"url\":\"https:\/\/www.delexodo.com.ar\/?p=8471\",\"name\":\"LA SENADORA MAIDANA SE REUNI\u00d3 CON AUTORIDADES DEL CENTRO COMERCIAL - Del \u00c9xodo Nogoy\u00e1\",\"isPartOf\":{\"@id\":\"https:\/\/www.delexodo.com.ar\/#website\"},\"primaryImageOfPage\":{\"@id\":\"https:\/\/www.delexodo.com.ar\/?p=8471#primaryimage\"},\"image\":{\"@id\":\"https:\/\/www.delexodo.com.ar\/?p=8471#primaryimage\"},\"thumbnailUrl\":\"https:\/\/www.delexodo.com.ar\/wp-content\/uploads\/2021\/06\/CECIS-REUNION.jpeg\",\"datePublished\":\"2021-07-01T01:26:32+00:00\",\"dateModified\":\"2021-07-01T01:26:33+00:00\",\"breadcrumb\":{\"@id\":\"https:\/\/www.delexodo.com.ar\/?p=8471#breadcrumb\"},\"inLanguage\":\"es\",\"potentialAction\":[{\"@type\":\"ReadAction\",\"target\":[\"https:\/\/www.delexodo.com.ar\/?p=8471\"]}]},{\"@type\":\"ImageObject\",\"inLanguage\":\"es\",\"@id\":\"https:\/\/www.delexodo.com.ar\/?p=8471#primaryimage\",\"url\":\"https:\/\/www.delexodo.com.ar\/wp-content\/uploads\/2021\/06\/CECIS-REUNION.jpeg\",\"contentUrl\":\"https:\/\/www.delexodo.com.ar\/wp-content\/uploads\/2021\/06\/CECIS-REUNION.jpeg\",\"width\":962,\"height\":553},{\"@type\":\"BreadcrumbList\",\"@id\":\"https:\/\/www.delexodo.com.ar\/?p=8471#breadcrumb\",\"itemListElement\":[{\"@type\":\"ListItem\",\"position\":1,\"name\":\"Portada\",\"item\":\"https:\/\/www.delexodo.com.ar\/\"},{\"@type\":\"ListItem\",\"position\":2,\"name\":\"LA SENADORA MAIDANA SE REUNI\u00d3 CON AUTORIDADES DEL CENTRO COMERCIAL\"}]},{\"@type\":\"WebSite\",\"@id\":\"https:\/\/www.delexodo.com.ar\/#website\",\"url\":\"https:\/\/www.delexodo.com.ar\/\",\"name\":\"Del \u00c9xodo Nogoy\u00e1\",\"description\":\"El Portal de Noticias de la Regi\u00f3n\",\"publisher\":{\"@id\":\"https:\/\/www.delexodo.com.ar\/#organization\"},\"potentialAction\":[{\"@type\":\"SearchAction\",\"target\":{\"@type\":\"EntryPoint\",\"urlTemplate\":\"https:\/\/www.delexodo.com.ar\/?s={search_term_string}\"},\"query-input\":{\"@type\":\"PropertyValueSpecification\",\"valueRequired\":true,\"valueName\":\"search_term_string\"}}],\"inLanguage\":\"es\"},{\"@type\":\"Organization\",\"@id\":\"https:\/\/www.delexodo.com.ar\/#organization\",\"name\":\"Del \u00c9xodo Nogoy\u00e1\",\"url\":\"https:\/\/www.delexodo.com.ar\/\",\"logo\":{\"@type\":\"ImageObject\",\"inLanguage\":\"es\",\"@id\":\"https:\/\/www.delexodo.com.ar\/#\/schema\/logo\/image\/\",\"url\":\"https:\/\/www.delexodo.com.ar\/wp-content\/uploads\/2024\/10\/cropped-cropped-LOGO24.png\",\"contentUrl\":\"https:\/\/www.delexodo.com.ar\/wp-content\/uploads\/2024\/10\/cropped-cropped-LOGO24.png\",\"width\":512,\"height\":349,\"caption\":\"Del \u00c9xodo Nogoy\u00e1\"},\"image\":{\"@id\":\"https:\/\/www.delexodo.com.ar\/#\/schema\/logo\/image\/\"}},{\"@type\":\"Person\",\"@id\":\"https:\/\/www.delexodo.com.ar\/#\/schema\/person\/bbed37f7da8e938660b34f2013ba449d\",\"name\":\"admin\",\"image\":{\"@type\":\"ImageObject\",\"inLanguage\":\"es\",\"@id\":\"https:\/\/www.delexodo.com.ar\/#\/schema\/person\/image\/\",\"url\":\"https:\/\/secure.gravatar.com\/avatar\/6b1558d1b6df085f1901bd5bd98523d7?s=96&d=mm&r=g\",\"contentUrl\":\"https:\/\/secure.gravatar.com\/avatar\/6b1558d1b6df085f1901bd5bd98523d7?s=96&d=mm&r=g\",\"caption\":\"admin\"},\"url\":\"https:\/\/www.delexodo.com.ar\/?author=1\"}]}<\/script>\n<!-- \/ Yoast SEO plugin. -->","yoast_head_json":{"title":"LA SENADORA MAIDANA SE REUNI\u00d3 CON AUTORIDADES DEL CENTRO COMERCIAL - Del \u00c9xodo Nogoy\u00e1","robots":{"index":"index","follow":"follow","max-snippet":"max-snippet:-1","max-image-preview":"max-image-preview:large","max-video-preview":"max-video-preview:-1"},"canonical":"https:\/\/www.delexodo.com.ar\/?p=8471","og_locale":"es_ES","og_type":"article","og_title":"LA SENADORA MAIDANA SE REUNI\u00d3 CON AUTORIDADES DEL CENTRO COMERCIAL - Del \u00c9xodo Nogoy\u00e1","og_description":"La comisi\u00f3n directiva del Centro Empresarial, Comercial y de Servicios de Nogoy\u00e1, llev\u00f3 adelante una reuni\u00f3n con la senadora Flavia&hellip;","og_url":"https:\/\/www.delexodo.com.ar\/?p=8471","og_site_name":"Del \u00c9xodo Nogoy\u00e1","article_published_time":"2021-07-01T01:26:32+00:00","article_modified_time":"2021-07-01T01:26:33+00:00","og_image":[{"width":962,"height":553,"url":"https:\/\/www.delexodo.com.ar\/wp-content\/uploads\/2021\/06\/CECIS-REUNION.jpeg","type":"image\/jpeg"}],"author":"admin","twitter_card":"summary_large_image","twitter_misc":{"Escrito por":"admin","Tiempo de lectura":"1 minuto"},"schema":{"@context":"https:\/\/schema.org","@graph":[{"@type":"Article","@id":"https:\/\/www.delexodo.com.ar\/?p=8471#article","isPartOf":{"@id":"https:\/\/www.delexodo.com.ar\/?p=8471"},"author":{"name":"admin","@id":"https:\/\/www.delexodo.com.ar\/#\/schema\/person\/bbed37f7da8e938660b34f2013ba449d"},"headline":"LA SENADORA MAIDANA SE REUNI\u00d3 CON AUTORIDADES DEL CENTRO COMERCIAL","datePublished":"2021-07-01T01:26:32+00:00","dateModified":"2021-07-01T01:26:33+00:00","mainEntityOfPage":{"@id":"https:\/\/www.delexodo.com.ar\/?p=8471"},"wordCount":213,"publisher":{"@id":"https:\/\/www.delexodo.com.ar\/#organization"},"image":{"@id":"https:\/\/www.delexodo.com.ar\/?p=8471#primaryimage"},"thumbnailUrl":"https:\/\/www.delexodo.com.ar\/wp-content\/uploads\/2021\/06\/CECIS-REUNION.jpeg","articleSection":["Destacados","Nogoya","NOTICIAS","Politica"],"inLanguage":"es"},{"@type":"WebPage","@id":"https:\/\/www.delexodo.com.ar\/?p=8471","url":"https:\/\/www.delexodo.com.ar\/?p=8471","name":"LA SENADORA MAIDANA SE REUNI\u00d3 CON AUTORIDADES DEL CENTRO COMERCIAL - Del \u00c9xodo Nogoy\u00e1","isPartOf":{"@id":"https:\/\/www.delexodo.com.ar\/#website"},"primaryImageOfPage":{"@id":"https:\/\/www.delexodo.com.ar\/?p=8471#primaryimage"},"image":{"@id":"https:\/\/www.delexodo.com.ar\/?p=8471#primaryimage"},"thumbnailUrl":"https:\/\/www.delexodo.com.ar\/wp-content\/uploads\/2021\/06\/CECIS-REUNION.jpeg","datePublished":"2021-07-01T01:26:32+00:00","dateModified":"2021-07-01T01:26:33+00:00","breadcrumb":{"@id":"https:\/\/www.delexodo.com.ar\/?p=8471#breadcrumb"},"inLanguage":"es","potentialAction":[{"@type":"ReadAction","target":["https:\/\/www.delexodo.com.ar\/?p=8471"]}]},{"@type":"ImageObject","inLanguage":"es","@id":"https:\/\/www.delexodo.com.ar\/?p=8471#primaryimage","url":"https:\/\/www.delexodo.com.ar\/wp-content\/uploads\/2021\/06\/CECIS-REUNION.jpeg","contentUrl":"https:\/\/www.delexodo.com.ar\/wp-content\/uploads\/2021\/06\/CECIS-REUNION.jpeg","width":962,"height":553},{"@type":"BreadcrumbList","@id":"https:\/\/www.delexodo.com.ar\/?p=8471#breadcrumb","itemListElement":[{"@type":"ListItem","position":1,"name":"Portada","item":"https:\/\/www.delexodo.com.ar\/"},{"@type":"ListItem","position":2,"name":"LA SENADORA MAIDANA SE REUNI\u00d3 CON AUTORIDADES DEL CENTRO COMERCIAL"}]},{"@type":"WebSite","@id":"https:\/\/www.delexodo.com.ar\/#website","url":"https:\/\/www.delexodo.com.ar\/","name":"Del \u00c9xodo Nogoy\u00e1","description":"El Portal de Noticias de la Regi\u00f3n","publisher":{"@id":"https:\/\/www.delexodo.com.ar\/#organization"},"potentialAction":[{"@type":"SearchAction","target":{"@type":"EntryPoint","urlTemplate":"https:\/\/www.delexodo.com.ar\/?s={search_term_string}"},"query-input":{"@type":"PropertyValueSpecification","valueRequired":true,"valueName":"search_term_string"}}],"inLanguage":"es"},{"@type":"Organization","@id":"https:\/\/www.delexodo.com.ar\/#organization","name":"Del \u00c9xodo Nogoy\u00e1","url":"https:\/\/www.delexodo.com.ar\/","logo":{"@type":"ImageObject","inLanguage":"es","@id":"https:\/\/www.delexodo.com.ar\/#\/schema\/logo\/image\/","url":"https:\/\/www.delexodo.com.ar\/wp-content\/uploads\/2024\/10\/cropped-cropped-LOGO24.png","contentUrl":"https:\/\/www.delexodo.com.ar\/wp-content\/uploads\/2024\/10\/cropped-cropped-LOGO24.png","width":512,"height":349,"caption":"Del \u00c9xodo Nogoy\u00e1"},"image":{"@id":"https:\/\/www.delexodo.com.ar\/#\/schema\/logo\/image\/"}},{"@type":"Person","@id":"https:\/\/www.delexodo.com.ar\/#\/schema\/person\/bbed37f7da8e938660b34f2013ba449d","name":"admin","image":{"@type":"ImageObject","inLanguage":"es","@id":"https:\/\/www.delexodo.com.ar\/#\/schema\/person\/image\/","url":"https:\/\/secure.gravatar.com\/avatar\/6b1558d1b6df085f1901bd5bd98523d7?s=96&d=mm&r=g","contentUrl":"https:\/\/secure.gravatar.com\/avatar\/6b1558d1b6df085f1901bd5bd98523d7?s=96&d=mm&r=g","caption":"admin"},"url":"https:\/\/www.delexodo.com.ar\/?author=1"}]}},"_links":{"self":[{"href":"https:\/\/www.delexodo.com.ar\/index.php?rest_route=\/wp\/v2\/posts\/8471","targetHints":{"allow":["GET"]}}],"collection":[{"href":"https:\/\/www.delexodo.com.ar\/index.php?rest_route=\/wp\/v2\/posts"}],"about":[{"href":"https:\/\/www.delexodo.com.ar\/index.php?rest_route=\/wp\/v2\/types\/post"}],"author":[{"embeddable":true,"href":"https:\/\/www.delexodo.com.ar\/index.php?rest_route=\/wp\/v2\/users\/1"}],"replies":[{"embeddable":true,"href":"https:\/\/www.delexodo.com.ar\/index.php?rest_route=%2Fwp%2Fv2%2Fcomments&post=8471"}],"version-history":[{"count":0,"href":"https:\/\/www.delexodo.com.ar\/index.php?rest_route=\/wp\/v2\/posts\/8471\/revisions"}],"wp:featuredmedia":[{"embeddable":true,"href":"https:\/\/www.delexodo.com.ar\/index.php?rest_route=\/wp\/v2\/media\/8472"}],"wp:attachment":[{"href":"https:\/\/www.delexodo.com.ar\/index.php?rest_route=%2Fwp%2Fv2%2Fmedia&parent=8471"}],"wp:term":[{"taxonomy":"category","embeddable":true,"href":"https:\/\/www.delexodo.com.ar\/index.php?rest_route=%2Fwp%2Fv2%2Fcategories&post=8471"},{"taxonomy":"post_tag","embeddable":true,"href":"https:\/\/www.delexodo.com.ar\/index.php?rest_route=%2Fwp%2Fv2%2Ftags&post=8471"}],"curies":[{"name":"wp","href":"https:\/\/api.w.org\/{rel}","templated":true}]}}