{"id":8464,"date":"2021-06-29T17:52:32","date_gmt":"2021-06-29T20:52:32","guid":{"rendered":"http:\/\/www.delexodo.com.ar\/?p=8464"},"modified":"2021-06-29T17:53:16","modified_gmt":"2021-06-29T20:53:16","slug":"antelo-cuenta-con-un-nuevo-espacio-para-la-recreacion-la-cultura-y-el-deporte","status":"publish","type":"post","link":"https:\/\/www.delexodo.com.ar\/?p=8464","title":{"rendered":"ANTELO CUENTA CON UN NUEVO ESPACIO PARA LA RECREACI\u00d3N, LA CULTURA Y EL DEPORTE"},"content":{"rendered":"\n<p>La vicegobernadora <strong>Laura Stratta<\/strong> y la ministra de Gobierno, <strong>Rosario Romero<\/strong>, junto al senador departamental <strong>Gast\u00f3n Bagnat<\/strong> y el jefe comunal, <strong>N\u00e9stor Oscar Ledesma<\/strong>, concretaron la firma de la entrega en comodato de los terrenos que pertenec\u00edan al ferrocarril para el uso recreativo, cultural y deportivo de toda la comunidad de Antelo, en el departamento Victoria.<\/p>\n\n\n\n<p><em>\u201cEs una noticia que las vecinas y vecinos de esta querida localidad ven\u00edan esperando desde hace mucho y que junto a la ministra Rosario Romero y el senador departamental Gast\u00f3n Bagnat pudimos hacer realidad fruto del trabajo conjunto entre el Gobierno provincial y la Comuna\u201d<\/em>, sostuvo la vicegobernadora Laura Stratta.<\/p>\n\n\n\n<p>Por su parte la ministra, Rosario Romero, se\u00f1al\u00f3: <em>\u201cHemos concretado un comodato entre el Superior Gobierno de la provincia y la Comuna de Antelo, que permitir\u00e1 el uso de las instalaciones que pertenecieron al Ferrocarril y que hasta el momento estaban en manos del Gobierno provincial\u201d<\/em>.<\/p>\n\n\n\n<p><em>\u201cCabe mencionar que es un caso excepcional donde la provincia ten\u00eda la posesi\u00f3n de estos terrenos y hoy quedan en manos de la Comuna para que puedan desarrollar all\u00ed un espacio deportivo, recreativo y cultural que beneficie a toda la comunidad\u201d<\/em>, acot\u00f3 la ministra.<\/p>\n\n\n\n<div class=\"wp-block-image\"><figure class=\"aligncenter size-large\"><img decoding=\"async\" src=\"https:\/\/www.delexodo.com.ar\/wp-content\/uploads\/2021\/06\/STRATTA-ANTELO-MESA-1.jpg\" alt=\"\" class=\"wp-image-8468\"\/><\/figure><\/div>\n\n\n\n<p>Adem\u00e1s, consider\u00f3 que este acto de entrega en comodato <em>\u201ces parte de la pol\u00edtica que nos ha encomendado el gobernador Bordet, generar procesos virtuosos dentro del mismo Estado que permitan de una manera r\u00e1pida y efectiva, la ejecuci\u00f3n de obras pensadas para la poblaci\u00f3n\u201d<\/em>.<\/p>\n\n\n\n<p>En tanto el jefe comunal de Antelo, N\u00e9stor Oscar Ledesma, record\u00f3 que <em>\u201chace muchos a\u00f1os que se ven\u00eda tratando de conseguir la estaci\u00f3n y ahora con el apoyo de todos, la vicegobernadora, el senador, y todos los ministros, lo hemos logrado\u201d<\/em>, destac\u00f3 y expres\u00f3 su agradecimiento. Anticip\u00f3 que luego de concluir la puesta en valor, las instalaciones ser\u00e1n aprovechadas para el desarrollo de proyectos vinculados a los cultural y deportivo.<\/p>\n\n\n\n<p>(Prensa Vicegobernaci\u00f3n)<\/p>\n","protected":false},"excerpt":{"rendered":"<p>La vicegobernadora Laura Stratta y la ministra de Gobierno, Rosario Romero, junto al senador departamental Gast\u00f3n Bagnat y el jefe&hellip;<\/p>\n","protected":false},"author":1,"featured_media":8465,"comment_status":"closed","ping_status":"closed","sticky":false,"template":"","format":"standard","meta":{"_joinchat":[],"footnotes":""},"categories":[65,69,349],"tags":[],"class_list":["post-8464","post","type-post","status-publish","format-standard","has-post-thumbnail","hentry","category-destacados","category-noticias","category-politica"],"yoast_head":"<!-- This site is optimized with the Yoast SEO plugin v25.1 - https:\/\/yoast.com\/wordpress\/plugins\/seo\/ -->\n<title>ANTELO CUENTA CON UN NUEVO ESPACIO PARA LA RECREACI\u00d3N, LA CULTURA Y EL DEPORTE - Del \u00c9xodo Nogoy\u00e1<\/title>\n<meta name=\"robots\" content=\"index, follow, max-snippet:-1, max-image-preview:large, max-video-preview:-1\" \/>\n<link rel=\"canonical\" href=\"https:\/\/www.delexodo.com.ar\/?p=8464\" \/>\n<meta property=\"og:locale\" content=\"es_ES\" \/>\n<meta property=\"og:type\" content=\"article\" \/>\n<meta property=\"og:title\" content=\"ANTELO CUENTA CON UN NUEVO ESPACIO PARA LA RECREACI\u00d3N, LA CULTURA Y EL DEPORTE - Del \u00c9xodo Nogoy\u00e1\" \/>\n<meta property=\"og:description\" content=\"La vicegobernadora Laura Stratta y la ministra de Gobierno, Rosario Romero, junto al senador departamental Gast\u00f3n Bagnat y el jefe&hellip;\" \/>\n<meta property=\"og:url\" content=\"https:\/\/www.delexodo.com.ar\/?p=8464\" \/>\n<meta property=\"og:site_name\" content=\"Del \u00c9xodo Nogoy\u00e1\" \/>\n<meta property=\"article:published_time\" content=\"2021-06-29T20:52:32+00:00\" \/>\n<meta property=\"article:modified_time\" content=\"2021-06-29T20:53:16+00:00\" \/>\n<meta property=\"og:image\" content=\"https:\/\/www.delexodo.com.ar\/wp-content\/uploads\/2021\/06\/STRATTA-ANTELO-PORTADA.jpg\" \/>\n\t<meta property=\"og:image:width\" content=\"962\" \/>\n\t<meta property=\"og:image:height\" content=\"490\" \/>\n\t<meta property=\"og:image:type\" content=\"image\/jpeg\" \/>\n<meta name=\"author\" content=\"admin\" \/>\n<meta name=\"twitter:card\" content=\"summary_large_image\" \/>\n<meta name=\"twitter:label1\" content=\"Escrito por\" \/>\n\t<meta name=\"twitter:data1\" content=\"admin\" \/>\n\t<meta name=\"twitter:label2\" content=\"Tiempo de lectura\" \/>\n\t<meta name=\"twitter:data2\" content=\"2 minutos\" \/>\n<script type=\"application\/ld+json\" class=\"yoast-schema-graph\">{\"@context\":\"https:\/\/schema.org\",\"@graph\":[{\"@type\":\"Article\",\"@id\":\"https:\/\/www.delexodo.com.ar\/?p=8464#article\",\"isPartOf\":{\"@id\":\"https:\/\/www.delexodo.com.ar\/?p=8464\"},\"author\":{\"name\":\"admin\",\"@id\":\"https:\/\/www.delexodo.com.ar\/#\/schema\/person\/bbed37f7da8e938660b34f2013ba449d\"},\"headline\":\"ANTELO CUENTA CON UN NUEVO ESPACIO PARA LA RECREACI\u00d3N, LA CULTURA Y EL DEPORTE\",\"datePublished\":\"2021-06-29T20:52:32+00:00\",\"dateModified\":\"2021-06-29T20:53:16+00:00\",\"mainEntityOfPage\":{\"@id\":\"https:\/\/www.delexodo.com.ar\/?p=8464\"},\"wordCount\":346,\"publisher\":{\"@id\":\"https:\/\/www.delexodo.com.ar\/#organization\"},\"image\":{\"@id\":\"https:\/\/www.delexodo.com.ar\/?p=8464#primaryimage\"},\"thumbnailUrl\":\"https:\/\/www.delexodo.com.ar\/wp-content\/uploads\/2021\/06\/STRATTA-ANTELO-PORTADA.jpg\",\"articleSection\":[\"Destacados\",\"NOTICIAS\",\"Politica\"],\"inLanguage\":\"es\"},{\"@type\":\"WebPage\",\"@id\":\"https:\/\/www.delexodo.com.ar\/?p=8464\",\"url\":\"https:\/\/www.delexodo.com.ar\/?p=8464\",\"name\":\"ANTELO CUENTA CON UN NUEVO ESPACIO PARA LA RECREACI\u00d3N, LA CULTURA Y EL DEPORTE - Del \u00c9xodo Nogoy\u00e1\",\"isPartOf\":{\"@id\":\"https:\/\/www.delexodo.com.ar\/#website\"},\"primaryImageOfPage\":{\"@id\":\"https:\/\/www.delexodo.com.ar\/?p=8464#primaryimage\"},\"image\":{\"@id\":\"https:\/\/www.delexodo.com.ar\/?p=8464#primaryimage\"},\"thumbnailUrl\":\"https:\/\/www.delexodo.com.ar\/wp-content\/uploads\/2021\/06\/STRATTA-ANTELO-PORTADA.jpg\",\"datePublished\":\"2021-06-29T20:52:32+00:00\",\"dateModified\":\"2021-06-29T20:53:16+00:00\",\"breadcrumb\":{\"@id\":\"https:\/\/www.delexodo.com.ar\/?p=8464#breadcrumb\"},\"inLanguage\":\"es\",\"potentialAction\":[{\"@type\":\"ReadAction\",\"target\":[\"https:\/\/www.delexodo.com.ar\/?p=8464\"]}]},{\"@type\":\"ImageObject\",\"inLanguage\":\"es\",\"@id\":\"https:\/\/www.delexodo.com.ar\/?p=8464#primaryimage\",\"url\":\"https:\/\/www.delexodo.com.ar\/wp-content\/uploads\/2021\/06\/STRATTA-ANTELO-PORTADA.jpg\",\"contentUrl\":\"https:\/\/www.delexodo.com.ar\/wp-content\/uploads\/2021\/06\/STRATTA-ANTELO-PORTADA.jpg\",\"width\":962,\"height\":490},{\"@type\":\"BreadcrumbList\",\"@id\":\"https:\/\/www.delexodo.com.ar\/?p=8464#breadcrumb\",\"itemListElement\":[{\"@type\":\"ListItem\",\"position\":1,\"name\":\"Portada\",\"item\":\"https:\/\/www.delexodo.com.ar\/\"},{\"@type\":\"ListItem\",\"position\":2,\"name\":\"ANTELO CUENTA CON UN NUEVO ESPACIO PARA LA RECREACI\u00d3N, LA CULTURA Y EL DEPORTE\"}]},{\"@type\":\"WebSite\",\"@id\":\"https:\/\/www.delexodo.com.ar\/#website\",\"url\":\"https:\/\/www.delexodo.com.ar\/\",\"name\":\"Del \u00c9xodo Nogoy\u00e1\",\"description\":\"El Portal de Noticias de la Regi\u00f3n\",\"publisher\":{\"@id\":\"https:\/\/www.delexodo.com.ar\/#organization\"},\"potentialAction\":[{\"@type\":\"SearchAction\",\"target\":{\"@type\":\"EntryPoint\",\"urlTemplate\":\"https:\/\/www.delexodo.com.ar\/?s={search_term_string}\"},\"query-input\":{\"@type\":\"PropertyValueSpecification\",\"valueRequired\":true,\"valueName\":\"search_term_string\"}}],\"inLanguage\":\"es\"},{\"@type\":\"Organization\",\"@id\":\"https:\/\/www.delexodo.com.ar\/#organization\",\"name\":\"Del \u00c9xodo Nogoy\u00e1\",\"url\":\"https:\/\/www.delexodo.com.ar\/\",\"logo\":{\"@type\":\"ImageObject\",\"inLanguage\":\"es\",\"@id\":\"https:\/\/www.delexodo.com.ar\/#\/schema\/logo\/image\/\",\"url\":\"https:\/\/www.delexodo.com.ar\/wp-content\/uploads\/2024\/10\/cropped-cropped-LOGO24.png\",\"contentUrl\":\"https:\/\/www.delexodo.com.ar\/wp-content\/uploads\/2024\/10\/cropped-cropped-LOGO24.png\",\"width\":512,\"height\":349,\"caption\":\"Del \u00c9xodo Nogoy\u00e1\"},\"image\":{\"@id\":\"https:\/\/www.delexodo.com.ar\/#\/schema\/logo\/image\/\"}},{\"@type\":\"Person\",\"@id\":\"https:\/\/www.delexodo.com.ar\/#\/schema\/person\/bbed37f7da8e938660b34f2013ba449d\",\"name\":\"admin\",\"image\":{\"@type\":\"ImageObject\",\"inLanguage\":\"es\",\"@id\":\"https:\/\/www.delexodo.com.ar\/#\/schema\/person\/image\/\",\"url\":\"https:\/\/secure.gravatar.com\/avatar\/6b1558d1b6df085f1901bd5bd98523d7?s=96&d=mm&r=g\",\"contentUrl\":\"https:\/\/secure.gravatar.com\/avatar\/6b1558d1b6df085f1901bd5bd98523d7?s=96&d=mm&r=g\",\"caption\":\"admin\"},\"url\":\"https:\/\/www.delexodo.com.ar\/?author=1\"}]}<\/script>\n<!-- \/ Yoast SEO plugin. -->","yoast_head_json":{"title":"ANTELO CUENTA CON UN NUEVO ESPACIO PARA LA RECREACI\u00d3N, LA CULTURA Y EL DEPORTE - Del \u00c9xodo Nogoy\u00e1","robots":{"index":"index","follow":"follow","max-snippet":"max-snippet:-1","max-image-preview":"max-image-preview:large","max-video-preview":"max-video-preview:-1"},"canonical":"https:\/\/www.delexodo.com.ar\/?p=8464","og_locale":"es_ES","og_type":"article","og_title":"ANTELO CUENTA CON UN NUEVO ESPACIO PARA LA RECREACI\u00d3N, LA CULTURA Y EL DEPORTE - Del \u00c9xodo Nogoy\u00e1","og_description":"La vicegobernadora Laura Stratta y la ministra de Gobierno, Rosario Romero, junto al senador departamental Gast\u00f3n Bagnat y el jefe&hellip;","og_url":"https:\/\/www.delexodo.com.ar\/?p=8464","og_site_name":"Del \u00c9xodo Nogoy\u00e1","article_published_time":"2021-06-29T20:52:32+00:00","article_modified_time":"2021-06-29T20:53:16+00:00","og_image":[{"width":962,"height":490,"url":"https:\/\/www.delexodo.com.ar\/wp-content\/uploads\/2021\/06\/STRATTA-ANTELO-PORTADA.jpg","type":"image\/jpeg"}],"author":"admin","twitter_card":"summary_large_image","twitter_misc":{"Escrito por":"admin","Tiempo de lectura":"2 minutos"},"schema":{"@context":"https:\/\/schema.org","@graph":[{"@type":"Article","@id":"https:\/\/www.delexodo.com.ar\/?p=8464#article","isPartOf":{"@id":"https:\/\/www.delexodo.com.ar\/?p=8464"},"author":{"name":"admin","@id":"https:\/\/www.delexodo.com.ar\/#\/schema\/person\/bbed37f7da8e938660b34f2013ba449d"},"headline":"ANTELO CUENTA CON UN NUEVO ESPACIO PARA LA RECREACI\u00d3N, LA CULTURA Y EL DEPORTE","datePublished":"2021-06-29T20:52:32+00:00","dateModified":"2021-06-29T20:53:16+00:00","mainEntityOfPage":{"@id":"https:\/\/www.delexodo.com.ar\/?p=8464"},"wordCount":346,"publisher":{"@id":"https:\/\/www.delexodo.com.ar\/#organization"},"image":{"@id":"https:\/\/www.delexodo.com.ar\/?p=8464#primaryimage"},"thumbnailUrl":"https:\/\/www.delexodo.com.ar\/wp-content\/uploads\/2021\/06\/STRATTA-ANTELO-PORTADA.jpg","articleSection":["Destacados","NOTICIAS","Politica"],"inLanguage":"es"},{"@type":"WebPage","@id":"https:\/\/www.delexodo.com.ar\/?p=8464","url":"https:\/\/www.delexodo.com.ar\/?p=8464","name":"ANTELO CUENTA CON UN NUEVO ESPACIO PARA LA RECREACI\u00d3N, LA CULTURA Y EL DEPORTE - Del \u00c9xodo Nogoy\u00e1","isPartOf":{"@id":"https:\/\/www.delexodo.com.ar\/#website"},"primaryImageOfPage":{"@id":"https:\/\/www.delexodo.com.ar\/?p=8464#primaryimage"},"image":{"@id":"https:\/\/www.delexodo.com.ar\/?p=8464#primaryimage"},"thumbnailUrl":"https:\/\/www.delexodo.com.ar\/wp-content\/uploads\/2021\/06\/STRATTA-ANTELO-PORTADA.jpg","datePublished":"2021-06-29T20:52:32+00:00","dateModified":"2021-06-29T20:53:16+00:00","breadcrumb":{"@id":"https:\/\/www.delexodo.com.ar\/?p=8464#breadcrumb"},"inLanguage":"es","potentialAction":[{"@type":"ReadAction","target":["https:\/\/www.delexodo.com.ar\/?p=8464"]}]},{"@type":"ImageObject","inLanguage":"es","@id":"https:\/\/www.delexodo.com.ar\/?p=8464#primaryimage","url":"https:\/\/www.delexodo.com.ar\/wp-content\/uploads\/2021\/06\/STRATTA-ANTELO-PORTADA.jpg","contentUrl":"https:\/\/www.delexodo.com.ar\/wp-content\/uploads\/2021\/06\/STRATTA-ANTELO-PORTADA.jpg","width":962,"height":490},{"@type":"BreadcrumbList","@id":"https:\/\/www.delexodo.com.ar\/?p=8464#breadcrumb","itemListElement":[{"@type":"ListItem","position":1,"name":"Portada","item":"https:\/\/www.delexodo.com.ar\/"},{"@type":"ListItem","position":2,"name":"ANTELO CUENTA CON UN NUEVO ESPACIO PARA LA RECREACI\u00d3N, LA CULTURA Y EL DEPORTE"}]},{"@type":"WebSite","@id":"https:\/\/www.delexodo.com.ar\/#website","url":"https:\/\/www.delexodo.com.ar\/","name":"Del \u00c9xodo Nogoy\u00e1","description":"El Portal de Noticias de la Regi\u00f3n","publisher":{"@id":"https:\/\/www.delexodo.com.ar\/#organization"},"potentialAction":[{"@type":"SearchAction","target":{"@type":"EntryPoint","urlTemplate":"https:\/\/www.delexodo.com.ar\/?s={search_term_string}"},"query-input":{"@type":"PropertyValueSpecification","valueRequired":true,"valueName":"search_term_string"}}],"inLanguage":"es"},{"@type":"Organization","@id":"https:\/\/www.delexodo.com.ar\/#organization","name":"Del \u00c9xodo Nogoy\u00e1","url":"https:\/\/www.delexodo.com.ar\/","logo":{"@type":"ImageObject","inLanguage":"es","@id":"https:\/\/www.delexodo.com.ar\/#\/schema\/logo\/image\/","url":"https:\/\/www.delexodo.com.ar\/wp-content\/uploads\/2024\/10\/cropped-cropped-LOGO24.png","contentUrl":"https:\/\/www.delexodo.com.ar\/wp-content\/uploads\/2024\/10\/cropped-cropped-LOGO24.png","width":512,"height":349,"caption":"Del \u00c9xodo Nogoy\u00e1"},"image":{"@id":"https:\/\/www.delexodo.com.ar\/#\/schema\/logo\/image\/"}},{"@type":"Person","@id":"https:\/\/www.delexodo.com.ar\/#\/schema\/person\/bbed37f7da8e938660b34f2013ba449d","name":"admin","image":{"@type":"ImageObject","inLanguage":"es","@id":"https:\/\/www.delexodo.com.ar\/#\/schema\/person\/image\/","url":"https:\/\/secure.gravatar.com\/avatar\/6b1558d1b6df085f1901bd5bd98523d7?s=96&d=mm&r=g","contentUrl":"https:\/\/secure.gravatar.com\/avatar\/6b1558d1b6df085f1901bd5bd98523d7?s=96&d=mm&r=g","caption":"admin"},"url":"https:\/\/www.delexodo.com.ar\/?author=1"}]}},"_links":{"self":[{"href":"https:\/\/www.delexodo.com.ar\/index.php?rest_route=\/wp\/v2\/posts\/8464","targetHints":{"allow":["GET"]}}],"collection":[{"href":"https:\/\/www.delexodo.com.ar\/index.php?rest_route=\/wp\/v2\/posts"}],"about":[{"href":"https:\/\/www.delexodo.com.ar\/index.php?rest_route=\/wp\/v2\/types\/post"}],"author":[{"embeddable":true,"href":"https:\/\/www.delexodo.com.ar\/index.php?rest_route=\/wp\/v2\/users\/1"}],"replies":[{"embeddable":true,"href":"https:\/\/www.delexodo.com.ar\/index.php?rest_route=%2Fwp%2Fv2%2Fcomments&post=8464"}],"version-history":[{"count":0,"href":"https:\/\/www.delexodo.com.ar\/index.php?rest_route=\/wp\/v2\/posts\/8464\/revisions"}],"wp:featuredmedia":[{"embeddable":true,"href":"https:\/\/www.delexodo.com.ar\/index.php?rest_route=\/wp\/v2\/media\/8465"}],"wp:attachment":[{"href":"https:\/\/www.delexodo.com.ar\/index.php?rest_route=%2Fwp%2Fv2%2Fmedia&parent=8464"}],"wp:term":[{"taxonomy":"category","embeddable":true,"href":"https:\/\/www.delexodo.com.ar\/index.php?rest_route=%2Fwp%2Fv2%2Fcategories&post=8464"},{"taxonomy":"post_tag","embeddable":true,"href":"https:\/\/www.delexodo.com.ar\/index.php?rest_route=%2Fwp%2Fv2%2Ftags&post=8464"}],"curies":[{"name":"wp","href":"https:\/\/api.w.org\/{rel}","templated":true}]}}