{"id":8455,"date":"2021-06-29T16:57:43","date_gmt":"2021-06-29T19:57:43","guid":{"rendered":"http:\/\/www.delexodo.com.ar\/?p=8455"},"modified":"2021-06-29T17:05:42","modified_gmt":"2021-06-29T20:05:42","slug":"ana-gallay-es-un-orgullo-representar-a-mi-ciudad-la-llevo-en-mi-corazon","status":"publish","type":"post","link":"https:\/\/www.delexodo.com.ar\/?p=8455","title":{"rendered":"ANA GALLAY: \u201cES UN ORGULLO REPRESENTAR A MI CIUDAD, LA LLEVO EN MI CORAZ\u00d3N\u201d"},"content":{"rendered":"\n<p>Por tercera vez consecutiva <strong>Ana Gallay<\/strong> estar\u00e1 en la cita ol\u00edmpica.<\/p>\n\n\n\n<p>Londres 2012, Rio 2016 y Tokio 2020 la tuvieron y la tendr\u00e1n representando a la Argentina en Beach V\u00f3ley. Luego de conseguir la clasificaci\u00f3n en la Continental Cup de Asunci\u00f3n, la nogoyaense habl\u00f3 de manera exclusiva desde Paraguay con Zona Mixta, programa radial conducido por Gonzalo Cornago que se emite por FM del \u00c9xodo 88.5 y cont\u00f3 c\u00f3mo fue la preparaci\u00f3n y los objetivos para los Juegos.<\/p>\n\n\n\n<figure class=\"wp-block-embed is-type-video is-provider-youtube wp-block-embed-youtube wp-embed-aspect-16-9 wp-has-aspect-ratio\"><div class=\"wp-block-embed__wrapper\">\n<iframe loading=\"lazy\" title=\"#AIRE #ZonaMixta  - ANA GALLAY BEACH VOLLEY 28\/06\/21\" width=\"500\" height=\"281\" src=\"https:\/\/www.youtube.com\/embed\/2iDTYI46mwA?feature=oembed\" frameborder=\"0\" allow=\"accelerometer; autoplay; clipboard-write; encrypted-media; gyroscope; picture-in-picture; web-share\" referrerpolicy=\"strict-origin-when-cross-origin\" allowfullscreen><\/iframe>\n<\/div><\/figure>\n\n\n\n<p><em>\u201dDos meses atr\u00e1s no pod\u00eda casi jugar. Me \u201cintern\u00e9\u201d en Rosario para llegar de la mejor manera a este torneo que era la chance de clasificar a los juegos\u201d<\/em><\/p>\n\n\n\n<p><em>\u201cSalvo el partido contra Paraguay, que est\u00e1bamos tensas, los dem\u00e1s encuentros lo resolvimos con mucha autoridad\u201d<\/em><\/p>\n\n\n\n<p><em>\u201cLa pandemia nos complico mucho, porque ven\u00edamos en pleno crecimiento con Fer y se par\u00f3 todo el circuito mundial\u201d<\/em><\/p>\n\n\n\n<div class=\"wp-block-image\"><figure class=\"alignright size-large is-resized\"><img decoding=\"async\" src=\"http:\/\/www.delexodo.com.ar\/wp-content\/uploads\/2021\/06\/Ana.jpg\" alt=\"\" class=\"wp-image-8457\" width=\"-19\" height=\"-24\" srcset=\"https:\/\/www.delexodo.com.ar\/wp-content\/uploads\/2021\/06\/Ana.jpg 406w, https:\/\/www.delexodo.com.ar\/wp-content\/uploads\/2021\/06\/Ana-231x300.jpg 231w\" sizes=\"(max-width: 406px) 100vw, 406px\" \/><\/figure><\/div>\n\n\n\n<p><em>\u201cMe encanta vivir de esto y soy una privilegiada por poder estar compitiendo. Por eso y al estar los pr\u00f3ximos juegos a solo 3 a\u00f1os, voy a intentar un nuevo ciclo ol\u00edmpico. Siempre le digo a Pablo (Del Coto DT) si no me ves, decime yo no tengo problemas\u201d<\/em><\/p>\n\n\n\n<p><em>\u201cEl apoyo fue malo, solo jugamos siete torneos del Circuito Mundial, pero nos rompimos el alma por conseguir la clasificaci\u00f3n a Tokio\u201d<\/em><\/p>\n\n\n\n<p><em>\u201cFue dif\u00edcil jugar sin p\u00fablico, por eso fue importante todo el apoyo que llegaba desde Nogoy\u00e1 y todo Entre R\u00edos, se hace sentir todo el afecto. Es un orgullo representar a mi ciudad, porque por m\u00e1s que viva en Mar del Plata, llevo a mi ciudad en el coraz\u00f3n\u201d<\/em><\/p>\n","protected":false},"excerpt":{"rendered":"<p>Por tercera vez consecutiva Ana Gallay estar\u00e1 en la cita ol\u00edmpica. Londres 2012, Rio 2016 y Tokio 2020 la tuvieron&hellip;<\/p>\n","protected":false},"author":1,"featured_media":8456,"comment_status":"closed","ping_status":"closed","sticky":false,"template":"","format":"standard","meta":{"_joinchat":[],"footnotes":""},"categories":[353,65,1,69],"tags":[345],"class_list":["post-8455","post","type-post","status-publish","format-standard","has-post-thumbnail","hentry","category-deportes","category-destacados","category-sincategoria","category-noticias","tag-destacar"],"yoast_head":"<!-- This site is optimized with the Yoast SEO plugin v25.1 - https:\/\/yoast.com\/wordpress\/plugins\/seo\/ -->\n<title>ANA GALLAY: \u201cES UN ORGULLO REPRESENTAR A MI CIUDAD, LA LLEVO EN MI CORAZ\u00d3N\u201d - Del \u00c9xodo Nogoy\u00e1<\/title>\n<meta name=\"robots\" content=\"index, follow, max-snippet:-1, max-image-preview:large, max-video-preview:-1\" \/>\n<link rel=\"canonical\" href=\"https:\/\/www.delexodo.com.ar\/?p=8455\" \/>\n<meta property=\"og:locale\" content=\"es_ES\" \/>\n<meta property=\"og:type\" content=\"article\" \/>\n<meta property=\"og:title\" content=\"ANA GALLAY: \u201cES UN ORGULLO REPRESENTAR A MI CIUDAD, LA LLEVO EN MI CORAZ\u00d3N\u201d - Del \u00c9xodo Nogoy\u00e1\" \/>\n<meta property=\"og:description\" content=\"Por tercera vez consecutiva Ana Gallay estar\u00e1 en la cita ol\u00edmpica. Londres 2012, Rio 2016 y Tokio 2020 la tuvieron&hellip;\" \/>\n<meta property=\"og:url\" content=\"https:\/\/www.delexodo.com.ar\/?p=8455\" \/>\n<meta property=\"og:site_name\" content=\"Del \u00c9xodo Nogoy\u00e1\" \/>\n<meta property=\"article:published_time\" content=\"2021-06-29T19:57:43+00:00\" \/>\n<meta property=\"article:modified_time\" content=\"2021-06-29T20:05:42+00:00\" \/>\n<meta property=\"og:image\" content=\"https:\/\/www.delexodo.com.ar\/wp-content\/uploads\/2021\/06\/an-y-e.jpeg\" \/>\n\t<meta property=\"og:image:width\" content=\"961\" \/>\n\t<meta property=\"og:image:height\" content=\"506\" \/>\n\t<meta property=\"og:image:type\" content=\"image\/jpeg\" \/>\n<meta name=\"author\" content=\"admin\" \/>\n<meta name=\"twitter:card\" content=\"summary_large_image\" \/>\n<meta name=\"twitter:label1\" content=\"Escrito por\" \/>\n\t<meta name=\"twitter:data1\" content=\"admin\" \/>\n\t<meta name=\"twitter:label2\" content=\"Tiempo de lectura\" \/>\n\t<meta name=\"twitter:data2\" content=\"1 minuto\" \/>\n<script type=\"application\/ld+json\" class=\"yoast-schema-graph\">{\"@context\":\"https:\/\/schema.org\",\"@graph\":[{\"@type\":\"Article\",\"@id\":\"https:\/\/www.delexodo.com.ar\/?p=8455#article\",\"isPartOf\":{\"@id\":\"https:\/\/www.delexodo.com.ar\/?p=8455\"},\"author\":{\"name\":\"admin\",\"@id\":\"https:\/\/www.delexodo.com.ar\/#\/schema\/person\/bbed37f7da8e938660b34f2013ba449d\"},\"headline\":\"ANA GALLAY: \u201cES UN ORGULLO REPRESENTAR A MI CIUDAD, LA LLEVO EN MI CORAZ\u00d3N\u201d\",\"datePublished\":\"2021-06-29T19:57:43+00:00\",\"dateModified\":\"2021-06-29T20:05:42+00:00\",\"mainEntityOfPage\":{\"@id\":\"https:\/\/www.delexodo.com.ar\/?p=8455\"},\"wordCount\":298,\"publisher\":{\"@id\":\"https:\/\/www.delexodo.com.ar\/#organization\"},\"image\":{\"@id\":\"https:\/\/www.delexodo.com.ar\/?p=8455#primaryimage\"},\"thumbnailUrl\":\"https:\/\/www.delexodo.com.ar\/wp-content\/uploads\/2021\/06\/an-y-e.jpeg\",\"keywords\":[\"destacar\"],\"articleSection\":[\"Deportes\",\"Destacados\",\"Nogoya\",\"NOTICIAS\"],\"inLanguage\":\"es\"},{\"@type\":\"WebPage\",\"@id\":\"https:\/\/www.delexodo.com.ar\/?p=8455\",\"url\":\"https:\/\/www.delexodo.com.ar\/?p=8455\",\"name\":\"ANA GALLAY: \u201cES UN ORGULLO REPRESENTAR A MI CIUDAD, LA LLEVO EN MI CORAZ\u00d3N\u201d - Del \u00c9xodo Nogoy\u00e1\",\"isPartOf\":{\"@id\":\"https:\/\/www.delexodo.com.ar\/#website\"},\"primaryImageOfPage\":{\"@id\":\"https:\/\/www.delexodo.com.ar\/?p=8455#primaryimage\"},\"image\":{\"@id\":\"https:\/\/www.delexodo.com.ar\/?p=8455#primaryimage\"},\"thumbnailUrl\":\"https:\/\/www.delexodo.com.ar\/wp-content\/uploads\/2021\/06\/an-y-e.jpeg\",\"datePublished\":\"2021-06-29T19:57:43+00:00\",\"dateModified\":\"2021-06-29T20:05:42+00:00\",\"breadcrumb\":{\"@id\":\"https:\/\/www.delexodo.com.ar\/?p=8455#breadcrumb\"},\"inLanguage\":\"es\",\"potentialAction\":[{\"@type\":\"ReadAction\",\"target\":[\"https:\/\/www.delexodo.com.ar\/?p=8455\"]}]},{\"@type\":\"ImageObject\",\"inLanguage\":\"es\",\"@id\":\"https:\/\/www.delexodo.com.ar\/?p=8455#primaryimage\",\"url\":\"https:\/\/www.delexodo.com.ar\/wp-content\/uploads\/2021\/06\/an-y-e.jpeg\",\"contentUrl\":\"https:\/\/www.delexodo.com.ar\/wp-content\/uploads\/2021\/06\/an-y-e.jpeg\",\"width\":961,\"height\":506},{\"@type\":\"BreadcrumbList\",\"@id\":\"https:\/\/www.delexodo.com.ar\/?p=8455#breadcrumb\",\"itemListElement\":[{\"@type\":\"ListItem\",\"position\":1,\"name\":\"Portada\",\"item\":\"https:\/\/www.delexodo.com.ar\/\"},{\"@type\":\"ListItem\",\"position\":2,\"name\":\"ANA GALLAY: \u201cES UN ORGULLO REPRESENTAR A MI CIUDAD, LA LLEVO EN MI CORAZ\u00d3N\u201d\"}]},{\"@type\":\"WebSite\",\"@id\":\"https:\/\/www.delexodo.com.ar\/#website\",\"url\":\"https:\/\/www.delexodo.com.ar\/\",\"name\":\"Del \u00c9xodo Nogoy\u00e1\",\"description\":\"El Portal de Noticias de la Regi\u00f3n\",\"publisher\":{\"@id\":\"https:\/\/www.delexodo.com.ar\/#organization\"},\"potentialAction\":[{\"@type\":\"SearchAction\",\"target\":{\"@type\":\"EntryPoint\",\"urlTemplate\":\"https:\/\/www.delexodo.com.ar\/?s={search_term_string}\"},\"query-input\":{\"@type\":\"PropertyValueSpecification\",\"valueRequired\":true,\"valueName\":\"search_term_string\"}}],\"inLanguage\":\"es\"},{\"@type\":\"Organization\",\"@id\":\"https:\/\/www.delexodo.com.ar\/#organization\",\"name\":\"Del \u00c9xodo Nogoy\u00e1\",\"url\":\"https:\/\/www.delexodo.com.ar\/\",\"logo\":{\"@type\":\"ImageObject\",\"inLanguage\":\"es\",\"@id\":\"https:\/\/www.delexodo.com.ar\/#\/schema\/logo\/image\/\",\"url\":\"https:\/\/www.delexodo.com.ar\/wp-content\/uploads\/2024\/10\/cropped-cropped-LOGO24.png\",\"contentUrl\":\"https:\/\/www.delexodo.com.ar\/wp-content\/uploads\/2024\/10\/cropped-cropped-LOGO24.png\",\"width\":512,\"height\":349,\"caption\":\"Del \u00c9xodo Nogoy\u00e1\"},\"image\":{\"@id\":\"https:\/\/www.delexodo.com.ar\/#\/schema\/logo\/image\/\"}},{\"@type\":\"Person\",\"@id\":\"https:\/\/www.delexodo.com.ar\/#\/schema\/person\/bbed37f7da8e938660b34f2013ba449d\",\"name\":\"admin\",\"image\":{\"@type\":\"ImageObject\",\"inLanguage\":\"es\",\"@id\":\"https:\/\/www.delexodo.com.ar\/#\/schema\/person\/image\/\",\"url\":\"https:\/\/secure.gravatar.com\/avatar\/6b1558d1b6df085f1901bd5bd98523d7?s=96&d=mm&r=g\",\"contentUrl\":\"https:\/\/secure.gravatar.com\/avatar\/6b1558d1b6df085f1901bd5bd98523d7?s=96&d=mm&r=g\",\"caption\":\"admin\"},\"url\":\"https:\/\/www.delexodo.com.ar\/?author=1\"}]}<\/script>\n<!-- \/ Yoast SEO plugin. -->","yoast_head_json":{"title":"ANA GALLAY: \u201cES UN ORGULLO REPRESENTAR A MI CIUDAD, LA LLEVO EN MI CORAZ\u00d3N\u201d - Del \u00c9xodo Nogoy\u00e1","robots":{"index":"index","follow":"follow","max-snippet":"max-snippet:-1","max-image-preview":"max-image-preview:large","max-video-preview":"max-video-preview:-1"},"canonical":"https:\/\/www.delexodo.com.ar\/?p=8455","og_locale":"es_ES","og_type":"article","og_title":"ANA GALLAY: \u201cES UN ORGULLO REPRESENTAR A MI CIUDAD, LA LLEVO EN MI CORAZ\u00d3N\u201d - Del \u00c9xodo Nogoy\u00e1","og_description":"Por tercera vez consecutiva Ana Gallay estar\u00e1 en la cita ol\u00edmpica. Londres 2012, Rio 2016 y Tokio 2020 la tuvieron&hellip;","og_url":"https:\/\/www.delexodo.com.ar\/?p=8455","og_site_name":"Del \u00c9xodo Nogoy\u00e1","article_published_time":"2021-06-29T19:57:43+00:00","article_modified_time":"2021-06-29T20:05:42+00:00","og_image":[{"width":961,"height":506,"url":"https:\/\/www.delexodo.com.ar\/wp-content\/uploads\/2021\/06\/an-y-e.jpeg","type":"image\/jpeg"}],"author":"admin","twitter_card":"summary_large_image","twitter_misc":{"Escrito por":"admin","Tiempo de lectura":"1 minuto"},"schema":{"@context":"https:\/\/schema.org","@graph":[{"@type":"Article","@id":"https:\/\/www.delexodo.com.ar\/?p=8455#article","isPartOf":{"@id":"https:\/\/www.delexodo.com.ar\/?p=8455"},"author":{"name":"admin","@id":"https:\/\/www.delexodo.com.ar\/#\/schema\/person\/bbed37f7da8e938660b34f2013ba449d"},"headline":"ANA GALLAY: \u201cES UN ORGULLO REPRESENTAR A MI CIUDAD, LA LLEVO EN MI CORAZ\u00d3N\u201d","datePublished":"2021-06-29T19:57:43+00:00","dateModified":"2021-06-29T20:05:42+00:00","mainEntityOfPage":{"@id":"https:\/\/www.delexodo.com.ar\/?p=8455"},"wordCount":298,"publisher":{"@id":"https:\/\/www.delexodo.com.ar\/#organization"},"image":{"@id":"https:\/\/www.delexodo.com.ar\/?p=8455#primaryimage"},"thumbnailUrl":"https:\/\/www.delexodo.com.ar\/wp-content\/uploads\/2021\/06\/an-y-e.jpeg","keywords":["destacar"],"articleSection":["Deportes","Destacados","Nogoya","NOTICIAS"],"inLanguage":"es"},{"@type":"WebPage","@id":"https:\/\/www.delexodo.com.ar\/?p=8455","url":"https:\/\/www.delexodo.com.ar\/?p=8455","name":"ANA GALLAY: \u201cES UN ORGULLO REPRESENTAR A MI CIUDAD, LA LLEVO EN MI CORAZ\u00d3N\u201d - Del \u00c9xodo Nogoy\u00e1","isPartOf":{"@id":"https:\/\/www.delexodo.com.ar\/#website"},"primaryImageOfPage":{"@id":"https:\/\/www.delexodo.com.ar\/?p=8455#primaryimage"},"image":{"@id":"https:\/\/www.delexodo.com.ar\/?p=8455#primaryimage"},"thumbnailUrl":"https:\/\/www.delexodo.com.ar\/wp-content\/uploads\/2021\/06\/an-y-e.jpeg","datePublished":"2021-06-29T19:57:43+00:00","dateModified":"2021-06-29T20:05:42+00:00","breadcrumb":{"@id":"https:\/\/www.delexodo.com.ar\/?p=8455#breadcrumb"},"inLanguage":"es","potentialAction":[{"@type":"ReadAction","target":["https:\/\/www.delexodo.com.ar\/?p=8455"]}]},{"@type":"ImageObject","inLanguage":"es","@id":"https:\/\/www.delexodo.com.ar\/?p=8455#primaryimage","url":"https:\/\/www.delexodo.com.ar\/wp-content\/uploads\/2021\/06\/an-y-e.jpeg","contentUrl":"https:\/\/www.delexodo.com.ar\/wp-content\/uploads\/2021\/06\/an-y-e.jpeg","width":961,"height":506},{"@type":"BreadcrumbList","@id":"https:\/\/www.delexodo.com.ar\/?p=8455#breadcrumb","itemListElement":[{"@type":"ListItem","position":1,"name":"Portada","item":"https:\/\/www.delexodo.com.ar\/"},{"@type":"ListItem","position":2,"name":"ANA GALLAY: \u201cES UN ORGULLO REPRESENTAR A MI CIUDAD, LA LLEVO EN MI CORAZ\u00d3N\u201d"}]},{"@type":"WebSite","@id":"https:\/\/www.delexodo.com.ar\/#website","url":"https:\/\/www.delexodo.com.ar\/","name":"Del \u00c9xodo Nogoy\u00e1","description":"El Portal de Noticias de la Regi\u00f3n","publisher":{"@id":"https:\/\/www.delexodo.com.ar\/#organization"},"potentialAction":[{"@type":"SearchAction","target":{"@type":"EntryPoint","urlTemplate":"https:\/\/www.delexodo.com.ar\/?s={search_term_string}"},"query-input":{"@type":"PropertyValueSpecification","valueRequired":true,"valueName":"search_term_string"}}],"inLanguage":"es"},{"@type":"Organization","@id":"https:\/\/www.delexodo.com.ar\/#organization","name":"Del \u00c9xodo Nogoy\u00e1","url":"https:\/\/www.delexodo.com.ar\/","logo":{"@type":"ImageObject","inLanguage":"es","@id":"https:\/\/www.delexodo.com.ar\/#\/schema\/logo\/image\/","url":"https:\/\/www.delexodo.com.ar\/wp-content\/uploads\/2024\/10\/cropped-cropped-LOGO24.png","contentUrl":"https:\/\/www.delexodo.com.ar\/wp-content\/uploads\/2024\/10\/cropped-cropped-LOGO24.png","width":512,"height":349,"caption":"Del \u00c9xodo Nogoy\u00e1"},"image":{"@id":"https:\/\/www.delexodo.com.ar\/#\/schema\/logo\/image\/"}},{"@type":"Person","@id":"https:\/\/www.delexodo.com.ar\/#\/schema\/person\/bbed37f7da8e938660b34f2013ba449d","name":"admin","image":{"@type":"ImageObject","inLanguage":"es","@id":"https:\/\/www.delexodo.com.ar\/#\/schema\/person\/image\/","url":"https:\/\/secure.gravatar.com\/avatar\/6b1558d1b6df085f1901bd5bd98523d7?s=96&d=mm&r=g","contentUrl":"https:\/\/secure.gravatar.com\/avatar\/6b1558d1b6df085f1901bd5bd98523d7?s=96&d=mm&r=g","caption":"admin"},"url":"https:\/\/www.delexodo.com.ar\/?author=1"}]}},"_links":{"self":[{"href":"https:\/\/www.delexodo.com.ar\/index.php?rest_route=\/wp\/v2\/posts\/8455","targetHints":{"allow":["GET"]}}],"collection":[{"href":"https:\/\/www.delexodo.com.ar\/index.php?rest_route=\/wp\/v2\/posts"}],"about":[{"href":"https:\/\/www.delexodo.com.ar\/index.php?rest_route=\/wp\/v2\/types\/post"}],"author":[{"embeddable":true,"href":"https:\/\/www.delexodo.com.ar\/index.php?rest_route=\/wp\/v2\/users\/1"}],"replies":[{"embeddable":true,"href":"https:\/\/www.delexodo.com.ar\/index.php?rest_route=%2Fwp%2Fv2%2Fcomments&post=8455"}],"version-history":[{"count":0,"href":"https:\/\/www.delexodo.com.ar\/index.php?rest_route=\/wp\/v2\/posts\/8455\/revisions"}],"wp:featuredmedia":[{"embeddable":true,"href":"https:\/\/www.delexodo.com.ar\/index.php?rest_route=\/wp\/v2\/media\/8456"}],"wp:attachment":[{"href":"https:\/\/www.delexodo.com.ar\/index.php?rest_route=%2Fwp%2Fv2%2Fmedia&parent=8455"}],"wp:term":[{"taxonomy":"category","embeddable":true,"href":"https:\/\/www.delexodo.com.ar\/index.php?rest_route=%2Fwp%2Fv2%2Fcategories&post=8455"},{"taxonomy":"post_tag","embeddable":true,"href":"https:\/\/www.delexodo.com.ar\/index.php?rest_route=%2Fwp%2Fv2%2Ftags&post=8455"}],"curies":[{"name":"wp","href":"https:\/\/api.w.org\/{rel}","templated":true}]}}