{"id":8451,"date":"2021-06-27T21:39:42","date_gmt":"2021-06-28T00:39:42","guid":{"rendered":"http:\/\/www.delexodo.com.ar\/?p=8451"},"modified":"2021-06-27T21:39:44","modified_gmt":"2021-06-28T00:39:44","slug":"feroz-ataque-a-balazos-y-fuga-de-presos-en-el-penal-pinero","status":"publish","type":"post","link":"https:\/\/www.delexodo.com.ar\/?p=8451","title":{"rendered":"FEROZ ATAQUE A BALAZOS  Y FUGA DE PRESOS EN EL PENAL PI\u00d1ERO"},"content":{"rendered":"\n<p>En horas de la tarde del domingo, se produjo un feroz ataque a balazos a la Unidad Penitenciaria N\u00ba 11 de Pi\u00f1ero, localidad distante a 30 kil\u00f3metros al sudoeste de Rosario.<\/p>\n\n\n\n<figure class=\"wp-block-embed is-type-video is-provider-youtube wp-block-embed-youtube wp-embed-aspect-4-3 wp-has-aspect-ratio\"><div class=\"wp-block-embed__wrapper\">\n<iframe loading=\"lazy\" title=\"FUGA DE PRESOS DE LA Unidad Penitenciaria N\u00ba 11 de PI\u00d1ERO\" width=\"500\" height=\"375\" src=\"https:\/\/www.youtube.com\/embed\/iOv5_uirFGg?feature=oembed\" frameborder=\"0\" allow=\"accelerometer; autoplay; clipboard-write; encrypted-media; gyroscope; picture-in-picture; web-share\" referrerpolicy=\"strict-origin-when-cross-origin\" allowfullscreen><\/iframe>\n<\/div><\/figure>\n\n\n\n<p>Seg\u00fan la primer informaciones desde el exterior por parte de varios sujetos fuertemente armados , uno de ellos con una ametralladora quienes llegaron en veh\u00edculos donde disparan hacia las garitas numero 3 del modulo E y corriendo hac\u00eda al m\u00f3dulos D, donde cortaron el doble tejido provoc\u00e1ndole la fuga de varios internos.<\/p>\n\n\n\n<p>Servicio Penitenciario pidi\u00f3 apoyo externo y tuvo que repelar el ataque , donde varios internos aprovecharon ese momento para darse la fuga, por otra parte uno de los delincuente quien se encontraba en el exterior cae abatido y otro con una herida de arma fuego en su miembro inferior.<\/p>\n\n\n\n<p>En las \u00faltimas horas la Polic\u00eda rastrilla los campos cercanos a la ruta 14 y la A012 en procura de ubicar a los fugados tambi\u00e9n dentro del penal se lleva acabo el recuento de internos .Fuente: Sta. Fe Emergencias.<\/p>\n\n\n\n<div class=\"wp-block-image\"><figure class=\"aligncenter size-large\"><img loading=\"lazy\" decoding=\"async\" width=\"642\" height=\"361\" src=\"https:\/\/www.delexodo.com.ar\/wp-content\/uploads\/2021\/06\/FUGADOS-PINEIRO.jpg\" alt=\"\" class=\"wp-image-8452\" srcset=\"https:\/\/www.delexodo.com.ar\/wp-content\/uploads\/2021\/06\/FUGADOS-PINEIRO.jpg 642w, https:\/\/www.delexodo.com.ar\/wp-content\/uploads\/2021\/06\/FUGADOS-PINEIRO-300x169.jpg 300w\" sizes=\"auto, (max-width: 642px) 100vw, 642px\" \/><\/figure><\/div>\n\n\n\n<p>Entre los evadidos est\u00e1 <strong>Claudio \u00abMorocho\u00bb Mansilla<\/strong>, un pesado narco oriundo del barrio Santa Luc\u00eda que esta semana estaba afrontando un juicio oral por el doble homicidio de dos adolescentes perpetrado en 2018 en Villa Banana. Por ese hecho hab\u00edan pedido una pena de 25 a\u00f1os de c\u00e1rcel para \u00e9l.<\/p>\n\n\n\n<p>Otro de los evadidos ser\u00eda <strong>Alejandro Andr\u00e9s Candia<\/strong>, uno de los 13 reclusos que protagonizaran la fuga\u00a0de un minib\u00fas que los trasladaba al\u00a0penal\u00a0de Coronda cuando los reos lograron detener el veh\u00edculo y escapar.<\/p>\n\n\n\n<p>Seg\u00fan la informaci\u00f3n preliminar los evadidos estaban alojados en el pabell\u00f3n 14 del penal. Los otros seis fugados son <strong>Sergio Mart\u00edn Ca\u00f1ete, Alejandro Antonio Schmittlin, Exequiel Rodolfo Romero, Joel Isa\u00edas Rojas, Martin Alejandro Cartelli y Daniel David Piscione.<\/strong><\/p>\n\n\n\n<p>Fuente: Sata Fe Emergencias &#8211; La Capital<\/p>\n","protected":false},"excerpt":{"rendered":"<p>En horas de la tarde del domingo, se produjo un feroz ataque a balazos a la Unidad Penitenciaria N\u00ba 11&hellip;<\/p>\n","protected":false},"author":1,"featured_media":8453,"comment_status":"closed","ping_status":"closed","sticky":false,"template":"","format":"standard","meta":{"_joinchat":[],"footnotes":""},"categories":[65,69,350],"tags":[345],"class_list":["post-8451","post","type-post","status-publish","format-standard","has-post-thumbnail","hentry","category-destacados","category-noticias","category-policiales","tag-destacar"],"yoast_head":"<!-- This site is optimized with the Yoast SEO plugin v25.1 - https:\/\/yoast.com\/wordpress\/plugins\/seo\/ -->\n<title>FEROZ ATAQUE A BALAZOS Y FUGA DE PRESOS EN EL PENAL PI\u00d1ERO - Del \u00c9xodo Nogoy\u00e1<\/title>\n<meta name=\"robots\" content=\"index, follow, max-snippet:-1, max-image-preview:large, max-video-preview:-1\" \/>\n<link rel=\"canonical\" href=\"https:\/\/www.delexodo.com.ar\/?p=8451\" \/>\n<meta property=\"og:locale\" content=\"es_ES\" \/>\n<meta property=\"og:type\" content=\"article\" \/>\n<meta property=\"og:title\" content=\"FEROZ ATAQUE A BALAZOS Y FUGA DE PRESOS EN EL PENAL PI\u00d1ERO - Del \u00c9xodo Nogoy\u00e1\" \/>\n<meta property=\"og:description\" content=\"En horas de la tarde del domingo, se produjo un feroz ataque a balazos a la Unidad Penitenciaria N\u00ba 11&hellip;\" \/>\n<meta property=\"og:url\" content=\"https:\/\/www.delexodo.com.ar\/?p=8451\" \/>\n<meta property=\"og:site_name\" content=\"Del \u00c9xodo Nogoy\u00e1\" \/>\n<meta property=\"article:published_time\" content=\"2021-06-28T00:39:42+00:00\" \/>\n<meta property=\"article:modified_time\" content=\"2021-06-28T00:39:44+00:00\" \/>\n<meta property=\"og:image\" content=\"https:\/\/www.delexodo.com.ar\/wp-content\/uploads\/2021\/06\/PINEIRO-FUGA.jpg\" \/>\n\t<meta property=\"og:image:width\" content=\"959\" \/>\n\t<meta property=\"og:image:height\" content=\"588\" \/>\n\t<meta property=\"og:image:type\" content=\"image\/jpeg\" \/>\n<meta name=\"author\" content=\"admin\" \/>\n<meta name=\"twitter:card\" content=\"summary_large_image\" \/>\n<meta name=\"twitter:label1\" content=\"Escrito por\" \/>\n\t<meta name=\"twitter:data1\" content=\"admin\" \/>\n\t<meta name=\"twitter:label2\" content=\"Tiempo de lectura\" \/>\n\t<meta name=\"twitter:data2\" content=\"2 minutos\" \/>\n<script type=\"application\/ld+json\" class=\"yoast-schema-graph\">{\"@context\":\"https:\/\/schema.org\",\"@graph\":[{\"@type\":\"Article\",\"@id\":\"https:\/\/www.delexodo.com.ar\/?p=8451#article\",\"isPartOf\":{\"@id\":\"https:\/\/www.delexodo.com.ar\/?p=8451\"},\"author\":{\"name\":\"admin\",\"@id\":\"https:\/\/www.delexodo.com.ar\/#\/schema\/person\/bbed37f7da8e938660b34f2013ba449d\"},\"headline\":\"FEROZ ATAQUE A BALAZOS Y FUGA DE PRESOS EN EL PENAL PI\u00d1ERO\",\"datePublished\":\"2021-06-28T00:39:42+00:00\",\"dateModified\":\"2021-06-28T00:39:44+00:00\",\"mainEntityOfPage\":{\"@id\":\"https:\/\/www.delexodo.com.ar\/?p=8451\"},\"wordCount\":333,\"publisher\":{\"@id\":\"https:\/\/www.delexodo.com.ar\/#organization\"},\"image\":{\"@id\":\"https:\/\/www.delexodo.com.ar\/?p=8451#primaryimage\"},\"thumbnailUrl\":\"https:\/\/www.delexodo.com.ar\/wp-content\/uploads\/2021\/06\/PINEIRO-FUGA.jpg\",\"keywords\":[\"destacar\"],\"articleSection\":[\"Destacados\",\"NOTICIAS\",\"Policiales\"],\"inLanguage\":\"es\"},{\"@type\":\"WebPage\",\"@id\":\"https:\/\/www.delexodo.com.ar\/?p=8451\",\"url\":\"https:\/\/www.delexodo.com.ar\/?p=8451\",\"name\":\"FEROZ ATAQUE A BALAZOS Y FUGA DE PRESOS EN EL PENAL PI\u00d1ERO - Del \u00c9xodo Nogoy\u00e1\",\"isPartOf\":{\"@id\":\"https:\/\/www.delexodo.com.ar\/#website\"},\"primaryImageOfPage\":{\"@id\":\"https:\/\/www.delexodo.com.ar\/?p=8451#primaryimage\"},\"image\":{\"@id\":\"https:\/\/www.delexodo.com.ar\/?p=8451#primaryimage\"},\"thumbnailUrl\":\"https:\/\/www.delexodo.com.ar\/wp-content\/uploads\/2021\/06\/PINEIRO-FUGA.jpg\",\"datePublished\":\"2021-06-28T00:39:42+00:00\",\"dateModified\":\"2021-06-28T00:39:44+00:00\",\"breadcrumb\":{\"@id\":\"https:\/\/www.delexodo.com.ar\/?p=8451#breadcrumb\"},\"inLanguage\":\"es\",\"potentialAction\":[{\"@type\":\"ReadAction\",\"target\":[\"https:\/\/www.delexodo.com.ar\/?p=8451\"]}]},{\"@type\":\"ImageObject\",\"inLanguage\":\"es\",\"@id\":\"https:\/\/www.delexodo.com.ar\/?p=8451#primaryimage\",\"url\":\"https:\/\/www.delexodo.com.ar\/wp-content\/uploads\/2021\/06\/PINEIRO-FUGA.jpg\",\"contentUrl\":\"https:\/\/www.delexodo.com.ar\/wp-content\/uploads\/2021\/06\/PINEIRO-FUGA.jpg\",\"width\":959,\"height\":588},{\"@type\":\"BreadcrumbList\",\"@id\":\"https:\/\/www.delexodo.com.ar\/?p=8451#breadcrumb\",\"itemListElement\":[{\"@type\":\"ListItem\",\"position\":1,\"name\":\"Portada\",\"item\":\"https:\/\/www.delexodo.com.ar\/\"},{\"@type\":\"ListItem\",\"position\":2,\"name\":\"FEROZ ATAQUE A BALAZOS Y FUGA DE PRESOS EN EL PENAL PI\u00d1ERO\"}]},{\"@type\":\"WebSite\",\"@id\":\"https:\/\/www.delexodo.com.ar\/#website\",\"url\":\"https:\/\/www.delexodo.com.ar\/\",\"name\":\"Del \u00c9xodo Nogoy\u00e1\",\"description\":\"El Portal de Noticias de la Regi\u00f3n\",\"publisher\":{\"@id\":\"https:\/\/www.delexodo.com.ar\/#organization\"},\"potentialAction\":[{\"@type\":\"SearchAction\",\"target\":{\"@type\":\"EntryPoint\",\"urlTemplate\":\"https:\/\/www.delexodo.com.ar\/?s={search_term_string}\"},\"query-input\":{\"@type\":\"PropertyValueSpecification\",\"valueRequired\":true,\"valueName\":\"search_term_string\"}}],\"inLanguage\":\"es\"},{\"@type\":\"Organization\",\"@id\":\"https:\/\/www.delexodo.com.ar\/#organization\",\"name\":\"Del \u00c9xodo Nogoy\u00e1\",\"url\":\"https:\/\/www.delexodo.com.ar\/\",\"logo\":{\"@type\":\"ImageObject\",\"inLanguage\":\"es\",\"@id\":\"https:\/\/www.delexodo.com.ar\/#\/schema\/logo\/image\/\",\"url\":\"https:\/\/www.delexodo.com.ar\/wp-content\/uploads\/2024\/10\/cropped-cropped-LOGO24.png\",\"contentUrl\":\"https:\/\/www.delexodo.com.ar\/wp-content\/uploads\/2024\/10\/cropped-cropped-LOGO24.png\",\"width\":512,\"height\":349,\"caption\":\"Del \u00c9xodo Nogoy\u00e1\"},\"image\":{\"@id\":\"https:\/\/www.delexodo.com.ar\/#\/schema\/logo\/image\/\"}},{\"@type\":\"Person\",\"@id\":\"https:\/\/www.delexodo.com.ar\/#\/schema\/person\/bbed37f7da8e938660b34f2013ba449d\",\"name\":\"admin\",\"image\":{\"@type\":\"ImageObject\",\"inLanguage\":\"es\",\"@id\":\"https:\/\/www.delexodo.com.ar\/#\/schema\/person\/image\/\",\"url\":\"https:\/\/secure.gravatar.com\/avatar\/6b1558d1b6df085f1901bd5bd98523d7?s=96&d=mm&r=g\",\"contentUrl\":\"https:\/\/secure.gravatar.com\/avatar\/6b1558d1b6df085f1901bd5bd98523d7?s=96&d=mm&r=g\",\"caption\":\"admin\"},\"url\":\"https:\/\/www.delexodo.com.ar\/?author=1\"}]}<\/script>\n<!-- \/ Yoast SEO plugin. -->","yoast_head_json":{"title":"FEROZ ATAQUE A BALAZOS Y FUGA DE PRESOS EN EL PENAL PI\u00d1ERO - Del \u00c9xodo Nogoy\u00e1","robots":{"index":"index","follow":"follow","max-snippet":"max-snippet:-1","max-image-preview":"max-image-preview:large","max-video-preview":"max-video-preview:-1"},"canonical":"https:\/\/www.delexodo.com.ar\/?p=8451","og_locale":"es_ES","og_type":"article","og_title":"FEROZ ATAQUE A BALAZOS Y FUGA DE PRESOS EN EL PENAL PI\u00d1ERO - Del \u00c9xodo Nogoy\u00e1","og_description":"En horas de la tarde del domingo, se produjo un feroz ataque a balazos a la Unidad Penitenciaria N\u00ba 11&hellip;","og_url":"https:\/\/www.delexodo.com.ar\/?p=8451","og_site_name":"Del \u00c9xodo Nogoy\u00e1","article_published_time":"2021-06-28T00:39:42+00:00","article_modified_time":"2021-06-28T00:39:44+00:00","og_image":[{"width":959,"height":588,"url":"https:\/\/www.delexodo.com.ar\/wp-content\/uploads\/2021\/06\/PINEIRO-FUGA.jpg","type":"image\/jpeg"}],"author":"admin","twitter_card":"summary_large_image","twitter_misc":{"Escrito por":"admin","Tiempo de lectura":"2 minutos"},"schema":{"@context":"https:\/\/schema.org","@graph":[{"@type":"Article","@id":"https:\/\/www.delexodo.com.ar\/?p=8451#article","isPartOf":{"@id":"https:\/\/www.delexodo.com.ar\/?p=8451"},"author":{"name":"admin","@id":"https:\/\/www.delexodo.com.ar\/#\/schema\/person\/bbed37f7da8e938660b34f2013ba449d"},"headline":"FEROZ ATAQUE A BALAZOS Y FUGA DE PRESOS EN EL PENAL PI\u00d1ERO","datePublished":"2021-06-28T00:39:42+00:00","dateModified":"2021-06-28T00:39:44+00:00","mainEntityOfPage":{"@id":"https:\/\/www.delexodo.com.ar\/?p=8451"},"wordCount":333,"publisher":{"@id":"https:\/\/www.delexodo.com.ar\/#organization"},"image":{"@id":"https:\/\/www.delexodo.com.ar\/?p=8451#primaryimage"},"thumbnailUrl":"https:\/\/www.delexodo.com.ar\/wp-content\/uploads\/2021\/06\/PINEIRO-FUGA.jpg","keywords":["destacar"],"articleSection":["Destacados","NOTICIAS","Policiales"],"inLanguage":"es"},{"@type":"WebPage","@id":"https:\/\/www.delexodo.com.ar\/?p=8451","url":"https:\/\/www.delexodo.com.ar\/?p=8451","name":"FEROZ ATAQUE A BALAZOS Y FUGA DE PRESOS EN EL PENAL PI\u00d1ERO - Del \u00c9xodo Nogoy\u00e1","isPartOf":{"@id":"https:\/\/www.delexodo.com.ar\/#website"},"primaryImageOfPage":{"@id":"https:\/\/www.delexodo.com.ar\/?p=8451#primaryimage"},"image":{"@id":"https:\/\/www.delexodo.com.ar\/?p=8451#primaryimage"},"thumbnailUrl":"https:\/\/www.delexodo.com.ar\/wp-content\/uploads\/2021\/06\/PINEIRO-FUGA.jpg","datePublished":"2021-06-28T00:39:42+00:00","dateModified":"2021-06-28T00:39:44+00:00","breadcrumb":{"@id":"https:\/\/www.delexodo.com.ar\/?p=8451#breadcrumb"},"inLanguage":"es","potentialAction":[{"@type":"ReadAction","target":["https:\/\/www.delexodo.com.ar\/?p=8451"]}]},{"@type":"ImageObject","inLanguage":"es","@id":"https:\/\/www.delexodo.com.ar\/?p=8451#primaryimage","url":"https:\/\/www.delexodo.com.ar\/wp-content\/uploads\/2021\/06\/PINEIRO-FUGA.jpg","contentUrl":"https:\/\/www.delexodo.com.ar\/wp-content\/uploads\/2021\/06\/PINEIRO-FUGA.jpg","width":959,"height":588},{"@type":"BreadcrumbList","@id":"https:\/\/www.delexodo.com.ar\/?p=8451#breadcrumb","itemListElement":[{"@type":"ListItem","position":1,"name":"Portada","item":"https:\/\/www.delexodo.com.ar\/"},{"@type":"ListItem","position":2,"name":"FEROZ ATAQUE A BALAZOS Y FUGA DE PRESOS EN EL PENAL PI\u00d1ERO"}]},{"@type":"WebSite","@id":"https:\/\/www.delexodo.com.ar\/#website","url":"https:\/\/www.delexodo.com.ar\/","name":"Del \u00c9xodo Nogoy\u00e1","description":"El Portal de Noticias de la Regi\u00f3n","publisher":{"@id":"https:\/\/www.delexodo.com.ar\/#organization"},"potentialAction":[{"@type":"SearchAction","target":{"@type":"EntryPoint","urlTemplate":"https:\/\/www.delexodo.com.ar\/?s={search_term_string}"},"query-input":{"@type":"PropertyValueSpecification","valueRequired":true,"valueName":"search_term_string"}}],"inLanguage":"es"},{"@type":"Organization","@id":"https:\/\/www.delexodo.com.ar\/#organization","name":"Del \u00c9xodo Nogoy\u00e1","url":"https:\/\/www.delexodo.com.ar\/","logo":{"@type":"ImageObject","inLanguage":"es","@id":"https:\/\/www.delexodo.com.ar\/#\/schema\/logo\/image\/","url":"https:\/\/www.delexodo.com.ar\/wp-content\/uploads\/2024\/10\/cropped-cropped-LOGO24.png","contentUrl":"https:\/\/www.delexodo.com.ar\/wp-content\/uploads\/2024\/10\/cropped-cropped-LOGO24.png","width":512,"height":349,"caption":"Del \u00c9xodo Nogoy\u00e1"},"image":{"@id":"https:\/\/www.delexodo.com.ar\/#\/schema\/logo\/image\/"}},{"@type":"Person","@id":"https:\/\/www.delexodo.com.ar\/#\/schema\/person\/bbed37f7da8e938660b34f2013ba449d","name":"admin","image":{"@type":"ImageObject","inLanguage":"es","@id":"https:\/\/www.delexodo.com.ar\/#\/schema\/person\/image\/","url":"https:\/\/secure.gravatar.com\/avatar\/6b1558d1b6df085f1901bd5bd98523d7?s=96&d=mm&r=g","contentUrl":"https:\/\/secure.gravatar.com\/avatar\/6b1558d1b6df085f1901bd5bd98523d7?s=96&d=mm&r=g","caption":"admin"},"url":"https:\/\/www.delexodo.com.ar\/?author=1"}]}},"_links":{"self":[{"href":"https:\/\/www.delexodo.com.ar\/index.php?rest_route=\/wp\/v2\/posts\/8451","targetHints":{"allow":["GET"]}}],"collection":[{"href":"https:\/\/www.delexodo.com.ar\/index.php?rest_route=\/wp\/v2\/posts"}],"about":[{"href":"https:\/\/www.delexodo.com.ar\/index.php?rest_route=\/wp\/v2\/types\/post"}],"author":[{"embeddable":true,"href":"https:\/\/www.delexodo.com.ar\/index.php?rest_route=\/wp\/v2\/users\/1"}],"replies":[{"embeddable":true,"href":"https:\/\/www.delexodo.com.ar\/index.php?rest_route=%2Fwp%2Fv2%2Fcomments&post=8451"}],"version-history":[{"count":0,"href":"https:\/\/www.delexodo.com.ar\/index.php?rest_route=\/wp\/v2\/posts\/8451\/revisions"}],"wp:featuredmedia":[{"embeddable":true,"href":"https:\/\/www.delexodo.com.ar\/index.php?rest_route=\/wp\/v2\/media\/8453"}],"wp:attachment":[{"href":"https:\/\/www.delexodo.com.ar\/index.php?rest_route=%2Fwp%2Fv2%2Fmedia&parent=8451"}],"wp:term":[{"taxonomy":"category","embeddable":true,"href":"https:\/\/www.delexodo.com.ar\/index.php?rest_route=%2Fwp%2Fv2%2Fcategories&post=8451"},{"taxonomy":"post_tag","embeddable":true,"href":"https:\/\/www.delexodo.com.ar\/index.php?rest_route=%2Fwp%2Fv2%2Ftags&post=8451"}],"curies":[{"name":"wp","href":"https:\/\/api.w.org\/{rel}","templated":true}]}}