{"id":8434,"date":"2021-06-16T21:45:32","date_gmt":"2021-06-17T00:45:32","guid":{"rendered":"http:\/\/www.delexodo.com.ar\/?p=8434"},"modified":"2021-06-16T21:45:32","modified_gmt":"2021-06-17T00:45:32","slug":"el-senado-aprobo-la-creacion-del-colegio-de-profesionales-de-higiene-seguridad-y-salud-ocupacional-de-la-provincia","status":"publish","type":"post","link":"https:\/\/www.delexodo.com.ar\/?p=8434","title":{"rendered":"EL SENADO APROB\u00d3 LA CREACI\u00d3N DEL COLEGIO DE PROFESIONALES DE HIGIENE, SEGURIDAD Y SALUD OCUPACIONAL DE LA PROVINCIA"},"content":{"rendered":"\n<p><em>La C\u00e1mara alta celebr\u00f3 este mi\u00e9rcoles la octava sesi\u00f3n ordinaria del 142\u00ba per\u00edodo legislativo. Durante el debate legislativo, qued\u00f3 aprobado, entre otras iniciativas, el proyecto de autor\u00eda de los senadores Armando Gay y Amilcar Genre Bert, se crea el Colegio de Profesionales de Higiene, Seguridad y Salud Ocupacional de la Provincia de Entre R\u00edos.\u00a0<\/em><\/p>\n\n\n\n<p>La sesi\u00f3n fue presidida por el vicepresidente primero del Senado entrerriano, Daniel Olano (Islas &#8211; Frente Justicialista). Desde el recinto, lo acompa\u00f1aron los presidentes de las dos bancadas legislativas, Armando Gay (Concordia &#8211; Frente Justicialista) y Francisco Morchio (Gualeguay &#8211; Cambiemos); en tanto que el resto de las y los legisladores asistieron a la sesi\u00f3n mediante la plataforma Zoom.<\/p>\n\n\n\n<figure class=\"wp-block-image size-large\"><img loading=\"lazy\" decoding=\"async\" width=\"605\" height=\"368\" src=\"https:\/\/www.delexodo.com.ar\/wp-content\/uploads\/2021\/06\/SENADO-ZOOM.jpg\" alt=\"\" class=\"wp-image-8436\" srcset=\"https:\/\/www.delexodo.com.ar\/wp-content\/uploads\/2021\/06\/SENADO-ZOOM.jpg 605w, https:\/\/www.delexodo.com.ar\/wp-content\/uploads\/2021\/06\/SENADO-ZOOM-300x182.jpg 300w\" sizes=\"auto, (max-width: 605px) 100vw, 605px\" \/><\/figure>\n\n\n\n<p>Durante la jornada legislativa, las y los senadores aprobaron el proyecto de Ley de autor\u00eda de los senadores Armando Gay (Concordia &#8211; Frente Justicialista) y Amilcar Genre Bert (La Paz &#8211; Frente Justicialista), por el que se crea el Colegio de Profesionales de Higiene, Seguridad y Salud Ocupacional de la Provincia de Entre R\u00edos como persona jur\u00eddica p\u00fablica de car\u00e1cter no Estatal (Expediente N\u00ba 13.757).<br><br>Asimismo, las y los legisladores convirtieron en ley el proyecto que promueve el acceso gratuito al agua de red apta para el desarrollo humano (Expediente N\u00b0 23.946). La iniciativa, de autor\u00eda del diputado provincial Juan Domingo Zacarias, expresa en su art\u00edculo 1\u00ba que <em>\u201clos establecimientos radicados en la provincia que detentan autorizaci\u00f3n por parte de la autoridad competente para realizar actividades de prestaci\u00f3n de servicios de venta de comidas y bebidas al p\u00fablico, ya sea en forma permanente, discontinua u ocasional, que cuenten con el servicio de agua potable de red apta para el consumo humano, deben disponer para sus clientes el acceso gratuito al agua mediante la provisi\u00f3n de una jarra de mesa u otro recept\u00e1culo con una cantidad no menor a trescientos cent\u00edmetros c\u00fabicos (300 cm3) por persona, garantizando el derecho humano al agua\u201d<\/em>.\u00a0<\/p>\n\n\n\n<p>Por otra parte, la C\u00e1mara alta aprob\u00f3 el proyecto de Ley, de autor\u00eda del diputado \u00c1ngel Giano, por el que se autoriza al Superior Gobierno de la Provincia, a transferir a t\u00edtulo de donaci\u00f3n a favor del Obispado de Concordia, el inmueble propiedad del Estado provincial, con destino al funcionamiento de la Capilla \u201cPadre San Pio de Pietralcina\u201d. Expediente N\u00ba 24.803.<\/p>\n\n\n\n<figure class=\"wp-block-image size-large\"><img loading=\"lazy\" decoding=\"async\" width=\"659\" height=\"317\" src=\"https:\/\/www.delexodo.com.ar\/wp-content\/uploads\/2021\/06\/SENADO-IZAM.jpg\" alt=\"\" class=\"wp-image-8437\" srcset=\"https:\/\/www.delexodo.com.ar\/wp-content\/uploads\/2021\/06\/SENADO-IZAM.jpg 659w, https:\/\/www.delexodo.com.ar\/wp-content\/uploads\/2021\/06\/SENADO-IZAM-300x144.jpg 300w\" sizes=\"auto, (max-width: 659px) 100vw, 659px\" \/><\/figure>\n\n\n\n<p><strong>Agentes fiscales&nbsp;<\/strong><\/p>\n\n\n\n<p>Cabe recordar que los d\u00edas 9 y 10 de junio pasado, la Comisi\u00f3n de Asuntos Constitucionales y Acuerdos del Senado entrerriano llev\u00f3 adelante las audiencias p\u00fablicas para evaluar a las y los aspirantes a agentes fiscales de la provincia.<br><br>Durante la sesi\u00f3n de este mi\u00e9rcoles, se aprobaron los proyectos de resoluci\u00f3n por el que se presta el Acuerdo Constitucional solicitado por el Poder Ejecutivo para nombrar Agente Fiscal de la ciudad de Villaguay, a la Dra. Nadia Paola Benedetti. Expediente N\u00ba 13.923; Agente Fiscal N\u00ba 2 de la ciudad de Concepci\u00f3n del Uruguay, a la Dra. Mar\u00eda Jos\u00e9 Labalta. Expediente N\u00ba 13.924; Agente Fiscal de la ciudad de Chajar\u00ed, al Dr. Mat\u00edas Ra\u00fal Arg\u00fcello de la Vega. Expediente N\u00ba 13.925; Agente Fiscal N\u00ba 1 de la ciudad de Gualeguay, al Dr. Fernando Ren\u00e9 Mart\u00ednez. Expediente N\u00ba 13.926; Agente Fiscal N\u00ba 2 de la ciudad de Gualeguay, al Dr. Facundo Javier Barbosa. Expediente N\u00ba 13.927; Agente Fiscal N\u00ba 1 de la ciudad de Gualeguaych\u00fa, al Dr. Gonzalo Ariel Badano. Expediente N\u00ba 13.929; Agente Fiscal N\u00ba 2 de la ciudad de Concordia, al Dr. Pablo Jorge Garrera Allende. Expediente N\u00ba 13.931; Agente Fiscal N\u00ba 3 de la ciudad de Concordia, al Dr. Mario Andr\u00e9s Figueroa. Expediente N\u00ba 13.932; Agente Fiscal N\u00ba 7 de la ciudad de Concordia, al Dr. Gustavo Esteban Confalonieri. Expediente N\u00ba 13.933; Agente Fiscal N\u00ba 8 de la ciudad de Concordia, a la Dra. Julia Elena Rivoira. Expediente N\u00ba 13.934; y Agente Fiscal N\u00ba 3 de la ciudad de Gualeguaych\u00fa, a la Dra. Martina Noem\u00ed Cedres. Expediente N\u00ba 13.978.<br><br><strong>Homenajes<\/strong><br><br>Al turno de los homenajes, el senador Jorge Maraday (Gualeguaych\u00fa \u2013 Frente Justicialista) record\u00f3 a las v\u00edctimas del bombardeo a la Plaza de Mayo, al cumplirse 66 a\u00f1os de aquel tr\u00e1gico acontecimiento. <em>\u201cLa violencia ser\u00e1 el camino. Siempre estaremos del lado de los derechos humanos\u201d<\/em>, expres\u00f3.<\/p>\n","protected":false},"excerpt":{"rendered":"<p>La C\u00e1mara alta celebr\u00f3 este mi\u00e9rcoles la octava sesi\u00f3n ordinaria del 142\u00ba per\u00edodo legislativo. Durante el debate legislativo, qued\u00f3 aprobado,&hellip;<\/p>\n","protected":false},"author":1,"featured_media":8435,"comment_status":"closed","ping_status":"closed","sticky":false,"template":"","format":"standard","meta":{"_joinchat":[],"footnotes":""},"categories":[65,69,349],"tags":[],"class_list":["post-8434","post","type-post","status-publish","format-standard","has-post-thumbnail","hentry","category-destacados","category-noticias","category-politica"],"yoast_head":"<!-- This site is optimized with the Yoast SEO plugin v25.1 - https:\/\/yoast.com\/wordpress\/plugins\/seo\/ -->\n<title>EL SENADO APROB\u00d3 LA CREACI\u00d3N DEL COLEGIO DE PROFESIONALES DE HIGIENE, SEGURIDAD Y SALUD OCUPACIONAL DE LA PROVINCIA - Del \u00c9xodo Nogoy\u00e1<\/title>\n<meta name=\"robots\" content=\"index, follow, max-snippet:-1, max-image-preview:large, max-video-preview:-1\" \/>\n<link rel=\"canonical\" href=\"https:\/\/www.delexodo.com.ar\/?p=8434\" \/>\n<meta property=\"og:locale\" content=\"es_ES\" \/>\n<meta property=\"og:type\" content=\"article\" \/>\n<meta property=\"og:title\" content=\"EL SENADO APROB\u00d3 LA CREACI\u00d3N DEL COLEGIO DE PROFESIONALES DE HIGIENE, SEGURIDAD Y SALUD OCUPACIONAL DE LA PROVINCIA - Del \u00c9xodo Nogoy\u00e1\" \/>\n<meta property=\"og:description\" content=\"La C\u00e1mara alta celebr\u00f3 este mi\u00e9rcoles la octava sesi\u00f3n ordinaria del 142\u00ba per\u00edodo legislativo. Durante el debate legislativo, qued\u00f3 aprobado,&hellip;\" \/>\n<meta property=\"og:url\" content=\"https:\/\/www.delexodo.com.ar\/?p=8434\" \/>\n<meta property=\"og:site_name\" content=\"Del \u00c9xodo Nogoy\u00e1\" \/>\n<meta property=\"article:published_time\" content=\"2021-06-17T00:45:32+00:00\" \/>\n<meta property=\"og:image\" content=\"https:\/\/www.delexodo.com.ar\/wp-content\/uploads\/2021\/06\/SENADO-PORTADA.jpg\" \/>\n\t<meta property=\"og:image:width\" content=\"962\" \/>\n\t<meta property=\"og:image:height\" content=\"486\" \/>\n\t<meta property=\"og:image:type\" content=\"image\/jpeg\" \/>\n<meta name=\"author\" content=\"admin\" \/>\n<meta name=\"twitter:card\" content=\"summary_large_image\" \/>\n<meta name=\"twitter:label1\" content=\"Escrito por\" \/>\n\t<meta name=\"twitter:data1\" content=\"admin\" \/>\n\t<meta name=\"twitter:label2\" content=\"Tiempo de lectura\" \/>\n\t<meta name=\"twitter:data2\" content=\"3 minutos\" \/>\n<script type=\"application\/ld+json\" class=\"yoast-schema-graph\">{\"@context\":\"https:\/\/schema.org\",\"@graph\":[{\"@type\":\"Article\",\"@id\":\"https:\/\/www.delexodo.com.ar\/?p=8434#article\",\"isPartOf\":{\"@id\":\"https:\/\/www.delexodo.com.ar\/?p=8434\"},\"author\":{\"name\":\"admin\",\"@id\":\"https:\/\/www.delexodo.com.ar\/#\/schema\/person\/bbed37f7da8e938660b34f2013ba449d\"},\"headline\":\"EL SENADO APROB\u00d3 LA CREACI\u00d3N DEL COLEGIO DE PROFESIONALES DE HIGIENE, SEGURIDAD Y SALUD OCUPACIONAL DE LA PROVINCIA\",\"datePublished\":\"2021-06-17T00:45:32+00:00\",\"mainEntityOfPage\":{\"@id\":\"https:\/\/www.delexodo.com.ar\/?p=8434\"},\"wordCount\":717,\"publisher\":{\"@id\":\"https:\/\/www.delexodo.com.ar\/#organization\"},\"image\":{\"@id\":\"https:\/\/www.delexodo.com.ar\/?p=8434#primaryimage\"},\"thumbnailUrl\":\"https:\/\/www.delexodo.com.ar\/wp-content\/uploads\/2021\/06\/SENADO-PORTADA.jpg\",\"articleSection\":[\"Destacados\",\"NOTICIAS\",\"Politica\"],\"inLanguage\":\"es\"},{\"@type\":\"WebPage\",\"@id\":\"https:\/\/www.delexodo.com.ar\/?p=8434\",\"url\":\"https:\/\/www.delexodo.com.ar\/?p=8434\",\"name\":\"EL SENADO APROB\u00d3 LA CREACI\u00d3N DEL COLEGIO DE PROFESIONALES DE HIGIENE, SEGURIDAD Y SALUD OCUPACIONAL DE LA PROVINCIA - Del \u00c9xodo Nogoy\u00e1\",\"isPartOf\":{\"@id\":\"https:\/\/www.delexodo.com.ar\/#website\"},\"primaryImageOfPage\":{\"@id\":\"https:\/\/www.delexodo.com.ar\/?p=8434#primaryimage\"},\"image\":{\"@id\":\"https:\/\/www.delexodo.com.ar\/?p=8434#primaryimage\"},\"thumbnailUrl\":\"https:\/\/www.delexodo.com.ar\/wp-content\/uploads\/2021\/06\/SENADO-PORTADA.jpg\",\"datePublished\":\"2021-06-17T00:45:32+00:00\",\"breadcrumb\":{\"@id\":\"https:\/\/www.delexodo.com.ar\/?p=8434#breadcrumb\"},\"inLanguage\":\"es\",\"potentialAction\":[{\"@type\":\"ReadAction\",\"target\":[\"https:\/\/www.delexodo.com.ar\/?p=8434\"]}]},{\"@type\":\"ImageObject\",\"inLanguage\":\"es\",\"@id\":\"https:\/\/www.delexodo.com.ar\/?p=8434#primaryimage\",\"url\":\"https:\/\/www.delexodo.com.ar\/wp-content\/uploads\/2021\/06\/SENADO-PORTADA.jpg\",\"contentUrl\":\"https:\/\/www.delexodo.com.ar\/wp-content\/uploads\/2021\/06\/SENADO-PORTADA.jpg\",\"width\":962,\"height\":486},{\"@type\":\"BreadcrumbList\",\"@id\":\"https:\/\/www.delexodo.com.ar\/?p=8434#breadcrumb\",\"itemListElement\":[{\"@type\":\"ListItem\",\"position\":1,\"name\":\"Portada\",\"item\":\"https:\/\/www.delexodo.com.ar\/\"},{\"@type\":\"ListItem\",\"position\":2,\"name\":\"EL SENADO APROB\u00d3 LA CREACI\u00d3N DEL COLEGIO DE PROFESIONALES DE HIGIENE, SEGURIDAD Y SALUD OCUPACIONAL DE LA PROVINCIA\"}]},{\"@type\":\"WebSite\",\"@id\":\"https:\/\/www.delexodo.com.ar\/#website\",\"url\":\"https:\/\/www.delexodo.com.ar\/\",\"name\":\"Del \u00c9xodo Nogoy\u00e1\",\"description\":\"El Portal de Noticias de la Regi\u00f3n\",\"publisher\":{\"@id\":\"https:\/\/www.delexodo.com.ar\/#organization\"},\"potentialAction\":[{\"@type\":\"SearchAction\",\"target\":{\"@type\":\"EntryPoint\",\"urlTemplate\":\"https:\/\/www.delexodo.com.ar\/?s={search_term_string}\"},\"query-input\":{\"@type\":\"PropertyValueSpecification\",\"valueRequired\":true,\"valueName\":\"search_term_string\"}}],\"inLanguage\":\"es\"},{\"@type\":\"Organization\",\"@id\":\"https:\/\/www.delexodo.com.ar\/#organization\",\"name\":\"Del \u00c9xodo Nogoy\u00e1\",\"url\":\"https:\/\/www.delexodo.com.ar\/\",\"logo\":{\"@type\":\"ImageObject\",\"inLanguage\":\"es\",\"@id\":\"https:\/\/www.delexodo.com.ar\/#\/schema\/logo\/image\/\",\"url\":\"https:\/\/www.delexodo.com.ar\/wp-content\/uploads\/2024\/10\/cropped-cropped-LOGO24.png\",\"contentUrl\":\"https:\/\/www.delexodo.com.ar\/wp-content\/uploads\/2024\/10\/cropped-cropped-LOGO24.png\",\"width\":512,\"height\":349,\"caption\":\"Del \u00c9xodo Nogoy\u00e1\"},\"image\":{\"@id\":\"https:\/\/www.delexodo.com.ar\/#\/schema\/logo\/image\/\"}},{\"@type\":\"Person\",\"@id\":\"https:\/\/www.delexodo.com.ar\/#\/schema\/person\/bbed37f7da8e938660b34f2013ba449d\",\"name\":\"admin\",\"image\":{\"@type\":\"ImageObject\",\"inLanguage\":\"es\",\"@id\":\"https:\/\/www.delexodo.com.ar\/#\/schema\/person\/image\/\",\"url\":\"https:\/\/secure.gravatar.com\/avatar\/6b1558d1b6df085f1901bd5bd98523d7?s=96&d=mm&r=g\",\"contentUrl\":\"https:\/\/secure.gravatar.com\/avatar\/6b1558d1b6df085f1901bd5bd98523d7?s=96&d=mm&r=g\",\"caption\":\"admin\"},\"url\":\"https:\/\/www.delexodo.com.ar\/?author=1\"}]}<\/script>\n<!-- \/ Yoast SEO plugin. -->","yoast_head_json":{"title":"EL SENADO APROB\u00d3 LA CREACI\u00d3N DEL COLEGIO DE PROFESIONALES DE HIGIENE, SEGURIDAD Y SALUD OCUPACIONAL DE LA PROVINCIA - Del \u00c9xodo Nogoy\u00e1","robots":{"index":"index","follow":"follow","max-snippet":"max-snippet:-1","max-image-preview":"max-image-preview:large","max-video-preview":"max-video-preview:-1"},"canonical":"https:\/\/www.delexodo.com.ar\/?p=8434","og_locale":"es_ES","og_type":"article","og_title":"EL SENADO APROB\u00d3 LA CREACI\u00d3N DEL COLEGIO DE PROFESIONALES DE HIGIENE, SEGURIDAD Y SALUD OCUPACIONAL DE LA PROVINCIA - Del \u00c9xodo Nogoy\u00e1","og_description":"La C\u00e1mara alta celebr\u00f3 este mi\u00e9rcoles la octava sesi\u00f3n ordinaria del 142\u00ba per\u00edodo legislativo. Durante el debate legislativo, qued\u00f3 aprobado,&hellip;","og_url":"https:\/\/www.delexodo.com.ar\/?p=8434","og_site_name":"Del \u00c9xodo Nogoy\u00e1","article_published_time":"2021-06-17T00:45:32+00:00","og_image":[{"width":962,"height":486,"url":"https:\/\/www.delexodo.com.ar\/wp-content\/uploads\/2021\/06\/SENADO-PORTADA.jpg","type":"image\/jpeg"}],"author":"admin","twitter_card":"summary_large_image","twitter_misc":{"Escrito por":"admin","Tiempo de lectura":"3 minutos"},"schema":{"@context":"https:\/\/schema.org","@graph":[{"@type":"Article","@id":"https:\/\/www.delexodo.com.ar\/?p=8434#article","isPartOf":{"@id":"https:\/\/www.delexodo.com.ar\/?p=8434"},"author":{"name":"admin","@id":"https:\/\/www.delexodo.com.ar\/#\/schema\/person\/bbed37f7da8e938660b34f2013ba449d"},"headline":"EL SENADO APROB\u00d3 LA CREACI\u00d3N DEL COLEGIO DE PROFESIONALES DE HIGIENE, SEGURIDAD Y SALUD OCUPACIONAL DE LA PROVINCIA","datePublished":"2021-06-17T00:45:32+00:00","mainEntityOfPage":{"@id":"https:\/\/www.delexodo.com.ar\/?p=8434"},"wordCount":717,"publisher":{"@id":"https:\/\/www.delexodo.com.ar\/#organization"},"image":{"@id":"https:\/\/www.delexodo.com.ar\/?p=8434#primaryimage"},"thumbnailUrl":"https:\/\/www.delexodo.com.ar\/wp-content\/uploads\/2021\/06\/SENADO-PORTADA.jpg","articleSection":["Destacados","NOTICIAS","Politica"],"inLanguage":"es"},{"@type":"WebPage","@id":"https:\/\/www.delexodo.com.ar\/?p=8434","url":"https:\/\/www.delexodo.com.ar\/?p=8434","name":"EL SENADO APROB\u00d3 LA CREACI\u00d3N DEL COLEGIO DE PROFESIONALES DE HIGIENE, SEGURIDAD Y SALUD OCUPACIONAL DE LA PROVINCIA - Del \u00c9xodo Nogoy\u00e1","isPartOf":{"@id":"https:\/\/www.delexodo.com.ar\/#website"},"primaryImageOfPage":{"@id":"https:\/\/www.delexodo.com.ar\/?p=8434#primaryimage"},"image":{"@id":"https:\/\/www.delexodo.com.ar\/?p=8434#primaryimage"},"thumbnailUrl":"https:\/\/www.delexodo.com.ar\/wp-content\/uploads\/2021\/06\/SENADO-PORTADA.jpg","datePublished":"2021-06-17T00:45:32+00:00","breadcrumb":{"@id":"https:\/\/www.delexodo.com.ar\/?p=8434#breadcrumb"},"inLanguage":"es","potentialAction":[{"@type":"ReadAction","target":["https:\/\/www.delexodo.com.ar\/?p=8434"]}]},{"@type":"ImageObject","inLanguage":"es","@id":"https:\/\/www.delexodo.com.ar\/?p=8434#primaryimage","url":"https:\/\/www.delexodo.com.ar\/wp-content\/uploads\/2021\/06\/SENADO-PORTADA.jpg","contentUrl":"https:\/\/www.delexodo.com.ar\/wp-content\/uploads\/2021\/06\/SENADO-PORTADA.jpg","width":962,"height":486},{"@type":"BreadcrumbList","@id":"https:\/\/www.delexodo.com.ar\/?p=8434#breadcrumb","itemListElement":[{"@type":"ListItem","position":1,"name":"Portada","item":"https:\/\/www.delexodo.com.ar\/"},{"@type":"ListItem","position":2,"name":"EL SENADO APROB\u00d3 LA CREACI\u00d3N DEL COLEGIO DE PROFESIONALES DE HIGIENE, SEGURIDAD Y SALUD OCUPACIONAL DE LA PROVINCIA"}]},{"@type":"WebSite","@id":"https:\/\/www.delexodo.com.ar\/#website","url":"https:\/\/www.delexodo.com.ar\/","name":"Del \u00c9xodo Nogoy\u00e1","description":"El Portal de Noticias de la Regi\u00f3n","publisher":{"@id":"https:\/\/www.delexodo.com.ar\/#organization"},"potentialAction":[{"@type":"SearchAction","target":{"@type":"EntryPoint","urlTemplate":"https:\/\/www.delexodo.com.ar\/?s={search_term_string}"},"query-input":{"@type":"PropertyValueSpecification","valueRequired":true,"valueName":"search_term_string"}}],"inLanguage":"es"},{"@type":"Organization","@id":"https:\/\/www.delexodo.com.ar\/#organization","name":"Del \u00c9xodo Nogoy\u00e1","url":"https:\/\/www.delexodo.com.ar\/","logo":{"@type":"ImageObject","inLanguage":"es","@id":"https:\/\/www.delexodo.com.ar\/#\/schema\/logo\/image\/","url":"https:\/\/www.delexodo.com.ar\/wp-content\/uploads\/2024\/10\/cropped-cropped-LOGO24.png","contentUrl":"https:\/\/www.delexodo.com.ar\/wp-content\/uploads\/2024\/10\/cropped-cropped-LOGO24.png","width":512,"height":349,"caption":"Del \u00c9xodo Nogoy\u00e1"},"image":{"@id":"https:\/\/www.delexodo.com.ar\/#\/schema\/logo\/image\/"}},{"@type":"Person","@id":"https:\/\/www.delexodo.com.ar\/#\/schema\/person\/bbed37f7da8e938660b34f2013ba449d","name":"admin","image":{"@type":"ImageObject","inLanguage":"es","@id":"https:\/\/www.delexodo.com.ar\/#\/schema\/person\/image\/","url":"https:\/\/secure.gravatar.com\/avatar\/6b1558d1b6df085f1901bd5bd98523d7?s=96&d=mm&r=g","contentUrl":"https:\/\/secure.gravatar.com\/avatar\/6b1558d1b6df085f1901bd5bd98523d7?s=96&d=mm&r=g","caption":"admin"},"url":"https:\/\/www.delexodo.com.ar\/?author=1"}]}},"_links":{"self":[{"href":"https:\/\/www.delexodo.com.ar\/index.php?rest_route=\/wp\/v2\/posts\/8434","targetHints":{"allow":["GET"]}}],"collection":[{"href":"https:\/\/www.delexodo.com.ar\/index.php?rest_route=\/wp\/v2\/posts"}],"about":[{"href":"https:\/\/www.delexodo.com.ar\/index.php?rest_route=\/wp\/v2\/types\/post"}],"author":[{"embeddable":true,"href":"https:\/\/www.delexodo.com.ar\/index.php?rest_route=\/wp\/v2\/users\/1"}],"replies":[{"embeddable":true,"href":"https:\/\/www.delexodo.com.ar\/index.php?rest_route=%2Fwp%2Fv2%2Fcomments&post=8434"}],"version-history":[{"count":0,"href":"https:\/\/www.delexodo.com.ar\/index.php?rest_route=\/wp\/v2\/posts\/8434\/revisions"}],"wp:featuredmedia":[{"embeddable":true,"href":"https:\/\/www.delexodo.com.ar\/index.php?rest_route=\/wp\/v2\/media\/8435"}],"wp:attachment":[{"href":"https:\/\/www.delexodo.com.ar\/index.php?rest_route=%2Fwp%2Fv2%2Fmedia&parent=8434"}],"wp:term":[{"taxonomy":"category","embeddable":true,"href":"https:\/\/www.delexodo.com.ar\/index.php?rest_route=%2Fwp%2Fv2%2Fcategories&post=8434"},{"taxonomy":"post_tag","embeddable":true,"href":"https:\/\/www.delexodo.com.ar\/index.php?rest_route=%2Fwp%2Fv2%2Ftags&post=8434"}],"curies":[{"name":"wp","href":"https:\/\/api.w.org\/{rel}","templated":true}]}}