{"id":8419,"date":"2021-06-13T21:59:09","date_gmt":"2021-06-14T00:59:09","guid":{"rendered":"http:\/\/www.delexodo.com.ar\/?p=8419"},"modified":"2021-06-13T21:59:11","modified_gmt":"2021-06-14T00:59:11","slug":"nogoya-una-semana-cargada-de-hechos-policiales","status":"publish","type":"post","link":"https:\/\/www.delexodo.com.ar\/?p=8419","title":{"rendered":"NOGOY\u00c1: UNA SEMANA CARGADA DE HECHOS POLICIALES"},"content":{"rendered":"\n<p>La Polic\u00eda de Entre R\u00edos a trav\u00e9s de la <strong>Jefatura Departamental Nogoy\u00e1<\/strong> inform\u00f3 las novedades de m\u00e1s relevancia que se puedan dar a conocer en forma p\u00fablica sin comprometer la identidad de las personas y\/o transgredir disposiciones legales vigentes, acaecidas en el \u00e1mbito jurisdiccional durante los \u00faltimos d\u00edas.<\/p>\n\n\n\n<p><strong>MASCULINO DETENIDO POR DESOBEDIENCIA JUDICIAL Y POR EL SUPUESTO DELITO DE AMENAZAS Y DA\u00d1O<\/strong><\/p>\n\n\n\n<p>07\/06\/21 &#8211; Personal de Comisaria Zona Sur, en virtud de causa Judicial en tr\u00e1mite, y por Supuesto Delito de Amenazas y Da\u00f1o; y ante caso omiso a Mandamiento Judicial (prohibici\u00f3n de acercamiento), por disposici\u00f3n del Juzgado de transici\u00f3n y Garant\u00edas, procedi\u00f3 a la detenci\u00f3n de masculino de 18 a\u00f1os de edad; quien qued\u00f3 alojado en esta Jefatura Departamental.&nbsp;&nbsp;<\/p>\n\n\n\n<p><strong>ACCIDENTE DE TR\u00c1NSITO \u2013 FEMENINA RESULTA CON LESIONES DE CARATER LEVES<\/strong><\/p>\n\n\n\n<p>En fecha 08\/06\/2021 se inician en Comisar\u00eda Hern\u00e1ndez actuaciones a ra\u00edz de accidente de tr\u00e1nsito en ruta Nac. 12, km 362, del cual se toma conocimiento a las 10:30 horas, en el cual, se produce el vuelco del acoplado&nbsp; cami\u00f3n marca Mercedes Benz,&nbsp; que era conducido por un ciudadano de&nbsp; 48 a\u00f1os, domiciliado en Hern\u00e1ndez,&nbsp; y circulaba en direcci\u00f3n Oeste Este es decir hacia Nogoy\u00e1, volcando su acoplado marca Hermann, el que llevaba cargado con soja. El otro veh\u00edculo interviniente fue un autom\u00f3vil marca Volkswagen Fox, que volc\u00f3, quedando sobre la banquina, conducido por ciudadano de 32 a\u00f1os, acompa\u00f1ado por una ciudadana de 38 a\u00f1os con domicilio en Rosario del Tala, quienes fueron trasladados al Hospital San Blas local. La mujer present\u00f3 traumatismo leve en cr\u00e1neo (lesiones leves), y se dirig\u00edan hacia la ciudad de Villa Libertador San Mart\u00edn al Sanatorio ya que la misma se encuentra gestando su 7mo mes de embarazo y ten\u00eda turno con el m\u00e9dico para control, es por ello que al no presentar lesi\u00f3n que se lo impida, es trasladada hacia dicho Sanatorio.<\/p>\n\n\n\n<p><strong>SE LOCALIZO EQUINO (potrillo) DENUNCIADO COMO SUSTRAIDO<\/strong><\/p>\n\n\n\n<p>08\/06\/21 &#8211; En relaci\u00f3n a denuncia radicada por masculino de 54 a\u00f1os de edad, en jurisdicci\u00f3n de Villa 3 de Febrero, por supuesto delito de Hurto; tras tareas investigativas, personal de la Direcci\u00f3n de Prevenci\u00f3n de Delitos Rurales en conjunto con personal de esta Jefatura Departamental, procedi\u00f3 al secuestro de equino denunciado como sustra\u00eddo, el que se encontraba en terreno bald\u00edo de calle Gobernador Contin y San Lorenzo. Quedando supeditado a la causa masculino de 45 a\u00f1os de edad. Se comunic\u00f3 a Fiscal\u00eda en Turno.<\/p>\n\n\n\n<p><strong>MASCULINO DETENIDO POR SUPUESTO DELITO DE AMENAZAS<\/strong><\/p>\n\n\n\n<p>09\/06\/21 &#8211; Con relaci\u00f3n a denuncias varias radicadas por el Supuesto Delito de Amenazas. Y por orden de Autoridad Judicial en Turno, personal de comisaria Villa 3 de Febrero, procedi\u00f3 a la aprehensi\u00f3n de masculino de 45 a\u00f1os de edad. Quien qued\u00f3 alojado en esta Jefatura Departamental a disposici\u00f3n de la misma.<\/p>\n\n\n\n<p><strong>SECUESTRO DE MOTOVEHICULO \u2013 TENIA PEDIDO DE SECUESTRO DEL A\u00d1O 2.008 POR POLICIA DE CORDOBA<\/strong><\/p>\n\n\n\n<p>12\/06\/2 &#8211; 02:20 Hs. &#8211; Comisaria Aranguren, inicia Actuaciones inherentes, en virtud de que conductor de motoveh\u00edculo Guerrero 110cc, aparentemente perdiera el control del mismo, colisionara vidriera de local comercial ubicado en calle Urquiza propiedad de masculino de 21 a\u00f1os de edad y se diera a la fuga. Luego se procedi\u00f3 al chequeo del motoveh\u00edculo mediante Sistema Inform\u00e1tico, el mismo result\u00f3 con pedido de secuestro del A\u00f1o 2.008, de la Departamental Gral. San Martin de la Polic\u00eda de la Provincia de C\u00f3rdoba. Se dio a conocimiento a Fiscal en Turno, quien dio lineamientos al respecto, procedi\u00e9ndose al formal secuestro del mismo.<\/p>\n\n\n\n<p><strong>FEMENINA DETENIDA POR SUPUESTO DELITO DE ATENTADO Y RESISTENCIA A LA AUTORIDAD Y LESIONES<\/strong><\/p>\n\n\n\n<p>12\/06\/21 &#8211; 03.15 hs. &#8211; Personal de Comisaria Zona Sur junto a personal de Tr\u00e1nsito Municipal concurren a inmueble de Barrio de esa Jurisdicci\u00f3n por llamado por m\u00fasica elevada; en el lugar, atendidos por femenina de 36 a\u00f1os de edad,&nbsp; a quien comenzaron a labrar actas por ruidos molestos y por incumplimiento a D.N.U, en vigencia, no colaborando con el procedimiento a desarrollarse, se negaba a dar datos de su identidad, agrediendo verbal y f\u00edsicamente a funcionaria de Tr\u00e1nsito Municipal&nbsp; y a funcionario policial. Por lo que fue aprehendida y trasladada a esta Jefatura Departamental. Se comunic\u00f3 a Fiscal\u00eda en Turno quien indico lineamientos a seguir, quedando la femenina alojada en esta dependencia a disposici\u00f3n de dicha Magistratura.-<\/p>\n\n\n\n<p><strong>MASCULINO DE 57 A\u00d1OS DE EDAD DETENIDO POR AGREDIR A FEMENINA CON ARMA BLANCA<\/strong><\/p>\n\n\n\n<p>12\/06\/21 &#8211; Alrededor de las 10,40 hs., en inmediaciones de calle Trist\u00e1n Frutos e Hip\u00f3lito Irigoyen, femenina de 40 a\u00f1os de edad, resulto agredida con arma blanca por su ex pareja, origin\u00e1ndole heridas punzo cortantes en zona de t\u00f3rax, antebrazo y mano izquierda; otro masculino interviene en auxilio en virtud del episodio que se estaba dando. El agresor y la damnificada fueron trasladados en ambulancia al nosocomio local, a fin de ser examinados y determinar car\u00e1cter de las lesiones que presentaban, siendo lesiones de car\u00e1cter leves. Trabajo en el lugar personal de Comisaria Villa 3 de Febrero, personal de Comando Radioel\u00e9ctrico, personal de Secci\u00f3n Gabinete Criminal\u00edstico. Intervino M\u00e9dico de Polic\u00eda; atento a lineamientos indicados por Sr. Fiscal en Turno quien dispuso la detenci\u00f3n del mismo.<\/p>\n\n\n\n<p><strong>OPERATIVO EN CONJUNTO<\/strong><\/p>\n\n\n\n<p>PERSONAL DE DIR. PREV. DELITOS RURALES Brigada Nogoy\u00e1, Comisaria Don Crist\u00f3bal Primera y Crucesitas S\u00e9ptima &#8211; PROCEDIMIENTO POR Infracci\u00f3n Art. 189 BIS del C.P.A&nbsp; -SECUESTRO DE ARMA DE FUEGO ( FUSIL): 12\/06\/21 12:10 Hs En Operativo de control vehicular e identificaci\u00f3n de personas, en Ruta N\u00b0 34, altura Estaci\u00f3n de Servicios YPF \u201cPizzul \u201c , Jurisdicci\u00f3n de Don Crist\u00f3bal Primera, se detiene la marcha y se procede a controlar un veh\u00edculo marca Fiat,&nbsp; modelo UNO FIRE, color rojo, conducido por masculino de 35 a\u00f1os de edad, con domicilio en la Localidad de&nbsp; Segu\u00ed, Departamento Paran\u00e1, acompa\u00f1ado de femenina de 24 a\u00f1os de edad, con domicilio en la ciudad de Nogoy\u00e1 y un menor de edad, al momento del control se ubica en el ba\u00fal del rodado una funda color negro, el conductor manifiesta transportar un arma de fuego, al solicitarle que exhiba la misma,&nbsp; accede de forma voluntaria, trat\u00e1ndose de -01- Fusil Mauser calibre 308 con mira telesc\u00f3pica adosada, el mismo carec\u00eda de toda documentaci\u00f3n, por lo que se labraron Actuaciones por infracci\u00f3n al Art\u00edculo 189 bis del C.P.A. Se inform\u00f3 a Fiscal en turno y se procedi\u00f3 al formal secuestro del arma antes mencionada.<\/p>\n\n\n\n<p><strong>MASCULINO DE 25 A\u00d1OS DE EDAD DETENIDO POR SUPUESTO DELITO DE RESISTENCIA A LA AUTORIDAD<\/strong><\/p>\n\n\n\n<p>13\/06\/21, 01:10 Hs. &#8211; Personal de Comisaria Zona Sur, se aperson\u00f3 en domicilio, por inconvenientes familiares de femenina de 38 a\u00f1os de edad con su pareja, masculino de 25 a\u00f1os de edad. La mujer le pidi\u00f3 que se retire de su casa, que pase la noche en otro lado, se siente mal de salud por lo que fue trasladada al Hospital San Blas para su atenci\u00f3n medica; en tanto el masculino, se opon\u00eda con distintas agresiones al personal interviniente y entorpec\u00eda el procedimiento, se comunic\u00f3 a&nbsp; Sr. Fiscal en Turno y se procedi\u00f3 a su traslado, quedando alojado en Jefatura Departamental.<\/p>\n\n\n\n<p><strong>INFRACCION A D.N.U EN VIGENCIA<\/strong><\/p>\n\n\n\n<p>Se realizaron notificaciones de estilo con motivo de distinta \u00edndole, atento a normativas vigentes y disposiciones del Juzgado Federal.<\/p>\n\n\n\n<p><strong>CONTRAVENCIONES<\/strong><\/p>\n\n\n\n<p>Se registr\u00f3 el ingreso de tres (03) personas a esta Jefatura Departamental por supuesta infracci\u00f3n a disposiciones contempladas en la Ley Org\u00e1nica Pcial. N\u00ba3.815 y modificatorias.-<\/p>\n\n\n\n<p>OPERATIVOS CONTROL DE MOTOS<\/p>\n\n\n\n<p>Por aplicaci\u00f3n del Decreto M.G.J. N\u00ba2675\/14, en el transcurso de la semana se procedi\u00f3 a la retenci\u00f3n de ocho (08) motoveh\u00edculos por no reunir las condiciones exigidas para poder circular acorde a reglamentaci\u00f3n vigente.<\/p>\n\n\n\n<p><strong>OPERATIVOS EN CONJUNTO CON PERSONAL DEL AREA DE COMERCIO Y TRANSITO MUNICIPAL<\/strong><\/p>\n\n\n\n<p>Se realizan operativos en distintos comercios y eventos, asimismo control vehicular en el \u00e1mbito de nuestra ciudad, los cuales se llevan a cabo requiriendo documentaci\u00f3n obligatoria a los conductores, con realizaci\u00f3n de test de alcoholemia, procediendo a la retenci\u00f3n vehicular si as\u00ed correspondiera.<\/p>\n\n\n\n<p><strong>OPERATIVOS PANDEMIA COVID-19<\/strong><\/p>\n\n\n\n<p>Se contin\u00faan con medidas esenciales para evitar contagio progresivo del Coronavirus Covid-19 en la poblaci\u00f3n. Se realizan controles en distintos horarios y lugares de la ciudad de Nogoy\u00e1, como as\u00ed tambi\u00e9n en localidades y zona de campa\u00f1a del \u00e1mbito geogr\u00e1fico del Departamento, asimismo se han ubicado funcionarios policiales en entidades bancarias, locales comerciales y espacios p\u00fablicos a fin de evitar aglomeraci\u00f3n de personas.<\/p>\n","protected":false},"excerpt":{"rendered":"<p>La Polic\u00eda de Entre R\u00edos a trav\u00e9s de la Jefatura Departamental Nogoy\u00e1 inform\u00f3 las novedades de m\u00e1s relevancia que se&hellip;<\/p>\n","protected":false},"author":1,"featured_media":6566,"comment_status":"closed","ping_status":"closed","sticky":false,"template":"","format":"standard","meta":{"_joinchat":[],"footnotes":""},"categories":[65,1,69,350],"tags":[],"class_list":["post-8419","post","type-post","status-publish","format-standard","has-post-thumbnail","hentry","category-destacados","category-sincategoria","category-noticias","category-policiales"],"yoast_head":"<!-- This site is optimized with the Yoast SEO plugin v25.1 - https:\/\/yoast.com\/wordpress\/plugins\/seo\/ -->\n<title>NOGOY\u00c1: UNA SEMANA CARGADA DE HECHOS POLICIALES - Del \u00c9xodo Nogoy\u00e1<\/title>\n<meta name=\"robots\" content=\"index, follow, max-snippet:-1, max-image-preview:large, max-video-preview:-1\" \/>\n<link rel=\"canonical\" href=\"https:\/\/www.delexodo.com.ar\/?p=8419\" \/>\n<meta property=\"og:locale\" content=\"es_ES\" \/>\n<meta property=\"og:type\" content=\"article\" \/>\n<meta property=\"og:title\" content=\"NOGOY\u00c1: UNA SEMANA CARGADA DE HECHOS POLICIALES - Del \u00c9xodo Nogoy\u00e1\" \/>\n<meta property=\"og:description\" content=\"La Polic\u00eda de Entre R\u00edos a trav\u00e9s de la Jefatura Departamental Nogoy\u00e1 inform\u00f3 las novedades de m\u00e1s relevancia que se&hellip;\" \/>\n<meta property=\"og:url\" content=\"https:\/\/www.delexodo.com.ar\/?p=8419\" \/>\n<meta property=\"og:site_name\" content=\"Del \u00c9xodo Nogoy\u00e1\" \/>\n<meta property=\"article:published_time\" content=\"2021-06-14T00:59:09+00:00\" \/>\n<meta property=\"article:modified_time\" content=\"2021-06-14T00:59:11+00:00\" \/>\n<meta property=\"og:image\" content=\"https:\/\/www.delexodo.com.ar\/wp-content\/uploads\/2020\/07\/policia-jefatura-760x450-1.jpg\" \/>\n\t<meta property=\"og:image:width\" content=\"760\" \/>\n\t<meta property=\"og:image:height\" content=\"450\" \/>\n\t<meta property=\"og:image:type\" content=\"image\/jpeg\" \/>\n<meta name=\"author\" content=\"admin\" \/>\n<meta name=\"twitter:card\" content=\"summary_large_image\" \/>\n<meta name=\"twitter:label1\" content=\"Escrito por\" \/>\n\t<meta name=\"twitter:data1\" content=\"admin\" \/>\n\t<meta name=\"twitter:label2\" content=\"Tiempo de lectura\" \/>\n\t<meta name=\"twitter:data2\" content=\"7 minutos\" \/>\n<script type=\"application\/ld+json\" class=\"yoast-schema-graph\">{\"@context\":\"https:\/\/schema.org\",\"@graph\":[{\"@type\":\"Article\",\"@id\":\"https:\/\/www.delexodo.com.ar\/?p=8419#article\",\"isPartOf\":{\"@id\":\"https:\/\/www.delexodo.com.ar\/?p=8419\"},\"author\":{\"name\":\"admin\",\"@id\":\"https:\/\/www.delexodo.com.ar\/#\/schema\/person\/bbed37f7da8e938660b34f2013ba449d\"},\"headline\":\"NOGOY\u00c1: UNA SEMANA CARGADA DE HECHOS POLICIALES\",\"datePublished\":\"2021-06-14T00:59:09+00:00\",\"dateModified\":\"2021-06-14T00:59:11+00:00\",\"mainEntityOfPage\":{\"@id\":\"https:\/\/www.delexodo.com.ar\/?p=8419\"},\"wordCount\":1475,\"publisher\":{\"@id\":\"https:\/\/www.delexodo.com.ar\/#organization\"},\"image\":{\"@id\":\"https:\/\/www.delexodo.com.ar\/?p=8419#primaryimage\"},\"thumbnailUrl\":\"https:\/\/www.delexodo.com.ar\/wp-content\/uploads\/2020\/07\/policia-jefatura-760x450-1.jpg\",\"articleSection\":[\"Destacados\",\"Nogoya\",\"NOTICIAS\",\"Policiales\"],\"inLanguage\":\"es\"},{\"@type\":\"WebPage\",\"@id\":\"https:\/\/www.delexodo.com.ar\/?p=8419\",\"url\":\"https:\/\/www.delexodo.com.ar\/?p=8419\",\"name\":\"NOGOY\u00c1: UNA SEMANA CARGADA DE HECHOS POLICIALES - Del \u00c9xodo Nogoy\u00e1\",\"isPartOf\":{\"@id\":\"https:\/\/www.delexodo.com.ar\/#website\"},\"primaryImageOfPage\":{\"@id\":\"https:\/\/www.delexodo.com.ar\/?p=8419#primaryimage\"},\"image\":{\"@id\":\"https:\/\/www.delexodo.com.ar\/?p=8419#primaryimage\"},\"thumbnailUrl\":\"https:\/\/www.delexodo.com.ar\/wp-content\/uploads\/2020\/07\/policia-jefatura-760x450-1.jpg\",\"datePublished\":\"2021-06-14T00:59:09+00:00\",\"dateModified\":\"2021-06-14T00:59:11+00:00\",\"breadcrumb\":{\"@id\":\"https:\/\/www.delexodo.com.ar\/?p=8419#breadcrumb\"},\"inLanguage\":\"es\",\"potentialAction\":[{\"@type\":\"ReadAction\",\"target\":[\"https:\/\/www.delexodo.com.ar\/?p=8419\"]}]},{\"@type\":\"ImageObject\",\"inLanguage\":\"es\",\"@id\":\"https:\/\/www.delexodo.com.ar\/?p=8419#primaryimage\",\"url\":\"https:\/\/www.delexodo.com.ar\/wp-content\/uploads\/2020\/07\/policia-jefatura-760x450-1.jpg\",\"contentUrl\":\"https:\/\/www.delexodo.com.ar\/wp-content\/uploads\/2020\/07\/policia-jefatura-760x450-1.jpg\",\"width\":760,\"height\":450},{\"@type\":\"BreadcrumbList\",\"@id\":\"https:\/\/www.delexodo.com.ar\/?p=8419#breadcrumb\",\"itemListElement\":[{\"@type\":\"ListItem\",\"position\":1,\"name\":\"Portada\",\"item\":\"https:\/\/www.delexodo.com.ar\/\"},{\"@type\":\"ListItem\",\"position\":2,\"name\":\"NOGOY\u00c1: UNA SEMANA CARGADA DE HECHOS POLICIALES\"}]},{\"@type\":\"WebSite\",\"@id\":\"https:\/\/www.delexodo.com.ar\/#website\",\"url\":\"https:\/\/www.delexodo.com.ar\/\",\"name\":\"Del \u00c9xodo Nogoy\u00e1\",\"description\":\"El Portal de Noticias de la Regi\u00f3n\",\"publisher\":{\"@id\":\"https:\/\/www.delexodo.com.ar\/#organization\"},\"potentialAction\":[{\"@type\":\"SearchAction\",\"target\":{\"@type\":\"EntryPoint\",\"urlTemplate\":\"https:\/\/www.delexodo.com.ar\/?s={search_term_string}\"},\"query-input\":{\"@type\":\"PropertyValueSpecification\",\"valueRequired\":true,\"valueName\":\"search_term_string\"}}],\"inLanguage\":\"es\"},{\"@type\":\"Organization\",\"@id\":\"https:\/\/www.delexodo.com.ar\/#organization\",\"name\":\"Del \u00c9xodo Nogoy\u00e1\",\"url\":\"https:\/\/www.delexodo.com.ar\/\",\"logo\":{\"@type\":\"ImageObject\",\"inLanguage\":\"es\",\"@id\":\"https:\/\/www.delexodo.com.ar\/#\/schema\/logo\/image\/\",\"url\":\"https:\/\/www.delexodo.com.ar\/wp-content\/uploads\/2024\/10\/cropped-cropped-LOGO24.png\",\"contentUrl\":\"https:\/\/www.delexodo.com.ar\/wp-content\/uploads\/2024\/10\/cropped-cropped-LOGO24.png\",\"width\":512,\"height\":349,\"caption\":\"Del \u00c9xodo Nogoy\u00e1\"},\"image\":{\"@id\":\"https:\/\/www.delexodo.com.ar\/#\/schema\/logo\/image\/\"}},{\"@type\":\"Person\",\"@id\":\"https:\/\/www.delexodo.com.ar\/#\/schema\/person\/bbed37f7da8e938660b34f2013ba449d\",\"name\":\"admin\",\"image\":{\"@type\":\"ImageObject\",\"inLanguage\":\"es\",\"@id\":\"https:\/\/www.delexodo.com.ar\/#\/schema\/person\/image\/\",\"url\":\"https:\/\/secure.gravatar.com\/avatar\/6b1558d1b6df085f1901bd5bd98523d7?s=96&d=mm&r=g\",\"contentUrl\":\"https:\/\/secure.gravatar.com\/avatar\/6b1558d1b6df085f1901bd5bd98523d7?s=96&d=mm&r=g\",\"caption\":\"admin\"},\"url\":\"https:\/\/www.delexodo.com.ar\/?author=1\"}]}<\/script>\n<!-- \/ Yoast SEO plugin. -->","yoast_head_json":{"title":"NOGOY\u00c1: UNA SEMANA CARGADA DE HECHOS POLICIALES - Del \u00c9xodo Nogoy\u00e1","robots":{"index":"index","follow":"follow","max-snippet":"max-snippet:-1","max-image-preview":"max-image-preview:large","max-video-preview":"max-video-preview:-1"},"canonical":"https:\/\/www.delexodo.com.ar\/?p=8419","og_locale":"es_ES","og_type":"article","og_title":"NOGOY\u00c1: UNA SEMANA CARGADA DE HECHOS POLICIALES - Del \u00c9xodo Nogoy\u00e1","og_description":"La Polic\u00eda de Entre R\u00edos a trav\u00e9s de la Jefatura Departamental Nogoy\u00e1 inform\u00f3 las novedades de m\u00e1s relevancia que se&hellip;","og_url":"https:\/\/www.delexodo.com.ar\/?p=8419","og_site_name":"Del \u00c9xodo Nogoy\u00e1","article_published_time":"2021-06-14T00:59:09+00:00","article_modified_time":"2021-06-14T00:59:11+00:00","og_image":[{"width":760,"height":450,"url":"https:\/\/www.delexodo.com.ar\/wp-content\/uploads\/2020\/07\/policia-jefatura-760x450-1.jpg","type":"image\/jpeg"}],"author":"admin","twitter_card":"summary_large_image","twitter_misc":{"Escrito por":"admin","Tiempo de lectura":"7 minutos"},"schema":{"@context":"https:\/\/schema.org","@graph":[{"@type":"Article","@id":"https:\/\/www.delexodo.com.ar\/?p=8419#article","isPartOf":{"@id":"https:\/\/www.delexodo.com.ar\/?p=8419"},"author":{"name":"admin","@id":"https:\/\/www.delexodo.com.ar\/#\/schema\/person\/bbed37f7da8e938660b34f2013ba449d"},"headline":"NOGOY\u00c1: UNA SEMANA CARGADA DE HECHOS POLICIALES","datePublished":"2021-06-14T00:59:09+00:00","dateModified":"2021-06-14T00:59:11+00:00","mainEntityOfPage":{"@id":"https:\/\/www.delexodo.com.ar\/?p=8419"},"wordCount":1475,"publisher":{"@id":"https:\/\/www.delexodo.com.ar\/#organization"},"image":{"@id":"https:\/\/www.delexodo.com.ar\/?p=8419#primaryimage"},"thumbnailUrl":"https:\/\/www.delexodo.com.ar\/wp-content\/uploads\/2020\/07\/policia-jefatura-760x450-1.jpg","articleSection":["Destacados","Nogoya","NOTICIAS","Policiales"],"inLanguage":"es"},{"@type":"WebPage","@id":"https:\/\/www.delexodo.com.ar\/?p=8419","url":"https:\/\/www.delexodo.com.ar\/?p=8419","name":"NOGOY\u00c1: UNA SEMANA CARGADA DE HECHOS POLICIALES - Del \u00c9xodo Nogoy\u00e1","isPartOf":{"@id":"https:\/\/www.delexodo.com.ar\/#website"},"primaryImageOfPage":{"@id":"https:\/\/www.delexodo.com.ar\/?p=8419#primaryimage"},"image":{"@id":"https:\/\/www.delexodo.com.ar\/?p=8419#primaryimage"},"thumbnailUrl":"https:\/\/www.delexodo.com.ar\/wp-content\/uploads\/2020\/07\/policia-jefatura-760x450-1.jpg","datePublished":"2021-06-14T00:59:09+00:00","dateModified":"2021-06-14T00:59:11+00:00","breadcrumb":{"@id":"https:\/\/www.delexodo.com.ar\/?p=8419#breadcrumb"},"inLanguage":"es","potentialAction":[{"@type":"ReadAction","target":["https:\/\/www.delexodo.com.ar\/?p=8419"]}]},{"@type":"ImageObject","inLanguage":"es","@id":"https:\/\/www.delexodo.com.ar\/?p=8419#primaryimage","url":"https:\/\/www.delexodo.com.ar\/wp-content\/uploads\/2020\/07\/policia-jefatura-760x450-1.jpg","contentUrl":"https:\/\/www.delexodo.com.ar\/wp-content\/uploads\/2020\/07\/policia-jefatura-760x450-1.jpg","width":760,"height":450},{"@type":"BreadcrumbList","@id":"https:\/\/www.delexodo.com.ar\/?p=8419#breadcrumb","itemListElement":[{"@type":"ListItem","position":1,"name":"Portada","item":"https:\/\/www.delexodo.com.ar\/"},{"@type":"ListItem","position":2,"name":"NOGOY\u00c1: UNA SEMANA CARGADA DE HECHOS POLICIALES"}]},{"@type":"WebSite","@id":"https:\/\/www.delexodo.com.ar\/#website","url":"https:\/\/www.delexodo.com.ar\/","name":"Del \u00c9xodo Nogoy\u00e1","description":"El Portal de Noticias de la Regi\u00f3n","publisher":{"@id":"https:\/\/www.delexodo.com.ar\/#organization"},"potentialAction":[{"@type":"SearchAction","target":{"@type":"EntryPoint","urlTemplate":"https:\/\/www.delexodo.com.ar\/?s={search_term_string}"},"query-input":{"@type":"PropertyValueSpecification","valueRequired":true,"valueName":"search_term_string"}}],"inLanguage":"es"},{"@type":"Organization","@id":"https:\/\/www.delexodo.com.ar\/#organization","name":"Del \u00c9xodo Nogoy\u00e1","url":"https:\/\/www.delexodo.com.ar\/","logo":{"@type":"ImageObject","inLanguage":"es","@id":"https:\/\/www.delexodo.com.ar\/#\/schema\/logo\/image\/","url":"https:\/\/www.delexodo.com.ar\/wp-content\/uploads\/2024\/10\/cropped-cropped-LOGO24.png","contentUrl":"https:\/\/www.delexodo.com.ar\/wp-content\/uploads\/2024\/10\/cropped-cropped-LOGO24.png","width":512,"height":349,"caption":"Del \u00c9xodo Nogoy\u00e1"},"image":{"@id":"https:\/\/www.delexodo.com.ar\/#\/schema\/logo\/image\/"}},{"@type":"Person","@id":"https:\/\/www.delexodo.com.ar\/#\/schema\/person\/bbed37f7da8e938660b34f2013ba449d","name":"admin","image":{"@type":"ImageObject","inLanguage":"es","@id":"https:\/\/www.delexodo.com.ar\/#\/schema\/person\/image\/","url":"https:\/\/secure.gravatar.com\/avatar\/6b1558d1b6df085f1901bd5bd98523d7?s=96&d=mm&r=g","contentUrl":"https:\/\/secure.gravatar.com\/avatar\/6b1558d1b6df085f1901bd5bd98523d7?s=96&d=mm&r=g","caption":"admin"},"url":"https:\/\/www.delexodo.com.ar\/?author=1"}]}},"_links":{"self":[{"href":"https:\/\/www.delexodo.com.ar\/index.php?rest_route=\/wp\/v2\/posts\/8419","targetHints":{"allow":["GET"]}}],"collection":[{"href":"https:\/\/www.delexodo.com.ar\/index.php?rest_route=\/wp\/v2\/posts"}],"about":[{"href":"https:\/\/www.delexodo.com.ar\/index.php?rest_route=\/wp\/v2\/types\/post"}],"author":[{"embeddable":true,"href":"https:\/\/www.delexodo.com.ar\/index.php?rest_route=\/wp\/v2\/users\/1"}],"replies":[{"embeddable":true,"href":"https:\/\/www.delexodo.com.ar\/index.php?rest_route=%2Fwp%2Fv2%2Fcomments&post=8419"}],"version-history":[{"count":0,"href":"https:\/\/www.delexodo.com.ar\/index.php?rest_route=\/wp\/v2\/posts\/8419\/revisions"}],"wp:featuredmedia":[{"embeddable":true,"href":"https:\/\/www.delexodo.com.ar\/index.php?rest_route=\/wp\/v2\/media\/6566"}],"wp:attachment":[{"href":"https:\/\/www.delexodo.com.ar\/index.php?rest_route=%2Fwp%2Fv2%2Fmedia&parent=8419"}],"wp:term":[{"taxonomy":"category","embeddable":true,"href":"https:\/\/www.delexodo.com.ar\/index.php?rest_route=%2Fwp%2Fv2%2Fcategories&post=8419"},{"taxonomy":"post_tag","embeddable":true,"href":"https:\/\/www.delexodo.com.ar\/index.php?rest_route=%2Fwp%2Fv2%2Ftags&post=8419"}],"curies":[{"name":"wp","href":"https:\/\/api.w.org\/{rel}","templated":true}]}}