{"id":8414,"date":"2021-06-11T19:59:22","date_gmt":"2021-06-11T22:59:22","guid":{"rendered":"http:\/\/www.delexodo.com.ar\/?p=8414"},"modified":"2021-06-11T19:59:23","modified_gmt":"2021-06-11T22:59:23","slug":"entre-rios-bordet-anuncio-las-nuevas-medidas-que-regiran-en-la-provincia","status":"publish","type":"post","link":"https:\/\/www.delexodo.com.ar\/?p=8414","title":{"rendered":"ENTRE R\u00cdOS: BORDET ANUNCI\u00d3 LAS NUEVAS MEDIDAS QUE REGIR\u00c1N EN LA PROVINCIA"},"content":{"rendered":"\n<p><em>&nbsp;\u201cGracias a la aplicaci\u00f3n de las medidas de cuidado que venimos tomando en la provincia empezamos a ver signos claros de desaceleramiento en el nivel de contagios. El sistema de salud sigue tensionado, pero si logramos mantener el descenso de casos vamos por el camino correcto\u00bb<\/em>, sostuvo Bordet.<\/p>\n\n\n\n<p>El gobernador Gustavo Bordet expres\u00f3: <em>\u00abTenemos que seguir focalizados en reducir la circulaci\u00f3n del virus para poder retomar las actividades y eso requiere que respetemos al m\u00e1ximo los protocolos y los cuidados\u201d<\/em>.<\/p>\n\n\n\n<p>En la ciudad de Paran\u00e1 y su \u00e1rea metropolitana (Oro Verde, Colonia Avellaneda y San Benito) se retomar\u00e1 la presencialidad en los niveles inicial y primario, mientras que secundario, terciario y universitario continuar\u00e1n con la modalidad virtual con monitoreo permanente para tomar nuevas definiciones.<\/p>\n\n\n\n<p>En el resto de la provincia las clases continuar\u00e1n siendo presenciales.<\/p>\n\n\n\n<div class=\"wp-block-image\"><figure class=\"aligncenter size-large is-resized\"><img loading=\"lazy\" decoding=\"async\" src=\"https:\/\/www.delexodo.com.ar\/wp-content\/uploads\/2021\/06\/GDOR-BORDET.jpg\" alt=\"\" class=\"wp-image-8416\" width=\"587\" height=\"376\" srcset=\"https:\/\/www.delexodo.com.ar\/wp-content\/uploads\/2021\/06\/GDOR-BORDET.jpg 767w, https:\/\/www.delexodo.com.ar\/wp-content\/uploads\/2021\/06\/GDOR-BORDET-300x192.jpg 300w, https:\/\/www.delexodo.com.ar\/wp-content\/uploads\/2021\/06\/GDOR-BORDET-95x60.jpg 95w\" sizes=\"auto, (max-width: 587px) 100vw, 587px\" \/><\/figure><\/div>\n\n\n\n<h3 class=\"wp-block-heading\"><strong><u>NUEVAS MEDIDAS<\/u><\/strong><\/h3>\n\n\n\n<p>1) Restricci\u00f3n&nbsp; de circulaci\u00f3n entre las cero y las seis horas de cada de d\u00eda, salvo las personas afectadas a las actividades exceptuadas por art\u00edculo 11 del DNU 125\/21&nbsp; y art\u00edculo 20 del DNU 287\/21.<\/p>\n\n\n\n<p>2) Quedan suspendidas las reuniones sociales en domicilios particulares.<\/p>\n\n\n\n<p>3) Se restringe&nbsp; la permanencia de personas en plazas, parques, paseos y espacios p\u00fablicos, quedando solamente permitida la circulaci\u00f3n en dichos lugares.<\/p>\n\n\n\n<p>4) Se establece que la actividad gastron\u00f3mica (restaurantes y bares) deber\u00e1 funcionar entre las 6 horas y las 23 horas de cada d\u00eda, con un aforo del 30 por ciento de ocupaci\u00f3n en espacios cerrados. Tambi\u00e9n est\u00e1n habitadas las modalidades de reparto a domicilio y&nbsp; de retiro en comercio.<\/p>\n\n\n\n<p>5) Los talleres art\u00edsticos y academias de danzas se realizar\u00e1n con un tope m\u00e1ximo de 15 personas en espacios cerrados y de 30 en espacios abiertos, cumpliendo con sus protocolos oportunamente aprobados.<\/p>\n\n\n\n<p>6) Los cines, teatros, centros culturales y otros establecimientos afines tendr\u00e1n un 30 por ciento de aforo, en relaci\u00f3n con la capacidad m\u00e1xima habilitada.<\/p>\n\n\n\n<p>7) Queda suspendida la competencia deportiva, tanto en espacios cerrados como al aire libre, entre deportistas y equipos de distintos clubes e instituciones, salvo las habilitadas por organismos u organizaciones nacionales.<\/p>\n\n\n\n<p>8) Se permite el entrenamiento y pr\u00e1ctica deportiva en clubes y espacios afines con un tope m\u00e1ximo de 15 personas en espacios cerrados y de 30 en espacios abiertos.<\/p>\n\n\n\n<p>9) El coeficiente de ocupaci\u00f3n de los espacios cerrados de gimnasios se reduce a un m\u00e1ximo del 30 por ciento del aforo, en relaci\u00f3n con la capacidad m\u00e1xima habilitada, debiendo estar adecuadamente ventilados en forma constante y dando cumplimiento a las exigencias previstas correspondientes protocolos.<\/p>\n\n\n\n<p>10) Las actividades culturales y deportivas autorizadas, podr\u00e1n desarrollarse entre las 6 y 23 horas de cada d\u00eda.<\/p>\n\n\n\n<p>11) Se permite la realizaci\u00f3n de celebraciones religiosas de 6 a 21 hs, con un aforo del 30 por ciento en espacios cerrados<\/p>\n\n\n\n<p>12) Los presidentes municipales y comunales, en atenci\u00f3n a las condiciones epidemiol\u00f3gicas y sanitarias de cada jurisdicci\u00f3n, podr\u00e1n disponer restricciones temporarias y focalizadas adicionales, siempre y cuando sean de su competencia.<\/p>\n","protected":false},"excerpt":{"rendered":"<p>&nbsp;\u201cGracias a la aplicaci\u00f3n de las medidas de cuidado que venimos tomando en la provincia empezamos a ver signos claros&hellip;<\/p>\n","protected":false},"author":1,"featured_media":8415,"comment_status":"closed","ping_status":"closed","sticky":false,"template":"","format":"standard","meta":{"_joinchat":[],"footnotes":""},"categories":[65,1,69,352],"tags":[345],"class_list":["post-8414","post","type-post","status-publish","format-standard","has-post-thumbnail","hentry","category-destacados","category-sincategoria","category-noticias","category-salud","tag-destacar"],"yoast_head":"<!-- This site is optimized with the Yoast SEO plugin v25.1 - https:\/\/yoast.com\/wordpress\/plugins\/seo\/ -->\n<title>ENTRE R\u00cdOS: BORDET ANUNCI\u00d3 LAS NUEVAS MEDIDAS QUE REGIR\u00c1N EN LA PROVINCIA - Del \u00c9xodo Nogoy\u00e1<\/title>\n<meta name=\"robots\" content=\"index, follow, max-snippet:-1, max-image-preview:large, max-video-preview:-1\" \/>\n<link rel=\"canonical\" href=\"https:\/\/www.delexodo.com.ar\/?p=8414\" \/>\n<meta property=\"og:locale\" content=\"es_ES\" \/>\n<meta property=\"og:type\" content=\"article\" \/>\n<meta property=\"og:title\" content=\"ENTRE R\u00cdOS: BORDET ANUNCI\u00d3 LAS NUEVAS MEDIDAS QUE REGIR\u00c1N EN LA PROVINCIA - Del \u00c9xodo Nogoy\u00e1\" \/>\n<meta property=\"og:description\" content=\"&nbsp;\u201cGracias a la aplicaci\u00f3n de las medidas de cuidado que venimos tomando en la provincia empezamos a ver signos claros&hellip;\" \/>\n<meta property=\"og:url\" content=\"https:\/\/www.delexodo.com.ar\/?p=8414\" \/>\n<meta property=\"og:site_name\" content=\"Del \u00c9xodo Nogoy\u00e1\" \/>\n<meta property=\"article:published_time\" content=\"2021-06-11T22:59:22+00:00\" \/>\n<meta property=\"article:modified_time\" content=\"2021-06-11T22:59:23+00:00\" \/>\n<meta property=\"og:image\" content=\"https:\/\/www.delexodo.com.ar\/wp-content\/uploads\/2021\/06\/G-BORDET.jpg\" \/>\n\t<meta property=\"og:image:width\" content=\"960\" \/>\n\t<meta property=\"og:image:height\" content=\"522\" \/>\n\t<meta property=\"og:image:type\" content=\"image\/jpeg\" \/>\n<meta name=\"author\" content=\"admin\" \/>\n<meta name=\"twitter:card\" content=\"summary_large_image\" \/>\n<meta name=\"twitter:label1\" content=\"Escrito por\" \/>\n\t<meta name=\"twitter:data1\" content=\"admin\" \/>\n\t<meta name=\"twitter:label2\" content=\"Tiempo de lectura\" \/>\n\t<meta name=\"twitter:data2\" content=\"2 minutos\" \/>\n<script type=\"application\/ld+json\" class=\"yoast-schema-graph\">{\"@context\":\"https:\/\/schema.org\",\"@graph\":[{\"@type\":\"Article\",\"@id\":\"https:\/\/www.delexodo.com.ar\/?p=8414#article\",\"isPartOf\":{\"@id\":\"https:\/\/www.delexodo.com.ar\/?p=8414\"},\"author\":{\"name\":\"admin\",\"@id\":\"https:\/\/www.delexodo.com.ar\/#\/schema\/person\/bbed37f7da8e938660b34f2013ba449d\"},\"headline\":\"ENTRE R\u00cdOS: BORDET ANUNCI\u00d3 LAS NUEVAS MEDIDAS QUE REGIR\u00c1N EN LA PROVINCIA\",\"datePublished\":\"2021-06-11T22:59:22+00:00\",\"dateModified\":\"2021-06-11T22:59:23+00:00\",\"mainEntityOfPage\":{\"@id\":\"https:\/\/www.delexodo.com.ar\/?p=8414\"},\"wordCount\":510,\"publisher\":{\"@id\":\"https:\/\/www.delexodo.com.ar\/#organization\"},\"image\":{\"@id\":\"https:\/\/www.delexodo.com.ar\/?p=8414#primaryimage\"},\"thumbnailUrl\":\"https:\/\/www.delexodo.com.ar\/wp-content\/uploads\/2021\/06\/G-BORDET.jpg\",\"keywords\":[\"destacar\"],\"articleSection\":[\"Destacados\",\"Nogoya\",\"NOTICIAS\",\"Salud\"],\"inLanguage\":\"es\"},{\"@type\":\"WebPage\",\"@id\":\"https:\/\/www.delexodo.com.ar\/?p=8414\",\"url\":\"https:\/\/www.delexodo.com.ar\/?p=8414\",\"name\":\"ENTRE R\u00cdOS: BORDET ANUNCI\u00d3 LAS NUEVAS MEDIDAS QUE REGIR\u00c1N EN LA PROVINCIA - Del \u00c9xodo Nogoy\u00e1\",\"isPartOf\":{\"@id\":\"https:\/\/www.delexodo.com.ar\/#website\"},\"primaryImageOfPage\":{\"@id\":\"https:\/\/www.delexodo.com.ar\/?p=8414#primaryimage\"},\"image\":{\"@id\":\"https:\/\/www.delexodo.com.ar\/?p=8414#primaryimage\"},\"thumbnailUrl\":\"https:\/\/www.delexodo.com.ar\/wp-content\/uploads\/2021\/06\/G-BORDET.jpg\",\"datePublished\":\"2021-06-11T22:59:22+00:00\",\"dateModified\":\"2021-06-11T22:59:23+00:00\",\"breadcrumb\":{\"@id\":\"https:\/\/www.delexodo.com.ar\/?p=8414#breadcrumb\"},\"inLanguage\":\"es\",\"potentialAction\":[{\"@type\":\"ReadAction\",\"target\":[\"https:\/\/www.delexodo.com.ar\/?p=8414\"]}]},{\"@type\":\"ImageObject\",\"inLanguage\":\"es\",\"@id\":\"https:\/\/www.delexodo.com.ar\/?p=8414#primaryimage\",\"url\":\"https:\/\/www.delexodo.com.ar\/wp-content\/uploads\/2021\/06\/G-BORDET.jpg\",\"contentUrl\":\"https:\/\/www.delexodo.com.ar\/wp-content\/uploads\/2021\/06\/G-BORDET.jpg\",\"width\":960,\"height\":522},{\"@type\":\"BreadcrumbList\",\"@id\":\"https:\/\/www.delexodo.com.ar\/?p=8414#breadcrumb\",\"itemListElement\":[{\"@type\":\"ListItem\",\"position\":1,\"name\":\"Portada\",\"item\":\"https:\/\/www.delexodo.com.ar\/\"},{\"@type\":\"ListItem\",\"position\":2,\"name\":\"ENTRE R\u00cdOS: BORDET ANUNCI\u00d3 LAS NUEVAS MEDIDAS QUE REGIR\u00c1N EN LA PROVINCIA\"}]},{\"@type\":\"WebSite\",\"@id\":\"https:\/\/www.delexodo.com.ar\/#website\",\"url\":\"https:\/\/www.delexodo.com.ar\/\",\"name\":\"Del \u00c9xodo Nogoy\u00e1\",\"description\":\"El Portal de Noticias de la Regi\u00f3n\",\"publisher\":{\"@id\":\"https:\/\/www.delexodo.com.ar\/#organization\"},\"potentialAction\":[{\"@type\":\"SearchAction\",\"target\":{\"@type\":\"EntryPoint\",\"urlTemplate\":\"https:\/\/www.delexodo.com.ar\/?s={search_term_string}\"},\"query-input\":{\"@type\":\"PropertyValueSpecification\",\"valueRequired\":true,\"valueName\":\"search_term_string\"}}],\"inLanguage\":\"es\"},{\"@type\":\"Organization\",\"@id\":\"https:\/\/www.delexodo.com.ar\/#organization\",\"name\":\"Del \u00c9xodo Nogoy\u00e1\",\"url\":\"https:\/\/www.delexodo.com.ar\/\",\"logo\":{\"@type\":\"ImageObject\",\"inLanguage\":\"es\",\"@id\":\"https:\/\/www.delexodo.com.ar\/#\/schema\/logo\/image\/\",\"url\":\"https:\/\/www.delexodo.com.ar\/wp-content\/uploads\/2024\/10\/cropped-cropped-LOGO24.png\",\"contentUrl\":\"https:\/\/www.delexodo.com.ar\/wp-content\/uploads\/2024\/10\/cropped-cropped-LOGO24.png\",\"width\":512,\"height\":349,\"caption\":\"Del \u00c9xodo Nogoy\u00e1\"},\"image\":{\"@id\":\"https:\/\/www.delexodo.com.ar\/#\/schema\/logo\/image\/\"}},{\"@type\":\"Person\",\"@id\":\"https:\/\/www.delexodo.com.ar\/#\/schema\/person\/bbed37f7da8e938660b34f2013ba449d\",\"name\":\"admin\",\"image\":{\"@type\":\"ImageObject\",\"inLanguage\":\"es\",\"@id\":\"https:\/\/www.delexodo.com.ar\/#\/schema\/person\/image\/\",\"url\":\"https:\/\/secure.gravatar.com\/avatar\/6b1558d1b6df085f1901bd5bd98523d7?s=96&d=mm&r=g\",\"contentUrl\":\"https:\/\/secure.gravatar.com\/avatar\/6b1558d1b6df085f1901bd5bd98523d7?s=96&d=mm&r=g\",\"caption\":\"admin\"},\"url\":\"https:\/\/www.delexodo.com.ar\/?author=1\"}]}<\/script>\n<!-- \/ Yoast SEO plugin. -->","yoast_head_json":{"title":"ENTRE R\u00cdOS: BORDET ANUNCI\u00d3 LAS NUEVAS MEDIDAS QUE REGIR\u00c1N EN LA PROVINCIA - Del \u00c9xodo Nogoy\u00e1","robots":{"index":"index","follow":"follow","max-snippet":"max-snippet:-1","max-image-preview":"max-image-preview:large","max-video-preview":"max-video-preview:-1"},"canonical":"https:\/\/www.delexodo.com.ar\/?p=8414","og_locale":"es_ES","og_type":"article","og_title":"ENTRE R\u00cdOS: BORDET ANUNCI\u00d3 LAS NUEVAS MEDIDAS QUE REGIR\u00c1N EN LA PROVINCIA - Del \u00c9xodo Nogoy\u00e1","og_description":"&nbsp;\u201cGracias a la aplicaci\u00f3n de las medidas de cuidado que venimos tomando en la provincia empezamos a ver signos claros&hellip;","og_url":"https:\/\/www.delexodo.com.ar\/?p=8414","og_site_name":"Del \u00c9xodo Nogoy\u00e1","article_published_time":"2021-06-11T22:59:22+00:00","article_modified_time":"2021-06-11T22:59:23+00:00","og_image":[{"width":960,"height":522,"url":"https:\/\/www.delexodo.com.ar\/wp-content\/uploads\/2021\/06\/G-BORDET.jpg","type":"image\/jpeg"}],"author":"admin","twitter_card":"summary_large_image","twitter_misc":{"Escrito por":"admin","Tiempo de lectura":"2 minutos"},"schema":{"@context":"https:\/\/schema.org","@graph":[{"@type":"Article","@id":"https:\/\/www.delexodo.com.ar\/?p=8414#article","isPartOf":{"@id":"https:\/\/www.delexodo.com.ar\/?p=8414"},"author":{"name":"admin","@id":"https:\/\/www.delexodo.com.ar\/#\/schema\/person\/bbed37f7da8e938660b34f2013ba449d"},"headline":"ENTRE R\u00cdOS: BORDET ANUNCI\u00d3 LAS NUEVAS MEDIDAS QUE REGIR\u00c1N EN LA PROVINCIA","datePublished":"2021-06-11T22:59:22+00:00","dateModified":"2021-06-11T22:59:23+00:00","mainEntityOfPage":{"@id":"https:\/\/www.delexodo.com.ar\/?p=8414"},"wordCount":510,"publisher":{"@id":"https:\/\/www.delexodo.com.ar\/#organization"},"image":{"@id":"https:\/\/www.delexodo.com.ar\/?p=8414#primaryimage"},"thumbnailUrl":"https:\/\/www.delexodo.com.ar\/wp-content\/uploads\/2021\/06\/G-BORDET.jpg","keywords":["destacar"],"articleSection":["Destacados","Nogoya","NOTICIAS","Salud"],"inLanguage":"es"},{"@type":"WebPage","@id":"https:\/\/www.delexodo.com.ar\/?p=8414","url":"https:\/\/www.delexodo.com.ar\/?p=8414","name":"ENTRE R\u00cdOS: BORDET ANUNCI\u00d3 LAS NUEVAS MEDIDAS QUE REGIR\u00c1N EN LA PROVINCIA - Del \u00c9xodo Nogoy\u00e1","isPartOf":{"@id":"https:\/\/www.delexodo.com.ar\/#website"},"primaryImageOfPage":{"@id":"https:\/\/www.delexodo.com.ar\/?p=8414#primaryimage"},"image":{"@id":"https:\/\/www.delexodo.com.ar\/?p=8414#primaryimage"},"thumbnailUrl":"https:\/\/www.delexodo.com.ar\/wp-content\/uploads\/2021\/06\/G-BORDET.jpg","datePublished":"2021-06-11T22:59:22+00:00","dateModified":"2021-06-11T22:59:23+00:00","breadcrumb":{"@id":"https:\/\/www.delexodo.com.ar\/?p=8414#breadcrumb"},"inLanguage":"es","potentialAction":[{"@type":"ReadAction","target":["https:\/\/www.delexodo.com.ar\/?p=8414"]}]},{"@type":"ImageObject","inLanguage":"es","@id":"https:\/\/www.delexodo.com.ar\/?p=8414#primaryimage","url":"https:\/\/www.delexodo.com.ar\/wp-content\/uploads\/2021\/06\/G-BORDET.jpg","contentUrl":"https:\/\/www.delexodo.com.ar\/wp-content\/uploads\/2021\/06\/G-BORDET.jpg","width":960,"height":522},{"@type":"BreadcrumbList","@id":"https:\/\/www.delexodo.com.ar\/?p=8414#breadcrumb","itemListElement":[{"@type":"ListItem","position":1,"name":"Portada","item":"https:\/\/www.delexodo.com.ar\/"},{"@type":"ListItem","position":2,"name":"ENTRE R\u00cdOS: BORDET ANUNCI\u00d3 LAS NUEVAS MEDIDAS QUE REGIR\u00c1N EN LA PROVINCIA"}]},{"@type":"WebSite","@id":"https:\/\/www.delexodo.com.ar\/#website","url":"https:\/\/www.delexodo.com.ar\/","name":"Del \u00c9xodo Nogoy\u00e1","description":"El Portal de Noticias de la Regi\u00f3n","publisher":{"@id":"https:\/\/www.delexodo.com.ar\/#organization"},"potentialAction":[{"@type":"SearchAction","target":{"@type":"EntryPoint","urlTemplate":"https:\/\/www.delexodo.com.ar\/?s={search_term_string}"},"query-input":{"@type":"PropertyValueSpecification","valueRequired":true,"valueName":"search_term_string"}}],"inLanguage":"es"},{"@type":"Organization","@id":"https:\/\/www.delexodo.com.ar\/#organization","name":"Del \u00c9xodo Nogoy\u00e1","url":"https:\/\/www.delexodo.com.ar\/","logo":{"@type":"ImageObject","inLanguage":"es","@id":"https:\/\/www.delexodo.com.ar\/#\/schema\/logo\/image\/","url":"https:\/\/www.delexodo.com.ar\/wp-content\/uploads\/2024\/10\/cropped-cropped-LOGO24.png","contentUrl":"https:\/\/www.delexodo.com.ar\/wp-content\/uploads\/2024\/10\/cropped-cropped-LOGO24.png","width":512,"height":349,"caption":"Del \u00c9xodo Nogoy\u00e1"},"image":{"@id":"https:\/\/www.delexodo.com.ar\/#\/schema\/logo\/image\/"}},{"@type":"Person","@id":"https:\/\/www.delexodo.com.ar\/#\/schema\/person\/bbed37f7da8e938660b34f2013ba449d","name":"admin","image":{"@type":"ImageObject","inLanguage":"es","@id":"https:\/\/www.delexodo.com.ar\/#\/schema\/person\/image\/","url":"https:\/\/secure.gravatar.com\/avatar\/6b1558d1b6df085f1901bd5bd98523d7?s=96&d=mm&r=g","contentUrl":"https:\/\/secure.gravatar.com\/avatar\/6b1558d1b6df085f1901bd5bd98523d7?s=96&d=mm&r=g","caption":"admin"},"url":"https:\/\/www.delexodo.com.ar\/?author=1"}]}},"_links":{"self":[{"href":"https:\/\/www.delexodo.com.ar\/index.php?rest_route=\/wp\/v2\/posts\/8414","targetHints":{"allow":["GET"]}}],"collection":[{"href":"https:\/\/www.delexodo.com.ar\/index.php?rest_route=\/wp\/v2\/posts"}],"about":[{"href":"https:\/\/www.delexodo.com.ar\/index.php?rest_route=\/wp\/v2\/types\/post"}],"author":[{"embeddable":true,"href":"https:\/\/www.delexodo.com.ar\/index.php?rest_route=\/wp\/v2\/users\/1"}],"replies":[{"embeddable":true,"href":"https:\/\/www.delexodo.com.ar\/index.php?rest_route=%2Fwp%2Fv2%2Fcomments&post=8414"}],"version-history":[{"count":0,"href":"https:\/\/www.delexodo.com.ar\/index.php?rest_route=\/wp\/v2\/posts\/8414\/revisions"}],"wp:featuredmedia":[{"embeddable":true,"href":"https:\/\/www.delexodo.com.ar\/index.php?rest_route=\/wp\/v2\/media\/8415"}],"wp:attachment":[{"href":"https:\/\/www.delexodo.com.ar\/index.php?rest_route=%2Fwp%2Fv2%2Fmedia&parent=8414"}],"wp:term":[{"taxonomy":"category","embeddable":true,"href":"https:\/\/www.delexodo.com.ar\/index.php?rest_route=%2Fwp%2Fv2%2Fcategories&post=8414"},{"taxonomy":"post_tag","embeddable":true,"href":"https:\/\/www.delexodo.com.ar\/index.php?rest_route=%2Fwp%2Fv2%2Ftags&post=8414"}],"curies":[{"name":"wp","href":"https:\/\/api.w.org\/{rel}","templated":true}]}}