{"id":8411,"date":"2021-06-09T20:07:59","date_gmt":"2021-06-09T23:07:59","guid":{"rendered":"http:\/\/www.delexodo.com.ar\/?p=8411"},"modified":"2021-06-09T20:08:00","modified_gmt":"2021-06-09T23:08:00","slug":"importantes-gestiones-ante-la-ministra-de-salud-provincial-por-parte-de-la-senadora-maidana","status":"publish","type":"post","link":"https:\/\/www.delexodo.com.ar\/?p=8411","title":{"rendered":"IMPORTANTES GESTIONES ANTE LA MINISTRA DE SALUD PROVINCIAL POR PARTE DE LA SENADORA MAIDANA"},"content":{"rendered":"\n<p>Se vacunar\u00e1 a estudiantes del tercer a\u00f1o de la carrera de enfermer\u00eda, realizar\u00e1n obras de refacci\u00f3n en un ala del hospital para pacientes Covid y se buscar\u00e1 cubrir la alta demanda de oxigeno a trav\u00e9s de la gesti\u00f3n de subsidios para la cooperadora.<\/p>\n\n\n\n<p>La senadora provincial por el departamento Nogoy\u00e1, Dra. Flavia Maidana, mantuvo un encuentro de trabajo con la Ministra de Salud de Entre R\u00edos, Sonia Vel\u00e1zquez. All\u00ed, la legisladora acerc\u00f3 las necesidades por la que atraviesa la ciudad y el departamento ante la situaci\u00f3n sanitaria y acordaron acciones a corto plazo.<\/p>\n\n\n\n<p>En principio, Maidana confirm\u00f3 que solicit\u00f3 a la ministra que se incluya en el Plan Rector de Vacunaci\u00f3n de Covid-19 a los y las estudiantes de tercer a\u00f1o de enfermer\u00eda para que comiencen a hacer sus pr\u00e1cticas en el Hospital San Blas, previo acuerdo gestionado con el Consejo General de Educaci\u00f3n que lleva adelante Mart\u00edn M\u00fcller.<\/p>\n\n\n\n<p>Tambi\u00e9n se realiz\u00f3 la presentaci\u00f3n del proyecto de obra para la refacci\u00f3n del sector de traumatolog\u00eda del Hospital San Blas. Esta ala se encuentra inactiva y la senadora propuso que se realicen las obras necesarias para la creaci\u00f3n de un \u00e1rea de internaci\u00f3n para pacientes Covid y de esta manera contar con m\u00e1s camas disponibles para vecinos y vecinas del departamento.&nbsp; Sobre este punto, ambas representantes adelantaron que en breve comenzar\u00e1n los trabajos.<\/p>\n\n\n\n<p>Otro de los puntos del encuentro con la ministra de salud, fue poner en conocimiento la situaci\u00f3n sobre el consumo de oxigeno y la necesidad de comprar m\u00e1s tubos. En este sentido, la senadora se comprometi\u00f3 a gestionar a trav\u00e9s de la vicegobernaci\u00f3n, subsidios para la Cooperadora del Hospital San Blas y de esta manera se puedan adquirir m\u00e1s tubos de oxigeno.<\/p>\n\n\n\n<p><em>\u201cArticularemos entre el Ministerio de Salud y organismos del gobierno provincial para la creaci\u00f3n de cargos y mejoras salariales del personal de salud\u201d<\/em> adelant\u00f3 la legisladora al concluir el encuentro, anunciando tambi\u00e9n que se habl\u00f3 sobre la situaci\u00f3n de los Centros de Salud del departamento Nogoy\u00e1, <em>\u201csobre todo en el de la ciudad de Aranguren, donde se ejecutan mejoras edilicias y generaremos mas recurso humano\u201d<\/em>.<\/p>\n\n\n\n<p>Por \u00faltimo, se\u00f1al\u00f3 que se gestiona la llegada de una posta sanitaria para la zona de Montoya, donde se prestar\u00e1 atenci\u00f3n m\u00e9dica y enfermer\u00eda de manera ambulatoria.<\/p>\n\n\n\n<p>Para finalizar agradeci\u00f3 a la ministra de salud por la predisposici\u00f3n a brindar soluciones inmediatas al departamento y mostrarse siempre atenta a los planteos y requerimientos.<\/p>\n","protected":false},"excerpt":{"rendered":"<p>Se vacunar\u00e1 a estudiantes del tercer a\u00f1o de la carrera de enfermer\u00eda, realizar\u00e1n obras de refacci\u00f3n en un ala del&hellip;<\/p>\n","protected":false},"author":1,"featured_media":8412,"comment_status":"closed","ping_status":"closed","sticky":false,"template":"","format":"standard","meta":{"_joinchat":[],"footnotes":""},"categories":[65,1,69,352],"tags":[345],"class_list":["post-8411","post","type-post","status-publish","format-standard","has-post-thumbnail","hentry","category-destacados","category-sincategoria","category-noticias","category-salud","tag-destacar"],"yoast_head":"<!-- This site is optimized with the Yoast SEO plugin v25.1 - https:\/\/yoast.com\/wordpress\/plugins\/seo\/ -->\n<title>IMPORTANTES GESTIONES ANTE LA MINISTRA DE SALUD PROVINCIAL POR PARTE DE LA SENADORA MAIDANA - Del \u00c9xodo Nogoy\u00e1<\/title>\n<meta name=\"robots\" content=\"index, follow, max-snippet:-1, max-image-preview:large, max-video-preview:-1\" \/>\n<link rel=\"canonical\" href=\"https:\/\/www.delexodo.com.ar\/?p=8411\" \/>\n<meta property=\"og:locale\" content=\"es_ES\" \/>\n<meta property=\"og:type\" content=\"article\" \/>\n<meta property=\"og:title\" content=\"IMPORTANTES GESTIONES ANTE LA MINISTRA DE SALUD PROVINCIAL POR PARTE DE LA SENADORA MAIDANA - Del \u00c9xodo Nogoy\u00e1\" \/>\n<meta property=\"og:description\" content=\"Se vacunar\u00e1 a estudiantes del tercer a\u00f1o de la carrera de enfermer\u00eda, realizar\u00e1n obras de refacci\u00f3n en un ala del&hellip;\" \/>\n<meta property=\"og:url\" content=\"https:\/\/www.delexodo.com.ar\/?p=8411\" \/>\n<meta property=\"og:site_name\" content=\"Del \u00c9xodo Nogoy\u00e1\" \/>\n<meta property=\"article:published_time\" content=\"2021-06-09T23:07:59+00:00\" \/>\n<meta property=\"article:modified_time\" content=\"2021-06-09T23:08:00+00:00\" \/>\n<meta property=\"og:image\" content=\"https:\/\/www.delexodo.com.ar\/wp-content\/uploads\/2021\/06\/VELAZQUEZ-MAIDANA.jpeg\" \/>\n\t<meta property=\"og:image:width\" content=\"943\" \/>\n\t<meta property=\"og:image:height\" content=\"504\" \/>\n\t<meta property=\"og:image:type\" content=\"image\/jpeg\" \/>\n<meta name=\"author\" content=\"admin\" \/>\n<meta name=\"twitter:card\" content=\"summary_large_image\" \/>\n<meta name=\"twitter:label1\" content=\"Escrito por\" \/>\n\t<meta name=\"twitter:data1\" content=\"admin\" \/>\n\t<meta name=\"twitter:label2\" content=\"Tiempo de lectura\" \/>\n\t<meta name=\"twitter:data2\" content=\"2 minutos\" \/>\n<script type=\"application\/ld+json\" class=\"yoast-schema-graph\">{\"@context\":\"https:\/\/schema.org\",\"@graph\":[{\"@type\":\"Article\",\"@id\":\"https:\/\/www.delexodo.com.ar\/?p=8411#article\",\"isPartOf\":{\"@id\":\"https:\/\/www.delexodo.com.ar\/?p=8411\"},\"author\":{\"name\":\"admin\",\"@id\":\"https:\/\/www.delexodo.com.ar\/#\/schema\/person\/bbed37f7da8e938660b34f2013ba449d\"},\"headline\":\"IMPORTANTES GESTIONES ANTE LA MINISTRA DE SALUD PROVINCIAL POR PARTE DE LA SENADORA MAIDANA\",\"datePublished\":\"2021-06-09T23:07:59+00:00\",\"dateModified\":\"2021-06-09T23:08:00+00:00\",\"mainEntityOfPage\":{\"@id\":\"https:\/\/www.delexodo.com.ar\/?p=8411\"},\"wordCount\":454,\"publisher\":{\"@id\":\"https:\/\/www.delexodo.com.ar\/#organization\"},\"image\":{\"@id\":\"https:\/\/www.delexodo.com.ar\/?p=8411#primaryimage\"},\"thumbnailUrl\":\"https:\/\/www.delexodo.com.ar\/wp-content\/uploads\/2021\/06\/VELAZQUEZ-MAIDANA.jpeg\",\"keywords\":[\"destacar\"],\"articleSection\":[\"Destacados\",\"Nogoya\",\"NOTICIAS\",\"Salud\"],\"inLanguage\":\"es\"},{\"@type\":\"WebPage\",\"@id\":\"https:\/\/www.delexodo.com.ar\/?p=8411\",\"url\":\"https:\/\/www.delexodo.com.ar\/?p=8411\",\"name\":\"IMPORTANTES GESTIONES ANTE LA MINISTRA DE SALUD PROVINCIAL POR PARTE DE LA SENADORA MAIDANA - Del \u00c9xodo Nogoy\u00e1\",\"isPartOf\":{\"@id\":\"https:\/\/www.delexodo.com.ar\/#website\"},\"primaryImageOfPage\":{\"@id\":\"https:\/\/www.delexodo.com.ar\/?p=8411#primaryimage\"},\"image\":{\"@id\":\"https:\/\/www.delexodo.com.ar\/?p=8411#primaryimage\"},\"thumbnailUrl\":\"https:\/\/www.delexodo.com.ar\/wp-content\/uploads\/2021\/06\/VELAZQUEZ-MAIDANA.jpeg\",\"datePublished\":\"2021-06-09T23:07:59+00:00\",\"dateModified\":\"2021-06-09T23:08:00+00:00\",\"breadcrumb\":{\"@id\":\"https:\/\/www.delexodo.com.ar\/?p=8411#breadcrumb\"},\"inLanguage\":\"es\",\"potentialAction\":[{\"@type\":\"ReadAction\",\"target\":[\"https:\/\/www.delexodo.com.ar\/?p=8411\"]}]},{\"@type\":\"ImageObject\",\"inLanguage\":\"es\",\"@id\":\"https:\/\/www.delexodo.com.ar\/?p=8411#primaryimage\",\"url\":\"https:\/\/www.delexodo.com.ar\/wp-content\/uploads\/2021\/06\/VELAZQUEZ-MAIDANA.jpeg\",\"contentUrl\":\"https:\/\/www.delexodo.com.ar\/wp-content\/uploads\/2021\/06\/VELAZQUEZ-MAIDANA.jpeg\",\"width\":943,\"height\":504},{\"@type\":\"BreadcrumbList\",\"@id\":\"https:\/\/www.delexodo.com.ar\/?p=8411#breadcrumb\",\"itemListElement\":[{\"@type\":\"ListItem\",\"position\":1,\"name\":\"Portada\",\"item\":\"https:\/\/www.delexodo.com.ar\/\"},{\"@type\":\"ListItem\",\"position\":2,\"name\":\"IMPORTANTES GESTIONES ANTE LA MINISTRA DE SALUD PROVINCIAL POR PARTE DE LA SENADORA MAIDANA\"}]},{\"@type\":\"WebSite\",\"@id\":\"https:\/\/www.delexodo.com.ar\/#website\",\"url\":\"https:\/\/www.delexodo.com.ar\/\",\"name\":\"Del \u00c9xodo Nogoy\u00e1\",\"description\":\"El Portal de Noticias de la Regi\u00f3n\",\"publisher\":{\"@id\":\"https:\/\/www.delexodo.com.ar\/#organization\"},\"potentialAction\":[{\"@type\":\"SearchAction\",\"target\":{\"@type\":\"EntryPoint\",\"urlTemplate\":\"https:\/\/www.delexodo.com.ar\/?s={search_term_string}\"},\"query-input\":{\"@type\":\"PropertyValueSpecification\",\"valueRequired\":true,\"valueName\":\"search_term_string\"}}],\"inLanguage\":\"es\"},{\"@type\":\"Organization\",\"@id\":\"https:\/\/www.delexodo.com.ar\/#organization\",\"name\":\"Del \u00c9xodo Nogoy\u00e1\",\"url\":\"https:\/\/www.delexodo.com.ar\/\",\"logo\":{\"@type\":\"ImageObject\",\"inLanguage\":\"es\",\"@id\":\"https:\/\/www.delexodo.com.ar\/#\/schema\/logo\/image\/\",\"url\":\"https:\/\/www.delexodo.com.ar\/wp-content\/uploads\/2024\/10\/cropped-cropped-LOGO24.png\",\"contentUrl\":\"https:\/\/www.delexodo.com.ar\/wp-content\/uploads\/2024\/10\/cropped-cropped-LOGO24.png\",\"width\":512,\"height\":349,\"caption\":\"Del \u00c9xodo Nogoy\u00e1\"},\"image\":{\"@id\":\"https:\/\/www.delexodo.com.ar\/#\/schema\/logo\/image\/\"}},{\"@type\":\"Person\",\"@id\":\"https:\/\/www.delexodo.com.ar\/#\/schema\/person\/bbed37f7da8e938660b34f2013ba449d\",\"name\":\"admin\",\"image\":{\"@type\":\"ImageObject\",\"inLanguage\":\"es\",\"@id\":\"https:\/\/www.delexodo.com.ar\/#\/schema\/person\/image\/\",\"url\":\"https:\/\/secure.gravatar.com\/avatar\/6b1558d1b6df085f1901bd5bd98523d7?s=96&d=mm&r=g\",\"contentUrl\":\"https:\/\/secure.gravatar.com\/avatar\/6b1558d1b6df085f1901bd5bd98523d7?s=96&d=mm&r=g\",\"caption\":\"admin\"},\"url\":\"https:\/\/www.delexodo.com.ar\/?author=1\"}]}<\/script>\n<!-- \/ Yoast SEO plugin. -->","yoast_head_json":{"title":"IMPORTANTES GESTIONES ANTE LA MINISTRA DE SALUD PROVINCIAL POR PARTE DE LA SENADORA MAIDANA - Del \u00c9xodo Nogoy\u00e1","robots":{"index":"index","follow":"follow","max-snippet":"max-snippet:-1","max-image-preview":"max-image-preview:large","max-video-preview":"max-video-preview:-1"},"canonical":"https:\/\/www.delexodo.com.ar\/?p=8411","og_locale":"es_ES","og_type":"article","og_title":"IMPORTANTES GESTIONES ANTE LA MINISTRA DE SALUD PROVINCIAL POR PARTE DE LA SENADORA MAIDANA - Del \u00c9xodo Nogoy\u00e1","og_description":"Se vacunar\u00e1 a estudiantes del tercer a\u00f1o de la carrera de enfermer\u00eda, realizar\u00e1n obras de refacci\u00f3n en un ala del&hellip;","og_url":"https:\/\/www.delexodo.com.ar\/?p=8411","og_site_name":"Del \u00c9xodo Nogoy\u00e1","article_published_time":"2021-06-09T23:07:59+00:00","article_modified_time":"2021-06-09T23:08:00+00:00","og_image":[{"width":943,"height":504,"url":"https:\/\/www.delexodo.com.ar\/wp-content\/uploads\/2021\/06\/VELAZQUEZ-MAIDANA.jpeg","type":"image\/jpeg"}],"author":"admin","twitter_card":"summary_large_image","twitter_misc":{"Escrito por":"admin","Tiempo de lectura":"2 minutos"},"schema":{"@context":"https:\/\/schema.org","@graph":[{"@type":"Article","@id":"https:\/\/www.delexodo.com.ar\/?p=8411#article","isPartOf":{"@id":"https:\/\/www.delexodo.com.ar\/?p=8411"},"author":{"name":"admin","@id":"https:\/\/www.delexodo.com.ar\/#\/schema\/person\/bbed37f7da8e938660b34f2013ba449d"},"headline":"IMPORTANTES GESTIONES ANTE LA MINISTRA DE SALUD PROVINCIAL POR PARTE DE LA SENADORA MAIDANA","datePublished":"2021-06-09T23:07:59+00:00","dateModified":"2021-06-09T23:08:00+00:00","mainEntityOfPage":{"@id":"https:\/\/www.delexodo.com.ar\/?p=8411"},"wordCount":454,"publisher":{"@id":"https:\/\/www.delexodo.com.ar\/#organization"},"image":{"@id":"https:\/\/www.delexodo.com.ar\/?p=8411#primaryimage"},"thumbnailUrl":"https:\/\/www.delexodo.com.ar\/wp-content\/uploads\/2021\/06\/VELAZQUEZ-MAIDANA.jpeg","keywords":["destacar"],"articleSection":["Destacados","Nogoya","NOTICIAS","Salud"],"inLanguage":"es"},{"@type":"WebPage","@id":"https:\/\/www.delexodo.com.ar\/?p=8411","url":"https:\/\/www.delexodo.com.ar\/?p=8411","name":"IMPORTANTES GESTIONES ANTE LA MINISTRA DE SALUD PROVINCIAL POR PARTE DE LA SENADORA MAIDANA - Del \u00c9xodo Nogoy\u00e1","isPartOf":{"@id":"https:\/\/www.delexodo.com.ar\/#website"},"primaryImageOfPage":{"@id":"https:\/\/www.delexodo.com.ar\/?p=8411#primaryimage"},"image":{"@id":"https:\/\/www.delexodo.com.ar\/?p=8411#primaryimage"},"thumbnailUrl":"https:\/\/www.delexodo.com.ar\/wp-content\/uploads\/2021\/06\/VELAZQUEZ-MAIDANA.jpeg","datePublished":"2021-06-09T23:07:59+00:00","dateModified":"2021-06-09T23:08:00+00:00","breadcrumb":{"@id":"https:\/\/www.delexodo.com.ar\/?p=8411#breadcrumb"},"inLanguage":"es","potentialAction":[{"@type":"ReadAction","target":["https:\/\/www.delexodo.com.ar\/?p=8411"]}]},{"@type":"ImageObject","inLanguage":"es","@id":"https:\/\/www.delexodo.com.ar\/?p=8411#primaryimage","url":"https:\/\/www.delexodo.com.ar\/wp-content\/uploads\/2021\/06\/VELAZQUEZ-MAIDANA.jpeg","contentUrl":"https:\/\/www.delexodo.com.ar\/wp-content\/uploads\/2021\/06\/VELAZQUEZ-MAIDANA.jpeg","width":943,"height":504},{"@type":"BreadcrumbList","@id":"https:\/\/www.delexodo.com.ar\/?p=8411#breadcrumb","itemListElement":[{"@type":"ListItem","position":1,"name":"Portada","item":"https:\/\/www.delexodo.com.ar\/"},{"@type":"ListItem","position":2,"name":"IMPORTANTES GESTIONES ANTE LA MINISTRA DE SALUD PROVINCIAL POR PARTE DE LA SENADORA MAIDANA"}]},{"@type":"WebSite","@id":"https:\/\/www.delexodo.com.ar\/#website","url":"https:\/\/www.delexodo.com.ar\/","name":"Del \u00c9xodo Nogoy\u00e1","description":"El Portal de Noticias de la Regi\u00f3n","publisher":{"@id":"https:\/\/www.delexodo.com.ar\/#organization"},"potentialAction":[{"@type":"SearchAction","target":{"@type":"EntryPoint","urlTemplate":"https:\/\/www.delexodo.com.ar\/?s={search_term_string}"},"query-input":{"@type":"PropertyValueSpecification","valueRequired":true,"valueName":"search_term_string"}}],"inLanguage":"es"},{"@type":"Organization","@id":"https:\/\/www.delexodo.com.ar\/#organization","name":"Del \u00c9xodo Nogoy\u00e1","url":"https:\/\/www.delexodo.com.ar\/","logo":{"@type":"ImageObject","inLanguage":"es","@id":"https:\/\/www.delexodo.com.ar\/#\/schema\/logo\/image\/","url":"https:\/\/www.delexodo.com.ar\/wp-content\/uploads\/2024\/10\/cropped-cropped-LOGO24.png","contentUrl":"https:\/\/www.delexodo.com.ar\/wp-content\/uploads\/2024\/10\/cropped-cropped-LOGO24.png","width":512,"height":349,"caption":"Del \u00c9xodo Nogoy\u00e1"},"image":{"@id":"https:\/\/www.delexodo.com.ar\/#\/schema\/logo\/image\/"}},{"@type":"Person","@id":"https:\/\/www.delexodo.com.ar\/#\/schema\/person\/bbed37f7da8e938660b34f2013ba449d","name":"admin","image":{"@type":"ImageObject","inLanguage":"es","@id":"https:\/\/www.delexodo.com.ar\/#\/schema\/person\/image\/","url":"https:\/\/secure.gravatar.com\/avatar\/6b1558d1b6df085f1901bd5bd98523d7?s=96&d=mm&r=g","contentUrl":"https:\/\/secure.gravatar.com\/avatar\/6b1558d1b6df085f1901bd5bd98523d7?s=96&d=mm&r=g","caption":"admin"},"url":"https:\/\/www.delexodo.com.ar\/?author=1"}]}},"_links":{"self":[{"href":"https:\/\/www.delexodo.com.ar\/index.php?rest_route=\/wp\/v2\/posts\/8411","targetHints":{"allow":["GET"]}}],"collection":[{"href":"https:\/\/www.delexodo.com.ar\/index.php?rest_route=\/wp\/v2\/posts"}],"about":[{"href":"https:\/\/www.delexodo.com.ar\/index.php?rest_route=\/wp\/v2\/types\/post"}],"author":[{"embeddable":true,"href":"https:\/\/www.delexodo.com.ar\/index.php?rest_route=\/wp\/v2\/users\/1"}],"replies":[{"embeddable":true,"href":"https:\/\/www.delexodo.com.ar\/index.php?rest_route=%2Fwp%2Fv2%2Fcomments&post=8411"}],"version-history":[{"count":0,"href":"https:\/\/www.delexodo.com.ar\/index.php?rest_route=\/wp\/v2\/posts\/8411\/revisions"}],"wp:featuredmedia":[{"embeddable":true,"href":"https:\/\/www.delexodo.com.ar\/index.php?rest_route=\/wp\/v2\/media\/8412"}],"wp:attachment":[{"href":"https:\/\/www.delexodo.com.ar\/index.php?rest_route=%2Fwp%2Fv2%2Fmedia&parent=8411"}],"wp:term":[{"taxonomy":"category","embeddable":true,"href":"https:\/\/www.delexodo.com.ar\/index.php?rest_route=%2Fwp%2Fv2%2Fcategories&post=8411"},{"taxonomy":"post_tag","embeddable":true,"href":"https:\/\/www.delexodo.com.ar\/index.php?rest_route=%2Fwp%2Fv2%2Ftags&post=8411"}],"curies":[{"name":"wp","href":"https:\/\/api.w.org\/{rel}","templated":true}]}}