{"id":8409,"date":"2021-06-09T15:35:57","date_gmt":"2021-06-09T18:35:57","guid":{"rendered":"http:\/\/www.delexodo.com.ar\/?p=8409"},"modified":"2021-06-09T15:35:59","modified_gmt":"2021-06-09T18:35:59","slug":"iosper-aclaro-sobre-internaciones-de-afiliados-con-covid-en-clinicas-privadas","status":"publish","type":"post","link":"https:\/\/www.delexodo.com.ar\/?p=8409","title":{"rendered":"IOSPER ACLAR\u00d3 SOBRE INTERNACIONES DE AFILIADOS CON COVID EN CL\u00cdNICAS PRIVADAS"},"content":{"rendered":"\n<p>El Instituto de Obra Social de la Provincia de Entre R\u00edos (Iosper) se refiri\u00f3 al reclamo de afiliados al organismo, que han sido internados con Covid-19 en centros privados. El\u00a0 gerente de Administraci\u00f3n, Arnoldo Schmidt, ratific\u00f3 que la prestadora de salud <strong><em>\u201cles garantiza la cobertura del 100 por ciento\u201d<\/em><\/strong>, y les recomend\u00f3 no aceptar exigencias de cobros diferentes por parte de establecimientos particulares.<\/p>\n\n\n\n<p>El funcionario record\u00f3 que el Instituto acord\u00f3 con cl\u00ednicas y sanatorios de Entre R\u00edos para los casos de internaci\u00f3n de afiliados en planta internados con Covid-19, <em>\u201cla suma de 9.706,75 pesos por d\u00eda cl\u00ednico m\u00e1s\u00a0 5.850 pesos, correspondiente al m\u00f3dulo de aislamiento, \u201ces decir un total de 15.556,75 pesos por d\u00eda\u201d<\/em>.<\/p>\n\n\n\n<p>Adem\u00e1s, precis\u00f3 que <em>\u201cpara los casos de internaci\u00f3n en Unidad de Terapia Intensiva (UTI), sin respirador, nuestra Obra Social abona 30.161,95 pesos por d\u00eda UTI, m\u00e1s\u00a0 5.850 pesos correspondiente al m\u00f3dulo de aislamiento, es decir un total de 36.011,95 pesos por d\u00eda\u201d<\/em>.<\/p>\n\n\n\n<p>El gerente de Administraci\u00f3n explic\u00f3 que con respirador, Iosper paga 34.707,55 pesos por d\u00eda UTI con ARM m\u00e1s,\u00a0 5.850 pesos el m\u00f3dulo de aislamiento, es decir un total de 40.557,55 pesos por d\u00eda.<\/p>\n\n\n\n<p>Schmidt reiter\u00f3 que Iosper <strong><em>\u201cacord\u00f3 con cl\u00ednicas y sanatorios privados estos valores\u201d<\/em><\/strong> e indic\u00f3 que <strong><em>\u201csi un afiliado se encuentra en una situaci\u00f3n donde le exigen un pago distinto, este valor que pretende percibir el establecimiento privado, no tiene que ver con la relaci\u00f3n contractual con la Obra Social\u201d<\/em><\/strong>.<\/p>\n","protected":false},"excerpt":{"rendered":"<p>El Instituto de Obra Social de la Provincia de Entre R\u00edos (Iosper) se refiri\u00f3 al reclamo de afiliados al organismo,&hellip;<\/p>\n","protected":false},"author":1,"featured_media":4318,"comment_status":"closed","ping_status":"closed","sticky":false,"template":"","format":"standard","meta":{"_joinchat":[],"footnotes":""},"categories":[65,1,69,352],"tags":[],"class_list":["post-8409","post","type-post","status-publish","format-standard","has-post-thumbnail","hentry","category-destacados","category-sincategoria","category-noticias","category-salud"],"yoast_head":"<!-- This site is optimized with the Yoast SEO plugin v25.1 - https:\/\/yoast.com\/wordpress\/plugins\/seo\/ -->\n<title>IOSPER ACLAR\u00d3 SOBRE INTERNACIONES DE AFILIADOS CON COVID EN CL\u00cdNICAS PRIVADAS - Del \u00c9xodo Nogoy\u00e1<\/title>\n<meta name=\"robots\" content=\"index, follow, max-snippet:-1, max-image-preview:large, max-video-preview:-1\" \/>\n<link rel=\"canonical\" href=\"https:\/\/www.delexodo.com.ar\/?p=8409\" \/>\n<meta property=\"og:locale\" content=\"es_ES\" \/>\n<meta property=\"og:type\" content=\"article\" \/>\n<meta property=\"og:title\" content=\"IOSPER ACLAR\u00d3 SOBRE INTERNACIONES DE AFILIADOS CON COVID EN CL\u00cdNICAS PRIVADAS - Del \u00c9xodo Nogoy\u00e1\" \/>\n<meta property=\"og:description\" content=\"El Instituto de Obra Social de la Provincia de Entre R\u00edos (Iosper) se refiri\u00f3 al reclamo de afiliados al organismo,&hellip;\" \/>\n<meta property=\"og:url\" content=\"https:\/\/www.delexodo.com.ar\/?p=8409\" \/>\n<meta property=\"og:site_name\" content=\"Del \u00c9xodo Nogoy\u00e1\" \/>\n<meta property=\"article:published_time\" content=\"2021-06-09T18:35:57+00:00\" \/>\n<meta property=\"article:modified_time\" content=\"2021-06-09T18:35:59+00:00\" \/>\n<meta property=\"og:image\" content=\"https:\/\/www.delexodo.com.ar\/wp-content\/uploads\/2019\/09\/IOSPER.jpg\" \/>\n\t<meta property=\"og:image:width\" content=\"810\" \/>\n\t<meta property=\"og:image:height\" content=\"410\" \/>\n\t<meta property=\"og:image:type\" content=\"image\/jpeg\" \/>\n<meta name=\"author\" content=\"admin\" \/>\n<meta name=\"twitter:card\" content=\"summary_large_image\" \/>\n<meta name=\"twitter:label1\" content=\"Escrito por\" \/>\n\t<meta name=\"twitter:data1\" content=\"admin\" \/>\n\t<meta name=\"twitter:label2\" content=\"Tiempo de lectura\" \/>\n\t<meta name=\"twitter:data2\" content=\"1 minuto\" \/>\n<script type=\"application\/ld+json\" class=\"yoast-schema-graph\">{\"@context\":\"https:\/\/schema.org\",\"@graph\":[{\"@type\":\"Article\",\"@id\":\"https:\/\/www.delexodo.com.ar\/?p=8409#article\",\"isPartOf\":{\"@id\":\"https:\/\/www.delexodo.com.ar\/?p=8409\"},\"author\":{\"name\":\"admin\",\"@id\":\"https:\/\/www.delexodo.com.ar\/#\/schema\/person\/bbed37f7da8e938660b34f2013ba449d\"},\"headline\":\"IOSPER ACLAR\u00d3 SOBRE INTERNACIONES DE AFILIADOS CON COVID EN CL\u00cdNICAS PRIVADAS\",\"datePublished\":\"2021-06-09T18:35:57+00:00\",\"dateModified\":\"2021-06-09T18:35:59+00:00\",\"mainEntityOfPage\":{\"@id\":\"https:\/\/www.delexodo.com.ar\/?p=8409\"},\"wordCount\":264,\"publisher\":{\"@id\":\"https:\/\/www.delexodo.com.ar\/#organization\"},\"image\":{\"@id\":\"https:\/\/www.delexodo.com.ar\/?p=8409#primaryimage\"},\"thumbnailUrl\":\"https:\/\/www.delexodo.com.ar\/wp-content\/uploads\/2019\/09\/IOSPER.jpg\",\"articleSection\":[\"Destacados\",\"Nogoya\",\"NOTICIAS\",\"Salud\"],\"inLanguage\":\"es\"},{\"@type\":\"WebPage\",\"@id\":\"https:\/\/www.delexodo.com.ar\/?p=8409\",\"url\":\"https:\/\/www.delexodo.com.ar\/?p=8409\",\"name\":\"IOSPER ACLAR\u00d3 SOBRE INTERNACIONES DE AFILIADOS CON COVID EN CL\u00cdNICAS PRIVADAS - Del \u00c9xodo Nogoy\u00e1\",\"isPartOf\":{\"@id\":\"https:\/\/www.delexodo.com.ar\/#website\"},\"primaryImageOfPage\":{\"@id\":\"https:\/\/www.delexodo.com.ar\/?p=8409#primaryimage\"},\"image\":{\"@id\":\"https:\/\/www.delexodo.com.ar\/?p=8409#primaryimage\"},\"thumbnailUrl\":\"https:\/\/www.delexodo.com.ar\/wp-content\/uploads\/2019\/09\/IOSPER.jpg\",\"datePublished\":\"2021-06-09T18:35:57+00:00\",\"dateModified\":\"2021-06-09T18:35:59+00:00\",\"breadcrumb\":{\"@id\":\"https:\/\/www.delexodo.com.ar\/?p=8409#breadcrumb\"},\"inLanguage\":\"es\",\"potentialAction\":[{\"@type\":\"ReadAction\",\"target\":[\"https:\/\/www.delexodo.com.ar\/?p=8409\"]}]},{\"@type\":\"ImageObject\",\"inLanguage\":\"es\",\"@id\":\"https:\/\/www.delexodo.com.ar\/?p=8409#primaryimage\",\"url\":\"https:\/\/www.delexodo.com.ar\/wp-content\/uploads\/2019\/09\/IOSPER.jpg\",\"contentUrl\":\"https:\/\/www.delexodo.com.ar\/wp-content\/uploads\/2019\/09\/IOSPER.jpg\",\"width\":810,\"height\":410},{\"@type\":\"BreadcrumbList\",\"@id\":\"https:\/\/www.delexodo.com.ar\/?p=8409#breadcrumb\",\"itemListElement\":[{\"@type\":\"ListItem\",\"position\":1,\"name\":\"Portada\",\"item\":\"https:\/\/www.delexodo.com.ar\/\"},{\"@type\":\"ListItem\",\"position\":2,\"name\":\"IOSPER ACLAR\u00d3 SOBRE INTERNACIONES DE AFILIADOS CON COVID EN CL\u00cdNICAS PRIVADAS\"}]},{\"@type\":\"WebSite\",\"@id\":\"https:\/\/www.delexodo.com.ar\/#website\",\"url\":\"https:\/\/www.delexodo.com.ar\/\",\"name\":\"Del \u00c9xodo Nogoy\u00e1\",\"description\":\"El Portal de Noticias de la Regi\u00f3n\",\"publisher\":{\"@id\":\"https:\/\/www.delexodo.com.ar\/#organization\"},\"potentialAction\":[{\"@type\":\"SearchAction\",\"target\":{\"@type\":\"EntryPoint\",\"urlTemplate\":\"https:\/\/www.delexodo.com.ar\/?s={search_term_string}\"},\"query-input\":{\"@type\":\"PropertyValueSpecification\",\"valueRequired\":true,\"valueName\":\"search_term_string\"}}],\"inLanguage\":\"es\"},{\"@type\":\"Organization\",\"@id\":\"https:\/\/www.delexodo.com.ar\/#organization\",\"name\":\"Del \u00c9xodo Nogoy\u00e1\",\"url\":\"https:\/\/www.delexodo.com.ar\/\",\"logo\":{\"@type\":\"ImageObject\",\"inLanguage\":\"es\",\"@id\":\"https:\/\/www.delexodo.com.ar\/#\/schema\/logo\/image\/\",\"url\":\"https:\/\/www.delexodo.com.ar\/wp-content\/uploads\/2024\/10\/cropped-cropped-LOGO24.png\",\"contentUrl\":\"https:\/\/www.delexodo.com.ar\/wp-content\/uploads\/2024\/10\/cropped-cropped-LOGO24.png\",\"width\":512,\"height\":349,\"caption\":\"Del \u00c9xodo Nogoy\u00e1\"},\"image\":{\"@id\":\"https:\/\/www.delexodo.com.ar\/#\/schema\/logo\/image\/\"}},{\"@type\":\"Person\",\"@id\":\"https:\/\/www.delexodo.com.ar\/#\/schema\/person\/bbed37f7da8e938660b34f2013ba449d\",\"name\":\"admin\",\"image\":{\"@type\":\"ImageObject\",\"inLanguage\":\"es\",\"@id\":\"https:\/\/www.delexodo.com.ar\/#\/schema\/person\/image\/\",\"url\":\"https:\/\/secure.gravatar.com\/avatar\/6b1558d1b6df085f1901bd5bd98523d7?s=96&d=mm&r=g\",\"contentUrl\":\"https:\/\/secure.gravatar.com\/avatar\/6b1558d1b6df085f1901bd5bd98523d7?s=96&d=mm&r=g\",\"caption\":\"admin\"},\"url\":\"https:\/\/www.delexodo.com.ar\/?author=1\"}]}<\/script>\n<!-- \/ Yoast SEO plugin. -->","yoast_head_json":{"title":"IOSPER ACLAR\u00d3 SOBRE INTERNACIONES DE AFILIADOS CON COVID EN CL\u00cdNICAS PRIVADAS - Del \u00c9xodo Nogoy\u00e1","robots":{"index":"index","follow":"follow","max-snippet":"max-snippet:-1","max-image-preview":"max-image-preview:large","max-video-preview":"max-video-preview:-1"},"canonical":"https:\/\/www.delexodo.com.ar\/?p=8409","og_locale":"es_ES","og_type":"article","og_title":"IOSPER ACLAR\u00d3 SOBRE INTERNACIONES DE AFILIADOS CON COVID EN CL\u00cdNICAS PRIVADAS - Del \u00c9xodo Nogoy\u00e1","og_description":"El Instituto de Obra Social de la Provincia de Entre R\u00edos (Iosper) se refiri\u00f3 al reclamo de afiliados al organismo,&hellip;","og_url":"https:\/\/www.delexodo.com.ar\/?p=8409","og_site_name":"Del \u00c9xodo Nogoy\u00e1","article_published_time":"2021-06-09T18:35:57+00:00","article_modified_time":"2021-06-09T18:35:59+00:00","og_image":[{"width":810,"height":410,"url":"https:\/\/www.delexodo.com.ar\/wp-content\/uploads\/2019\/09\/IOSPER.jpg","type":"image\/jpeg"}],"author":"admin","twitter_card":"summary_large_image","twitter_misc":{"Escrito por":"admin","Tiempo de lectura":"1 minuto"},"schema":{"@context":"https:\/\/schema.org","@graph":[{"@type":"Article","@id":"https:\/\/www.delexodo.com.ar\/?p=8409#article","isPartOf":{"@id":"https:\/\/www.delexodo.com.ar\/?p=8409"},"author":{"name":"admin","@id":"https:\/\/www.delexodo.com.ar\/#\/schema\/person\/bbed37f7da8e938660b34f2013ba449d"},"headline":"IOSPER ACLAR\u00d3 SOBRE INTERNACIONES DE AFILIADOS CON COVID EN CL\u00cdNICAS PRIVADAS","datePublished":"2021-06-09T18:35:57+00:00","dateModified":"2021-06-09T18:35:59+00:00","mainEntityOfPage":{"@id":"https:\/\/www.delexodo.com.ar\/?p=8409"},"wordCount":264,"publisher":{"@id":"https:\/\/www.delexodo.com.ar\/#organization"},"image":{"@id":"https:\/\/www.delexodo.com.ar\/?p=8409#primaryimage"},"thumbnailUrl":"https:\/\/www.delexodo.com.ar\/wp-content\/uploads\/2019\/09\/IOSPER.jpg","articleSection":["Destacados","Nogoya","NOTICIAS","Salud"],"inLanguage":"es"},{"@type":"WebPage","@id":"https:\/\/www.delexodo.com.ar\/?p=8409","url":"https:\/\/www.delexodo.com.ar\/?p=8409","name":"IOSPER ACLAR\u00d3 SOBRE INTERNACIONES DE AFILIADOS CON COVID EN CL\u00cdNICAS PRIVADAS - Del \u00c9xodo Nogoy\u00e1","isPartOf":{"@id":"https:\/\/www.delexodo.com.ar\/#website"},"primaryImageOfPage":{"@id":"https:\/\/www.delexodo.com.ar\/?p=8409#primaryimage"},"image":{"@id":"https:\/\/www.delexodo.com.ar\/?p=8409#primaryimage"},"thumbnailUrl":"https:\/\/www.delexodo.com.ar\/wp-content\/uploads\/2019\/09\/IOSPER.jpg","datePublished":"2021-06-09T18:35:57+00:00","dateModified":"2021-06-09T18:35:59+00:00","breadcrumb":{"@id":"https:\/\/www.delexodo.com.ar\/?p=8409#breadcrumb"},"inLanguage":"es","potentialAction":[{"@type":"ReadAction","target":["https:\/\/www.delexodo.com.ar\/?p=8409"]}]},{"@type":"ImageObject","inLanguage":"es","@id":"https:\/\/www.delexodo.com.ar\/?p=8409#primaryimage","url":"https:\/\/www.delexodo.com.ar\/wp-content\/uploads\/2019\/09\/IOSPER.jpg","contentUrl":"https:\/\/www.delexodo.com.ar\/wp-content\/uploads\/2019\/09\/IOSPER.jpg","width":810,"height":410},{"@type":"BreadcrumbList","@id":"https:\/\/www.delexodo.com.ar\/?p=8409#breadcrumb","itemListElement":[{"@type":"ListItem","position":1,"name":"Portada","item":"https:\/\/www.delexodo.com.ar\/"},{"@type":"ListItem","position":2,"name":"IOSPER ACLAR\u00d3 SOBRE INTERNACIONES DE AFILIADOS CON COVID EN CL\u00cdNICAS PRIVADAS"}]},{"@type":"WebSite","@id":"https:\/\/www.delexodo.com.ar\/#website","url":"https:\/\/www.delexodo.com.ar\/","name":"Del \u00c9xodo Nogoy\u00e1","description":"El Portal de Noticias de la Regi\u00f3n","publisher":{"@id":"https:\/\/www.delexodo.com.ar\/#organization"},"potentialAction":[{"@type":"SearchAction","target":{"@type":"EntryPoint","urlTemplate":"https:\/\/www.delexodo.com.ar\/?s={search_term_string}"},"query-input":{"@type":"PropertyValueSpecification","valueRequired":true,"valueName":"search_term_string"}}],"inLanguage":"es"},{"@type":"Organization","@id":"https:\/\/www.delexodo.com.ar\/#organization","name":"Del \u00c9xodo Nogoy\u00e1","url":"https:\/\/www.delexodo.com.ar\/","logo":{"@type":"ImageObject","inLanguage":"es","@id":"https:\/\/www.delexodo.com.ar\/#\/schema\/logo\/image\/","url":"https:\/\/www.delexodo.com.ar\/wp-content\/uploads\/2024\/10\/cropped-cropped-LOGO24.png","contentUrl":"https:\/\/www.delexodo.com.ar\/wp-content\/uploads\/2024\/10\/cropped-cropped-LOGO24.png","width":512,"height":349,"caption":"Del \u00c9xodo Nogoy\u00e1"},"image":{"@id":"https:\/\/www.delexodo.com.ar\/#\/schema\/logo\/image\/"}},{"@type":"Person","@id":"https:\/\/www.delexodo.com.ar\/#\/schema\/person\/bbed37f7da8e938660b34f2013ba449d","name":"admin","image":{"@type":"ImageObject","inLanguage":"es","@id":"https:\/\/www.delexodo.com.ar\/#\/schema\/person\/image\/","url":"https:\/\/secure.gravatar.com\/avatar\/6b1558d1b6df085f1901bd5bd98523d7?s=96&d=mm&r=g","contentUrl":"https:\/\/secure.gravatar.com\/avatar\/6b1558d1b6df085f1901bd5bd98523d7?s=96&d=mm&r=g","caption":"admin"},"url":"https:\/\/www.delexodo.com.ar\/?author=1"}]}},"_links":{"self":[{"href":"https:\/\/www.delexodo.com.ar\/index.php?rest_route=\/wp\/v2\/posts\/8409","targetHints":{"allow":["GET"]}}],"collection":[{"href":"https:\/\/www.delexodo.com.ar\/index.php?rest_route=\/wp\/v2\/posts"}],"about":[{"href":"https:\/\/www.delexodo.com.ar\/index.php?rest_route=\/wp\/v2\/types\/post"}],"author":[{"embeddable":true,"href":"https:\/\/www.delexodo.com.ar\/index.php?rest_route=\/wp\/v2\/users\/1"}],"replies":[{"embeddable":true,"href":"https:\/\/www.delexodo.com.ar\/index.php?rest_route=%2Fwp%2Fv2%2Fcomments&post=8409"}],"version-history":[{"count":0,"href":"https:\/\/www.delexodo.com.ar\/index.php?rest_route=\/wp\/v2\/posts\/8409\/revisions"}],"wp:featuredmedia":[{"embeddable":true,"href":"https:\/\/www.delexodo.com.ar\/index.php?rest_route=\/wp\/v2\/media\/4318"}],"wp:attachment":[{"href":"https:\/\/www.delexodo.com.ar\/index.php?rest_route=%2Fwp%2Fv2%2Fmedia&parent=8409"}],"wp:term":[{"taxonomy":"category","embeddable":true,"href":"https:\/\/www.delexodo.com.ar\/index.php?rest_route=%2Fwp%2Fv2%2Fcategories&post=8409"},{"taxonomy":"post_tag","embeddable":true,"href":"https:\/\/www.delexodo.com.ar\/index.php?rest_route=%2Fwp%2Fv2%2Ftags&post=8409"}],"curies":[{"name":"wp","href":"https:\/\/api.w.org\/{rel}","templated":true}]}}