{"id":8379,"date":"2021-06-04T20:47:22","date_gmt":"2021-06-04T23:47:22","guid":{"rendered":"http:\/\/www.delexodo.com.ar\/?p=8379"},"modified":"2021-06-04T20:47:23","modified_gmt":"2021-06-04T23:47:23","slug":"se-realizaran-cuatro-obras-viales-por-mas-de-2-000-millones-de-pesos-en-la-provincia","status":"publish","type":"post","link":"https:\/\/www.delexodo.com.ar\/?p=8379","title":{"rendered":"SE REALIZAR\u00c1N CUATRO OBRAS VIALES POR M\u00c1S DE 2.000 MILLONES DE PESOS EN LA PROVINCIA"},"content":{"rendered":"\n<p>Se trata de la recuperaci\u00f3n de calle Cris\u00f3logo Larralde, de Paran\u00e1; la ruta que une Racedo y Crespo; el acceso a Don Crist\u00f3bal Segundo, en el departamento Nogoy\u00e1; y uno de los accesos a Concordia desde la autov\u00eda 14. En total demandar\u00e1n 2.148 millones de pesos.<\/p>\n\n\n\n<p><em>\u00abYa no estamos solos. Tenemos un gobierno nacional que acompa\u00f1a, que federaliza los recursos, y esto tiene un impacto positivo en nuestras comunidades, en el desarrollo, en la planificaci\u00f3n, en la diversidad que tiene nuestra provincia. Hoy abrimos los sobres de varias licitaciones que estamos trabajando en articulaci\u00f3n con el gobierno nacional por un monto total superior a los 2.000 millones de pesos. El gobernador viene trabajando con los gobiernos locales en la definici\u00f3n tambi\u00e9n de cu\u00e1les son las obras prioritarias y con el gobierno nacional en la inversi\u00f3n\u00bb<\/em>, dijo la vicegobernadora Laura Stratta este viernes en el Centro Provincial de Convenciones, de Paran\u00e1, donde se realiz\u00f3 la apertura de sobres para tres obras viales en conjunto con el gobierno nacional y se anunci\u00f3 el llamado a licitaci\u00f3n de un tramo del acceso a Concordia por la ruta 4. Las obras a ejecutar suman en total de 2.148 millones de pesos.<\/p>\n\n\n\n<p><em>\u201cEstamos muy agradecidos con Vialidad Nacional\u00bb<\/em>, afirm\u00f3 adem\u00e1s Stratta y destac\u00f3 la tarea de la Direcci\u00f3n Provincial de Vialidad y el trabajo articulado con los municipios y sostuvo: <em>\u00abAqu\u00ed estamos para seguir trabajando siempre en conjunto, una manera respetuosa y virtuosa\u00bb<\/em>.<\/p>\n\n\n\n<div class=\"wp-block-image\"><figure class=\"aligncenter size-large\"><img loading=\"lazy\" decoding=\"async\" width=\"680\" height=\"437\" src=\"https:\/\/www.delexodo.com.ar\/wp-content\/uploads\/2021\/06\/OBRAS-LICITACION-STRATTA.jpg\" alt=\"\" class=\"wp-image-8381\" srcset=\"https:\/\/www.delexodo.com.ar\/wp-content\/uploads\/2021\/06\/OBRAS-LICITACION-STRATTA.jpg 680w, https:\/\/www.delexodo.com.ar\/wp-content\/uploads\/2021\/06\/OBRAS-LICITACION-STRATTA-300x193.jpg 300w, https:\/\/www.delexodo.com.ar\/wp-content\/uploads\/2021\/06\/OBRAS-LICITACION-STRATTA-95x60.jpg 95w\" sizes=\"auto, (max-width: 680px) 100vw, 680px\" \/><\/figure><\/div>\n\n\n\n<p>En la ocasi\u00f3n se abrieron los sobres para las obras de rehabilitaci\u00f3n de la ruta que une Racedo con Crespo, que demandar\u00e1 casi 554 millones de pesos; el ensanche y rehabilitaci\u00f3n de calle Cris\u00f3logo Larralde, en Paran\u00e1, que superar\u00e1 los 222 millones de pesos; y el acceso a <strong>Don Crist\u00f3bal<\/strong>, <strong>departamento Nogoy\u00e1<\/strong>, desde la ruta 32 a Don Crist\u00f3bal Segundo, por casi 750 millones de pesos. Tambi\u00e9n se anunci\u00f3 el llamado a licitaci\u00f3n de la obra de acceso a Concordia, en el tramo Autov\u00eda 14 General Artigas y Boulevard Yuquer\u00ed, cuyo presupuesto es de 607 millones de pesos.<\/p>\n\n\n\n<p>En el acto tambi\u00e9n particip\u00f3 en forma virtual el titular de Vialidad nacional, Gustavo Arrieta. Estuvieron presentes adem\u00e1s los ministros de Planeamiento, Marcelo Richard, y de Producci\u00f3n, Juan Jos\u00e9 Bahillo; la titular de Vialidad provincial, Alicia Ben\u00edtez; el jefe del distrito Entre R\u00edos de Vialidad Nacional y representantes de las empresas constructoras. De manera virtual lo hicieron el senador nacional Edgardo Kueider; el titular de Enohsa, Enrique Cresto; legisladores provinciales y presidentes municipales y comunales de las localidades beneficiadas por las obras.<\/p>\n\n\n\n<div class=\"wp-block-image\"><figure class=\"aligncenter size-large\"><img loading=\"lazy\" decoding=\"async\" width=\"709\" height=\"415\" src=\"https:\/\/www.delexodo.com.ar\/wp-content\/uploads\/2021\/06\/OBRAS-ZOOM.jpg\" alt=\"\" class=\"wp-image-8382\" srcset=\"https:\/\/www.delexodo.com.ar\/wp-content\/uploads\/2021\/06\/OBRAS-ZOOM.jpg 709w, https:\/\/www.delexodo.com.ar\/wp-content\/uploads\/2021\/06\/OBRAS-ZOOM-300x176.jpg 300w\" sizes=\"auto, (max-width: 709px) 100vw, 709px\" \/><\/figure><\/div>\n\n\n\n<h2 class=\"wp-block-heading\"><strong>FUERTE INVERSI\u00d3N VIAL<\/strong><\/h2>\n\n\n\n<p>El administrador de Vialidad Nacional, Gustavo Arrieta, afirm\u00f3 que <em>\u00abes para nosotros un enorme placer terminar la semana de esta manera, en particular con la provincia de Entre R\u00edos\u00bb<\/em>.<\/p>\n\n\n\n<p>Hizo llegar un saludo especial al gobernador Gustavo Bordet, y dijo que <em>\u201ces trabajador incansable por la construcci\u00f3n de aquellos sue\u00f1os que se convierten en proyectos y despu\u00e9s en realidades para todos los entrerrianos\u00bb<\/em>, al tiempo que salud\u00f3 a los funcionarios e intendentes presentes.<\/p>\n\n\n\n<p>Destac\u00f3 que <em>\u00abla provincia de Entre R\u00edos tiene una inversi\u00f3n de Vialidad Nacional en este momento de alrededor de 30.000 millones de pesos y no es fruto de la casualidad, sino de un equipo muy s\u00f3lido y comprometido, y de la acci\u00f3n del gobernador. Entre R\u00edos tiene a nivel provincial uno de los mejores equipos que hemos tenido la oportunidad de conocer\u00bb<\/em>, sentenci\u00f3.<\/p>\n\n\n\n<p>Y complet\u00f3:<em> \u00abVialidad tiene un trabajo enorme, tiene 40.000 kil\u00f3metros de rutas, pero sin lugar a dudas encontramos en la provincia de Entre R\u00edos un ida y vuelta, una identidad profundamente federal. Los entrerrianos son profundamente respetuosos, pero terriblemente insistentes para defender aquellas cuestiones que consideran urgentes y saben trabajar muy bien en equipo\u00bb<\/em>.<\/p>\n\n\n\n<h2 class=\"wp-block-heading\"><strong>INTENDENTES<\/strong><\/h2>\n\n\n\n<p>El intendente de Paran\u00e1, Ad\u00e1n Bahl, indic\u00f3 que <em>\u201cel ensanche y repavimentaci\u00f3n de Cris\u00f3logo Larralde es una obra que brinda soluci\u00f3n a una demanda hist\u00f3rica de los vecinos de la zona. Incluye repavimentaci\u00f3n, nuevos desag\u00fces pluviales, nueva ca\u00f1er\u00eda de agua y cloaca, veredas, alumbrado LED, reforestaci\u00f3n; y va a tener un gran impacto en el desarrollo productivo, urbano y comercial de toda el \u00e1rea. Trabajando junto a Naci\u00f3n y provincia, y con el acompa\u00f1amiento de los vecinos estamos avanzando en un plan de obras para transformar a Paran\u00e1 en la ciudad capital que todos nos merecemos\u00bb<\/em>, concluy\u00f3.<\/p>\n\n\n\n<p>A su turno, el intendente de Concordia, Alfredo Francolini, coment\u00f3: <em>\u201cEl acceso de la ruta 4 es para nosotros una obra muy importante y adem\u00e1s significa una v\u00eda de acceso para el sector productivo de la ciudad y de la regi\u00f3n. Por eso representa acompa\u00f1ar al sector productivo de la regi\u00f3n pero tambi\u00e9n representa mayor seguridad vial y mejor infraestructura para los vecinos del noroeste de Concordia\u201d, dijo Francolini y agradeci\u00f3 a las autoridades, al gobierno nacional y en especialmente al gobernador Gustavo Bordet que \u201ctom\u00f3 esta obra como estrat\u00e9gica\u201d<\/em>.<\/p>\n\n\n\n<h2 class=\"wp-block-heading\"><strong>TRABAJO CONJUNTO<\/strong><\/h2>\n\n\n\n<p>La titular de Vialidad provincial, Alicia Ben\u00edtez, se\u00f1al\u00f3 que <em>\u00abpoder cumplir con estas obras emociona, porque atr\u00e1s de una obra que se licita hay todo un equipo que prepar\u00f3 un proyecto y una decisi\u00f3n pol\u00edtica del gobernador, que junto con la Naci\u00f3n permiti\u00f3 que hoy estemos haciendo estas aperturas de sobres\u00bb<\/em>.<\/p>\n\n\n\n<h2 class=\"wp-block-heading\"><strong>DETALLES DE LAS OBRAS<\/strong><\/h2>\n\n\n\n<p>En la ocasi\u00f3n, se abrieron los sobres de tres licitaciones para las siguientes obras:<\/p>\n\n\n\n<p>1- Ruta provincial S\/N Mar\u00eda Luisa-Etchevehere-Racedo-Cresto, tramo Racedo-Crespo. Consiste en la rehabilitaci\u00f3n y construcci\u00f3n de calzada. Departamentos Paran\u00e1 y Diamante. El presupuesto oficial es 553.901.049 pesos y el plazo de ejecuci\u00f3n de 18 meses.<\/p>\n\n\n\n<p>2- Conectividad vial Circunvalaci\u00f3n Sur de la ciudad de Paran\u00e1. Primera etapa. Consiste en el ensanche y repavimentaci\u00f3n de calle Larralde entre Avenida de Las Am\u00e9ricas y calle Pedro Zanni. El presupuesto oficial es de 222.472.866 pesos y el plazo de ejecuci\u00f3n de 10 meses.<\/p>\n\n\n\n<p>3-<strong>Acceso a Don Crist\u00f3bal 2Da Tramo ruta provincial N\u00ba 32-Don Crist\u00f3bal 2Da. Consiste en la reconstrucci\u00f3n de calzada y obra de arte. Departamentos Paran\u00e1 y Nogoy\u00e1. El presupuesto oficial es de 749.041.269 pesos y el plazo de ejecuci\u00f3n es de 21 meses.<\/strong><\/p>\n\n\n\n<p>4- Tambi\u00e9n se anunci\u00f3 el llamado a licitaci\u00f3n de la obra Acceso a Concordia-Reparaci\u00f3n y ensanchamiento de ruta 4 y avenida Presidente Illia- tramo: Autov\u00eda 14 General Artigas y Boulevard Yuquer\u00ed, departamento Concordia. El presupuesto oficial es de 609.850.741 pesos y el plazo de ejecuci\u00f3n es de 24 meses. La apertura de sobres tendr\u00e1 lugar el 8 de julio a las 10 en el Centro de Convenciones de Concordia.<\/p>\n","protected":false},"excerpt":{"rendered":"<p>Se trata de la recuperaci\u00f3n de calle Cris\u00f3logo Larralde, de Paran\u00e1; la ruta que une Racedo y Crespo; el acceso&hellip;<\/p>\n","protected":false},"author":1,"featured_media":8380,"comment_status":"closed","ping_status":"closed","sticky":false,"template":"","format":"standard","meta":{"_joinchat":[],"footnotes":""},"categories":[65,1,69,349],"tags":[],"class_list":["post-8379","post","type-post","status-publish","format-standard","has-post-thumbnail","hentry","category-destacados","category-sincategoria","category-noticias","category-politica"],"yoast_head":"<!-- This site is optimized with the Yoast SEO plugin v25.1 - https:\/\/yoast.com\/wordpress\/plugins\/seo\/ -->\n<title>SE REALIZAR\u00c1N CUATRO OBRAS VIALES POR M\u00c1S DE 2.000 MILLONES DE PESOS EN LA PROVINCIA - Del \u00c9xodo Nogoy\u00e1<\/title>\n<meta name=\"robots\" content=\"index, follow, max-snippet:-1, max-image-preview:large, max-video-preview:-1\" \/>\n<link rel=\"canonical\" href=\"https:\/\/www.delexodo.com.ar\/?p=8379\" \/>\n<meta property=\"og:locale\" content=\"es_ES\" \/>\n<meta property=\"og:type\" content=\"article\" \/>\n<meta property=\"og:title\" content=\"SE REALIZAR\u00c1N CUATRO OBRAS VIALES POR M\u00c1S DE 2.000 MILLONES DE PESOS EN LA PROVINCIA - Del \u00c9xodo Nogoy\u00e1\" \/>\n<meta property=\"og:description\" content=\"Se trata de la recuperaci\u00f3n de calle Cris\u00f3logo Larralde, de Paran\u00e1; la ruta que une Racedo y Crespo; el acceso&hellip;\" \/>\n<meta property=\"og:url\" content=\"https:\/\/www.delexodo.com.ar\/?p=8379\" \/>\n<meta property=\"og:site_name\" content=\"Del \u00c9xodo Nogoy\u00e1\" \/>\n<meta property=\"article:published_time\" content=\"2021-06-04T23:47:22+00:00\" \/>\n<meta property=\"article:modified_time\" content=\"2021-06-04T23:47:23+00:00\" \/>\n<meta property=\"og:image\" content=\"https:\/\/www.delexodo.com.ar\/wp-content\/uploads\/2021\/06\/OBRAS-MESA-PORTADA.jpg\" \/>\n\t<meta property=\"og:image:width\" content=\"955\" \/>\n\t<meta property=\"og:image:height\" content=\"566\" \/>\n\t<meta property=\"og:image:type\" content=\"image\/jpeg\" \/>\n<meta name=\"author\" content=\"admin\" \/>\n<meta name=\"twitter:card\" content=\"summary_large_image\" \/>\n<meta name=\"twitter:label1\" content=\"Escrito por\" \/>\n\t<meta name=\"twitter:data1\" content=\"admin\" \/>\n\t<meta name=\"twitter:label2\" content=\"Tiempo de lectura\" \/>\n\t<meta name=\"twitter:data2\" content=\"6 minutos\" \/>\n<script type=\"application\/ld+json\" class=\"yoast-schema-graph\">{\"@context\":\"https:\/\/schema.org\",\"@graph\":[{\"@type\":\"Article\",\"@id\":\"https:\/\/www.delexodo.com.ar\/?p=8379#article\",\"isPartOf\":{\"@id\":\"https:\/\/www.delexodo.com.ar\/?p=8379\"},\"author\":{\"name\":\"admin\",\"@id\":\"https:\/\/www.delexodo.com.ar\/#\/schema\/person\/bbed37f7da8e938660b34f2013ba449d\"},\"headline\":\"SE REALIZAR\u00c1N CUATRO OBRAS VIALES POR M\u00c1S DE 2.000 MILLONES DE PESOS EN LA PROVINCIA\",\"datePublished\":\"2021-06-04T23:47:22+00:00\",\"dateModified\":\"2021-06-04T23:47:23+00:00\",\"mainEntityOfPage\":{\"@id\":\"https:\/\/www.delexodo.com.ar\/?p=8379\"},\"wordCount\":1135,\"publisher\":{\"@id\":\"https:\/\/www.delexodo.com.ar\/#organization\"},\"image\":{\"@id\":\"https:\/\/www.delexodo.com.ar\/?p=8379#primaryimage\"},\"thumbnailUrl\":\"https:\/\/www.delexodo.com.ar\/wp-content\/uploads\/2021\/06\/OBRAS-MESA-PORTADA.jpg\",\"articleSection\":[\"Destacados\",\"Nogoya\",\"NOTICIAS\",\"Politica\"],\"inLanguage\":\"es\"},{\"@type\":\"WebPage\",\"@id\":\"https:\/\/www.delexodo.com.ar\/?p=8379\",\"url\":\"https:\/\/www.delexodo.com.ar\/?p=8379\",\"name\":\"SE REALIZAR\u00c1N CUATRO OBRAS VIALES POR M\u00c1S DE 2.000 MILLONES DE PESOS EN LA PROVINCIA - Del \u00c9xodo Nogoy\u00e1\",\"isPartOf\":{\"@id\":\"https:\/\/www.delexodo.com.ar\/#website\"},\"primaryImageOfPage\":{\"@id\":\"https:\/\/www.delexodo.com.ar\/?p=8379#primaryimage\"},\"image\":{\"@id\":\"https:\/\/www.delexodo.com.ar\/?p=8379#primaryimage\"},\"thumbnailUrl\":\"https:\/\/www.delexodo.com.ar\/wp-content\/uploads\/2021\/06\/OBRAS-MESA-PORTADA.jpg\",\"datePublished\":\"2021-06-04T23:47:22+00:00\",\"dateModified\":\"2021-06-04T23:47:23+00:00\",\"breadcrumb\":{\"@id\":\"https:\/\/www.delexodo.com.ar\/?p=8379#breadcrumb\"},\"inLanguage\":\"es\",\"potentialAction\":[{\"@type\":\"ReadAction\",\"target\":[\"https:\/\/www.delexodo.com.ar\/?p=8379\"]}]},{\"@type\":\"ImageObject\",\"inLanguage\":\"es\",\"@id\":\"https:\/\/www.delexodo.com.ar\/?p=8379#primaryimage\",\"url\":\"https:\/\/www.delexodo.com.ar\/wp-content\/uploads\/2021\/06\/OBRAS-MESA-PORTADA.jpg\",\"contentUrl\":\"https:\/\/www.delexodo.com.ar\/wp-content\/uploads\/2021\/06\/OBRAS-MESA-PORTADA.jpg\",\"width\":955,\"height\":566},{\"@type\":\"BreadcrumbList\",\"@id\":\"https:\/\/www.delexodo.com.ar\/?p=8379#breadcrumb\",\"itemListElement\":[{\"@type\":\"ListItem\",\"position\":1,\"name\":\"Portada\",\"item\":\"https:\/\/www.delexodo.com.ar\/\"},{\"@type\":\"ListItem\",\"position\":2,\"name\":\"SE REALIZAR\u00c1N CUATRO OBRAS VIALES POR M\u00c1S DE 2.000 MILLONES DE PESOS EN LA PROVINCIA\"}]},{\"@type\":\"WebSite\",\"@id\":\"https:\/\/www.delexodo.com.ar\/#website\",\"url\":\"https:\/\/www.delexodo.com.ar\/\",\"name\":\"Del \u00c9xodo Nogoy\u00e1\",\"description\":\"El Portal de Noticias de la Regi\u00f3n\",\"publisher\":{\"@id\":\"https:\/\/www.delexodo.com.ar\/#organization\"},\"potentialAction\":[{\"@type\":\"SearchAction\",\"target\":{\"@type\":\"EntryPoint\",\"urlTemplate\":\"https:\/\/www.delexodo.com.ar\/?s={search_term_string}\"},\"query-input\":{\"@type\":\"PropertyValueSpecification\",\"valueRequired\":true,\"valueName\":\"search_term_string\"}}],\"inLanguage\":\"es\"},{\"@type\":\"Organization\",\"@id\":\"https:\/\/www.delexodo.com.ar\/#organization\",\"name\":\"Del \u00c9xodo Nogoy\u00e1\",\"url\":\"https:\/\/www.delexodo.com.ar\/\",\"logo\":{\"@type\":\"ImageObject\",\"inLanguage\":\"es\",\"@id\":\"https:\/\/www.delexodo.com.ar\/#\/schema\/logo\/image\/\",\"url\":\"https:\/\/www.delexodo.com.ar\/wp-content\/uploads\/2024\/10\/cropped-cropped-LOGO24.png\",\"contentUrl\":\"https:\/\/www.delexodo.com.ar\/wp-content\/uploads\/2024\/10\/cropped-cropped-LOGO24.png\",\"width\":512,\"height\":349,\"caption\":\"Del \u00c9xodo Nogoy\u00e1\"},\"image\":{\"@id\":\"https:\/\/www.delexodo.com.ar\/#\/schema\/logo\/image\/\"}},{\"@type\":\"Person\",\"@id\":\"https:\/\/www.delexodo.com.ar\/#\/schema\/person\/bbed37f7da8e938660b34f2013ba449d\",\"name\":\"admin\",\"image\":{\"@type\":\"ImageObject\",\"inLanguage\":\"es\",\"@id\":\"https:\/\/www.delexodo.com.ar\/#\/schema\/person\/image\/\",\"url\":\"https:\/\/secure.gravatar.com\/avatar\/6b1558d1b6df085f1901bd5bd98523d7?s=96&d=mm&r=g\",\"contentUrl\":\"https:\/\/secure.gravatar.com\/avatar\/6b1558d1b6df085f1901bd5bd98523d7?s=96&d=mm&r=g\",\"caption\":\"admin\"},\"url\":\"https:\/\/www.delexodo.com.ar\/?author=1\"}]}<\/script>\n<!-- \/ Yoast SEO plugin. -->","yoast_head_json":{"title":"SE REALIZAR\u00c1N CUATRO OBRAS VIALES POR M\u00c1S DE 2.000 MILLONES DE PESOS EN LA PROVINCIA - Del \u00c9xodo Nogoy\u00e1","robots":{"index":"index","follow":"follow","max-snippet":"max-snippet:-1","max-image-preview":"max-image-preview:large","max-video-preview":"max-video-preview:-1"},"canonical":"https:\/\/www.delexodo.com.ar\/?p=8379","og_locale":"es_ES","og_type":"article","og_title":"SE REALIZAR\u00c1N CUATRO OBRAS VIALES POR M\u00c1S DE 2.000 MILLONES DE PESOS EN LA PROVINCIA - Del \u00c9xodo Nogoy\u00e1","og_description":"Se trata de la recuperaci\u00f3n de calle Cris\u00f3logo Larralde, de Paran\u00e1; la ruta que une Racedo y Crespo; el acceso&hellip;","og_url":"https:\/\/www.delexodo.com.ar\/?p=8379","og_site_name":"Del \u00c9xodo Nogoy\u00e1","article_published_time":"2021-06-04T23:47:22+00:00","article_modified_time":"2021-06-04T23:47:23+00:00","og_image":[{"width":955,"height":566,"url":"https:\/\/www.delexodo.com.ar\/wp-content\/uploads\/2021\/06\/OBRAS-MESA-PORTADA.jpg","type":"image\/jpeg"}],"author":"admin","twitter_card":"summary_large_image","twitter_misc":{"Escrito por":"admin","Tiempo de lectura":"6 minutos"},"schema":{"@context":"https:\/\/schema.org","@graph":[{"@type":"Article","@id":"https:\/\/www.delexodo.com.ar\/?p=8379#article","isPartOf":{"@id":"https:\/\/www.delexodo.com.ar\/?p=8379"},"author":{"name":"admin","@id":"https:\/\/www.delexodo.com.ar\/#\/schema\/person\/bbed37f7da8e938660b34f2013ba449d"},"headline":"SE REALIZAR\u00c1N CUATRO OBRAS VIALES POR M\u00c1S DE 2.000 MILLONES DE PESOS EN LA PROVINCIA","datePublished":"2021-06-04T23:47:22+00:00","dateModified":"2021-06-04T23:47:23+00:00","mainEntityOfPage":{"@id":"https:\/\/www.delexodo.com.ar\/?p=8379"},"wordCount":1135,"publisher":{"@id":"https:\/\/www.delexodo.com.ar\/#organization"},"image":{"@id":"https:\/\/www.delexodo.com.ar\/?p=8379#primaryimage"},"thumbnailUrl":"https:\/\/www.delexodo.com.ar\/wp-content\/uploads\/2021\/06\/OBRAS-MESA-PORTADA.jpg","articleSection":["Destacados","Nogoya","NOTICIAS","Politica"],"inLanguage":"es"},{"@type":"WebPage","@id":"https:\/\/www.delexodo.com.ar\/?p=8379","url":"https:\/\/www.delexodo.com.ar\/?p=8379","name":"SE REALIZAR\u00c1N CUATRO OBRAS VIALES POR M\u00c1S DE 2.000 MILLONES DE PESOS EN LA PROVINCIA - Del \u00c9xodo Nogoy\u00e1","isPartOf":{"@id":"https:\/\/www.delexodo.com.ar\/#website"},"primaryImageOfPage":{"@id":"https:\/\/www.delexodo.com.ar\/?p=8379#primaryimage"},"image":{"@id":"https:\/\/www.delexodo.com.ar\/?p=8379#primaryimage"},"thumbnailUrl":"https:\/\/www.delexodo.com.ar\/wp-content\/uploads\/2021\/06\/OBRAS-MESA-PORTADA.jpg","datePublished":"2021-06-04T23:47:22+00:00","dateModified":"2021-06-04T23:47:23+00:00","breadcrumb":{"@id":"https:\/\/www.delexodo.com.ar\/?p=8379#breadcrumb"},"inLanguage":"es","potentialAction":[{"@type":"ReadAction","target":["https:\/\/www.delexodo.com.ar\/?p=8379"]}]},{"@type":"ImageObject","inLanguage":"es","@id":"https:\/\/www.delexodo.com.ar\/?p=8379#primaryimage","url":"https:\/\/www.delexodo.com.ar\/wp-content\/uploads\/2021\/06\/OBRAS-MESA-PORTADA.jpg","contentUrl":"https:\/\/www.delexodo.com.ar\/wp-content\/uploads\/2021\/06\/OBRAS-MESA-PORTADA.jpg","width":955,"height":566},{"@type":"BreadcrumbList","@id":"https:\/\/www.delexodo.com.ar\/?p=8379#breadcrumb","itemListElement":[{"@type":"ListItem","position":1,"name":"Portada","item":"https:\/\/www.delexodo.com.ar\/"},{"@type":"ListItem","position":2,"name":"SE REALIZAR\u00c1N CUATRO OBRAS VIALES POR M\u00c1S DE 2.000 MILLONES DE PESOS EN LA PROVINCIA"}]},{"@type":"WebSite","@id":"https:\/\/www.delexodo.com.ar\/#website","url":"https:\/\/www.delexodo.com.ar\/","name":"Del \u00c9xodo Nogoy\u00e1","description":"El Portal de Noticias de la Regi\u00f3n","publisher":{"@id":"https:\/\/www.delexodo.com.ar\/#organization"},"potentialAction":[{"@type":"SearchAction","target":{"@type":"EntryPoint","urlTemplate":"https:\/\/www.delexodo.com.ar\/?s={search_term_string}"},"query-input":{"@type":"PropertyValueSpecification","valueRequired":true,"valueName":"search_term_string"}}],"inLanguage":"es"},{"@type":"Organization","@id":"https:\/\/www.delexodo.com.ar\/#organization","name":"Del \u00c9xodo Nogoy\u00e1","url":"https:\/\/www.delexodo.com.ar\/","logo":{"@type":"ImageObject","inLanguage":"es","@id":"https:\/\/www.delexodo.com.ar\/#\/schema\/logo\/image\/","url":"https:\/\/www.delexodo.com.ar\/wp-content\/uploads\/2024\/10\/cropped-cropped-LOGO24.png","contentUrl":"https:\/\/www.delexodo.com.ar\/wp-content\/uploads\/2024\/10\/cropped-cropped-LOGO24.png","width":512,"height":349,"caption":"Del \u00c9xodo Nogoy\u00e1"},"image":{"@id":"https:\/\/www.delexodo.com.ar\/#\/schema\/logo\/image\/"}},{"@type":"Person","@id":"https:\/\/www.delexodo.com.ar\/#\/schema\/person\/bbed37f7da8e938660b34f2013ba449d","name":"admin","image":{"@type":"ImageObject","inLanguage":"es","@id":"https:\/\/www.delexodo.com.ar\/#\/schema\/person\/image\/","url":"https:\/\/secure.gravatar.com\/avatar\/6b1558d1b6df085f1901bd5bd98523d7?s=96&d=mm&r=g","contentUrl":"https:\/\/secure.gravatar.com\/avatar\/6b1558d1b6df085f1901bd5bd98523d7?s=96&d=mm&r=g","caption":"admin"},"url":"https:\/\/www.delexodo.com.ar\/?author=1"}]}},"_links":{"self":[{"href":"https:\/\/www.delexodo.com.ar\/index.php?rest_route=\/wp\/v2\/posts\/8379","targetHints":{"allow":["GET"]}}],"collection":[{"href":"https:\/\/www.delexodo.com.ar\/index.php?rest_route=\/wp\/v2\/posts"}],"about":[{"href":"https:\/\/www.delexodo.com.ar\/index.php?rest_route=\/wp\/v2\/types\/post"}],"author":[{"embeddable":true,"href":"https:\/\/www.delexodo.com.ar\/index.php?rest_route=\/wp\/v2\/users\/1"}],"replies":[{"embeddable":true,"href":"https:\/\/www.delexodo.com.ar\/index.php?rest_route=%2Fwp%2Fv2%2Fcomments&post=8379"}],"version-history":[{"count":0,"href":"https:\/\/www.delexodo.com.ar\/index.php?rest_route=\/wp\/v2\/posts\/8379\/revisions"}],"wp:featuredmedia":[{"embeddable":true,"href":"https:\/\/www.delexodo.com.ar\/index.php?rest_route=\/wp\/v2\/media\/8380"}],"wp:attachment":[{"href":"https:\/\/www.delexodo.com.ar\/index.php?rest_route=%2Fwp%2Fv2%2Fmedia&parent=8379"}],"wp:term":[{"taxonomy":"category","embeddable":true,"href":"https:\/\/www.delexodo.com.ar\/index.php?rest_route=%2Fwp%2Fv2%2Fcategories&post=8379"},{"taxonomy":"post_tag","embeddable":true,"href":"https:\/\/www.delexodo.com.ar\/index.php?rest_route=%2Fwp%2Fv2%2Ftags&post=8379"}],"curies":[{"name":"wp","href":"https:\/\/api.w.org\/{rel}","templated":true}]}}