{"id":8374,"date":"2021-06-04T20:33:12","date_gmt":"2021-06-04T23:33:12","guid":{"rendered":"http:\/\/www.delexodo.com.ar\/?p=8374"},"modified":"2021-06-04T20:33:13","modified_gmt":"2021-06-04T23:33:13","slug":"el-senado-entrerriano-aprobo-la-igualdad-de-genero-en-ambitos-deportivos","status":"publish","type":"post","link":"https:\/\/www.delexodo.com.ar\/?p=8374","title":{"rendered":"EL SENADO ENTRERRIANO APROB\u00d3 LA IGUALDAD DE G\u00c9NERO EN \u00c1MBITOS DEPORTIVOS"},"content":{"rendered":"\n<p>En la s\u00e9ptima ordinaria del 142\u00ba per\u00edodo legislativo, la C\u00e1mara alta convirti\u00f3 en ley el proyecto, de autor\u00eda de la diputada Carina Ramos, por el que se crea el <strong>Programa Equidad de G\u00e9nero en \u00e1mbitos deportivos<\/strong>. Adem\u00e1s, entre otras iniciativas, se aprob\u00f3 el proyecto de Ley por el que se autoriza la implementaci\u00f3n de expedientes electr\u00f3nicos, digitalizaci\u00f3n de documentos, firmas electr\u00f3nicas y digitales, en todos los procedimientos administrativos del sector p\u00fablico provincial.\u00a0<\/p>\n\n\n\n<div class=\"wp-block-image\"><figure class=\"alignleft size-large is-resized\"><img loading=\"lazy\" decoding=\"async\" src=\"https:\/\/www.delexodo.com.ar\/wp-content\/uploads\/2021\/06\/SENADO-ZOOM.jpeg\" alt=\"\" class=\"wp-image-8376\" width=\"261\" height=\"149\" srcset=\"https:\/\/www.delexodo.com.ar\/wp-content\/uploads\/2021\/06\/SENADO-ZOOM.jpeg 511w, https:\/\/www.delexodo.com.ar\/wp-content\/uploads\/2021\/06\/SENADO-ZOOM-300x171.jpeg 300w\" sizes=\"auto, (max-width: 261px) 100vw, 261px\" \/><\/figure><\/div>\n\n\n\n<p>El debate fue presidido desde el Recinto por el vicepresidente 1\u00ba del cuerpo, senador Daniel Olano (Islas del Ibicuy- Frente Justicialista), quien estuvo acompa\u00f1ado por los presidentes de las dos bancadas legislativas, Armando Gay (Concordia-Frente Justicialista) y Francisco Morchio (Gualeguay- Cambiemos); en tanto que el resto de las y los legisladores asistieron a la sesi\u00f3n mediante la plataforma Zoom.<\/p>\n\n\n\n<p>En la sesi\u00f3n de este mi\u00e9rcoles, qued\u00f3 aprobado el proyecto de Ley de autor\u00eda de la diputada provincial Carina Ramos (Frente Justicialista Creer Entre R\u00edos) por el que se crea el Programa Equidad de G\u00e9nero en \u00e1mbitos deportivos. La iniciativa tiene como objetivo generar acciones concretas que conlleven a la igualdad de g\u00e9neros en \u00e1mbitos deportivos, a trav\u00e9s de medidas que garanticen la igualdad en el acceso y el desarrollo de la pr\u00e1ctica deportiva en igualdad de oportunidades, as\u00ed como la integraci\u00f3n igualitaria de los \u00f3rganos de direcci\u00f3n, gobierno y representaci\u00f3n en las instituciones deportivas. Expediente N\u00ba 23.967.&nbsp;<\/p>\n\n\n\n<p>Al respecto, la senadora Claudia Gieco (Diamante- Frente Justicialista) explic\u00f3 los fundamentos de la iniciativa y agradeci\u00f3 la participaci\u00f3n de la diputada en la Comisi\u00f3n de Legislaci\u00f3n General, destacando la \u201cclaridad\u201d a la hora de explicarles el esp\u00edritu del proyecto. <em>\u201cSe trata de una propuesta que viene en consonancia con una agenda de g\u00e9nero que venimos trabajando en ambas C\u00e1maras y que es apoyada y encabezada por nuestra vicegobernadora Laura Stratta y con el compromiso asumido de nuestro gobernador Gustavo Bordet\u201d<\/em>, dijo Gieco. Y agreg\u00f3: <em>\u201cQuiero felicitar a la diputada Carina Ramos por la iniciativa de crear este programa que seguramente ser\u00e1 un gran desaf\u00edo\u201d<\/em>.<\/p>\n\n\n\n<div class=\"wp-block-image\"><figure class=\"alignright size-large is-resized\"><img loading=\"lazy\" decoding=\"async\" src=\"https:\/\/www.delexodo.com.ar\/wp-content\/uploads\/2021\/06\/SENADO-GAY-MORCHIO.jpeg\" alt=\"\" class=\"wp-image-8377\" width=\"343\" height=\"228\" srcset=\"https:\/\/www.delexodo.com.ar\/wp-content\/uploads\/2021\/06\/SENADO-GAY-MORCHIO.jpeg 574w, https:\/\/www.delexodo.com.ar\/wp-content\/uploads\/2021\/06\/SENADO-GAY-MORCHIO-300x200.jpeg 300w\" sizes=\"auto, (max-width: 343px) 100vw, 343px\" \/><\/figure><\/div>\n\n\n\n<p>Por otra parte, las y los senadores convirtieron en ley el proyecto por el que se autoriza la implementaci\u00f3n y utilizaci\u00f3n de expedientes electr\u00f3nicos, digitalizaci\u00f3n de documentos, firmas electr\u00f3nicas, firmas digitales, audiencias telem\u00e1ticas, comunicaciones y notificaciones electr\u00f3nicas y domicilios electr\u00f3nicos constituidos, en todos los procedimientos administrativos que se tramiten en el sector p\u00fablico provincial. Expediente N\u00ba 24.661.<\/p>\n\n\n\n<p>Sobre el tema, la senadora Gieco expres\u00f3: <em>\u00a0\u201cLa din\u00e1mica de la pandemia nos puso en evidencia la necesidad de implementar herramientas modernas en las distintas estructuras del Estado. Hemos llegado a este momento como una hora de un cambio cultural en la administraci\u00f3n p\u00fablica, y esta norma nos va a beneficiar ampliamente\u201d<\/em>, subray\u00f3 al tiempo que coment\u00f3 los beneficios del proceso de despapelizaci\u00f3n y agradeci\u00f3 a la Secretaria de Modernizaci\u00f3n de la Provincia.<\/p>\n\n\n\n<p>Por su parte, el senador Rub\u00e9n Dal Molin (Federaci\u00f3n- Cambiemos) tambi\u00e9n se refiri\u00f3 a la iniciativa y resumi\u00f3 las ventajas de la aplicaci\u00f3n de esta metodolog\u00eda basada en expedientes electr\u00f3nicos, destacando los alcances de la misma. Luego, valor\u00f3 el trabajo del equipo de la Secretar\u00eda de Modernizaci\u00f3n de la Provincia.&nbsp;<\/p>\n\n\n\n<p>Durante el debate legislativo, tambi\u00e9n qued\u00f3 aprobado el proyecto de Resoluci\u00f3n de autor\u00eda del senador Armando Gay (Concordia- Frente Justicialista), por el que se instituye en el \u00e1mbito de la C\u00e1mara de Senadores el <strong>\u00abR\u00e9gimen de Honores\u00bb<\/strong>, el cual comprender\u00e1 las Distinciones, Reconocimientos y Declaraciones, que ser\u00e1n concedidas por este cuerpo seg\u00fan el caso, a personas consagradas al estudio, profesi\u00f3n u oficio o dedicadas al servicio de la comunidad, por aportes de gran importancia prestados a la provincia, o municipios, comunas y juntas de gobierno y a lugares o eventos de trascendencia para la vida comunitaria. Expediente N\u00ba13.856.\u00a0<\/p>\n\n\n\n<p>El senador por el departamento Concordia dio a conocer los fundamentos de su proyecto. \u201cLos reconocimientos hay que hacerlos en vida\u201d, dijo Gay tras considerar que \u201cen cada homenaje se da un mensaje de reconocimiento a la persona pero tambi\u00e9n se da un mensaje de reconocimiento a la sociedad\u201d. Mencion\u00f3 la experiencia llevada a cabo en Concordia.&nbsp;<\/p>\n\n\n\n<p>Asimismo se aprob\u00f3 el proyecto de Ley de autor\u00eda del Poder Ejecutivo, por el que se autoriza al Superior Gobierno de la Provincia a aceptar el ofrecimiento de donaci\u00f3n formulado por la Municipalidad de Diamante, de dos fracciones de terreno con destino a la construcci\u00f3n de un edificio para la Escuela Integral No 15 \u201cSan Francisco Javier\u201d. &nbsp;Expediente N\u00ba 14.010.&nbsp;<\/p>\n\n\n\n<h3 class=\"wp-block-heading\">Proyectos de Declaraci\u00f3n<\/h3>\n\n\n\n<p>En la sesi\u00f3n de este mi\u00e9rcoles, se aprob\u00f3 el proyecto de declaraci\u00f3n de autor\u00eda del senador Rub\u00e9n Dal Mol\u00edn (Federaci\u00f3n- Cambiemos), por el que se declara de Inter\u00e9s del Honorable Senado, las Jornadas de Ingenier\u00eda y Tecnolog\u00eda (JIT), organizado por la Facultad Regional Paran\u00e1 de la UTN, a desarrollarse del 2 al 4 de junio del corriente en la ciudad de Paran\u00e1. &nbsp;Expediente N\u00ba14.029.<\/p>\n\n\n\n<p>Tambi\u00e9n el proyecto de declaraci\u00f3n de autor\u00eda del senador Armando Gay (Concordia- Frente Justicialista), por el que se declara de Inter\u00e9s del Honorable Senado, la<strong> \u201c5ta. Feria Internacional de Ambiente Eco Ciencia, formato virtual 2021\u201d<\/strong>, en la ciudad de Concordia. Expediente N\u00ba 14.033.<\/p>\n\n\n\n<p>El proyecto de declaraci\u00f3n tambi\u00e9n de autor\u00eda del senador Armando Gay, qued\u00f3 aprobado en la jornada, por el que se declara de Inter\u00e9s del Honorable Senado, la conmemoraci\u00f3n del 100o aniversario de la creaci\u00f3n del <strong>\u201cClub Vasco Argentino\u201d<\/strong>, de la ciudad de Concordia. Expediente N\u00ba 14.034 <\/p>\n\n\n\n<p>Asimismo, las y los senadores aprobaron el proyecto de declaraci\u00f3n de autor\u00eda del senador Horacio Amavet (Uruguay- Frente Justicialista), por el que se declara de Inter\u00e9s Cultural y Educativo, el proyecto de investigaci\u00f3n \u201cLa Canci\u00f3n del Mundo Entrerriano\u201d, escrito por el m\u00fasico, autor e investigador Guillermo Lugr\u00edn, integrante del movimiento de m\u00fasica entrerriana \u201cDe Costa a Costa\u201d. Expediente N\u00ba 14.037.<\/p>\n\n\n\n<p>Qued\u00f3 aprobado tambi\u00e9n el proyecto de declaraci\u00f3n de autor\u00eda de la senadora Claudia Gieco (Diamante- Frente Justicialista), por el que se declara de Inter\u00e9s Educativo e Institucional del Senado, la <strong>\u201cCapacitaci\u00f3n Ambiental para Periodistas\u201d<\/strong>, organizada por el Ministerio de Ambiente y Desarrollo Sostenible de la Naci\u00f3n, a iniciarse el pr\u00f3ximo 7 de junio del corriente. \u00a0Expediente N\u00ba14.038.<\/p>\n\n\n\n<p>Y, finalmente, qued\u00f3 aprobado el proyecto de declaraci\u00f3n de autor\u00eda del senador Jorge Maradey (Gualeguaych\u00fa- Frente Justicialista) y de los senadores Marcelo Berthet (San Salvador-Frente Justicialista) y Mauricio Santa Cruz (Col\u00f3n-Frente Justicialista), por el que se declara de Inter\u00e9s del Honorable Senado, el proyecto <strong>\u201cParque Nacional: Aula Viva; Programa de sensibilizaci\u00f3n ambiental Interinstitucional &#8211; Conociendo nuestro Parque Nacional\u201d<\/strong>, dependiente del Parque Nacional El Palmar. Expediente N\u00ba 14.040.<\/p>\n\n\n\n<p>Homenajes&nbsp;<\/p>\n\n\n\n<p>La senadora Nancy Miranda (Federal- Frente Justicialista) rindi\u00f3 homenaje a los bomberos, al celebrarse este 2 de Junio el D\u00eda Nacional del Bombero\/a Voluntario\/a. \u201cPoniendo todo de si, nos protegen ante varias situaciones que les toca pasar\u201d, expres\u00f3 al respecto. Adem\u00e1s, la legisladora mencion\u00f3 el D\u00eda del Periodista, que se conmemora el pr\u00f3ximo 7 de Junio. \u201cA muchos hay que agradecerles porque en esta \u00e9poca de pandemia, han trabajado con responsabilidad y han acompa\u00f1ado a la gente de salud en las comunicaciones\u201d, dijo Miranda felicitando a las y los periodistas en su d\u00eda.<\/p>\n","protected":false},"excerpt":{"rendered":"<p>En la s\u00e9ptima ordinaria del 142\u00ba per\u00edodo legislativo, la C\u00e1mara alta convirti\u00f3 en ley el proyecto, de autor\u00eda de la&hellip;<\/p>\n","protected":false},"author":1,"featured_media":8375,"comment_status":"closed","ping_status":"closed","sticky":false,"template":"","format":"standard","meta":{"_joinchat":[],"footnotes":""},"categories":[65,69,349],"tags":[],"class_list":["post-8374","post","type-post","status-publish","format-standard","has-post-thumbnail","hentry","category-destacados","category-noticias","category-politica"],"yoast_head":"<!-- This site is optimized with the Yoast SEO plugin v25.1 - https:\/\/yoast.com\/wordpress\/plugins\/seo\/ -->\n<title>EL SENADO ENTRERRIANO APROB\u00d3 LA IGUALDAD DE G\u00c9NERO EN \u00c1MBITOS DEPORTIVOS - Del \u00c9xodo Nogoy\u00e1<\/title>\n<meta name=\"robots\" content=\"index, follow, max-snippet:-1, max-image-preview:large, max-video-preview:-1\" \/>\n<link rel=\"canonical\" href=\"https:\/\/www.delexodo.com.ar\/?p=8374\" \/>\n<meta property=\"og:locale\" content=\"es_ES\" \/>\n<meta property=\"og:type\" content=\"article\" \/>\n<meta property=\"og:title\" content=\"EL SENADO ENTRERRIANO APROB\u00d3 LA IGUALDAD DE G\u00c9NERO EN \u00c1MBITOS DEPORTIVOS - Del \u00c9xodo Nogoy\u00e1\" \/>\n<meta property=\"og:description\" content=\"En la s\u00e9ptima ordinaria del 142\u00ba per\u00edodo legislativo, la C\u00e1mara alta convirti\u00f3 en ley el proyecto, de autor\u00eda de la&hellip;\" \/>\n<meta property=\"og:url\" content=\"https:\/\/www.delexodo.com.ar\/?p=8374\" \/>\n<meta property=\"og:site_name\" content=\"Del \u00c9xodo Nogoy\u00e1\" \/>\n<meta property=\"article:published_time\" content=\"2021-06-04T23:33:12+00:00\" \/>\n<meta property=\"article:modified_time\" content=\"2021-06-04T23:33:13+00:00\" \/>\n<meta property=\"og:image\" content=\"https:\/\/www.delexodo.com.ar\/wp-content\/uploads\/2021\/06\/SENADO-OLANO.jpeg\" \/>\n\t<meta property=\"og:image:width\" content=\"955\" \/>\n\t<meta property=\"og:image:height\" content=\"553\" \/>\n\t<meta property=\"og:image:type\" content=\"image\/jpeg\" \/>\n<meta name=\"author\" content=\"admin\" \/>\n<meta name=\"twitter:card\" content=\"summary_large_image\" \/>\n<meta name=\"twitter:label1\" content=\"Escrito por\" \/>\n\t<meta name=\"twitter:data1\" content=\"admin\" \/>\n\t<meta name=\"twitter:label2\" content=\"Tiempo de lectura\" \/>\n\t<meta name=\"twitter:data2\" content=\"6 minutos\" \/>\n<script type=\"application\/ld+json\" class=\"yoast-schema-graph\">{\"@context\":\"https:\/\/schema.org\",\"@graph\":[{\"@type\":\"Article\",\"@id\":\"https:\/\/www.delexodo.com.ar\/?p=8374#article\",\"isPartOf\":{\"@id\":\"https:\/\/www.delexodo.com.ar\/?p=8374\"},\"author\":{\"name\":\"admin\",\"@id\":\"https:\/\/www.delexodo.com.ar\/#\/schema\/person\/bbed37f7da8e938660b34f2013ba449d\"},\"headline\":\"EL SENADO ENTRERRIANO APROB\u00d3 LA IGUALDAD DE G\u00c9NERO EN \u00c1MBITOS DEPORTIVOS\",\"datePublished\":\"2021-06-04T23:33:12+00:00\",\"dateModified\":\"2021-06-04T23:33:13+00:00\",\"mainEntityOfPage\":{\"@id\":\"https:\/\/www.delexodo.com.ar\/?p=8374\"},\"wordCount\":1281,\"publisher\":{\"@id\":\"https:\/\/www.delexodo.com.ar\/#organization\"},\"image\":{\"@id\":\"https:\/\/www.delexodo.com.ar\/?p=8374#primaryimage\"},\"thumbnailUrl\":\"https:\/\/www.delexodo.com.ar\/wp-content\/uploads\/2021\/06\/SENADO-OLANO.jpeg\",\"articleSection\":[\"Destacados\",\"NOTICIAS\",\"Politica\"],\"inLanguage\":\"es\"},{\"@type\":\"WebPage\",\"@id\":\"https:\/\/www.delexodo.com.ar\/?p=8374\",\"url\":\"https:\/\/www.delexodo.com.ar\/?p=8374\",\"name\":\"EL SENADO ENTRERRIANO APROB\u00d3 LA IGUALDAD DE G\u00c9NERO EN \u00c1MBITOS DEPORTIVOS - Del \u00c9xodo Nogoy\u00e1\",\"isPartOf\":{\"@id\":\"https:\/\/www.delexodo.com.ar\/#website\"},\"primaryImageOfPage\":{\"@id\":\"https:\/\/www.delexodo.com.ar\/?p=8374#primaryimage\"},\"image\":{\"@id\":\"https:\/\/www.delexodo.com.ar\/?p=8374#primaryimage\"},\"thumbnailUrl\":\"https:\/\/www.delexodo.com.ar\/wp-content\/uploads\/2021\/06\/SENADO-OLANO.jpeg\",\"datePublished\":\"2021-06-04T23:33:12+00:00\",\"dateModified\":\"2021-06-04T23:33:13+00:00\",\"breadcrumb\":{\"@id\":\"https:\/\/www.delexodo.com.ar\/?p=8374#breadcrumb\"},\"inLanguage\":\"es\",\"potentialAction\":[{\"@type\":\"ReadAction\",\"target\":[\"https:\/\/www.delexodo.com.ar\/?p=8374\"]}]},{\"@type\":\"ImageObject\",\"inLanguage\":\"es\",\"@id\":\"https:\/\/www.delexodo.com.ar\/?p=8374#primaryimage\",\"url\":\"https:\/\/www.delexodo.com.ar\/wp-content\/uploads\/2021\/06\/SENADO-OLANO.jpeg\",\"contentUrl\":\"https:\/\/www.delexodo.com.ar\/wp-content\/uploads\/2021\/06\/SENADO-OLANO.jpeg\",\"width\":955,\"height\":553},{\"@type\":\"BreadcrumbList\",\"@id\":\"https:\/\/www.delexodo.com.ar\/?p=8374#breadcrumb\",\"itemListElement\":[{\"@type\":\"ListItem\",\"position\":1,\"name\":\"Portada\",\"item\":\"https:\/\/www.delexodo.com.ar\/\"},{\"@type\":\"ListItem\",\"position\":2,\"name\":\"EL SENADO ENTRERRIANO APROB\u00d3 LA IGUALDAD DE G\u00c9NERO EN \u00c1MBITOS DEPORTIVOS\"}]},{\"@type\":\"WebSite\",\"@id\":\"https:\/\/www.delexodo.com.ar\/#website\",\"url\":\"https:\/\/www.delexodo.com.ar\/\",\"name\":\"Del \u00c9xodo Nogoy\u00e1\",\"description\":\"El Portal de Noticias de la Regi\u00f3n\",\"publisher\":{\"@id\":\"https:\/\/www.delexodo.com.ar\/#organization\"},\"potentialAction\":[{\"@type\":\"SearchAction\",\"target\":{\"@type\":\"EntryPoint\",\"urlTemplate\":\"https:\/\/www.delexodo.com.ar\/?s={search_term_string}\"},\"query-input\":{\"@type\":\"PropertyValueSpecification\",\"valueRequired\":true,\"valueName\":\"search_term_string\"}}],\"inLanguage\":\"es\"},{\"@type\":\"Organization\",\"@id\":\"https:\/\/www.delexodo.com.ar\/#organization\",\"name\":\"Del \u00c9xodo Nogoy\u00e1\",\"url\":\"https:\/\/www.delexodo.com.ar\/\",\"logo\":{\"@type\":\"ImageObject\",\"inLanguage\":\"es\",\"@id\":\"https:\/\/www.delexodo.com.ar\/#\/schema\/logo\/image\/\",\"url\":\"https:\/\/www.delexodo.com.ar\/wp-content\/uploads\/2024\/10\/cropped-cropped-LOGO24.png\",\"contentUrl\":\"https:\/\/www.delexodo.com.ar\/wp-content\/uploads\/2024\/10\/cropped-cropped-LOGO24.png\",\"width\":512,\"height\":349,\"caption\":\"Del \u00c9xodo Nogoy\u00e1\"},\"image\":{\"@id\":\"https:\/\/www.delexodo.com.ar\/#\/schema\/logo\/image\/\"}},{\"@type\":\"Person\",\"@id\":\"https:\/\/www.delexodo.com.ar\/#\/schema\/person\/bbed37f7da8e938660b34f2013ba449d\",\"name\":\"admin\",\"image\":{\"@type\":\"ImageObject\",\"inLanguage\":\"es\",\"@id\":\"https:\/\/www.delexodo.com.ar\/#\/schema\/person\/image\/\",\"url\":\"https:\/\/secure.gravatar.com\/avatar\/6b1558d1b6df085f1901bd5bd98523d7?s=96&d=mm&r=g\",\"contentUrl\":\"https:\/\/secure.gravatar.com\/avatar\/6b1558d1b6df085f1901bd5bd98523d7?s=96&d=mm&r=g\",\"caption\":\"admin\"},\"url\":\"https:\/\/www.delexodo.com.ar\/?author=1\"}]}<\/script>\n<!-- \/ Yoast SEO plugin. -->","yoast_head_json":{"title":"EL SENADO ENTRERRIANO APROB\u00d3 LA IGUALDAD DE G\u00c9NERO EN \u00c1MBITOS DEPORTIVOS - Del \u00c9xodo Nogoy\u00e1","robots":{"index":"index","follow":"follow","max-snippet":"max-snippet:-1","max-image-preview":"max-image-preview:large","max-video-preview":"max-video-preview:-1"},"canonical":"https:\/\/www.delexodo.com.ar\/?p=8374","og_locale":"es_ES","og_type":"article","og_title":"EL SENADO ENTRERRIANO APROB\u00d3 LA IGUALDAD DE G\u00c9NERO EN \u00c1MBITOS DEPORTIVOS - Del \u00c9xodo Nogoy\u00e1","og_description":"En la s\u00e9ptima ordinaria del 142\u00ba per\u00edodo legislativo, la C\u00e1mara alta convirti\u00f3 en ley el proyecto, de autor\u00eda de la&hellip;","og_url":"https:\/\/www.delexodo.com.ar\/?p=8374","og_site_name":"Del \u00c9xodo Nogoy\u00e1","article_published_time":"2021-06-04T23:33:12+00:00","article_modified_time":"2021-06-04T23:33:13+00:00","og_image":[{"width":955,"height":553,"url":"https:\/\/www.delexodo.com.ar\/wp-content\/uploads\/2021\/06\/SENADO-OLANO.jpeg","type":"image\/jpeg"}],"author":"admin","twitter_card":"summary_large_image","twitter_misc":{"Escrito por":"admin","Tiempo de lectura":"6 minutos"},"schema":{"@context":"https:\/\/schema.org","@graph":[{"@type":"Article","@id":"https:\/\/www.delexodo.com.ar\/?p=8374#article","isPartOf":{"@id":"https:\/\/www.delexodo.com.ar\/?p=8374"},"author":{"name":"admin","@id":"https:\/\/www.delexodo.com.ar\/#\/schema\/person\/bbed37f7da8e938660b34f2013ba449d"},"headline":"EL SENADO ENTRERRIANO APROB\u00d3 LA IGUALDAD DE G\u00c9NERO EN \u00c1MBITOS DEPORTIVOS","datePublished":"2021-06-04T23:33:12+00:00","dateModified":"2021-06-04T23:33:13+00:00","mainEntityOfPage":{"@id":"https:\/\/www.delexodo.com.ar\/?p=8374"},"wordCount":1281,"publisher":{"@id":"https:\/\/www.delexodo.com.ar\/#organization"},"image":{"@id":"https:\/\/www.delexodo.com.ar\/?p=8374#primaryimage"},"thumbnailUrl":"https:\/\/www.delexodo.com.ar\/wp-content\/uploads\/2021\/06\/SENADO-OLANO.jpeg","articleSection":["Destacados","NOTICIAS","Politica"],"inLanguage":"es"},{"@type":"WebPage","@id":"https:\/\/www.delexodo.com.ar\/?p=8374","url":"https:\/\/www.delexodo.com.ar\/?p=8374","name":"EL SENADO ENTRERRIANO APROB\u00d3 LA IGUALDAD DE G\u00c9NERO EN \u00c1MBITOS DEPORTIVOS - Del \u00c9xodo Nogoy\u00e1","isPartOf":{"@id":"https:\/\/www.delexodo.com.ar\/#website"},"primaryImageOfPage":{"@id":"https:\/\/www.delexodo.com.ar\/?p=8374#primaryimage"},"image":{"@id":"https:\/\/www.delexodo.com.ar\/?p=8374#primaryimage"},"thumbnailUrl":"https:\/\/www.delexodo.com.ar\/wp-content\/uploads\/2021\/06\/SENADO-OLANO.jpeg","datePublished":"2021-06-04T23:33:12+00:00","dateModified":"2021-06-04T23:33:13+00:00","breadcrumb":{"@id":"https:\/\/www.delexodo.com.ar\/?p=8374#breadcrumb"},"inLanguage":"es","potentialAction":[{"@type":"ReadAction","target":["https:\/\/www.delexodo.com.ar\/?p=8374"]}]},{"@type":"ImageObject","inLanguage":"es","@id":"https:\/\/www.delexodo.com.ar\/?p=8374#primaryimage","url":"https:\/\/www.delexodo.com.ar\/wp-content\/uploads\/2021\/06\/SENADO-OLANO.jpeg","contentUrl":"https:\/\/www.delexodo.com.ar\/wp-content\/uploads\/2021\/06\/SENADO-OLANO.jpeg","width":955,"height":553},{"@type":"BreadcrumbList","@id":"https:\/\/www.delexodo.com.ar\/?p=8374#breadcrumb","itemListElement":[{"@type":"ListItem","position":1,"name":"Portada","item":"https:\/\/www.delexodo.com.ar\/"},{"@type":"ListItem","position":2,"name":"EL SENADO ENTRERRIANO APROB\u00d3 LA IGUALDAD DE G\u00c9NERO EN \u00c1MBITOS DEPORTIVOS"}]},{"@type":"WebSite","@id":"https:\/\/www.delexodo.com.ar\/#website","url":"https:\/\/www.delexodo.com.ar\/","name":"Del \u00c9xodo Nogoy\u00e1","description":"El Portal de Noticias de la Regi\u00f3n","publisher":{"@id":"https:\/\/www.delexodo.com.ar\/#organization"},"potentialAction":[{"@type":"SearchAction","target":{"@type":"EntryPoint","urlTemplate":"https:\/\/www.delexodo.com.ar\/?s={search_term_string}"},"query-input":{"@type":"PropertyValueSpecification","valueRequired":true,"valueName":"search_term_string"}}],"inLanguage":"es"},{"@type":"Organization","@id":"https:\/\/www.delexodo.com.ar\/#organization","name":"Del \u00c9xodo Nogoy\u00e1","url":"https:\/\/www.delexodo.com.ar\/","logo":{"@type":"ImageObject","inLanguage":"es","@id":"https:\/\/www.delexodo.com.ar\/#\/schema\/logo\/image\/","url":"https:\/\/www.delexodo.com.ar\/wp-content\/uploads\/2024\/10\/cropped-cropped-LOGO24.png","contentUrl":"https:\/\/www.delexodo.com.ar\/wp-content\/uploads\/2024\/10\/cropped-cropped-LOGO24.png","width":512,"height":349,"caption":"Del \u00c9xodo Nogoy\u00e1"},"image":{"@id":"https:\/\/www.delexodo.com.ar\/#\/schema\/logo\/image\/"}},{"@type":"Person","@id":"https:\/\/www.delexodo.com.ar\/#\/schema\/person\/bbed37f7da8e938660b34f2013ba449d","name":"admin","image":{"@type":"ImageObject","inLanguage":"es","@id":"https:\/\/www.delexodo.com.ar\/#\/schema\/person\/image\/","url":"https:\/\/secure.gravatar.com\/avatar\/6b1558d1b6df085f1901bd5bd98523d7?s=96&d=mm&r=g","contentUrl":"https:\/\/secure.gravatar.com\/avatar\/6b1558d1b6df085f1901bd5bd98523d7?s=96&d=mm&r=g","caption":"admin"},"url":"https:\/\/www.delexodo.com.ar\/?author=1"}]}},"_links":{"self":[{"href":"https:\/\/www.delexodo.com.ar\/index.php?rest_route=\/wp\/v2\/posts\/8374","targetHints":{"allow":["GET"]}}],"collection":[{"href":"https:\/\/www.delexodo.com.ar\/index.php?rest_route=\/wp\/v2\/posts"}],"about":[{"href":"https:\/\/www.delexodo.com.ar\/index.php?rest_route=\/wp\/v2\/types\/post"}],"author":[{"embeddable":true,"href":"https:\/\/www.delexodo.com.ar\/index.php?rest_route=\/wp\/v2\/users\/1"}],"replies":[{"embeddable":true,"href":"https:\/\/www.delexodo.com.ar\/index.php?rest_route=%2Fwp%2Fv2%2Fcomments&post=8374"}],"version-history":[{"count":0,"href":"https:\/\/www.delexodo.com.ar\/index.php?rest_route=\/wp\/v2\/posts\/8374\/revisions"}],"wp:featuredmedia":[{"embeddable":true,"href":"https:\/\/www.delexodo.com.ar\/index.php?rest_route=\/wp\/v2\/media\/8375"}],"wp:attachment":[{"href":"https:\/\/www.delexodo.com.ar\/index.php?rest_route=%2Fwp%2Fv2%2Fmedia&parent=8374"}],"wp:term":[{"taxonomy":"category","embeddable":true,"href":"https:\/\/www.delexodo.com.ar\/index.php?rest_route=%2Fwp%2Fv2%2Fcategories&post=8374"},{"taxonomy":"post_tag","embeddable":true,"href":"https:\/\/www.delexodo.com.ar\/index.php?rest_route=%2Fwp%2Fv2%2Ftags&post=8374"}],"curies":[{"name":"wp","href":"https:\/\/api.w.org\/{rel}","templated":true}]}}