{"id":8370,"date":"2021-06-04T20:18:15","date_gmt":"2021-06-04T23:18:15","guid":{"rendered":"http:\/\/www.delexodo.com.ar\/?p=8370"},"modified":"2021-06-04T20:18:15","modified_gmt":"2021-06-04T23:18:15","slug":"se-lanzaron-los-juegos-culturales-entrerrianos-evita-2021","status":"publish","type":"post","link":"https:\/\/www.delexodo.com.ar\/?p=8370","title":{"rendered":"SE LANZARON LOS JUEGOS CULTURALES ENTRERRIANOS EVITA 2021"},"content":{"rendered":"\n<p>Por medio de una videoconferencia se lanz\u00f3 la 16 edici\u00f3n de los Juegos Culturales Entrerrianos Evita. El programa se llevar\u00e1 a cabo durante el 2021 y tendr\u00e1 como lema <strong>\u201cTerritorio de Agua\u201d<\/strong>.<\/p>\n\n\n\n<p>El lanzamiento se llev\u00f3 a cabo el pasado mi\u00e9rcoles 2 de junio y estuvo a cargo de la Secretaria de Cultura de la Provincia, Francisca D\u00b4Agostino, qui\u00e9n sostuvo sobre <em>\u201ces de suma importancia que una vez m\u00e1s podamos desarrollar este programa, que es el m\u00e1s antiguo que tiene la Secretar\u00eda de Cultura de la Provincia, y que aboga por la participaci\u00f3n de j\u00f3venes y adultos mayores. Los Juegos Culturales Evita buscan poner foco en el encuentro y la producci\u00f3n art\u00edstica. Este a\u00f1o con un lema que nos permite reconocernos en nuestras identidades\u201d<\/em>.<\/p>\n\n\n\n<p>La videoconferencia tambi\u00e9n cont\u00f3 con la participaci\u00f3n de Horacio Enriquez, coordinador del Programa Provincial <strong>\u201cCultura del Agua\u201d<\/strong> impulsado desde la Vicegobernacion,\u00a0 quien brind\u00f3 una exposici\u00f3n para fundamentar el lema que va en l\u00ednea con el cuidado y la sensibilizaci\u00f3n sobre el agua en la Provincia. De esta manera, los Juegos Culturales Entrerrianos Evita se inscriben dentro del programa\u00a0 \u201cCultura del Agua\u201d como estrategia de cuidado y preservaci\u00f3n de la casa com\u00fan, la vida y la identidad de los entrerrianos y entrerrianas, a trav\u00e9s de la educaci\u00f3n y comunicaci\u00f3n ambiental y el trabajo en el territorio.<\/p>\n\n\n\n<p>Este a\u00f1o las disciplinas ser\u00e1n, para las categor\u00edas Sub 15 y Sub 18:&nbsp; Pintura; Dibujo;&nbsp; Fotograf\u00eda Digital; Cuento; Videominuto; Danza (Individual); Teatro (Unipersonal); Canto Solista; Free Style. Para adultos mayores: Pintura o Dibujo; Fotograf\u00eda Digital y Cuento.<\/p>\n\n\n\n<p>La modalidad ser\u00e1 nuevamente virtual, debido al contexto epidemiol\u00f3gico. Las inscripciones se har\u00e1n hasta el 13 de agosto a trav\u00e9s del formulario web: <a rel=\"noreferrer noopener\" href=\"https:\/\/forms.gle\/koY2kK2ztSyo2kBP8\" target=\"_blank\"><strong>https:\/\/forms.gle\/koY2kK2ztSyo2kBP8<\/strong><\/a> \u00f3 en las \u00e1reas de cultura de municipios, comunas y\/o juntas de gobierno.\u00a0\u00a0<\/p>\n\n\n\n<p>Del lanzamiento participaron el Director de Formaci\u00f3n y Diversidad Cultural, Federico Prieto, la Directora del Museo Provincial de Ciencias Naturales y Antropol\u00f3gicas, Gisela Bahler; la Directora del Museo Provincial Eva Per\u00f3n, Sara Lipovetsky; y la Coordinadora Nacional del Programa Cuidadores de la Casa Com\u00fan, Martha Arriola.<\/p>\n\n\n\n<p>Adem\u00e1s, estuvieron presentes encargados y encargadas de las \u00e1reas de Cultura de Municipios, comunas y juntas de gobierno de la Provincia de Entre R\u00edos, quienes despejaron dudas junto al equipo coordinador de los Juegos Culturales Entrerrianos Evita: Claudio Bouchet y Ulises Ferrero.<\/p>\n\n\n\n<p>El reglamento queda a disposici\u00f3n en el siguiente enlace: <a rel=\"noreferrer noopener\" href=\"https:\/\/drive.google.com\/file\/d\/1fQCtkJzYkFF0lWkdCMMaOpO_tLBgMPnm\/view?usp=sharing\" target=\"_blank\"><strong>Reglamento EVITA 2021.pdf<\/strong><\/a><br>M\u00e1s info:<strong> <a rel=\"noreferrer noopener\" href=\"mailto:formacionydiversidadculturaler@gmail.com\" target=\"_blank\">formacionydiversidadculturaler@gmail.com<\/a>\u00a0<\/strong><\/p>\n","protected":false},"excerpt":{"rendered":"<p>Por medio de una videoconferencia se lanz\u00f3 la 16 edici\u00f3n de los Juegos Culturales Entrerrianos Evita. El programa se llevar\u00e1&hellip;<\/p>\n","protected":false},"author":1,"featured_media":8372,"comment_status":"closed","ping_status":"closed","sticky":false,"template":"","format":"standard","meta":{"_joinchat":[],"footnotes":""},"categories":[355,1,69],"tags":[345],"class_list":["post-8370","post","type-post","status-publish","format-standard","has-post-thumbnail","hentry","category-cultura","category-sincategoria","category-noticias","tag-destacar"],"yoast_head":"<!-- This site is optimized with the Yoast SEO plugin v25.1 - https:\/\/yoast.com\/wordpress\/plugins\/seo\/ -->\n<title>SE LANZARON LOS JUEGOS CULTURALES ENTRERRIANOS EVITA 2021 - Del \u00c9xodo Nogoy\u00e1<\/title>\n<meta name=\"robots\" content=\"index, follow, max-snippet:-1, max-image-preview:large, max-video-preview:-1\" \/>\n<link rel=\"canonical\" href=\"https:\/\/www.delexodo.com.ar\/?p=8370\" \/>\n<meta property=\"og:locale\" content=\"es_ES\" \/>\n<meta property=\"og:type\" content=\"article\" \/>\n<meta property=\"og:title\" content=\"SE LANZARON LOS JUEGOS CULTURALES ENTRERRIANOS EVITA 2021 - Del \u00c9xodo Nogoy\u00e1\" \/>\n<meta property=\"og:description\" content=\"Por medio de una videoconferencia se lanz\u00f3 la 16 edici\u00f3n de los Juegos Culturales Entrerrianos Evita. El programa se llevar\u00e1&hellip;\" \/>\n<meta property=\"og:url\" content=\"https:\/\/www.delexodo.com.ar\/?p=8370\" \/>\n<meta property=\"og:site_name\" content=\"Del \u00c9xodo Nogoy\u00e1\" \/>\n<meta property=\"article:published_time\" content=\"2021-06-04T23:18:15+00:00\" \/>\n<meta property=\"og:image\" content=\"https:\/\/www.delexodo.com.ar\/wp-content\/uploads\/2021\/06\/Juegos-Culturales-Entrerrianos-Evita-2021.jpg\" \/>\n\t<meta property=\"og:image:width\" content=\"955\" \/>\n\t<meta property=\"og:image:height\" content=\"635\" \/>\n\t<meta property=\"og:image:type\" content=\"image\/jpeg\" \/>\n<meta name=\"author\" content=\"admin\" \/>\n<meta name=\"twitter:card\" content=\"summary_large_image\" \/>\n<meta name=\"twitter:label1\" content=\"Escrito por\" \/>\n\t<meta name=\"twitter:data1\" content=\"admin\" \/>\n\t<meta name=\"twitter:label2\" content=\"Tiempo de lectura\" \/>\n\t<meta name=\"twitter:data2\" content=\"2 minutos\" \/>\n<script type=\"application\/ld+json\" class=\"yoast-schema-graph\">{\"@context\":\"https:\/\/schema.org\",\"@graph\":[{\"@type\":\"Article\",\"@id\":\"https:\/\/www.delexodo.com.ar\/?p=8370#article\",\"isPartOf\":{\"@id\":\"https:\/\/www.delexodo.com.ar\/?p=8370\"},\"author\":{\"name\":\"admin\",\"@id\":\"https:\/\/www.delexodo.com.ar\/#\/schema\/person\/bbed37f7da8e938660b34f2013ba449d\"},\"headline\":\"SE LANZARON LOS JUEGOS CULTURALES ENTRERRIANOS EVITA 2021\",\"datePublished\":\"2021-06-04T23:18:15+00:00\",\"mainEntityOfPage\":{\"@id\":\"https:\/\/www.delexodo.com.ar\/?p=8370\"},\"wordCount\":445,\"publisher\":{\"@id\":\"https:\/\/www.delexodo.com.ar\/#organization\"},\"image\":{\"@id\":\"https:\/\/www.delexodo.com.ar\/?p=8370#primaryimage\"},\"thumbnailUrl\":\"https:\/\/www.delexodo.com.ar\/wp-content\/uploads\/2021\/06\/Juegos-Culturales-Entrerrianos-Evita-2021.jpg\",\"keywords\":[\"destacar\"],\"articleSection\":[\"Cultura\",\"Nogoya\",\"NOTICIAS\"],\"inLanguage\":\"es\"},{\"@type\":\"WebPage\",\"@id\":\"https:\/\/www.delexodo.com.ar\/?p=8370\",\"url\":\"https:\/\/www.delexodo.com.ar\/?p=8370\",\"name\":\"SE LANZARON LOS JUEGOS CULTURALES ENTRERRIANOS EVITA 2021 - Del \u00c9xodo Nogoy\u00e1\",\"isPartOf\":{\"@id\":\"https:\/\/www.delexodo.com.ar\/#website\"},\"primaryImageOfPage\":{\"@id\":\"https:\/\/www.delexodo.com.ar\/?p=8370#primaryimage\"},\"image\":{\"@id\":\"https:\/\/www.delexodo.com.ar\/?p=8370#primaryimage\"},\"thumbnailUrl\":\"https:\/\/www.delexodo.com.ar\/wp-content\/uploads\/2021\/06\/Juegos-Culturales-Entrerrianos-Evita-2021.jpg\",\"datePublished\":\"2021-06-04T23:18:15+00:00\",\"breadcrumb\":{\"@id\":\"https:\/\/www.delexodo.com.ar\/?p=8370#breadcrumb\"},\"inLanguage\":\"es\",\"potentialAction\":[{\"@type\":\"ReadAction\",\"target\":[\"https:\/\/www.delexodo.com.ar\/?p=8370\"]}]},{\"@type\":\"ImageObject\",\"inLanguage\":\"es\",\"@id\":\"https:\/\/www.delexodo.com.ar\/?p=8370#primaryimage\",\"url\":\"https:\/\/www.delexodo.com.ar\/wp-content\/uploads\/2021\/06\/Juegos-Culturales-Entrerrianos-Evita-2021.jpg\",\"contentUrl\":\"https:\/\/www.delexodo.com.ar\/wp-content\/uploads\/2021\/06\/Juegos-Culturales-Entrerrianos-Evita-2021.jpg\",\"width\":955,\"height\":635},{\"@type\":\"BreadcrumbList\",\"@id\":\"https:\/\/www.delexodo.com.ar\/?p=8370#breadcrumb\",\"itemListElement\":[{\"@type\":\"ListItem\",\"position\":1,\"name\":\"Portada\",\"item\":\"https:\/\/www.delexodo.com.ar\/\"},{\"@type\":\"ListItem\",\"position\":2,\"name\":\"SE LANZARON LOS JUEGOS CULTURALES ENTRERRIANOS EVITA 2021\"}]},{\"@type\":\"WebSite\",\"@id\":\"https:\/\/www.delexodo.com.ar\/#website\",\"url\":\"https:\/\/www.delexodo.com.ar\/\",\"name\":\"Del \u00c9xodo Nogoy\u00e1\",\"description\":\"El Portal de Noticias de la Regi\u00f3n\",\"publisher\":{\"@id\":\"https:\/\/www.delexodo.com.ar\/#organization\"},\"potentialAction\":[{\"@type\":\"SearchAction\",\"target\":{\"@type\":\"EntryPoint\",\"urlTemplate\":\"https:\/\/www.delexodo.com.ar\/?s={search_term_string}\"},\"query-input\":{\"@type\":\"PropertyValueSpecification\",\"valueRequired\":true,\"valueName\":\"search_term_string\"}}],\"inLanguage\":\"es\"},{\"@type\":\"Organization\",\"@id\":\"https:\/\/www.delexodo.com.ar\/#organization\",\"name\":\"Del \u00c9xodo Nogoy\u00e1\",\"url\":\"https:\/\/www.delexodo.com.ar\/\",\"logo\":{\"@type\":\"ImageObject\",\"inLanguage\":\"es\",\"@id\":\"https:\/\/www.delexodo.com.ar\/#\/schema\/logo\/image\/\",\"url\":\"https:\/\/www.delexodo.com.ar\/wp-content\/uploads\/2024\/10\/cropped-cropped-LOGO24.png\",\"contentUrl\":\"https:\/\/www.delexodo.com.ar\/wp-content\/uploads\/2024\/10\/cropped-cropped-LOGO24.png\",\"width\":512,\"height\":349,\"caption\":\"Del \u00c9xodo Nogoy\u00e1\"},\"image\":{\"@id\":\"https:\/\/www.delexodo.com.ar\/#\/schema\/logo\/image\/\"}},{\"@type\":\"Person\",\"@id\":\"https:\/\/www.delexodo.com.ar\/#\/schema\/person\/bbed37f7da8e938660b34f2013ba449d\",\"name\":\"admin\",\"image\":{\"@type\":\"ImageObject\",\"inLanguage\":\"es\",\"@id\":\"https:\/\/www.delexodo.com.ar\/#\/schema\/person\/image\/\",\"url\":\"https:\/\/secure.gravatar.com\/avatar\/6b1558d1b6df085f1901bd5bd98523d7?s=96&d=mm&r=g\",\"contentUrl\":\"https:\/\/secure.gravatar.com\/avatar\/6b1558d1b6df085f1901bd5bd98523d7?s=96&d=mm&r=g\",\"caption\":\"admin\"},\"url\":\"https:\/\/www.delexodo.com.ar\/?author=1\"}]}<\/script>\n<!-- \/ Yoast SEO plugin. -->","yoast_head_json":{"title":"SE LANZARON LOS JUEGOS CULTURALES ENTRERRIANOS EVITA 2021 - Del \u00c9xodo Nogoy\u00e1","robots":{"index":"index","follow":"follow","max-snippet":"max-snippet:-1","max-image-preview":"max-image-preview:large","max-video-preview":"max-video-preview:-1"},"canonical":"https:\/\/www.delexodo.com.ar\/?p=8370","og_locale":"es_ES","og_type":"article","og_title":"SE LANZARON LOS JUEGOS CULTURALES ENTRERRIANOS EVITA 2021 - Del \u00c9xodo Nogoy\u00e1","og_description":"Por medio de una videoconferencia se lanz\u00f3 la 16 edici\u00f3n de los Juegos Culturales Entrerrianos Evita. El programa se llevar\u00e1&hellip;","og_url":"https:\/\/www.delexodo.com.ar\/?p=8370","og_site_name":"Del \u00c9xodo Nogoy\u00e1","article_published_time":"2021-06-04T23:18:15+00:00","og_image":[{"width":955,"height":635,"url":"https:\/\/www.delexodo.com.ar\/wp-content\/uploads\/2021\/06\/Juegos-Culturales-Entrerrianos-Evita-2021.jpg","type":"image\/jpeg"}],"author":"admin","twitter_card":"summary_large_image","twitter_misc":{"Escrito por":"admin","Tiempo de lectura":"2 minutos"},"schema":{"@context":"https:\/\/schema.org","@graph":[{"@type":"Article","@id":"https:\/\/www.delexodo.com.ar\/?p=8370#article","isPartOf":{"@id":"https:\/\/www.delexodo.com.ar\/?p=8370"},"author":{"name":"admin","@id":"https:\/\/www.delexodo.com.ar\/#\/schema\/person\/bbed37f7da8e938660b34f2013ba449d"},"headline":"SE LANZARON LOS JUEGOS CULTURALES ENTRERRIANOS EVITA 2021","datePublished":"2021-06-04T23:18:15+00:00","mainEntityOfPage":{"@id":"https:\/\/www.delexodo.com.ar\/?p=8370"},"wordCount":445,"publisher":{"@id":"https:\/\/www.delexodo.com.ar\/#organization"},"image":{"@id":"https:\/\/www.delexodo.com.ar\/?p=8370#primaryimage"},"thumbnailUrl":"https:\/\/www.delexodo.com.ar\/wp-content\/uploads\/2021\/06\/Juegos-Culturales-Entrerrianos-Evita-2021.jpg","keywords":["destacar"],"articleSection":["Cultura","Nogoya","NOTICIAS"],"inLanguage":"es"},{"@type":"WebPage","@id":"https:\/\/www.delexodo.com.ar\/?p=8370","url":"https:\/\/www.delexodo.com.ar\/?p=8370","name":"SE LANZARON LOS JUEGOS CULTURALES ENTRERRIANOS EVITA 2021 - Del \u00c9xodo Nogoy\u00e1","isPartOf":{"@id":"https:\/\/www.delexodo.com.ar\/#website"},"primaryImageOfPage":{"@id":"https:\/\/www.delexodo.com.ar\/?p=8370#primaryimage"},"image":{"@id":"https:\/\/www.delexodo.com.ar\/?p=8370#primaryimage"},"thumbnailUrl":"https:\/\/www.delexodo.com.ar\/wp-content\/uploads\/2021\/06\/Juegos-Culturales-Entrerrianos-Evita-2021.jpg","datePublished":"2021-06-04T23:18:15+00:00","breadcrumb":{"@id":"https:\/\/www.delexodo.com.ar\/?p=8370#breadcrumb"},"inLanguage":"es","potentialAction":[{"@type":"ReadAction","target":["https:\/\/www.delexodo.com.ar\/?p=8370"]}]},{"@type":"ImageObject","inLanguage":"es","@id":"https:\/\/www.delexodo.com.ar\/?p=8370#primaryimage","url":"https:\/\/www.delexodo.com.ar\/wp-content\/uploads\/2021\/06\/Juegos-Culturales-Entrerrianos-Evita-2021.jpg","contentUrl":"https:\/\/www.delexodo.com.ar\/wp-content\/uploads\/2021\/06\/Juegos-Culturales-Entrerrianos-Evita-2021.jpg","width":955,"height":635},{"@type":"BreadcrumbList","@id":"https:\/\/www.delexodo.com.ar\/?p=8370#breadcrumb","itemListElement":[{"@type":"ListItem","position":1,"name":"Portada","item":"https:\/\/www.delexodo.com.ar\/"},{"@type":"ListItem","position":2,"name":"SE LANZARON LOS JUEGOS CULTURALES ENTRERRIANOS EVITA 2021"}]},{"@type":"WebSite","@id":"https:\/\/www.delexodo.com.ar\/#website","url":"https:\/\/www.delexodo.com.ar\/","name":"Del \u00c9xodo Nogoy\u00e1","description":"El Portal de Noticias de la Regi\u00f3n","publisher":{"@id":"https:\/\/www.delexodo.com.ar\/#organization"},"potentialAction":[{"@type":"SearchAction","target":{"@type":"EntryPoint","urlTemplate":"https:\/\/www.delexodo.com.ar\/?s={search_term_string}"},"query-input":{"@type":"PropertyValueSpecification","valueRequired":true,"valueName":"search_term_string"}}],"inLanguage":"es"},{"@type":"Organization","@id":"https:\/\/www.delexodo.com.ar\/#organization","name":"Del \u00c9xodo Nogoy\u00e1","url":"https:\/\/www.delexodo.com.ar\/","logo":{"@type":"ImageObject","inLanguage":"es","@id":"https:\/\/www.delexodo.com.ar\/#\/schema\/logo\/image\/","url":"https:\/\/www.delexodo.com.ar\/wp-content\/uploads\/2024\/10\/cropped-cropped-LOGO24.png","contentUrl":"https:\/\/www.delexodo.com.ar\/wp-content\/uploads\/2024\/10\/cropped-cropped-LOGO24.png","width":512,"height":349,"caption":"Del \u00c9xodo Nogoy\u00e1"},"image":{"@id":"https:\/\/www.delexodo.com.ar\/#\/schema\/logo\/image\/"}},{"@type":"Person","@id":"https:\/\/www.delexodo.com.ar\/#\/schema\/person\/bbed37f7da8e938660b34f2013ba449d","name":"admin","image":{"@type":"ImageObject","inLanguage":"es","@id":"https:\/\/www.delexodo.com.ar\/#\/schema\/person\/image\/","url":"https:\/\/secure.gravatar.com\/avatar\/6b1558d1b6df085f1901bd5bd98523d7?s=96&d=mm&r=g","contentUrl":"https:\/\/secure.gravatar.com\/avatar\/6b1558d1b6df085f1901bd5bd98523d7?s=96&d=mm&r=g","caption":"admin"},"url":"https:\/\/www.delexodo.com.ar\/?author=1"}]}},"_links":{"self":[{"href":"https:\/\/www.delexodo.com.ar\/index.php?rest_route=\/wp\/v2\/posts\/8370","targetHints":{"allow":["GET"]}}],"collection":[{"href":"https:\/\/www.delexodo.com.ar\/index.php?rest_route=\/wp\/v2\/posts"}],"about":[{"href":"https:\/\/www.delexodo.com.ar\/index.php?rest_route=\/wp\/v2\/types\/post"}],"author":[{"embeddable":true,"href":"https:\/\/www.delexodo.com.ar\/index.php?rest_route=\/wp\/v2\/users\/1"}],"replies":[{"embeddable":true,"href":"https:\/\/www.delexodo.com.ar\/index.php?rest_route=%2Fwp%2Fv2%2Fcomments&post=8370"}],"version-history":[{"count":0,"href":"https:\/\/www.delexodo.com.ar\/index.php?rest_route=\/wp\/v2\/posts\/8370\/revisions"}],"wp:featuredmedia":[{"embeddable":true,"href":"https:\/\/www.delexodo.com.ar\/index.php?rest_route=\/wp\/v2\/media\/8372"}],"wp:attachment":[{"href":"https:\/\/www.delexodo.com.ar\/index.php?rest_route=%2Fwp%2Fv2%2Fmedia&parent=8370"}],"wp:term":[{"taxonomy":"category","embeddable":true,"href":"https:\/\/www.delexodo.com.ar\/index.php?rest_route=%2Fwp%2Fv2%2Fcategories&post=8370"},{"taxonomy":"post_tag","embeddable":true,"href":"https:\/\/www.delexodo.com.ar\/index.php?rest_route=%2Fwp%2Fv2%2Ftags&post=8370"}],"curies":[{"name":"wp","href":"https:\/\/api.w.org\/{rel}","templated":true}]}}