{"id":8343,"date":"2021-05-28T06:58:58","date_gmt":"2021-05-28T09:58:58","guid":{"rendered":"http:\/\/www.delexodo.com.ar\/?p=8343"},"modified":"2021-05-28T06:59:00","modified_gmt":"2021-05-28T09:59:00","slug":"la-vicegobernacion-y-la-uader-firmaron-un-convenio-de-colaboracion-para-profundizar-politicas-de-genero","status":"publish","type":"post","link":"https:\/\/www.delexodo.com.ar\/?p=8343","title":{"rendered":"LA VICEGOBERNACI\u00d3N Y LA UADER FIRMARON UN CONVENIO DE COLABORACI\u00d3N PARA PROFUNDIZAR POL\u00cdTICAS DE G\u00c9NERO"},"content":{"rendered":"\n<p>La vicegobernadora Laura Stratta y el rector de la Universidad Aut\u00f3noma de Entre R\u00edos (UADER), Luciano Filipuzzi, rubricaron un convenio marco de colaboraci\u00f3n para la elaboraci\u00f3n de investigaciones sobre el abordaje de la violencia de g\u00e9nero y las intervenciones institucionales locales<\/p>\n\n\n\n<p>En el acto tambi\u00e9n estuvo presente la titular del Observatorio de G\u00e9neros y Derechos Humanos de la Vicegobernaci\u00f3n, Sigrid Kunath. En tanto, conectados v\u00eda Zoom, participaron An\u00edbal Sattler, decano de la Facultad de Ciencias de la Vida y de la Salud de la UADER; Claudia Monjo, intendenta de Villaguay e integrantes del hogar La Delfina; entre otros.<\/p>\n\n\n\n<p>Al hacer uso de la palabra, la vicegobernadora Stratta destac\u00f3 la importancia de firmar este convenio pensado para elaborar investigaciones que sirvan para recolectar informaci\u00f3n, generar datos y que esos datos se puedan utilizar para el dise\u00f1o de las pol\u00edticas p\u00fablicas. <em>\u201cTener un Estado que se anima a mirarse y lo hace en una alianza estrat\u00e9gica con la universidad, no es algo que se observe todos los d\u00edas\u201d<\/em>, coment\u00f3 Stratta tras valorar el trabajo en articulaci\u00f3n entre la Vicegobernaci\u00f3n, a trav\u00e9s del Observatorio, la UADER y en el Municipio.<\/p>\n\n\n\n<p>Luego, record\u00f3 las palabras del gobernador Gustavo Bordet quien dijo que <em>\u201cno puede haber desarrollo econ\u00f3mico si primero no hay desarrollo social y humano\u201d y se\u00f1al\u00f3 que incorporar en la agenda de la comunidad, del municipio, de la provincia, de g\u00e9nero y econom\u00eda social \u201ctambi\u00e9n tiene que ver con definiciones pol\u00edticas y con decidir hacia donde concentramos los esfuerzos en un contexto en cual nos toca atravesar\u201d<\/em>.<\/p>\n\n\n\n<figure class=\"wp-block-image size-large\"><img loading=\"lazy\" decoding=\"async\" width=\"645\" height=\"347\" src=\"https:\/\/www.delexodo.com.ar\/wp-content\/uploads\/2021\/05\/convenio-de-colaboracion-FIRMA.jpg\" alt=\"\" class=\"wp-image-8345\" srcset=\"https:\/\/www.delexodo.com.ar\/wp-content\/uploads\/2021\/05\/convenio-de-colaboracion-FIRMA.jpg 645w, https:\/\/www.delexodo.com.ar\/wp-content\/uploads\/2021\/05\/convenio-de-colaboracion-FIRMA-300x161.jpg 300w\" sizes=\"auto, (max-width: 645px) 100vw, 645px\" \/><\/figure>\n\n\n\n<p>En otra parte de su intervenci\u00f3n, Stratta remarc\u00f3 la importancia de esta investigaci\u00f3n en el marco del debate sobre el proyecto de ley del nuevo R\u00e9gimen de Protecci\u00f3n, Asistencia y Prevenci\u00f3n de la Violencia por Razones de G\u00e9nero. <em>\u201cEsta investigaci\u00f3n va a ser tan fundamental como lo fueron para nosotros fue las experiencias en las \u00e1reas de la Mujer y en los hogares de protecci\u00f3n para la redacci\u00f3n de este proyecto. Es muy importante la experiencia acumulada y es central poder sistematizarla y transformarla en este proceso\u201d<\/em>, agreg\u00f3.<\/p>\n\n\n\n<p>Por su parte, Filipuzzi expres\u00f3: <em>\u201cEn materia de Derechos Humanos, la UADER ha sido siempre una referencia; con ese respaldo y responsabilidad, apoyamos que desde nuestra casa se afronten trabajos que apunten a combatir uno de los grandes flagelos de este tiempo como es la violencia de g\u00e9nero. Son m\u00faltiples las acciones que llevamos adelante en este marco y creemos que esta investigaci\u00f3n tiene el potencial para ser una gran contribuci\u00f3n en la tem\u00e1tica\u201d<\/em>.<\/p>\n\n\n\n<p>En la oportunidad, Sigrid Kunath manifest\u00f3: <em>\u201cEs una gran alegr\u00eda llegar a este momento porque este convenio marco servir\u00e1 para distintos proyectos de investigaci\u00f3n en los que venimos trabajando, delineando y elaborando con el equipo del Observatorio y muy especialmente con el hogar La Delfina y el equipo de UADER\u201d<\/em>, mencion\u00f3.<\/p>\n\n\n\n<p><em>\u201cPensar en estos proyectos de investigaci\u00f3n tambi\u00e9n significa para nosotros un enorme desaf\u00edo. Y pensar en este primer proyecto de investigaci\u00f3n en colaboraci\u00f3n con la UADER y con un municipio absolutamente amable y amoroso para trabajar las cuestiones de g\u00e9nero como es Villaguay, la verdad significa un enorme desaf\u00edo y tambi\u00e9n un salto en cuanto a lo que proponemos como calidad de las pol\u00edticas p\u00fablicas\u201d<\/em>, remarc\u00f3. Igualmente valor\u00f3 la decisi\u00f3n de la Vicegobernadora <strong><em>\u201cde profundizar esta agenda\u201d<\/em><\/strong>.<\/p>\n\n\n\n<p>Seguidamente retom\u00f3 palabras de Stratta y se\u00f1al\u00f3: <em>\u201cDesde el punto de vista formal estamos dando cumplimiento a una manda legal pero tambi\u00e9n lo hacemos con la m\u00e1s profunda convicci\u00f3n de trabajar por m\u00e1s igualdad, por sociedades menos violentas, por espacios m\u00e1s inclusivos\u201d<\/em>.<\/p>\n\n\n\n<p>En tanto, An\u00edbal Sattler, decano de la Facultad de Ciencias de la Vida y de la Salud de la UADER destac\u00f3 los equipos de trabajo de esa universidad y la decisi\u00f3n del Rector Filipuzzi de avalar la iniciativa<em>. \u201cSoy un militante de estas propuestas, no s\u00f3lo desde la capacitaci\u00f3n que hemos venido trabajando much\u00edsimo, sino tambi\u00e9n en esta iniciativa que es bien espec\u00edfica y novedosa\u201d, valor\u00f3 tras destacar la importancia de trabajar en conjunto con la Vicegobernaci\u00f3n \u201cen la investigaci\u00f3n cient\u00edfica para consolidar, aportar y generar datos acad\u00e9micos para evaluar una pol\u00edtica p\u00fablica\u201d<\/em>.<\/p>\n\n\n\n<figure class=\"wp-block-image size-large\"><img loading=\"lazy\" decoding=\"async\" width=\"658\" height=\"398\" src=\"https:\/\/www.delexodo.com.ar\/wp-content\/uploads\/2021\/05\/convenio-de-colaboracion-ZOOM.jpg\" alt=\"\" class=\"wp-image-8346\" srcset=\"https:\/\/www.delexodo.com.ar\/wp-content\/uploads\/2021\/05\/convenio-de-colaboracion-ZOOM.jpg 658w, https:\/\/www.delexodo.com.ar\/wp-content\/uploads\/2021\/05\/convenio-de-colaboracion-ZOOM-300x181.jpg 300w\" sizes=\"auto, (max-width: 658px) 100vw, 658px\" \/><\/figure>\n\n\n\n<p>Por su parte, la intendenta Claudia Monjo dijo manifest\u00f3 su satisfacci\u00f3n por <em>\u201ccontar con un trabajo en manos de la UADER y la Vicegobernaci\u00f3n\u201d.&nbsp; Y valor\u00f3 el trabajo de Sigrid Kunath desde el Observatorio y elogi\u00f3 a la Vicegobernadora por el lugar que ocupa. \u201cSiempre es una alegr\u00eda que pueda estar Laura, nosotras nos sentimos muy orgullosas, te apreciamos y queremos\u201d<\/em>, expres\u00f3 la jefa comunal de Villaguay.<\/p>\n\n\n\n<p>Adem\u00e1s, consider\u00f3 que, a partir de la firma de este convenio, la investigaci\u00f3n <em>\u201cnos permitir\u00e1 dar un salto de calidad en el trabajo que viene realizando La Delfina\u201d <\/em>y remarc\u00f3 que el trabajo que se realiza en el Centro de Protecci\u00f3n es gracias al trabajo en equipo.<\/p>\n\n\n\n<p>En el encuentro tambi\u00e9n hicieron su intervenci\u00f3n Mariana Dimotta, del Centro de Protecci\u00f3n La Delfina; y previamente hicieron uso de la palabra Natalia Turbiner del Observatorio, y Sabrina Medina de la UADER, ambas celebraron que <em>\u201clo acad\u00e9mico y sus herramientas est\u00e9n puestas a favor del territorio\u201d<\/em>. Adem\u00e1s, destacaron el intercambio y la articulaci\u00f3n de las instituciones, refirieron a los desaf\u00edos y expectativas de trabajo conjunto con perspectiva de g\u00e9nero y derechos.&nbsp;<\/p>\n\n\n\n<p><strong>Convenio<\/strong><\/p>\n\n\n\n<p>Entre los objetivos del convenio se destaca el desarrollo de un trabajo conjunto entre ambas instituciones para la elaboraci\u00f3n de una investigaci\u00f3n sobre el abordaje de la violencia de g\u00e9nero y las intervenciones institucionales locales.<\/p>\n\n\n\n<p>Asimismo, est\u00e1 previsto desarrollar a trav\u00e9s del Observatorio de G\u00e9neros y Derechos Humanos del Senado y el \u00e1rea de G\u00e9nero, Diversidad y Derechos Humanos de la Facultad de Ciencias de la Vida y la Salud una investigaci\u00f3n en torno al funcionamiento de Hogares de Protecci\u00f3n Integral para Mujeres en Situaci\u00f3n de Violencia que forman parte de la Red de Hogares Provincial.<\/p>\n\n\n\n<p>Indagar sobre la forma en la que los dispositivos de asistencia en la emergencia articulan el alojamiento de mujeres en situaci\u00f3n de violencia, la denuncia de las v\u00edctimas, la atenci\u00f3n psicol\u00f3gica al agresor y las medidas cautelares, es otra de las finalidades del convenio, como as\u00ed tambi\u00e9n indagar sobre la forma integral en la que los dispositivos intervienen, garantizan la protecci\u00f3n y realizan el seguimiento de las medidas cautelares, realizan un trabajo simult\u00e1neo con el agresor.<\/p>\n\n\n\n<p><strong>Presencias<\/strong><\/p>\n\n\n\n<p>Del acto presencial participaron la vicegobernadora Laura Stratta, el rector de UADER Luciano Filipuzzi, la titular del Observatorio de G\u00e9neros y Derechos Humanos, Sigrid Kunath.<\/p>\n\n\n\n<p>Conectados via Zoom estuvieron, por la UADER el decano de la Facultad de Ciencias de la Vida y la Salud Anibal Sattler; el equipo de la Coordinaci\u00f3n de G\u00e9nero: Sabrina Medina, Gonzalo Molina, Tatiana Richardet. Por el Municipio de Villaguay, la intendenta Claudia Monjo y el equipo de La Delfina. Adem\u00e1s, participaron integrantes del Observatorio de G\u00e9neros y Derechos Humanos de la Vicegobernaci\u00f3n: Laura Su\u00f1e, Natalia Turbiner, Florencia Piva, Florencia Beltramino y Maximiliano Gonz\u00e1lez.<\/p>\n\n\n\n<p>\u00a0Prensa Vicegobernaci\u00f3n<\/p>\n","protected":false},"excerpt":{"rendered":"<p>La vicegobernadora Laura Stratta y el rector de la Universidad Aut\u00f3noma de Entre R\u00edos (UADER), Luciano Filipuzzi, rubricaron un convenio&hellip;<\/p>\n","protected":false},"author":1,"featured_media":8344,"comment_status":"closed","ping_status":"closed","sticky":false,"template":"","format":"standard","meta":{"_joinchat":[],"footnotes":""},"categories":[65,69],"tags":[],"class_list":["post-8343","post","type-post","status-publish","format-standard","has-post-thumbnail","hentry","category-destacados","category-noticias"],"yoast_head":"<!-- This site is optimized with the Yoast SEO plugin v25.1 - https:\/\/yoast.com\/wordpress\/plugins\/seo\/ -->\n<title>LA VICEGOBERNACI\u00d3N Y LA UADER FIRMARON UN CONVENIO DE COLABORACI\u00d3N PARA PROFUNDIZAR POL\u00cdTICAS DE G\u00c9NERO - Del \u00c9xodo Nogoy\u00e1<\/title>\n<meta name=\"robots\" content=\"index, follow, max-snippet:-1, max-image-preview:large, max-video-preview:-1\" \/>\n<link rel=\"canonical\" href=\"https:\/\/www.delexodo.com.ar\/?p=8343\" \/>\n<meta property=\"og:locale\" content=\"es_ES\" \/>\n<meta property=\"og:type\" content=\"article\" \/>\n<meta property=\"og:title\" content=\"LA VICEGOBERNACI\u00d3N Y LA UADER FIRMARON UN CONVENIO DE COLABORACI\u00d3N PARA PROFUNDIZAR POL\u00cdTICAS DE G\u00c9NERO - Del \u00c9xodo Nogoy\u00e1\" \/>\n<meta property=\"og:description\" content=\"La vicegobernadora Laura Stratta y el rector de la Universidad Aut\u00f3noma de Entre R\u00edos (UADER), Luciano Filipuzzi, rubricaron un convenio&hellip;\" \/>\n<meta property=\"og:url\" content=\"https:\/\/www.delexodo.com.ar\/?p=8343\" \/>\n<meta property=\"og:site_name\" content=\"Del \u00c9xodo Nogoy\u00e1\" \/>\n<meta property=\"article:published_time\" content=\"2021-05-28T09:58:58+00:00\" \/>\n<meta property=\"article:modified_time\" content=\"2021-05-28T09:59:00+00:00\" \/>\n<meta property=\"og:image\" content=\"https:\/\/www.delexodo.com.ar\/wp-content\/uploads\/2021\/05\/convenio-de-colaboracion-STRATTA.jpg\" \/>\n\t<meta property=\"og:image:width\" content=\"985\" \/>\n\t<meta property=\"og:image:height\" content=\"560\" \/>\n\t<meta property=\"og:image:type\" content=\"image\/jpeg\" \/>\n<meta name=\"author\" content=\"admin\" \/>\n<meta name=\"twitter:card\" content=\"summary_large_image\" \/>\n<meta name=\"twitter:label1\" content=\"Escrito por\" \/>\n\t<meta name=\"twitter:data1\" content=\"admin\" \/>\n\t<meta name=\"twitter:label2\" content=\"Tiempo de lectura\" \/>\n\t<meta name=\"twitter:data2\" content=\"6 minutos\" \/>\n<script type=\"application\/ld+json\" class=\"yoast-schema-graph\">{\"@context\":\"https:\/\/schema.org\",\"@graph\":[{\"@type\":\"Article\",\"@id\":\"https:\/\/www.delexodo.com.ar\/?p=8343#article\",\"isPartOf\":{\"@id\":\"https:\/\/www.delexodo.com.ar\/?p=8343\"},\"author\":{\"name\":\"admin\",\"@id\":\"https:\/\/www.delexodo.com.ar\/#\/schema\/person\/bbed37f7da8e938660b34f2013ba449d\"},\"headline\":\"LA VICEGOBERNACI\u00d3N Y LA UADER FIRMARON UN CONVENIO DE COLABORACI\u00d3N PARA PROFUNDIZAR POL\u00cdTICAS DE G\u00c9NERO\",\"datePublished\":\"2021-05-28T09:58:58+00:00\",\"dateModified\":\"2021-05-28T09:59:00+00:00\",\"mainEntityOfPage\":{\"@id\":\"https:\/\/www.delexodo.com.ar\/?p=8343\"},\"wordCount\":1271,\"publisher\":{\"@id\":\"https:\/\/www.delexodo.com.ar\/#organization\"},\"image\":{\"@id\":\"https:\/\/www.delexodo.com.ar\/?p=8343#primaryimage\"},\"thumbnailUrl\":\"https:\/\/www.delexodo.com.ar\/wp-content\/uploads\/2021\/05\/convenio-de-colaboracion-STRATTA.jpg\",\"articleSection\":[\"Destacados\",\"NOTICIAS\"],\"inLanguage\":\"es\"},{\"@type\":\"WebPage\",\"@id\":\"https:\/\/www.delexodo.com.ar\/?p=8343\",\"url\":\"https:\/\/www.delexodo.com.ar\/?p=8343\",\"name\":\"LA VICEGOBERNACI\u00d3N Y LA UADER FIRMARON UN CONVENIO DE COLABORACI\u00d3N PARA PROFUNDIZAR POL\u00cdTICAS DE G\u00c9NERO - Del \u00c9xodo Nogoy\u00e1\",\"isPartOf\":{\"@id\":\"https:\/\/www.delexodo.com.ar\/#website\"},\"primaryImageOfPage\":{\"@id\":\"https:\/\/www.delexodo.com.ar\/?p=8343#primaryimage\"},\"image\":{\"@id\":\"https:\/\/www.delexodo.com.ar\/?p=8343#primaryimage\"},\"thumbnailUrl\":\"https:\/\/www.delexodo.com.ar\/wp-content\/uploads\/2021\/05\/convenio-de-colaboracion-STRATTA.jpg\",\"datePublished\":\"2021-05-28T09:58:58+00:00\",\"dateModified\":\"2021-05-28T09:59:00+00:00\",\"breadcrumb\":{\"@id\":\"https:\/\/www.delexodo.com.ar\/?p=8343#breadcrumb\"},\"inLanguage\":\"es\",\"potentialAction\":[{\"@type\":\"ReadAction\",\"target\":[\"https:\/\/www.delexodo.com.ar\/?p=8343\"]}]},{\"@type\":\"ImageObject\",\"inLanguage\":\"es\",\"@id\":\"https:\/\/www.delexodo.com.ar\/?p=8343#primaryimage\",\"url\":\"https:\/\/www.delexodo.com.ar\/wp-content\/uploads\/2021\/05\/convenio-de-colaboracion-STRATTA.jpg\",\"contentUrl\":\"https:\/\/www.delexodo.com.ar\/wp-content\/uploads\/2021\/05\/convenio-de-colaboracion-STRATTA.jpg\",\"width\":985,\"height\":560},{\"@type\":\"BreadcrumbList\",\"@id\":\"https:\/\/www.delexodo.com.ar\/?p=8343#breadcrumb\",\"itemListElement\":[{\"@type\":\"ListItem\",\"position\":1,\"name\":\"Portada\",\"item\":\"https:\/\/www.delexodo.com.ar\/\"},{\"@type\":\"ListItem\",\"position\":2,\"name\":\"LA VICEGOBERNACI\u00d3N Y LA UADER FIRMARON UN CONVENIO DE COLABORACI\u00d3N PARA PROFUNDIZAR POL\u00cdTICAS DE G\u00c9NERO\"}]},{\"@type\":\"WebSite\",\"@id\":\"https:\/\/www.delexodo.com.ar\/#website\",\"url\":\"https:\/\/www.delexodo.com.ar\/\",\"name\":\"Del \u00c9xodo Nogoy\u00e1\",\"description\":\"El Portal de Noticias de la Regi\u00f3n\",\"publisher\":{\"@id\":\"https:\/\/www.delexodo.com.ar\/#organization\"},\"potentialAction\":[{\"@type\":\"SearchAction\",\"target\":{\"@type\":\"EntryPoint\",\"urlTemplate\":\"https:\/\/www.delexodo.com.ar\/?s={search_term_string}\"},\"query-input\":{\"@type\":\"PropertyValueSpecification\",\"valueRequired\":true,\"valueName\":\"search_term_string\"}}],\"inLanguage\":\"es\"},{\"@type\":\"Organization\",\"@id\":\"https:\/\/www.delexodo.com.ar\/#organization\",\"name\":\"Del \u00c9xodo Nogoy\u00e1\",\"url\":\"https:\/\/www.delexodo.com.ar\/\",\"logo\":{\"@type\":\"ImageObject\",\"inLanguage\":\"es\",\"@id\":\"https:\/\/www.delexodo.com.ar\/#\/schema\/logo\/image\/\",\"url\":\"https:\/\/www.delexodo.com.ar\/wp-content\/uploads\/2024\/10\/cropped-cropped-LOGO24.png\",\"contentUrl\":\"https:\/\/www.delexodo.com.ar\/wp-content\/uploads\/2024\/10\/cropped-cropped-LOGO24.png\",\"width\":512,\"height\":349,\"caption\":\"Del \u00c9xodo Nogoy\u00e1\"},\"image\":{\"@id\":\"https:\/\/www.delexodo.com.ar\/#\/schema\/logo\/image\/\"}},{\"@type\":\"Person\",\"@id\":\"https:\/\/www.delexodo.com.ar\/#\/schema\/person\/bbed37f7da8e938660b34f2013ba449d\",\"name\":\"admin\",\"image\":{\"@type\":\"ImageObject\",\"inLanguage\":\"es\",\"@id\":\"https:\/\/www.delexodo.com.ar\/#\/schema\/person\/image\/\",\"url\":\"https:\/\/secure.gravatar.com\/avatar\/6b1558d1b6df085f1901bd5bd98523d7?s=96&d=mm&r=g\",\"contentUrl\":\"https:\/\/secure.gravatar.com\/avatar\/6b1558d1b6df085f1901bd5bd98523d7?s=96&d=mm&r=g\",\"caption\":\"admin\"},\"url\":\"https:\/\/www.delexodo.com.ar\/?author=1\"}]}<\/script>\n<!-- \/ Yoast SEO plugin. -->","yoast_head_json":{"title":"LA VICEGOBERNACI\u00d3N Y LA UADER FIRMARON UN CONVENIO DE COLABORACI\u00d3N PARA PROFUNDIZAR POL\u00cdTICAS DE G\u00c9NERO - Del \u00c9xodo Nogoy\u00e1","robots":{"index":"index","follow":"follow","max-snippet":"max-snippet:-1","max-image-preview":"max-image-preview:large","max-video-preview":"max-video-preview:-1"},"canonical":"https:\/\/www.delexodo.com.ar\/?p=8343","og_locale":"es_ES","og_type":"article","og_title":"LA VICEGOBERNACI\u00d3N Y LA UADER FIRMARON UN CONVENIO DE COLABORACI\u00d3N PARA PROFUNDIZAR POL\u00cdTICAS DE G\u00c9NERO - Del \u00c9xodo Nogoy\u00e1","og_description":"La vicegobernadora Laura Stratta y el rector de la Universidad Aut\u00f3noma de Entre R\u00edos (UADER), Luciano Filipuzzi, rubricaron un convenio&hellip;","og_url":"https:\/\/www.delexodo.com.ar\/?p=8343","og_site_name":"Del \u00c9xodo Nogoy\u00e1","article_published_time":"2021-05-28T09:58:58+00:00","article_modified_time":"2021-05-28T09:59:00+00:00","og_image":[{"width":985,"height":560,"url":"https:\/\/www.delexodo.com.ar\/wp-content\/uploads\/2021\/05\/convenio-de-colaboracion-STRATTA.jpg","type":"image\/jpeg"}],"author":"admin","twitter_card":"summary_large_image","twitter_misc":{"Escrito por":"admin","Tiempo de lectura":"6 minutos"},"schema":{"@context":"https:\/\/schema.org","@graph":[{"@type":"Article","@id":"https:\/\/www.delexodo.com.ar\/?p=8343#article","isPartOf":{"@id":"https:\/\/www.delexodo.com.ar\/?p=8343"},"author":{"name":"admin","@id":"https:\/\/www.delexodo.com.ar\/#\/schema\/person\/bbed37f7da8e938660b34f2013ba449d"},"headline":"LA VICEGOBERNACI\u00d3N Y LA UADER FIRMARON UN CONVENIO DE COLABORACI\u00d3N PARA PROFUNDIZAR POL\u00cdTICAS DE G\u00c9NERO","datePublished":"2021-05-28T09:58:58+00:00","dateModified":"2021-05-28T09:59:00+00:00","mainEntityOfPage":{"@id":"https:\/\/www.delexodo.com.ar\/?p=8343"},"wordCount":1271,"publisher":{"@id":"https:\/\/www.delexodo.com.ar\/#organization"},"image":{"@id":"https:\/\/www.delexodo.com.ar\/?p=8343#primaryimage"},"thumbnailUrl":"https:\/\/www.delexodo.com.ar\/wp-content\/uploads\/2021\/05\/convenio-de-colaboracion-STRATTA.jpg","articleSection":["Destacados","NOTICIAS"],"inLanguage":"es"},{"@type":"WebPage","@id":"https:\/\/www.delexodo.com.ar\/?p=8343","url":"https:\/\/www.delexodo.com.ar\/?p=8343","name":"LA VICEGOBERNACI\u00d3N Y LA UADER FIRMARON UN CONVENIO DE COLABORACI\u00d3N PARA PROFUNDIZAR POL\u00cdTICAS DE G\u00c9NERO - Del \u00c9xodo Nogoy\u00e1","isPartOf":{"@id":"https:\/\/www.delexodo.com.ar\/#website"},"primaryImageOfPage":{"@id":"https:\/\/www.delexodo.com.ar\/?p=8343#primaryimage"},"image":{"@id":"https:\/\/www.delexodo.com.ar\/?p=8343#primaryimage"},"thumbnailUrl":"https:\/\/www.delexodo.com.ar\/wp-content\/uploads\/2021\/05\/convenio-de-colaboracion-STRATTA.jpg","datePublished":"2021-05-28T09:58:58+00:00","dateModified":"2021-05-28T09:59:00+00:00","breadcrumb":{"@id":"https:\/\/www.delexodo.com.ar\/?p=8343#breadcrumb"},"inLanguage":"es","potentialAction":[{"@type":"ReadAction","target":["https:\/\/www.delexodo.com.ar\/?p=8343"]}]},{"@type":"ImageObject","inLanguage":"es","@id":"https:\/\/www.delexodo.com.ar\/?p=8343#primaryimage","url":"https:\/\/www.delexodo.com.ar\/wp-content\/uploads\/2021\/05\/convenio-de-colaboracion-STRATTA.jpg","contentUrl":"https:\/\/www.delexodo.com.ar\/wp-content\/uploads\/2021\/05\/convenio-de-colaboracion-STRATTA.jpg","width":985,"height":560},{"@type":"BreadcrumbList","@id":"https:\/\/www.delexodo.com.ar\/?p=8343#breadcrumb","itemListElement":[{"@type":"ListItem","position":1,"name":"Portada","item":"https:\/\/www.delexodo.com.ar\/"},{"@type":"ListItem","position":2,"name":"LA VICEGOBERNACI\u00d3N Y LA UADER FIRMARON UN CONVENIO DE COLABORACI\u00d3N PARA PROFUNDIZAR POL\u00cdTICAS DE G\u00c9NERO"}]},{"@type":"WebSite","@id":"https:\/\/www.delexodo.com.ar\/#website","url":"https:\/\/www.delexodo.com.ar\/","name":"Del \u00c9xodo Nogoy\u00e1","description":"El Portal de Noticias de la Regi\u00f3n","publisher":{"@id":"https:\/\/www.delexodo.com.ar\/#organization"},"potentialAction":[{"@type":"SearchAction","target":{"@type":"EntryPoint","urlTemplate":"https:\/\/www.delexodo.com.ar\/?s={search_term_string}"},"query-input":{"@type":"PropertyValueSpecification","valueRequired":true,"valueName":"search_term_string"}}],"inLanguage":"es"},{"@type":"Organization","@id":"https:\/\/www.delexodo.com.ar\/#organization","name":"Del \u00c9xodo Nogoy\u00e1","url":"https:\/\/www.delexodo.com.ar\/","logo":{"@type":"ImageObject","inLanguage":"es","@id":"https:\/\/www.delexodo.com.ar\/#\/schema\/logo\/image\/","url":"https:\/\/www.delexodo.com.ar\/wp-content\/uploads\/2024\/10\/cropped-cropped-LOGO24.png","contentUrl":"https:\/\/www.delexodo.com.ar\/wp-content\/uploads\/2024\/10\/cropped-cropped-LOGO24.png","width":512,"height":349,"caption":"Del \u00c9xodo Nogoy\u00e1"},"image":{"@id":"https:\/\/www.delexodo.com.ar\/#\/schema\/logo\/image\/"}},{"@type":"Person","@id":"https:\/\/www.delexodo.com.ar\/#\/schema\/person\/bbed37f7da8e938660b34f2013ba449d","name":"admin","image":{"@type":"ImageObject","inLanguage":"es","@id":"https:\/\/www.delexodo.com.ar\/#\/schema\/person\/image\/","url":"https:\/\/secure.gravatar.com\/avatar\/6b1558d1b6df085f1901bd5bd98523d7?s=96&d=mm&r=g","contentUrl":"https:\/\/secure.gravatar.com\/avatar\/6b1558d1b6df085f1901bd5bd98523d7?s=96&d=mm&r=g","caption":"admin"},"url":"https:\/\/www.delexodo.com.ar\/?author=1"}]}},"_links":{"self":[{"href":"https:\/\/www.delexodo.com.ar\/index.php?rest_route=\/wp\/v2\/posts\/8343","targetHints":{"allow":["GET"]}}],"collection":[{"href":"https:\/\/www.delexodo.com.ar\/index.php?rest_route=\/wp\/v2\/posts"}],"about":[{"href":"https:\/\/www.delexodo.com.ar\/index.php?rest_route=\/wp\/v2\/types\/post"}],"author":[{"embeddable":true,"href":"https:\/\/www.delexodo.com.ar\/index.php?rest_route=\/wp\/v2\/users\/1"}],"replies":[{"embeddable":true,"href":"https:\/\/www.delexodo.com.ar\/index.php?rest_route=%2Fwp%2Fv2%2Fcomments&post=8343"}],"version-history":[{"count":0,"href":"https:\/\/www.delexodo.com.ar\/index.php?rest_route=\/wp\/v2\/posts\/8343\/revisions"}],"wp:featuredmedia":[{"embeddable":true,"href":"https:\/\/www.delexodo.com.ar\/index.php?rest_route=\/wp\/v2\/media\/8344"}],"wp:attachment":[{"href":"https:\/\/www.delexodo.com.ar\/index.php?rest_route=%2Fwp%2Fv2%2Fmedia&parent=8343"}],"wp:term":[{"taxonomy":"category","embeddable":true,"href":"https:\/\/www.delexodo.com.ar\/index.php?rest_route=%2Fwp%2Fv2%2Fcategories&post=8343"},{"taxonomy":"post_tag","embeddable":true,"href":"https:\/\/www.delexodo.com.ar\/index.php?rest_route=%2Fwp%2Fv2%2Ftags&post=8343"}],"curies":[{"name":"wp","href":"https:\/\/api.w.org\/{rel}","templated":true}]}}