{"id":8341,"date":"2021-05-26T17:29:10","date_gmt":"2021-05-26T20:29:10","guid":{"rendered":"http:\/\/www.delexodo.com.ar\/?p=8341"},"modified":"2021-05-26T17:29:11","modified_gmt":"2021-05-26T20:29:11","slug":"cov19-preocupante-cifra-de-fallecidos-en-la-provincia","status":"publish","type":"post","link":"https:\/\/www.delexodo.com.ar\/?p=8341","title":{"rendered":"COV19: PREOCUPANTE CIFRA DE FALLECIDOS EN LA PROVINCIA"},"content":{"rendered":"\n<p>De acuerdo al parte diario emitido por el \u00e1rea de Vigilancia Epidemiol\u00f3gica del Ministerio de Salud de Entre R\u00edos, este mi\u00e9rcoles se informaron <strong>26 muertes asociadas a Coronavirus y son 1.253 los pacientes fallecidos con Covid-19<\/strong>.<\/p>\n\n\n\n<p>As\u00ed mismo se\u00a0<strong>aclar\u00f3 que los fallecimientos informados en la jornada se produjeron en diversas fechas, en el per\u00edodo comprendido entre el 10 y el 25 de mayo<\/strong>.<\/p>\n\n\n\n<p>14 decesos corresponden a hombres. El hospital Masvernat de Concordia report\u00f3 la muerte de cinco pacientes de la misma localidad, de 21, 31, 50, 68 y 82 a\u00f1os.<\/p>\n\n\n\n<p>Adem\u00e1s, se informaron los fallecimientos de un hombre de 65 a\u00f1os oriundo de Federaci\u00f3n, que se encontraba en el hospital San Jos\u00e9 de la misma ciudad; un paciente de 72 a\u00f1os de Maci\u00e1, institucionalizado en el hospital Falucho; otro de 63, paranaense, en el hospital De la Baxada Dra. Teresa Ratto de la capital provincial y de un hombre de Viale, de 68 a\u00f1os, en el hospital Castilla Mira.<\/p>\n\n\n\n<p>Por su parte, se notific\u00f3 la muerte de dos pacientes, ambos de 76 a\u00f1os de edad, oriundos de Gualeguaych\u00fa y M\u00e9danos (departamento Islas) respectivamente, que permanec\u00edan internados en instituciones privadas de la provincia de Buenos Aires.<\/p>\n\n\n\n<p>Asimismo, se inform\u00f3 la muerte de un paciente uruguayense de 79 a\u00f1os en el hospital J. J. de Urquiza de la misma ciudad; mientras que el hospital San Antonio de Gualeguay notific\u00f3 el deceso de un paciente de 58 a\u00f1os de la localidad; y se indic\u00f3 que un hombre de 82 a\u00f1os de Victoria falleci\u00f3 en un prestador privado local.<\/p>\n\n\n\n<p>En el caso de los decesos femeninos, el hospital Masvernat de Concordia report\u00f3 la muerte de cuatro pacientes de la misma localidad, de 54, 61, 74 y 76 a\u00f1os. En tanto que el hospital San Miguel de Salvador notific\u00f3 el fallecimiento de dos mujeres de la localidad, de 50 y 51 a\u00f1os respectivamente; y en Victoria, el hospital Salaberry dio cuenta de los decesos de dos pacientes de la misma ciudad, de 77 y 98 a\u00f1os.<\/p>\n\n\n\n<p>Adem\u00e1s, se inform\u00f3 el deceso de una mujer 50 a\u00f1os de San Marcial que se encontraba en el hospital Urquiza de Concepci\u00f3n del Uruguay; y el hospital San Antonio de Gualeguay report\u00f3 la muerte de una paciente local de 57 a\u00f1os.<\/p>\n\n\n\n<p>Por otro lado, en Paran\u00e1 se registraron dos decesos: en el primer caso se trat\u00f3 de una paciente de 39 a\u00f1os internada en el hospital De la Baxada Dra. Teresa Ratto; y el restante corresponde a una mujer de 86 a\u00f1os que permanec\u00eda en el hospital San Mart\u00edn.<\/p>\n\n\n\n<p>Subsecretaria de Prensa y Pol\u00edticas de Comunicaci\u00f3n<\/p>\n","protected":false},"excerpt":{"rendered":"<p>De acuerdo al parte diario emitido por el \u00e1rea de Vigilancia Epidemiol\u00f3gica del Ministerio de Salud de Entre R\u00edos, este&hellip;<\/p>\n","protected":false},"author":1,"featured_media":5776,"comment_status":"closed","ping_status":"closed","sticky":false,"template":"","format":"standard","meta":{"_joinchat":[],"footnotes":""},"categories":[65,69,352],"tags":[345],"class_list":["post-8341","post","type-post","status-publish","format-standard","has-post-thumbnail","hentry","category-destacados","category-noticias","category-salud","tag-destacar"],"yoast_head":"<!-- This site is optimized with the Yoast SEO plugin v25.1 - https:\/\/yoast.com\/wordpress\/plugins\/seo\/ -->\n<title>COV19: PREOCUPANTE CIFRA DE FALLECIDOS EN LA PROVINCIA - Del \u00c9xodo Nogoy\u00e1<\/title>\n<meta name=\"robots\" content=\"index, follow, max-snippet:-1, max-image-preview:large, max-video-preview:-1\" \/>\n<link rel=\"canonical\" href=\"https:\/\/www.delexodo.com.ar\/?p=8341\" \/>\n<meta property=\"og:locale\" content=\"es_ES\" \/>\n<meta property=\"og:type\" content=\"article\" \/>\n<meta property=\"og:title\" content=\"COV19: PREOCUPANTE CIFRA DE FALLECIDOS EN LA PROVINCIA - Del \u00c9xodo Nogoy\u00e1\" \/>\n<meta property=\"og:description\" content=\"De acuerdo al parte diario emitido por el \u00e1rea de Vigilancia Epidemiol\u00f3gica del Ministerio de Salud de Entre R\u00edos, este&hellip;\" \/>\n<meta property=\"og:url\" content=\"https:\/\/www.delexodo.com.ar\/?p=8341\" \/>\n<meta property=\"og:site_name\" content=\"Del \u00c9xodo Nogoy\u00e1\" \/>\n<meta property=\"article:published_time\" content=\"2021-05-26T20:29:10+00:00\" \/>\n<meta property=\"article:modified_time\" content=\"2021-05-26T20:29:11+00:00\" \/>\n<meta property=\"og:image\" content=\"https:\/\/www.delexodo.com.ar\/wp-content\/uploads\/2020\/03\/CORONAVIRUS.jpg\" \/>\n\t<meta property=\"og:image:width\" content=\"425\" \/>\n\t<meta property=\"og:image:height\" content=\"239\" \/>\n\t<meta property=\"og:image:type\" content=\"image\/jpeg\" \/>\n<meta name=\"author\" content=\"admin\" \/>\n<meta name=\"twitter:card\" content=\"summary_large_image\" \/>\n<meta name=\"twitter:label1\" content=\"Escrito por\" \/>\n\t<meta name=\"twitter:data1\" content=\"admin\" \/>\n\t<meta name=\"twitter:label2\" content=\"Tiempo de lectura\" \/>\n\t<meta name=\"twitter:data2\" content=\"2 minutos\" \/>\n<script type=\"application\/ld+json\" class=\"yoast-schema-graph\">{\"@context\":\"https:\/\/schema.org\",\"@graph\":[{\"@type\":\"Article\",\"@id\":\"https:\/\/www.delexodo.com.ar\/?p=8341#article\",\"isPartOf\":{\"@id\":\"https:\/\/www.delexodo.com.ar\/?p=8341\"},\"author\":{\"name\":\"admin\",\"@id\":\"https:\/\/www.delexodo.com.ar\/#\/schema\/person\/bbed37f7da8e938660b34f2013ba449d\"},\"headline\":\"COV19: PREOCUPANTE CIFRA DE FALLECIDOS EN LA PROVINCIA\",\"datePublished\":\"2021-05-26T20:29:10+00:00\",\"dateModified\":\"2021-05-26T20:29:11+00:00\",\"mainEntityOfPage\":{\"@id\":\"https:\/\/www.delexodo.com.ar\/?p=8341\"},\"wordCount\":436,\"publisher\":{\"@id\":\"https:\/\/www.delexodo.com.ar\/#organization\"},\"image\":{\"@id\":\"https:\/\/www.delexodo.com.ar\/?p=8341#primaryimage\"},\"thumbnailUrl\":\"https:\/\/www.delexodo.com.ar\/wp-content\/uploads\/2020\/03\/CORONAVIRUS.jpg\",\"keywords\":[\"destacar\"],\"articleSection\":[\"Destacados\",\"NOTICIAS\",\"Salud\"],\"inLanguage\":\"es\"},{\"@type\":\"WebPage\",\"@id\":\"https:\/\/www.delexodo.com.ar\/?p=8341\",\"url\":\"https:\/\/www.delexodo.com.ar\/?p=8341\",\"name\":\"COV19: PREOCUPANTE CIFRA DE FALLECIDOS EN LA PROVINCIA - Del \u00c9xodo Nogoy\u00e1\",\"isPartOf\":{\"@id\":\"https:\/\/www.delexodo.com.ar\/#website\"},\"primaryImageOfPage\":{\"@id\":\"https:\/\/www.delexodo.com.ar\/?p=8341#primaryimage\"},\"image\":{\"@id\":\"https:\/\/www.delexodo.com.ar\/?p=8341#primaryimage\"},\"thumbnailUrl\":\"https:\/\/www.delexodo.com.ar\/wp-content\/uploads\/2020\/03\/CORONAVIRUS.jpg\",\"datePublished\":\"2021-05-26T20:29:10+00:00\",\"dateModified\":\"2021-05-26T20:29:11+00:00\",\"breadcrumb\":{\"@id\":\"https:\/\/www.delexodo.com.ar\/?p=8341#breadcrumb\"},\"inLanguage\":\"es\",\"potentialAction\":[{\"@type\":\"ReadAction\",\"target\":[\"https:\/\/www.delexodo.com.ar\/?p=8341\"]}]},{\"@type\":\"ImageObject\",\"inLanguage\":\"es\",\"@id\":\"https:\/\/www.delexodo.com.ar\/?p=8341#primaryimage\",\"url\":\"https:\/\/www.delexodo.com.ar\/wp-content\/uploads\/2020\/03\/CORONAVIRUS.jpg\",\"contentUrl\":\"https:\/\/www.delexodo.com.ar\/wp-content\/uploads\/2020\/03\/CORONAVIRUS.jpg\",\"width\":425,\"height\":239},{\"@type\":\"BreadcrumbList\",\"@id\":\"https:\/\/www.delexodo.com.ar\/?p=8341#breadcrumb\",\"itemListElement\":[{\"@type\":\"ListItem\",\"position\":1,\"name\":\"Portada\",\"item\":\"https:\/\/www.delexodo.com.ar\/\"},{\"@type\":\"ListItem\",\"position\":2,\"name\":\"COV19: PREOCUPANTE CIFRA DE FALLECIDOS EN LA PROVINCIA\"}]},{\"@type\":\"WebSite\",\"@id\":\"https:\/\/www.delexodo.com.ar\/#website\",\"url\":\"https:\/\/www.delexodo.com.ar\/\",\"name\":\"Del \u00c9xodo Nogoy\u00e1\",\"description\":\"El Portal de Noticias de la Regi\u00f3n\",\"publisher\":{\"@id\":\"https:\/\/www.delexodo.com.ar\/#organization\"},\"potentialAction\":[{\"@type\":\"SearchAction\",\"target\":{\"@type\":\"EntryPoint\",\"urlTemplate\":\"https:\/\/www.delexodo.com.ar\/?s={search_term_string}\"},\"query-input\":{\"@type\":\"PropertyValueSpecification\",\"valueRequired\":true,\"valueName\":\"search_term_string\"}}],\"inLanguage\":\"es\"},{\"@type\":\"Organization\",\"@id\":\"https:\/\/www.delexodo.com.ar\/#organization\",\"name\":\"Del \u00c9xodo Nogoy\u00e1\",\"url\":\"https:\/\/www.delexodo.com.ar\/\",\"logo\":{\"@type\":\"ImageObject\",\"inLanguage\":\"es\",\"@id\":\"https:\/\/www.delexodo.com.ar\/#\/schema\/logo\/image\/\",\"url\":\"https:\/\/www.delexodo.com.ar\/wp-content\/uploads\/2024\/10\/cropped-cropped-LOGO24.png\",\"contentUrl\":\"https:\/\/www.delexodo.com.ar\/wp-content\/uploads\/2024\/10\/cropped-cropped-LOGO24.png\",\"width\":512,\"height\":349,\"caption\":\"Del \u00c9xodo Nogoy\u00e1\"},\"image\":{\"@id\":\"https:\/\/www.delexodo.com.ar\/#\/schema\/logo\/image\/\"}},{\"@type\":\"Person\",\"@id\":\"https:\/\/www.delexodo.com.ar\/#\/schema\/person\/bbed37f7da8e938660b34f2013ba449d\",\"name\":\"admin\",\"image\":{\"@type\":\"ImageObject\",\"inLanguage\":\"es\",\"@id\":\"https:\/\/www.delexodo.com.ar\/#\/schema\/person\/image\/\",\"url\":\"https:\/\/secure.gravatar.com\/avatar\/6b1558d1b6df085f1901bd5bd98523d7?s=96&d=mm&r=g\",\"contentUrl\":\"https:\/\/secure.gravatar.com\/avatar\/6b1558d1b6df085f1901bd5bd98523d7?s=96&d=mm&r=g\",\"caption\":\"admin\"},\"url\":\"https:\/\/www.delexodo.com.ar\/?author=1\"}]}<\/script>\n<!-- \/ Yoast SEO plugin. -->","yoast_head_json":{"title":"COV19: PREOCUPANTE CIFRA DE FALLECIDOS EN LA PROVINCIA - Del \u00c9xodo Nogoy\u00e1","robots":{"index":"index","follow":"follow","max-snippet":"max-snippet:-1","max-image-preview":"max-image-preview:large","max-video-preview":"max-video-preview:-1"},"canonical":"https:\/\/www.delexodo.com.ar\/?p=8341","og_locale":"es_ES","og_type":"article","og_title":"COV19: PREOCUPANTE CIFRA DE FALLECIDOS EN LA PROVINCIA - Del \u00c9xodo Nogoy\u00e1","og_description":"De acuerdo al parte diario emitido por el \u00e1rea de Vigilancia Epidemiol\u00f3gica del Ministerio de Salud de Entre R\u00edos, este&hellip;","og_url":"https:\/\/www.delexodo.com.ar\/?p=8341","og_site_name":"Del \u00c9xodo Nogoy\u00e1","article_published_time":"2021-05-26T20:29:10+00:00","article_modified_time":"2021-05-26T20:29:11+00:00","og_image":[{"width":425,"height":239,"url":"https:\/\/www.delexodo.com.ar\/wp-content\/uploads\/2020\/03\/CORONAVIRUS.jpg","type":"image\/jpeg"}],"author":"admin","twitter_card":"summary_large_image","twitter_misc":{"Escrito por":"admin","Tiempo de lectura":"2 minutos"},"schema":{"@context":"https:\/\/schema.org","@graph":[{"@type":"Article","@id":"https:\/\/www.delexodo.com.ar\/?p=8341#article","isPartOf":{"@id":"https:\/\/www.delexodo.com.ar\/?p=8341"},"author":{"name":"admin","@id":"https:\/\/www.delexodo.com.ar\/#\/schema\/person\/bbed37f7da8e938660b34f2013ba449d"},"headline":"COV19: PREOCUPANTE CIFRA DE FALLECIDOS EN LA PROVINCIA","datePublished":"2021-05-26T20:29:10+00:00","dateModified":"2021-05-26T20:29:11+00:00","mainEntityOfPage":{"@id":"https:\/\/www.delexodo.com.ar\/?p=8341"},"wordCount":436,"publisher":{"@id":"https:\/\/www.delexodo.com.ar\/#organization"},"image":{"@id":"https:\/\/www.delexodo.com.ar\/?p=8341#primaryimage"},"thumbnailUrl":"https:\/\/www.delexodo.com.ar\/wp-content\/uploads\/2020\/03\/CORONAVIRUS.jpg","keywords":["destacar"],"articleSection":["Destacados","NOTICIAS","Salud"],"inLanguage":"es"},{"@type":"WebPage","@id":"https:\/\/www.delexodo.com.ar\/?p=8341","url":"https:\/\/www.delexodo.com.ar\/?p=8341","name":"COV19: PREOCUPANTE CIFRA DE FALLECIDOS EN LA PROVINCIA - Del \u00c9xodo Nogoy\u00e1","isPartOf":{"@id":"https:\/\/www.delexodo.com.ar\/#website"},"primaryImageOfPage":{"@id":"https:\/\/www.delexodo.com.ar\/?p=8341#primaryimage"},"image":{"@id":"https:\/\/www.delexodo.com.ar\/?p=8341#primaryimage"},"thumbnailUrl":"https:\/\/www.delexodo.com.ar\/wp-content\/uploads\/2020\/03\/CORONAVIRUS.jpg","datePublished":"2021-05-26T20:29:10+00:00","dateModified":"2021-05-26T20:29:11+00:00","breadcrumb":{"@id":"https:\/\/www.delexodo.com.ar\/?p=8341#breadcrumb"},"inLanguage":"es","potentialAction":[{"@type":"ReadAction","target":["https:\/\/www.delexodo.com.ar\/?p=8341"]}]},{"@type":"ImageObject","inLanguage":"es","@id":"https:\/\/www.delexodo.com.ar\/?p=8341#primaryimage","url":"https:\/\/www.delexodo.com.ar\/wp-content\/uploads\/2020\/03\/CORONAVIRUS.jpg","contentUrl":"https:\/\/www.delexodo.com.ar\/wp-content\/uploads\/2020\/03\/CORONAVIRUS.jpg","width":425,"height":239},{"@type":"BreadcrumbList","@id":"https:\/\/www.delexodo.com.ar\/?p=8341#breadcrumb","itemListElement":[{"@type":"ListItem","position":1,"name":"Portada","item":"https:\/\/www.delexodo.com.ar\/"},{"@type":"ListItem","position":2,"name":"COV19: PREOCUPANTE CIFRA DE FALLECIDOS EN LA PROVINCIA"}]},{"@type":"WebSite","@id":"https:\/\/www.delexodo.com.ar\/#website","url":"https:\/\/www.delexodo.com.ar\/","name":"Del \u00c9xodo Nogoy\u00e1","description":"El Portal de Noticias de la Regi\u00f3n","publisher":{"@id":"https:\/\/www.delexodo.com.ar\/#organization"},"potentialAction":[{"@type":"SearchAction","target":{"@type":"EntryPoint","urlTemplate":"https:\/\/www.delexodo.com.ar\/?s={search_term_string}"},"query-input":{"@type":"PropertyValueSpecification","valueRequired":true,"valueName":"search_term_string"}}],"inLanguage":"es"},{"@type":"Organization","@id":"https:\/\/www.delexodo.com.ar\/#organization","name":"Del \u00c9xodo Nogoy\u00e1","url":"https:\/\/www.delexodo.com.ar\/","logo":{"@type":"ImageObject","inLanguage":"es","@id":"https:\/\/www.delexodo.com.ar\/#\/schema\/logo\/image\/","url":"https:\/\/www.delexodo.com.ar\/wp-content\/uploads\/2024\/10\/cropped-cropped-LOGO24.png","contentUrl":"https:\/\/www.delexodo.com.ar\/wp-content\/uploads\/2024\/10\/cropped-cropped-LOGO24.png","width":512,"height":349,"caption":"Del \u00c9xodo Nogoy\u00e1"},"image":{"@id":"https:\/\/www.delexodo.com.ar\/#\/schema\/logo\/image\/"}},{"@type":"Person","@id":"https:\/\/www.delexodo.com.ar\/#\/schema\/person\/bbed37f7da8e938660b34f2013ba449d","name":"admin","image":{"@type":"ImageObject","inLanguage":"es","@id":"https:\/\/www.delexodo.com.ar\/#\/schema\/person\/image\/","url":"https:\/\/secure.gravatar.com\/avatar\/6b1558d1b6df085f1901bd5bd98523d7?s=96&d=mm&r=g","contentUrl":"https:\/\/secure.gravatar.com\/avatar\/6b1558d1b6df085f1901bd5bd98523d7?s=96&d=mm&r=g","caption":"admin"},"url":"https:\/\/www.delexodo.com.ar\/?author=1"}]}},"_links":{"self":[{"href":"https:\/\/www.delexodo.com.ar\/index.php?rest_route=\/wp\/v2\/posts\/8341","targetHints":{"allow":["GET"]}}],"collection":[{"href":"https:\/\/www.delexodo.com.ar\/index.php?rest_route=\/wp\/v2\/posts"}],"about":[{"href":"https:\/\/www.delexodo.com.ar\/index.php?rest_route=\/wp\/v2\/types\/post"}],"author":[{"embeddable":true,"href":"https:\/\/www.delexodo.com.ar\/index.php?rest_route=\/wp\/v2\/users\/1"}],"replies":[{"embeddable":true,"href":"https:\/\/www.delexodo.com.ar\/index.php?rest_route=%2Fwp%2Fv2%2Fcomments&post=8341"}],"version-history":[{"count":0,"href":"https:\/\/www.delexodo.com.ar\/index.php?rest_route=\/wp\/v2\/posts\/8341\/revisions"}],"wp:featuredmedia":[{"embeddable":true,"href":"https:\/\/www.delexodo.com.ar\/index.php?rest_route=\/wp\/v2\/media\/5776"}],"wp:attachment":[{"href":"https:\/\/www.delexodo.com.ar\/index.php?rest_route=%2Fwp%2Fv2%2Fmedia&parent=8341"}],"wp:term":[{"taxonomy":"category","embeddable":true,"href":"https:\/\/www.delexodo.com.ar\/index.php?rest_route=%2Fwp%2Fv2%2Fcategories&post=8341"},{"taxonomy":"post_tag","embeddable":true,"href":"https:\/\/www.delexodo.com.ar\/index.php?rest_route=%2Fwp%2Fv2%2Ftags&post=8341"}],"curies":[{"name":"wp","href":"https:\/\/api.w.org\/{rel}","templated":true}]}}