{"id":8329,"date":"2021-05-22T17:26:40","date_gmt":"2021-05-22T20:26:40","guid":{"rendered":"http:\/\/www.delexodo.com.ar\/?p=8329"},"modified":"2021-05-22T17:26:41","modified_gmt":"2021-05-22T20:26:41","slug":"iosper-lamento-la-decision-de-la-femer","status":"publish","type":"post","link":"https:\/\/www.delexodo.com.ar\/?p=8329","title":{"rendered":"IOSPER LAMENT\u00d3 LA DECISI\u00d3N DE LA FEMER"},"content":{"rendered":"\n<p>El Directorio Obrero del Instituto de Obra Social de la Provincia de Entre R\u00edos (Iosper) lament\u00f3 la decisi\u00f3n de la Federaci\u00f3n M\u00e9dica (Femer) de brindar, a partir del 1 de junio, s\u00f3lo servicio de atenci\u00f3n en consultorio a los afiliados de la prestadora de salud, no efectu\u00e1ndolo en el segundo nivel. Iosper garantizar\u00e1 la atenci\u00f3n de internaciones y cirug\u00edas con los sanatorios que cumplen con lo que convinieron con la Obra Social.<\/p>\n\n\n\n<p>El Directorio se\u00f1al\u00f3 que la respuesta de Femer le gener\u00f3 <strong>\u201cdesconcierto\u201d<\/strong> y record\u00f3 que&nbsp; <em>\u201cIosper les brind\u00f3 todo lo que ha estado a nuestro alcance; le ofrecimos&nbsp; mucho, y ni siquiera considera el esfuerzo que hizo la Obra Social para brindarle la propuesta de actualizaci\u00f3n de valores de las prestaciones y las inclusiones de nuevos m\u00f3dulos\u201d<\/em>.<\/p>\n\n\n\n<p>Adem\u00e1s,&nbsp; opin\u00f3 que cree que existen <em>\u201cotros intereses muy superiores a los de una discusi\u00f3n simplemente arancelaria, porque de lo contrario,&nbsp; no se entiende la declaraci\u00f3n de Femer, considerando insuficiente la propuesta que nuestro organismo le hizo\u201d<\/em>.<\/p>\n\n\n\n<p>Tambi\u00e9n&nbsp; record\u00f3 que <em>\u201cIosper posee aranceles excelentes, a tal punto que, de consulta, a pesar de ser la Obra Social que menos recursos recibe, es la tercera que mejor paga ese \u00edtem y en agosto pasar\u00e1 hacer la segunda. La misma realidad ocurre con el resto de los aranceles. Es una pena que no se consideren los dos meses arduos de trabajo que se utilizaron con distintas especialidades para arribar a un buen entendimiento con cada uno de ellos y que nuestra propuesta fuera desechada en esta \u00faltima reuni\u00f3n de Consejo Directivo de Femer\u201d<\/em>.<\/p>\n\n\n\n<p><strong>La propuesta de Iosper<\/strong><\/p>\n\n\n\n<p>En la reuni\u00f3n que se efectu\u00f3 el 14 de mayo, se inform\u00f3 a Femer que la propuesta de Iosper representa una inversi\u00f3n de 76 millones de pesos m\u00e1s anuales. Tambi\u00e9n se les hizo saber que, si no era aceptada, autom\u00e1ticamente quedar\u00eda sin efecto, lo que ocurrir\u00e1 a partir del 1 de junio.<\/p>\n\n\n\n<p><strong>Internaciones y cirug\u00edas<\/strong><\/p>\n\n\n\n<p>El Directorio Obrero se\u00f1al\u00f3 que Iosper garantiza el servicio de internaciones y cirug\u00edas con los sanatorios que cumplir\u00e1n con lo convenido con la Obra Social, (Sanatorio La Entrerriana, Hospital Militar, Cooperativa de Concepci\u00f3n del Uruguay, Sanatorio Adventista del Plata, Sanatorio Garay e Ipp de Concordia) y los que en estos pr\u00f3ximos d\u00edas expresen su voluntad de continuar con el v\u00ednculo contractual.<\/p>\n\n\n\n<p><strong>Baja del padr\u00f3n de prestadores<\/strong><\/p>\n\n\n\n<p>Iosper tambi\u00e9n aclar\u00f3 que no autorizar\u00e1 internaciones en aquellos sanatorios que no garanticen las cirug\u00edas, respetando los valores acordados con Iosper, por lo que no reintegrar\u00e1 \u201cning\u00fan valor que se pretenda cobrar a nuestros afiliados por fuera de lo convenido con Iosper\u201d, y efectuar\u00e1 la baja inmediata del padr\u00f3n de prestadores a \u201clos profesionales que pretendan exigir el pago de un valor&nbsp; adicional por encima de lo convenido\u201d.<\/p>\n","protected":false},"excerpt":{"rendered":"<p>El Directorio Obrero del Instituto de Obra Social de la Provincia de Entre R\u00edos (Iosper) lament\u00f3 la decisi\u00f3n de la&hellip;<\/p>\n","protected":false},"author":1,"featured_media":7496,"comment_status":"closed","ping_status":"closed","sticky":false,"template":"","format":"standard","meta":{"_joinchat":[],"footnotes":""},"categories":[65,69,352],"tags":[],"class_list":["post-8329","post","type-post","status-publish","format-standard","has-post-thumbnail","hentry","category-destacados","category-noticias","category-salud"],"yoast_head":"<!-- This site is optimized with the Yoast SEO plugin v25.1 - https:\/\/yoast.com\/wordpress\/plugins\/seo\/ -->\n<title>IOSPER LAMENT\u00d3 LA DECISI\u00d3N DE LA FEMER - Del \u00c9xodo Nogoy\u00e1<\/title>\n<meta name=\"robots\" content=\"index, follow, max-snippet:-1, max-image-preview:large, max-video-preview:-1\" \/>\n<link rel=\"canonical\" href=\"https:\/\/www.delexodo.com.ar\/?p=8329\" \/>\n<meta property=\"og:locale\" content=\"es_ES\" \/>\n<meta property=\"og:type\" content=\"article\" \/>\n<meta property=\"og:title\" content=\"IOSPER LAMENT\u00d3 LA DECISI\u00d3N DE LA FEMER - Del \u00c9xodo Nogoy\u00e1\" \/>\n<meta property=\"og:description\" content=\"El Directorio Obrero del Instituto de Obra Social de la Provincia de Entre R\u00edos (Iosper) lament\u00f3 la decisi\u00f3n de la&hellip;\" \/>\n<meta property=\"og:url\" content=\"https:\/\/www.delexodo.com.ar\/?p=8329\" \/>\n<meta property=\"og:site_name\" content=\"Del \u00c9xodo Nogoy\u00e1\" \/>\n<meta property=\"article:published_time\" content=\"2021-05-22T20:26:40+00:00\" \/>\n<meta property=\"article:modified_time\" content=\"2021-05-22T20:26:41+00:00\" \/>\n<meta property=\"og:image\" content=\"https:\/\/www.delexodo.com.ar\/wp-content\/uploads\/2020\/12\/IOSPER-FEMER.jpg\" \/>\n\t<meta property=\"og:image:width\" content=\"364\" \/>\n\t<meta property=\"og:image:height\" content=\"139\" \/>\n\t<meta property=\"og:image:type\" content=\"image\/jpeg\" \/>\n<meta name=\"author\" content=\"admin\" \/>\n<meta name=\"twitter:card\" content=\"summary_large_image\" \/>\n<meta name=\"twitter:label1\" content=\"Escrito por\" \/>\n\t<meta name=\"twitter:data1\" content=\"admin\" \/>\n\t<meta name=\"twitter:label2\" content=\"Tiempo de lectura\" \/>\n\t<meta name=\"twitter:data2\" content=\"2 minutos\" \/>\n<script type=\"application\/ld+json\" class=\"yoast-schema-graph\">{\"@context\":\"https:\/\/schema.org\",\"@graph\":[{\"@type\":\"Article\",\"@id\":\"https:\/\/www.delexodo.com.ar\/?p=8329#article\",\"isPartOf\":{\"@id\":\"https:\/\/www.delexodo.com.ar\/?p=8329\"},\"author\":{\"name\":\"admin\",\"@id\":\"https:\/\/www.delexodo.com.ar\/#\/schema\/person\/bbed37f7da8e938660b34f2013ba449d\"},\"headline\":\"IOSPER LAMENT\u00d3 LA DECISI\u00d3N DE LA FEMER\",\"datePublished\":\"2021-05-22T20:26:40+00:00\",\"dateModified\":\"2021-05-22T20:26:41+00:00\",\"mainEntityOfPage\":{\"@id\":\"https:\/\/www.delexodo.com.ar\/?p=8329\"},\"wordCount\":498,\"publisher\":{\"@id\":\"https:\/\/www.delexodo.com.ar\/#organization\"},\"image\":{\"@id\":\"https:\/\/www.delexodo.com.ar\/?p=8329#primaryimage\"},\"thumbnailUrl\":\"https:\/\/www.delexodo.com.ar\/wp-content\/uploads\/2020\/12\/IOSPER-FEMER.jpg\",\"articleSection\":[\"Destacados\",\"NOTICIAS\",\"Salud\"],\"inLanguage\":\"es\"},{\"@type\":\"WebPage\",\"@id\":\"https:\/\/www.delexodo.com.ar\/?p=8329\",\"url\":\"https:\/\/www.delexodo.com.ar\/?p=8329\",\"name\":\"IOSPER LAMENT\u00d3 LA DECISI\u00d3N DE LA FEMER - Del \u00c9xodo Nogoy\u00e1\",\"isPartOf\":{\"@id\":\"https:\/\/www.delexodo.com.ar\/#website\"},\"primaryImageOfPage\":{\"@id\":\"https:\/\/www.delexodo.com.ar\/?p=8329#primaryimage\"},\"image\":{\"@id\":\"https:\/\/www.delexodo.com.ar\/?p=8329#primaryimage\"},\"thumbnailUrl\":\"https:\/\/www.delexodo.com.ar\/wp-content\/uploads\/2020\/12\/IOSPER-FEMER.jpg\",\"datePublished\":\"2021-05-22T20:26:40+00:00\",\"dateModified\":\"2021-05-22T20:26:41+00:00\",\"breadcrumb\":{\"@id\":\"https:\/\/www.delexodo.com.ar\/?p=8329#breadcrumb\"},\"inLanguage\":\"es\",\"potentialAction\":[{\"@type\":\"ReadAction\",\"target\":[\"https:\/\/www.delexodo.com.ar\/?p=8329\"]}]},{\"@type\":\"ImageObject\",\"inLanguage\":\"es\",\"@id\":\"https:\/\/www.delexodo.com.ar\/?p=8329#primaryimage\",\"url\":\"https:\/\/www.delexodo.com.ar\/wp-content\/uploads\/2020\/12\/IOSPER-FEMER.jpg\",\"contentUrl\":\"https:\/\/www.delexodo.com.ar\/wp-content\/uploads\/2020\/12\/IOSPER-FEMER.jpg\",\"width\":364,\"height\":139},{\"@type\":\"BreadcrumbList\",\"@id\":\"https:\/\/www.delexodo.com.ar\/?p=8329#breadcrumb\",\"itemListElement\":[{\"@type\":\"ListItem\",\"position\":1,\"name\":\"Portada\",\"item\":\"https:\/\/www.delexodo.com.ar\/\"},{\"@type\":\"ListItem\",\"position\":2,\"name\":\"IOSPER LAMENT\u00d3 LA DECISI\u00d3N DE LA FEMER\"}]},{\"@type\":\"WebSite\",\"@id\":\"https:\/\/www.delexodo.com.ar\/#website\",\"url\":\"https:\/\/www.delexodo.com.ar\/\",\"name\":\"Del \u00c9xodo Nogoy\u00e1\",\"description\":\"El Portal de Noticias de la Regi\u00f3n\",\"publisher\":{\"@id\":\"https:\/\/www.delexodo.com.ar\/#organization\"},\"potentialAction\":[{\"@type\":\"SearchAction\",\"target\":{\"@type\":\"EntryPoint\",\"urlTemplate\":\"https:\/\/www.delexodo.com.ar\/?s={search_term_string}\"},\"query-input\":{\"@type\":\"PropertyValueSpecification\",\"valueRequired\":true,\"valueName\":\"search_term_string\"}}],\"inLanguage\":\"es\"},{\"@type\":\"Organization\",\"@id\":\"https:\/\/www.delexodo.com.ar\/#organization\",\"name\":\"Del \u00c9xodo Nogoy\u00e1\",\"url\":\"https:\/\/www.delexodo.com.ar\/\",\"logo\":{\"@type\":\"ImageObject\",\"inLanguage\":\"es\",\"@id\":\"https:\/\/www.delexodo.com.ar\/#\/schema\/logo\/image\/\",\"url\":\"https:\/\/www.delexodo.com.ar\/wp-content\/uploads\/2024\/10\/cropped-cropped-LOGO24.png\",\"contentUrl\":\"https:\/\/www.delexodo.com.ar\/wp-content\/uploads\/2024\/10\/cropped-cropped-LOGO24.png\",\"width\":512,\"height\":349,\"caption\":\"Del \u00c9xodo Nogoy\u00e1\"},\"image\":{\"@id\":\"https:\/\/www.delexodo.com.ar\/#\/schema\/logo\/image\/\"}},{\"@type\":\"Person\",\"@id\":\"https:\/\/www.delexodo.com.ar\/#\/schema\/person\/bbed37f7da8e938660b34f2013ba449d\",\"name\":\"admin\",\"image\":{\"@type\":\"ImageObject\",\"inLanguage\":\"es\",\"@id\":\"https:\/\/www.delexodo.com.ar\/#\/schema\/person\/image\/\",\"url\":\"https:\/\/secure.gravatar.com\/avatar\/6b1558d1b6df085f1901bd5bd98523d7?s=96&d=mm&r=g\",\"contentUrl\":\"https:\/\/secure.gravatar.com\/avatar\/6b1558d1b6df085f1901bd5bd98523d7?s=96&d=mm&r=g\",\"caption\":\"admin\"},\"url\":\"https:\/\/www.delexodo.com.ar\/?author=1\"}]}<\/script>\n<!-- \/ Yoast SEO plugin. -->","yoast_head_json":{"title":"IOSPER LAMENT\u00d3 LA DECISI\u00d3N DE LA FEMER - Del \u00c9xodo Nogoy\u00e1","robots":{"index":"index","follow":"follow","max-snippet":"max-snippet:-1","max-image-preview":"max-image-preview:large","max-video-preview":"max-video-preview:-1"},"canonical":"https:\/\/www.delexodo.com.ar\/?p=8329","og_locale":"es_ES","og_type":"article","og_title":"IOSPER LAMENT\u00d3 LA DECISI\u00d3N DE LA FEMER - Del \u00c9xodo Nogoy\u00e1","og_description":"El Directorio Obrero del Instituto de Obra Social de la Provincia de Entre R\u00edos (Iosper) lament\u00f3 la decisi\u00f3n de la&hellip;","og_url":"https:\/\/www.delexodo.com.ar\/?p=8329","og_site_name":"Del \u00c9xodo Nogoy\u00e1","article_published_time":"2021-05-22T20:26:40+00:00","article_modified_time":"2021-05-22T20:26:41+00:00","og_image":[{"width":364,"height":139,"url":"https:\/\/www.delexodo.com.ar\/wp-content\/uploads\/2020\/12\/IOSPER-FEMER.jpg","type":"image\/jpeg"}],"author":"admin","twitter_card":"summary_large_image","twitter_misc":{"Escrito por":"admin","Tiempo de lectura":"2 minutos"},"schema":{"@context":"https:\/\/schema.org","@graph":[{"@type":"Article","@id":"https:\/\/www.delexodo.com.ar\/?p=8329#article","isPartOf":{"@id":"https:\/\/www.delexodo.com.ar\/?p=8329"},"author":{"name":"admin","@id":"https:\/\/www.delexodo.com.ar\/#\/schema\/person\/bbed37f7da8e938660b34f2013ba449d"},"headline":"IOSPER LAMENT\u00d3 LA DECISI\u00d3N DE LA FEMER","datePublished":"2021-05-22T20:26:40+00:00","dateModified":"2021-05-22T20:26:41+00:00","mainEntityOfPage":{"@id":"https:\/\/www.delexodo.com.ar\/?p=8329"},"wordCount":498,"publisher":{"@id":"https:\/\/www.delexodo.com.ar\/#organization"},"image":{"@id":"https:\/\/www.delexodo.com.ar\/?p=8329#primaryimage"},"thumbnailUrl":"https:\/\/www.delexodo.com.ar\/wp-content\/uploads\/2020\/12\/IOSPER-FEMER.jpg","articleSection":["Destacados","NOTICIAS","Salud"],"inLanguage":"es"},{"@type":"WebPage","@id":"https:\/\/www.delexodo.com.ar\/?p=8329","url":"https:\/\/www.delexodo.com.ar\/?p=8329","name":"IOSPER LAMENT\u00d3 LA DECISI\u00d3N DE LA FEMER - Del \u00c9xodo Nogoy\u00e1","isPartOf":{"@id":"https:\/\/www.delexodo.com.ar\/#website"},"primaryImageOfPage":{"@id":"https:\/\/www.delexodo.com.ar\/?p=8329#primaryimage"},"image":{"@id":"https:\/\/www.delexodo.com.ar\/?p=8329#primaryimage"},"thumbnailUrl":"https:\/\/www.delexodo.com.ar\/wp-content\/uploads\/2020\/12\/IOSPER-FEMER.jpg","datePublished":"2021-05-22T20:26:40+00:00","dateModified":"2021-05-22T20:26:41+00:00","breadcrumb":{"@id":"https:\/\/www.delexodo.com.ar\/?p=8329#breadcrumb"},"inLanguage":"es","potentialAction":[{"@type":"ReadAction","target":["https:\/\/www.delexodo.com.ar\/?p=8329"]}]},{"@type":"ImageObject","inLanguage":"es","@id":"https:\/\/www.delexodo.com.ar\/?p=8329#primaryimage","url":"https:\/\/www.delexodo.com.ar\/wp-content\/uploads\/2020\/12\/IOSPER-FEMER.jpg","contentUrl":"https:\/\/www.delexodo.com.ar\/wp-content\/uploads\/2020\/12\/IOSPER-FEMER.jpg","width":364,"height":139},{"@type":"BreadcrumbList","@id":"https:\/\/www.delexodo.com.ar\/?p=8329#breadcrumb","itemListElement":[{"@type":"ListItem","position":1,"name":"Portada","item":"https:\/\/www.delexodo.com.ar\/"},{"@type":"ListItem","position":2,"name":"IOSPER LAMENT\u00d3 LA DECISI\u00d3N DE LA FEMER"}]},{"@type":"WebSite","@id":"https:\/\/www.delexodo.com.ar\/#website","url":"https:\/\/www.delexodo.com.ar\/","name":"Del \u00c9xodo Nogoy\u00e1","description":"El Portal de Noticias de la Regi\u00f3n","publisher":{"@id":"https:\/\/www.delexodo.com.ar\/#organization"},"potentialAction":[{"@type":"SearchAction","target":{"@type":"EntryPoint","urlTemplate":"https:\/\/www.delexodo.com.ar\/?s={search_term_string}"},"query-input":{"@type":"PropertyValueSpecification","valueRequired":true,"valueName":"search_term_string"}}],"inLanguage":"es"},{"@type":"Organization","@id":"https:\/\/www.delexodo.com.ar\/#organization","name":"Del \u00c9xodo Nogoy\u00e1","url":"https:\/\/www.delexodo.com.ar\/","logo":{"@type":"ImageObject","inLanguage":"es","@id":"https:\/\/www.delexodo.com.ar\/#\/schema\/logo\/image\/","url":"https:\/\/www.delexodo.com.ar\/wp-content\/uploads\/2024\/10\/cropped-cropped-LOGO24.png","contentUrl":"https:\/\/www.delexodo.com.ar\/wp-content\/uploads\/2024\/10\/cropped-cropped-LOGO24.png","width":512,"height":349,"caption":"Del \u00c9xodo Nogoy\u00e1"},"image":{"@id":"https:\/\/www.delexodo.com.ar\/#\/schema\/logo\/image\/"}},{"@type":"Person","@id":"https:\/\/www.delexodo.com.ar\/#\/schema\/person\/bbed37f7da8e938660b34f2013ba449d","name":"admin","image":{"@type":"ImageObject","inLanguage":"es","@id":"https:\/\/www.delexodo.com.ar\/#\/schema\/person\/image\/","url":"https:\/\/secure.gravatar.com\/avatar\/6b1558d1b6df085f1901bd5bd98523d7?s=96&d=mm&r=g","contentUrl":"https:\/\/secure.gravatar.com\/avatar\/6b1558d1b6df085f1901bd5bd98523d7?s=96&d=mm&r=g","caption":"admin"},"url":"https:\/\/www.delexodo.com.ar\/?author=1"}]}},"_links":{"self":[{"href":"https:\/\/www.delexodo.com.ar\/index.php?rest_route=\/wp\/v2\/posts\/8329","targetHints":{"allow":["GET"]}}],"collection":[{"href":"https:\/\/www.delexodo.com.ar\/index.php?rest_route=\/wp\/v2\/posts"}],"about":[{"href":"https:\/\/www.delexodo.com.ar\/index.php?rest_route=\/wp\/v2\/types\/post"}],"author":[{"embeddable":true,"href":"https:\/\/www.delexodo.com.ar\/index.php?rest_route=\/wp\/v2\/users\/1"}],"replies":[{"embeddable":true,"href":"https:\/\/www.delexodo.com.ar\/index.php?rest_route=%2Fwp%2Fv2%2Fcomments&post=8329"}],"version-history":[{"count":0,"href":"https:\/\/www.delexodo.com.ar\/index.php?rest_route=\/wp\/v2\/posts\/8329\/revisions"}],"wp:featuredmedia":[{"embeddable":true,"href":"https:\/\/www.delexodo.com.ar\/index.php?rest_route=\/wp\/v2\/media\/7496"}],"wp:attachment":[{"href":"https:\/\/www.delexodo.com.ar\/index.php?rest_route=%2Fwp%2Fv2%2Fmedia&parent=8329"}],"wp:term":[{"taxonomy":"category","embeddable":true,"href":"https:\/\/www.delexodo.com.ar\/index.php?rest_route=%2Fwp%2Fv2%2Fcategories&post=8329"},{"taxonomy":"post_tag","embeddable":true,"href":"https:\/\/www.delexodo.com.ar\/index.php?rest_route=%2Fwp%2Fv2%2Ftags&post=8329"}],"curies":[{"name":"wp","href":"https:\/\/api.w.org\/{rel}","templated":true}]}}