{"id":8322,"date":"2021-05-22T17:15:30","date_gmt":"2021-05-22T20:15:30","guid":{"rendered":"http:\/\/www.delexodo.com.ar\/?p=8322"},"modified":"2021-05-22T17:15:31","modified_gmt":"2021-05-22T20:15:31","slug":"formula-3-metropolitana-buen-regreso-de-marcio-facello","status":"publish","type":"post","link":"https:\/\/www.delexodo.com.ar\/?p=8322","title":{"rendered":"FORMULA 3 METROPOLITANA: BUEN REGRESO DE MARCIO FACELLO"},"content":{"rendered":"\n<p>Por <strong>Gonzalo  Cornago<\/strong><\/p>\n\n\n\n<p>La espera se hizo larga, pero finalmente el d\u00eda lleg\u00f3. Despu\u00e9s de casi tres a\u00f1os el piloto de Nogoy\u00e1, <strong>Marcio Facello<\/strong>, volvi\u00f3 a subirse a su auto de Formula 3 Metropolitana y lo hizo en buena forma.<\/p>\n\n\n\n<div class=\"wp-block-image\"><figure class=\"aligncenter size-large\"><img loading=\"lazy\" decoding=\"async\" width=\"959\" height=\"533\" src=\"https:\/\/www.delexodo.com.ar\/wp-content\/uploads\/2021\/05\/F3METRO-PLAN-LARGADA.jpg\" alt=\"\" class=\"wp-image-8324\" srcset=\"https:\/\/www.delexodo.com.ar\/wp-content\/uploads\/2021\/05\/F3METRO-PLAN-LARGADA.jpg 959w, https:\/\/www.delexodo.com.ar\/wp-content\/uploads\/2021\/05\/F3METRO-PLAN-LARGADA-300x167.jpg 300w, https:\/\/www.delexodo.com.ar\/wp-content\/uploads\/2021\/05\/F3METRO-PLAN-LARGADA-768x427.jpg 768w\" sizes=\"auto, (max-width: 959px) 100vw, 959px\" \/><\/figure><\/div>\n\n\n\n<p>El aut\u00f3dromo Roberto Mouras de la ciudad de La Plata iba a ser testigo de una nueva doble fecha, la novena y la decima fecha de la categor\u00eda, pero finalmente las \u00faltimas medidas tomadas por el gobierno nacional ante la pandemia y la lluvia, trastocaron los planes.<\/p>\n\n\n\n<div class=\"wp-block-image\"><figure class=\"alignright size-large is-resized\"><img loading=\"lazy\" decoding=\"async\" src=\"https:\/\/www.delexodo.com.ar\/wp-content\/uploads\/2021\/05\/Marcio-Facello.jpg\" alt=\"\" class=\"wp-image-8327\" width=\"282\" height=\"158\" srcset=\"https:\/\/www.delexodo.com.ar\/wp-content\/uploads\/2021\/05\/Marcio-Facello.jpg 969w, https:\/\/www.delexodo.com.ar\/wp-content\/uploads\/2021\/05\/Marcio-Facello-300x168.jpg 300w, https:\/\/www.delexodo.com.ar\/wp-content\/uploads\/2021\/05\/Marcio-Facello-768x430.jpg 768w\" sizes=\"auto, (max-width: 282px) 100vw, 282px\" \/><\/figure><\/div>\n\n\n\n<p>Finalmente el d\u00eda viernes a las 13 horas se disput\u00f3 la novena fecha del calendario donde Facello clasific\u00f3 en la decimotercera ubicaci\u00f3n en su retorno a la categor\u00eda.<\/p>\n\n\n\n<p>Bajo una intensa lluvia en el \u201cRoberto Mouras\u201d se disput\u00f3 la primera carrera que comenz\u00f3 algo accidentada ya que r\u00e1pidamente se chocaron los autos de Lucas Carboni, Agust\u00edn Rinc\u00f3n, Luciano Mart\u00ednez y Juan Pablo Guiffrey, perdiendo as\u00ed la divisional 4 protagonistas de lujo.<\/p>\n\n\n\n<div class=\"wp-block-image\"><figure class=\"alignleft size-large is-resized\"><img loading=\"lazy\" decoding=\"async\" src=\"https:\/\/www.delexodo.com.ar\/wp-content\/uploads\/2021\/05\/F3METRO-PISTA-1024x479.jpg\" alt=\"\" class=\"wp-image-8325\" width=\"320\" height=\"149\" srcset=\"https:\/\/www.delexodo.com.ar\/wp-content\/uploads\/2021\/05\/F3METRO-PISTA-1024x479.jpg 1024w, https:\/\/www.delexodo.com.ar\/wp-content\/uploads\/2021\/05\/F3METRO-PISTA-300x140.jpg 300w, https:\/\/www.delexodo.com.ar\/wp-content\/uploads\/2021\/05\/F3METRO-PISTA-768x359.jpg 768w, https:\/\/www.delexodo.com.ar\/wp-content\/uploads\/2021\/05\/F3METRO-PISTA.jpg 1142w\" sizes=\"auto, (max-width: 320px) 100vw, 320px\" \/><\/figure><\/div>\n\n\n\n<p>Ya con la bandera verde el inicio en fila mostr\u00f3 un paseo veloz del piloto Federico Hermida quien domin\u00f3 de principio a fin al cabo de las 10 ronda y no tuvo oposici\u00f3n para llevarse un contundente triunfo que le permite sumar valiosos puntos en la tabla anual, en su regreso a la divisional.<\/p>\n\n\n\n<p>El segundo lugar fue de Lucio Calvani hasta los \u00faltimos metros de la prueba donde se fue despistado y esto le permiti\u00f3 a Gianfranco B\u00e1rbara que mantuvo un ritmo parejo terminar como escolta recortando buenos puntos en el certamen anual, mientras que Francisco Luengo pudo redondear una excelente competencia logrando su primer podio en la divisional. Marcio finalmente obtuvo el s\u00e9ptimo lugar en su retorno lo que deja un balance m\u00e1s que positivo para el piloto. <\/p>\n\n\n\n<p>En di\u00e1logo con Zona Mixta programa que se emite por FM del \u00c9xodo, Facello cont\u00f3 cuales fueron sus sensaciones en su vuelta al automovilismo nacional \u201cDespu\u00e9s de casi 3 a\u00f1os pudimos volver, as\u00ed que fue todo muy positivo. Al principio ten\u00eda algunas dudas, por p\u00e9rdida de ritmo o algo de eso, pero desde el primer entrenamiento me sent\u00ed bien y seguro. Siempre estuvimos cerca de los pilotos de punta lo que genera ilusi\u00f3n y nos deja satisfecho y conforme por c\u00f3mo va el auto. Un auto que est\u00e1 realizado e todo en familia. Mi hermano ha trabajo much\u00edsimo, lo mismo mi viejo en la parte de motor, mi hermano se encarg\u00f3 hasta de la pintura, puesta del auto, hacemos todo en conjunto. Hasta mi mam\u00e1 y mi hermana colaboran. La idea es poder completar el calendario en lo que queda del a\u00f1o, siempre teniendo en cuenta el tema presupuestario que hoy en d\u00eda como est\u00e1n las cosas no es nada f\u00e1cil\u201d coment\u00f3 el piloto.<\/p>\n\n\n\n<div class=\"wp-block-image\"><figure class=\"aligncenter size-large\"><img loading=\"lazy\" decoding=\"async\" width=\"1024\" height=\"578\" src=\"https:\/\/www.delexodo.com.ar\/wp-content\/uploads\/2021\/05\/F3METRO-TIEMPOS-FINAL-1024x578.jpg\" alt=\"\" class=\"wp-image-8326\" srcset=\"https:\/\/www.delexodo.com.ar\/wp-content\/uploads\/2021\/05\/F3METRO-TIEMPOS-FINAL-1024x578.jpg 1024w, https:\/\/www.delexodo.com.ar\/wp-content\/uploads\/2021\/05\/F3METRO-TIEMPOS-FINAL-300x169.jpg 300w, https:\/\/www.delexodo.com.ar\/wp-content\/uploads\/2021\/05\/F3METRO-TIEMPOS-FINAL-768x434.jpg 768w, https:\/\/www.delexodo.com.ar\/wp-content\/uploads\/2021\/05\/F3METRO-TIEMPOS-FINAL.jpg 1360w\" sizes=\"auto, (max-width: 1024px) 100vw, 1024px\" \/><\/figure><\/div>\n\n\n\n<p>Finalmente las condiciones clim\u00e1ticas no cambiaron y la lluvia result\u00f3 cada vez m\u00e1s intensa en el \u201cRoberto Mouras\u201d de La Plata, por lo que tras esperar el tiempo prudencial, los Comisarios Deportivos tomaron la resoluci\u00f3n de suspender la segunda competencia que se iba a llevar a cabo, debido a la escasa visibilidad en la pista y as\u00ed resguardar la salud de todos los participantes.<\/p>\n","protected":false},"excerpt":{"rendered":"<p>Por Gonzalo Cornago La espera se hizo larga, pero finalmente el d\u00eda lleg\u00f3. Despu\u00e9s de casi tres a\u00f1os el piloto&hellip;<\/p>\n","protected":false},"author":1,"featured_media":8323,"comment_status":"closed","ping_status":"closed","sticky":false,"template":"","format":"standard","meta":{"_joinchat":[],"footnotes":""},"categories":[353,65,1,69],"tags":[],"class_list":["post-8322","post","type-post","status-publish","format-standard","has-post-thumbnail","hentry","category-deportes","category-destacados","category-sincategoria","category-noticias"],"yoast_head":"<!-- This site is optimized with the Yoast SEO plugin v25.1 - https:\/\/yoast.com\/wordpress\/plugins\/seo\/ -->\n<title>FORMULA 3 METROPOLITANA: BUEN REGRESO DE MARCIO FACELLO - Del \u00c9xodo Nogoy\u00e1<\/title>\n<meta name=\"robots\" content=\"index, follow, max-snippet:-1, max-image-preview:large, max-video-preview:-1\" \/>\n<link rel=\"canonical\" href=\"https:\/\/www.delexodo.com.ar\/?p=8322\" \/>\n<meta property=\"og:locale\" content=\"es_ES\" \/>\n<meta property=\"og:type\" content=\"article\" \/>\n<meta property=\"og:title\" content=\"FORMULA 3 METROPOLITANA: BUEN REGRESO DE MARCIO FACELLO - Del \u00c9xodo Nogoy\u00e1\" \/>\n<meta property=\"og:description\" content=\"Por Gonzalo Cornago La espera se hizo larga, pero finalmente el d\u00eda lleg\u00f3. Despu\u00e9s de casi tres a\u00f1os el piloto&hellip;\" \/>\n<meta property=\"og:url\" content=\"https:\/\/www.delexodo.com.ar\/?p=8322\" \/>\n<meta property=\"og:site_name\" content=\"Del \u00c9xodo Nogoy\u00e1\" \/>\n<meta property=\"article:published_time\" content=\"2021-05-22T20:15:30+00:00\" \/>\n<meta property=\"article:modified_time\" content=\"2021-05-22T20:15:31+00:00\" \/>\n<meta property=\"og:image\" content=\"https:\/\/www.delexodo.com.ar\/wp-content\/uploads\/2021\/05\/F3METRO-LARGADA.jpg\" \/>\n\t<meta property=\"og:image:width\" content=\"1054\" \/>\n\t<meta property=\"og:image:height\" content=\"477\" \/>\n\t<meta property=\"og:image:type\" content=\"image\/jpeg\" \/>\n<meta name=\"author\" content=\"admin\" \/>\n<meta name=\"twitter:card\" content=\"summary_large_image\" \/>\n<meta name=\"twitter:label1\" content=\"Escrito por\" \/>\n\t<meta name=\"twitter:data1\" content=\"admin\" \/>\n\t<meta name=\"twitter:label2\" content=\"Tiempo de lectura\" \/>\n\t<meta name=\"twitter:data2\" content=\"3 minutos\" \/>\n<script type=\"application\/ld+json\" class=\"yoast-schema-graph\">{\"@context\":\"https:\/\/schema.org\",\"@graph\":[{\"@type\":\"Article\",\"@id\":\"https:\/\/www.delexodo.com.ar\/?p=8322#article\",\"isPartOf\":{\"@id\":\"https:\/\/www.delexodo.com.ar\/?p=8322\"},\"author\":{\"name\":\"admin\",\"@id\":\"https:\/\/www.delexodo.com.ar\/#\/schema\/person\/bbed37f7da8e938660b34f2013ba449d\"},\"headline\":\"FORMULA 3 METROPOLITANA: BUEN REGRESO DE MARCIO FACELLO\",\"datePublished\":\"2021-05-22T20:15:30+00:00\",\"dateModified\":\"2021-05-22T20:15:31+00:00\",\"mainEntityOfPage\":{\"@id\":\"https:\/\/www.delexodo.com.ar\/?p=8322\"},\"wordCount\":549,\"publisher\":{\"@id\":\"https:\/\/www.delexodo.com.ar\/#organization\"},\"image\":{\"@id\":\"https:\/\/www.delexodo.com.ar\/?p=8322#primaryimage\"},\"thumbnailUrl\":\"https:\/\/www.delexodo.com.ar\/wp-content\/uploads\/2021\/05\/F3METRO-LARGADA.jpg\",\"articleSection\":[\"Deportes\",\"Destacados\",\"Nogoya\",\"NOTICIAS\"],\"inLanguage\":\"es\"},{\"@type\":\"WebPage\",\"@id\":\"https:\/\/www.delexodo.com.ar\/?p=8322\",\"url\":\"https:\/\/www.delexodo.com.ar\/?p=8322\",\"name\":\"FORMULA 3 METROPOLITANA: BUEN REGRESO DE MARCIO FACELLO - Del \u00c9xodo Nogoy\u00e1\",\"isPartOf\":{\"@id\":\"https:\/\/www.delexodo.com.ar\/#website\"},\"primaryImageOfPage\":{\"@id\":\"https:\/\/www.delexodo.com.ar\/?p=8322#primaryimage\"},\"image\":{\"@id\":\"https:\/\/www.delexodo.com.ar\/?p=8322#primaryimage\"},\"thumbnailUrl\":\"https:\/\/www.delexodo.com.ar\/wp-content\/uploads\/2021\/05\/F3METRO-LARGADA.jpg\",\"datePublished\":\"2021-05-22T20:15:30+00:00\",\"dateModified\":\"2021-05-22T20:15:31+00:00\",\"breadcrumb\":{\"@id\":\"https:\/\/www.delexodo.com.ar\/?p=8322#breadcrumb\"},\"inLanguage\":\"es\",\"potentialAction\":[{\"@type\":\"ReadAction\",\"target\":[\"https:\/\/www.delexodo.com.ar\/?p=8322\"]}]},{\"@type\":\"ImageObject\",\"inLanguage\":\"es\",\"@id\":\"https:\/\/www.delexodo.com.ar\/?p=8322#primaryimage\",\"url\":\"https:\/\/www.delexodo.com.ar\/wp-content\/uploads\/2021\/05\/F3METRO-LARGADA.jpg\",\"contentUrl\":\"https:\/\/www.delexodo.com.ar\/wp-content\/uploads\/2021\/05\/F3METRO-LARGADA.jpg\",\"width\":1054,\"height\":477},{\"@type\":\"BreadcrumbList\",\"@id\":\"https:\/\/www.delexodo.com.ar\/?p=8322#breadcrumb\",\"itemListElement\":[{\"@type\":\"ListItem\",\"position\":1,\"name\":\"Portada\",\"item\":\"https:\/\/www.delexodo.com.ar\/\"},{\"@type\":\"ListItem\",\"position\":2,\"name\":\"FORMULA 3 METROPOLITANA: BUEN REGRESO DE MARCIO FACELLO\"}]},{\"@type\":\"WebSite\",\"@id\":\"https:\/\/www.delexodo.com.ar\/#website\",\"url\":\"https:\/\/www.delexodo.com.ar\/\",\"name\":\"Del \u00c9xodo Nogoy\u00e1\",\"description\":\"El Portal de Noticias de la Regi\u00f3n\",\"publisher\":{\"@id\":\"https:\/\/www.delexodo.com.ar\/#organization\"},\"potentialAction\":[{\"@type\":\"SearchAction\",\"target\":{\"@type\":\"EntryPoint\",\"urlTemplate\":\"https:\/\/www.delexodo.com.ar\/?s={search_term_string}\"},\"query-input\":{\"@type\":\"PropertyValueSpecification\",\"valueRequired\":true,\"valueName\":\"search_term_string\"}}],\"inLanguage\":\"es\"},{\"@type\":\"Organization\",\"@id\":\"https:\/\/www.delexodo.com.ar\/#organization\",\"name\":\"Del \u00c9xodo Nogoy\u00e1\",\"url\":\"https:\/\/www.delexodo.com.ar\/\",\"logo\":{\"@type\":\"ImageObject\",\"inLanguage\":\"es\",\"@id\":\"https:\/\/www.delexodo.com.ar\/#\/schema\/logo\/image\/\",\"url\":\"https:\/\/www.delexodo.com.ar\/wp-content\/uploads\/2024\/10\/cropped-cropped-LOGO24.png\",\"contentUrl\":\"https:\/\/www.delexodo.com.ar\/wp-content\/uploads\/2024\/10\/cropped-cropped-LOGO24.png\",\"width\":512,\"height\":349,\"caption\":\"Del \u00c9xodo Nogoy\u00e1\"},\"image\":{\"@id\":\"https:\/\/www.delexodo.com.ar\/#\/schema\/logo\/image\/\"}},{\"@type\":\"Person\",\"@id\":\"https:\/\/www.delexodo.com.ar\/#\/schema\/person\/bbed37f7da8e938660b34f2013ba449d\",\"name\":\"admin\",\"image\":{\"@type\":\"ImageObject\",\"inLanguage\":\"es\",\"@id\":\"https:\/\/www.delexodo.com.ar\/#\/schema\/person\/image\/\",\"url\":\"https:\/\/secure.gravatar.com\/avatar\/6b1558d1b6df085f1901bd5bd98523d7?s=96&d=mm&r=g\",\"contentUrl\":\"https:\/\/secure.gravatar.com\/avatar\/6b1558d1b6df085f1901bd5bd98523d7?s=96&d=mm&r=g\",\"caption\":\"admin\"},\"url\":\"https:\/\/www.delexodo.com.ar\/?author=1\"}]}<\/script>\n<!-- \/ Yoast SEO plugin. -->","yoast_head_json":{"title":"FORMULA 3 METROPOLITANA: BUEN REGRESO DE MARCIO FACELLO - Del \u00c9xodo Nogoy\u00e1","robots":{"index":"index","follow":"follow","max-snippet":"max-snippet:-1","max-image-preview":"max-image-preview:large","max-video-preview":"max-video-preview:-1"},"canonical":"https:\/\/www.delexodo.com.ar\/?p=8322","og_locale":"es_ES","og_type":"article","og_title":"FORMULA 3 METROPOLITANA: BUEN REGRESO DE MARCIO FACELLO - Del \u00c9xodo Nogoy\u00e1","og_description":"Por Gonzalo Cornago La espera se hizo larga, pero finalmente el d\u00eda lleg\u00f3. Despu\u00e9s de casi tres a\u00f1os el piloto&hellip;","og_url":"https:\/\/www.delexodo.com.ar\/?p=8322","og_site_name":"Del \u00c9xodo Nogoy\u00e1","article_published_time":"2021-05-22T20:15:30+00:00","article_modified_time":"2021-05-22T20:15:31+00:00","og_image":[{"width":1054,"height":477,"url":"https:\/\/www.delexodo.com.ar\/wp-content\/uploads\/2021\/05\/F3METRO-LARGADA.jpg","type":"image\/jpeg"}],"author":"admin","twitter_card":"summary_large_image","twitter_misc":{"Escrito por":"admin","Tiempo de lectura":"3 minutos"},"schema":{"@context":"https:\/\/schema.org","@graph":[{"@type":"Article","@id":"https:\/\/www.delexodo.com.ar\/?p=8322#article","isPartOf":{"@id":"https:\/\/www.delexodo.com.ar\/?p=8322"},"author":{"name":"admin","@id":"https:\/\/www.delexodo.com.ar\/#\/schema\/person\/bbed37f7da8e938660b34f2013ba449d"},"headline":"FORMULA 3 METROPOLITANA: BUEN REGRESO DE MARCIO FACELLO","datePublished":"2021-05-22T20:15:30+00:00","dateModified":"2021-05-22T20:15:31+00:00","mainEntityOfPage":{"@id":"https:\/\/www.delexodo.com.ar\/?p=8322"},"wordCount":549,"publisher":{"@id":"https:\/\/www.delexodo.com.ar\/#organization"},"image":{"@id":"https:\/\/www.delexodo.com.ar\/?p=8322#primaryimage"},"thumbnailUrl":"https:\/\/www.delexodo.com.ar\/wp-content\/uploads\/2021\/05\/F3METRO-LARGADA.jpg","articleSection":["Deportes","Destacados","Nogoya","NOTICIAS"],"inLanguage":"es"},{"@type":"WebPage","@id":"https:\/\/www.delexodo.com.ar\/?p=8322","url":"https:\/\/www.delexodo.com.ar\/?p=8322","name":"FORMULA 3 METROPOLITANA: BUEN REGRESO DE MARCIO FACELLO - Del \u00c9xodo Nogoy\u00e1","isPartOf":{"@id":"https:\/\/www.delexodo.com.ar\/#website"},"primaryImageOfPage":{"@id":"https:\/\/www.delexodo.com.ar\/?p=8322#primaryimage"},"image":{"@id":"https:\/\/www.delexodo.com.ar\/?p=8322#primaryimage"},"thumbnailUrl":"https:\/\/www.delexodo.com.ar\/wp-content\/uploads\/2021\/05\/F3METRO-LARGADA.jpg","datePublished":"2021-05-22T20:15:30+00:00","dateModified":"2021-05-22T20:15:31+00:00","breadcrumb":{"@id":"https:\/\/www.delexodo.com.ar\/?p=8322#breadcrumb"},"inLanguage":"es","potentialAction":[{"@type":"ReadAction","target":["https:\/\/www.delexodo.com.ar\/?p=8322"]}]},{"@type":"ImageObject","inLanguage":"es","@id":"https:\/\/www.delexodo.com.ar\/?p=8322#primaryimage","url":"https:\/\/www.delexodo.com.ar\/wp-content\/uploads\/2021\/05\/F3METRO-LARGADA.jpg","contentUrl":"https:\/\/www.delexodo.com.ar\/wp-content\/uploads\/2021\/05\/F3METRO-LARGADA.jpg","width":1054,"height":477},{"@type":"BreadcrumbList","@id":"https:\/\/www.delexodo.com.ar\/?p=8322#breadcrumb","itemListElement":[{"@type":"ListItem","position":1,"name":"Portada","item":"https:\/\/www.delexodo.com.ar\/"},{"@type":"ListItem","position":2,"name":"FORMULA 3 METROPOLITANA: BUEN REGRESO DE MARCIO FACELLO"}]},{"@type":"WebSite","@id":"https:\/\/www.delexodo.com.ar\/#website","url":"https:\/\/www.delexodo.com.ar\/","name":"Del \u00c9xodo Nogoy\u00e1","description":"El Portal de Noticias de la Regi\u00f3n","publisher":{"@id":"https:\/\/www.delexodo.com.ar\/#organization"},"potentialAction":[{"@type":"SearchAction","target":{"@type":"EntryPoint","urlTemplate":"https:\/\/www.delexodo.com.ar\/?s={search_term_string}"},"query-input":{"@type":"PropertyValueSpecification","valueRequired":true,"valueName":"search_term_string"}}],"inLanguage":"es"},{"@type":"Organization","@id":"https:\/\/www.delexodo.com.ar\/#organization","name":"Del \u00c9xodo Nogoy\u00e1","url":"https:\/\/www.delexodo.com.ar\/","logo":{"@type":"ImageObject","inLanguage":"es","@id":"https:\/\/www.delexodo.com.ar\/#\/schema\/logo\/image\/","url":"https:\/\/www.delexodo.com.ar\/wp-content\/uploads\/2024\/10\/cropped-cropped-LOGO24.png","contentUrl":"https:\/\/www.delexodo.com.ar\/wp-content\/uploads\/2024\/10\/cropped-cropped-LOGO24.png","width":512,"height":349,"caption":"Del \u00c9xodo Nogoy\u00e1"},"image":{"@id":"https:\/\/www.delexodo.com.ar\/#\/schema\/logo\/image\/"}},{"@type":"Person","@id":"https:\/\/www.delexodo.com.ar\/#\/schema\/person\/bbed37f7da8e938660b34f2013ba449d","name":"admin","image":{"@type":"ImageObject","inLanguage":"es","@id":"https:\/\/www.delexodo.com.ar\/#\/schema\/person\/image\/","url":"https:\/\/secure.gravatar.com\/avatar\/6b1558d1b6df085f1901bd5bd98523d7?s=96&d=mm&r=g","contentUrl":"https:\/\/secure.gravatar.com\/avatar\/6b1558d1b6df085f1901bd5bd98523d7?s=96&d=mm&r=g","caption":"admin"},"url":"https:\/\/www.delexodo.com.ar\/?author=1"}]}},"_links":{"self":[{"href":"https:\/\/www.delexodo.com.ar\/index.php?rest_route=\/wp\/v2\/posts\/8322","targetHints":{"allow":["GET"]}}],"collection":[{"href":"https:\/\/www.delexodo.com.ar\/index.php?rest_route=\/wp\/v2\/posts"}],"about":[{"href":"https:\/\/www.delexodo.com.ar\/index.php?rest_route=\/wp\/v2\/types\/post"}],"author":[{"embeddable":true,"href":"https:\/\/www.delexodo.com.ar\/index.php?rest_route=\/wp\/v2\/users\/1"}],"replies":[{"embeddable":true,"href":"https:\/\/www.delexodo.com.ar\/index.php?rest_route=%2Fwp%2Fv2%2Fcomments&post=8322"}],"version-history":[{"count":0,"href":"https:\/\/www.delexodo.com.ar\/index.php?rest_route=\/wp\/v2\/posts\/8322\/revisions"}],"wp:featuredmedia":[{"embeddable":true,"href":"https:\/\/www.delexodo.com.ar\/index.php?rest_route=\/wp\/v2\/media\/8323"}],"wp:attachment":[{"href":"https:\/\/www.delexodo.com.ar\/index.php?rest_route=%2Fwp%2Fv2%2Fmedia&parent=8322"}],"wp:term":[{"taxonomy":"category","embeddable":true,"href":"https:\/\/www.delexodo.com.ar\/index.php?rest_route=%2Fwp%2Fv2%2Fcategories&post=8322"},{"taxonomy":"post_tag","embeddable":true,"href":"https:\/\/www.delexodo.com.ar\/index.php?rest_route=%2Fwp%2Fv2%2Ftags&post=8322"}],"curies":[{"name":"wp","href":"https:\/\/api.w.org\/{rel}","templated":true}]}}