{"id":8319,"date":"2021-05-22T14:37:04","date_gmt":"2021-05-22T17:37:04","guid":{"rendered":"http:\/\/www.delexodo.com.ar\/?p=8319"},"modified":"2021-05-22T19:43:36","modified_gmt":"2021-05-22T22:43:36","slug":"entre-rios-adhirio-al-decreto-nacional-y-la-medida-rige-para-todos-los-departamentos","status":"publish","type":"post","link":"https:\/\/www.delexodo.com.ar\/?p=8319","title":{"rendered":"ENTRE R\u00cdOS ADHIRI\u00d3 AL DECRETO NACIONAL Y LA MEDIDA RIGE PARA TODOS LOS DEPARTAMENTOS"},"content":{"rendered":"\n<p>El gobernador <strong>Gustavo Bordet<\/strong> firm\u00f3 el <strong>Decreto Provincial N\u00ba 1115<\/strong> por el cual Entre R\u00edos adhiere <strong>\u201ca todas las medidas dispuestas por el Decreto de Necesidad y Urgencia N\u00ba 334\/21 del Poder Ejecutivo Nacional\u201d<\/strong>. Tambi\u00e9n se aplicar\u00e1 en los departamentos Federal y Victoria, de mediano riesgo sanitario.<\/p>\n\n\n\n<p>En el marco de la estrategia conjunta nacional para reducir los contagios de Coronavirus, Entre R\u00edos public\u00f3 el decreto N 1115 que adhiere <strong>\u201ca todas las medidas dispuestas por el Decreto de Necesidad y Urgencia N\u00ba 334\/21 del Poder Ejecutivo Nacional\u201d<\/strong>. Rige hasta el 30 de mayo inclusive y 5 y 6 de junio.<\/p>\n\n\n\n<p>Asimismo, en el art\u00edculo segundo se establece que <strong>\u201clas medidas dictadas en dicho DNU para los quince departamentos definidos de alto riesgo epidemiol\u00f3gico, tambi\u00e9n se aplicar\u00e1n para los departamentos Federal y Victoria, categorizados de mediano riesgo\u201d<\/strong>.<\/p>\n\n\n\n<p>Por \u00faltimo, la norma provincial aclara en el art\u00edculo tercero que <em>\u201clas actividades exceptuadas de restricciones, tales como el reparto a domicilio de alimentos, medicamentos, productos de higiene, de limpieza y otros insumos de necesidad; y el retiro de alimentos en locales gastron\u00f3micos de cercan\u00eda, podr\u00e1n desarrollarse entre las seis y las 23 horas de cada d\u00eda; pudiendo las autoridades municipales y comunales reducir esta franja horaria, pero no extenderla\u201d<\/em>.<\/p>\n\n\n\n<p>Entre sus fundamentos, el decreto provincial menciona que a trav\u00e9s del DNU 334 del 21 de mayo de 2021, el presidente de la Naci\u00f3n estableci\u00f3, entre otras medidas, la \u201crestricci\u00f3n de circulaci\u00f3n nocturna, la cual regir\u00e1 desde las 18 horas hasta las seis horas del d\u00eda siguiente, y la <strong>\u201csuspensi\u00f3n de la presencialidad en las actividades culturales, deportivas, religiosas, educativas, tur\u00edsticas, recreativas y sociales\u201d<\/strong> para aquellos departamentos en situaci\u00f3n de <strong>\u201criesgo sanitario alto\u201d<\/strong>. Si bien la norma tambi\u00e9n suspende <strong>\u201clas actividades econ\u00f3micas, industriales, comerciales y de servicios\u201d<\/strong>, contiene excepciones para algunas de ellas.<\/p>\n\n\n\n<p>Adem\u00e1s, el art\u00edculo 15\u00ba del DNU N\u00ba 287\/21 <strong>\u201cfaculta a los gobernadores a disponer restricciones temporarias y focalizadas en los lugares bajo su jurisdicci\u00f3n que est\u00e9n calificados como de riesgo sanitario medio, respecto de la realizaci\u00f3n de determinadas actividades, por horarios o por zonas, con la finalidad de contener los contagios por Covid-19\u201d<\/strong>, cita la norma provincial.<\/p>\n\n\n\n<p>En ese marco, el Poder Ejecutivo entrerriano consider\u00f3 pertinente <strong>\u201ctomar medidas integrales de prevenci\u00f3n en todo el territorio\u201d<\/strong>, <strong>\u201chaci\u00e9ndoles corresponder a los departamentos Federal y Victoria las mismas pautas y condiciones que el resto de los departamentos de \u201calto riesgo\u201d<\/strong>.<\/p>\n\n\n\n<p>Para finalizar, entre sus fundamentos el decreto de la provincia expresa que <strong>\u201cestas medidas que se adoptan, tuvieron y tienen por objeto reducir la circulaci\u00f3n, contener la transmisi\u00f3n, y disminuir la mortalidad y morbilidad por COVID-19; buscando tambi\u00e9n mantener la capacidad de respuesta del sistema de salud provincial y as\u00ed reducir el riesgo de sobrecarga de los servicios de salud\u201d<\/strong>.<\/p>\n\n\n\n<figure class=\"wp-block-embed is-type-rich is-provider-scribd wp-block-embed-scribd wp-embed-aspect-9-16 wp-has-aspect-ratio\"><div class=\"wp-block-embed__wrapper\">\n<iframe loading=\"lazy\" title=\"Nuevas medidas en Entre R\u00edos: el detalle de lo que dice el decreto provincial (Decreto N\u00ba 1151)\" class=\"scribd_iframe_embed\" src=\"https:\/\/www.scribd.com\/embeds\/508900976\/content\" data-aspect-ratio=\"0.706342991386061\" scrolling=\"no\" id=\"508900976\" width=\"500\" height=\"750\" frameborder=\"0\"><\/iframe><script type=\"text\/javascript\">          (function() { var scribd = document.createElement(\"script\"); scribd.type = \"text\/javascript\"; scribd.async = true; scribd.src = \"https:\/\/www.scribd.com\/javascripts\/embed_code\/inject.js\"; var s = document.getElementsByTagName(\"script\")[0]; s.parentNode.insertBefore(scribd, s); })()        <\/script>\n<\/div><\/figure>\n","protected":false},"excerpt":{"rendered":"<p>El gobernador Gustavo Bordet firm\u00f3 el Decreto Provincial N\u00ba 1115 por el cual Entre R\u00edos adhiere \u201ca todas las medidas&hellip;<\/p>\n","protected":false},"author":1,"featured_media":8320,"comment_status":"closed","ping_status":"closed","sticky":false,"template":"","format":"standard","meta":{"_joinchat":[],"footnotes":""},"categories":[65,1,69,352],"tags":[345],"class_list":["post-8319","post","type-post","status-publish","format-standard","has-post-thumbnail","hentry","category-destacados","category-sincategoria","category-noticias","category-salud","tag-destacar"],"yoast_head":"<!-- This site is optimized with the Yoast SEO plugin v25.1 - https:\/\/yoast.com\/wordpress\/plugins\/seo\/ -->\n<title>ENTRE R\u00cdOS ADHIRI\u00d3 AL DECRETO NACIONAL Y LA MEDIDA RIGE PARA TODOS LOS DEPARTAMENTOS - Del \u00c9xodo Nogoy\u00e1<\/title>\n<meta name=\"robots\" content=\"index, follow, max-snippet:-1, max-image-preview:large, max-video-preview:-1\" \/>\n<link rel=\"canonical\" href=\"https:\/\/www.delexodo.com.ar\/?p=8319\" \/>\n<meta property=\"og:locale\" content=\"es_ES\" \/>\n<meta property=\"og:type\" content=\"article\" \/>\n<meta property=\"og:title\" content=\"ENTRE R\u00cdOS ADHIRI\u00d3 AL DECRETO NACIONAL Y LA MEDIDA RIGE PARA TODOS LOS DEPARTAMENTOS - Del \u00c9xodo Nogoy\u00e1\" \/>\n<meta property=\"og:description\" content=\"El gobernador Gustavo Bordet firm\u00f3 el Decreto Provincial N\u00ba 1115 por el cual Entre R\u00edos adhiere \u201ca todas las medidas&hellip;\" \/>\n<meta property=\"og:url\" content=\"https:\/\/www.delexodo.com.ar\/?p=8319\" \/>\n<meta property=\"og:site_name\" content=\"Del \u00c9xodo Nogoy\u00e1\" \/>\n<meta property=\"article:published_time\" content=\"2021-05-22T17:37:04+00:00\" \/>\n<meta property=\"article:modified_time\" content=\"2021-05-22T22:43:36+00:00\" \/>\n<meta property=\"og:image\" content=\"https:\/\/www.delexodo.com.ar\/wp-content\/uploads\/2021\/05\/GUSTAVO-BORDET.jpg\" \/>\n\t<meta property=\"og:image:width\" content=\"956\" \/>\n\t<meta property=\"og:image:height\" content=\"494\" \/>\n\t<meta property=\"og:image:type\" content=\"image\/jpeg\" \/>\n<meta name=\"author\" content=\"admin\" \/>\n<meta name=\"twitter:card\" content=\"summary_large_image\" \/>\n<meta name=\"twitter:label1\" content=\"Escrito por\" \/>\n\t<meta name=\"twitter:data1\" content=\"admin\" \/>\n\t<meta name=\"twitter:label2\" content=\"Tiempo de lectura\" \/>\n\t<meta name=\"twitter:data2\" content=\"2 minutos\" \/>\n<script type=\"application\/ld+json\" class=\"yoast-schema-graph\">{\"@context\":\"https:\/\/schema.org\",\"@graph\":[{\"@type\":\"Article\",\"@id\":\"https:\/\/www.delexodo.com.ar\/?p=8319#article\",\"isPartOf\":{\"@id\":\"https:\/\/www.delexodo.com.ar\/?p=8319\"},\"author\":{\"name\":\"admin\",\"@id\":\"https:\/\/www.delexodo.com.ar\/#\/schema\/person\/bbed37f7da8e938660b34f2013ba449d\"},\"headline\":\"ENTRE R\u00cdOS ADHIRI\u00d3 AL DECRETO NACIONAL Y LA MEDIDA RIGE PARA TODOS LOS DEPARTAMENTOS\",\"datePublished\":\"2021-05-22T17:37:04+00:00\",\"dateModified\":\"2021-05-22T22:43:36+00:00\",\"mainEntityOfPage\":{\"@id\":\"https:\/\/www.delexodo.com.ar\/?p=8319\"},\"wordCount\":498,\"publisher\":{\"@id\":\"https:\/\/www.delexodo.com.ar\/#organization\"},\"image\":{\"@id\":\"https:\/\/www.delexodo.com.ar\/?p=8319#primaryimage\"},\"thumbnailUrl\":\"https:\/\/www.delexodo.com.ar\/wp-content\/uploads\/2021\/05\/GUSTAVO-BORDET.jpg\",\"keywords\":[\"destacar\"],\"articleSection\":[\"Destacados\",\"Nogoya\",\"NOTICIAS\",\"Salud\"],\"inLanguage\":\"es\"},{\"@type\":\"WebPage\",\"@id\":\"https:\/\/www.delexodo.com.ar\/?p=8319\",\"url\":\"https:\/\/www.delexodo.com.ar\/?p=8319\",\"name\":\"ENTRE R\u00cdOS ADHIRI\u00d3 AL DECRETO NACIONAL Y LA MEDIDA RIGE PARA TODOS LOS DEPARTAMENTOS - Del \u00c9xodo Nogoy\u00e1\",\"isPartOf\":{\"@id\":\"https:\/\/www.delexodo.com.ar\/#website\"},\"primaryImageOfPage\":{\"@id\":\"https:\/\/www.delexodo.com.ar\/?p=8319#primaryimage\"},\"image\":{\"@id\":\"https:\/\/www.delexodo.com.ar\/?p=8319#primaryimage\"},\"thumbnailUrl\":\"https:\/\/www.delexodo.com.ar\/wp-content\/uploads\/2021\/05\/GUSTAVO-BORDET.jpg\",\"datePublished\":\"2021-05-22T17:37:04+00:00\",\"dateModified\":\"2021-05-22T22:43:36+00:00\",\"breadcrumb\":{\"@id\":\"https:\/\/www.delexodo.com.ar\/?p=8319#breadcrumb\"},\"inLanguage\":\"es\",\"potentialAction\":[{\"@type\":\"ReadAction\",\"target\":[\"https:\/\/www.delexodo.com.ar\/?p=8319\"]}]},{\"@type\":\"ImageObject\",\"inLanguage\":\"es\",\"@id\":\"https:\/\/www.delexodo.com.ar\/?p=8319#primaryimage\",\"url\":\"https:\/\/www.delexodo.com.ar\/wp-content\/uploads\/2021\/05\/GUSTAVO-BORDET.jpg\",\"contentUrl\":\"https:\/\/www.delexodo.com.ar\/wp-content\/uploads\/2021\/05\/GUSTAVO-BORDET.jpg\",\"width\":956,\"height\":494},{\"@type\":\"BreadcrumbList\",\"@id\":\"https:\/\/www.delexodo.com.ar\/?p=8319#breadcrumb\",\"itemListElement\":[{\"@type\":\"ListItem\",\"position\":1,\"name\":\"Portada\",\"item\":\"https:\/\/www.delexodo.com.ar\/\"},{\"@type\":\"ListItem\",\"position\":2,\"name\":\"ENTRE R\u00cdOS ADHIRI\u00d3 AL DECRETO NACIONAL Y LA MEDIDA RIGE PARA TODOS LOS DEPARTAMENTOS\"}]},{\"@type\":\"WebSite\",\"@id\":\"https:\/\/www.delexodo.com.ar\/#website\",\"url\":\"https:\/\/www.delexodo.com.ar\/\",\"name\":\"Del \u00c9xodo Nogoy\u00e1\",\"description\":\"El Portal de Noticias de la Regi\u00f3n\",\"publisher\":{\"@id\":\"https:\/\/www.delexodo.com.ar\/#organization\"},\"potentialAction\":[{\"@type\":\"SearchAction\",\"target\":{\"@type\":\"EntryPoint\",\"urlTemplate\":\"https:\/\/www.delexodo.com.ar\/?s={search_term_string}\"},\"query-input\":{\"@type\":\"PropertyValueSpecification\",\"valueRequired\":true,\"valueName\":\"search_term_string\"}}],\"inLanguage\":\"es\"},{\"@type\":\"Organization\",\"@id\":\"https:\/\/www.delexodo.com.ar\/#organization\",\"name\":\"Del \u00c9xodo Nogoy\u00e1\",\"url\":\"https:\/\/www.delexodo.com.ar\/\",\"logo\":{\"@type\":\"ImageObject\",\"inLanguage\":\"es\",\"@id\":\"https:\/\/www.delexodo.com.ar\/#\/schema\/logo\/image\/\",\"url\":\"https:\/\/www.delexodo.com.ar\/wp-content\/uploads\/2024\/10\/cropped-cropped-LOGO24.png\",\"contentUrl\":\"https:\/\/www.delexodo.com.ar\/wp-content\/uploads\/2024\/10\/cropped-cropped-LOGO24.png\",\"width\":512,\"height\":349,\"caption\":\"Del \u00c9xodo Nogoy\u00e1\"},\"image\":{\"@id\":\"https:\/\/www.delexodo.com.ar\/#\/schema\/logo\/image\/\"}},{\"@type\":\"Person\",\"@id\":\"https:\/\/www.delexodo.com.ar\/#\/schema\/person\/bbed37f7da8e938660b34f2013ba449d\",\"name\":\"admin\",\"image\":{\"@type\":\"ImageObject\",\"inLanguage\":\"es\",\"@id\":\"https:\/\/www.delexodo.com.ar\/#\/schema\/person\/image\/\",\"url\":\"https:\/\/secure.gravatar.com\/avatar\/6b1558d1b6df085f1901bd5bd98523d7?s=96&d=mm&r=g\",\"contentUrl\":\"https:\/\/secure.gravatar.com\/avatar\/6b1558d1b6df085f1901bd5bd98523d7?s=96&d=mm&r=g\",\"caption\":\"admin\"},\"url\":\"https:\/\/www.delexodo.com.ar\/?author=1\"}]}<\/script>\n<!-- \/ Yoast SEO plugin. -->","yoast_head_json":{"title":"ENTRE R\u00cdOS ADHIRI\u00d3 AL DECRETO NACIONAL Y LA MEDIDA RIGE PARA TODOS LOS DEPARTAMENTOS - Del \u00c9xodo Nogoy\u00e1","robots":{"index":"index","follow":"follow","max-snippet":"max-snippet:-1","max-image-preview":"max-image-preview:large","max-video-preview":"max-video-preview:-1"},"canonical":"https:\/\/www.delexodo.com.ar\/?p=8319","og_locale":"es_ES","og_type":"article","og_title":"ENTRE R\u00cdOS ADHIRI\u00d3 AL DECRETO NACIONAL Y LA MEDIDA RIGE PARA TODOS LOS DEPARTAMENTOS - Del \u00c9xodo Nogoy\u00e1","og_description":"El gobernador Gustavo Bordet firm\u00f3 el Decreto Provincial N\u00ba 1115 por el cual Entre R\u00edos adhiere \u201ca todas las medidas&hellip;","og_url":"https:\/\/www.delexodo.com.ar\/?p=8319","og_site_name":"Del \u00c9xodo Nogoy\u00e1","article_published_time":"2021-05-22T17:37:04+00:00","article_modified_time":"2021-05-22T22:43:36+00:00","og_image":[{"width":956,"height":494,"url":"https:\/\/www.delexodo.com.ar\/wp-content\/uploads\/2021\/05\/GUSTAVO-BORDET.jpg","type":"image\/jpeg"}],"author":"admin","twitter_card":"summary_large_image","twitter_misc":{"Escrito por":"admin","Tiempo de lectura":"2 minutos"},"schema":{"@context":"https:\/\/schema.org","@graph":[{"@type":"Article","@id":"https:\/\/www.delexodo.com.ar\/?p=8319#article","isPartOf":{"@id":"https:\/\/www.delexodo.com.ar\/?p=8319"},"author":{"name":"admin","@id":"https:\/\/www.delexodo.com.ar\/#\/schema\/person\/bbed37f7da8e938660b34f2013ba449d"},"headline":"ENTRE R\u00cdOS ADHIRI\u00d3 AL DECRETO NACIONAL Y LA MEDIDA RIGE PARA TODOS LOS DEPARTAMENTOS","datePublished":"2021-05-22T17:37:04+00:00","dateModified":"2021-05-22T22:43:36+00:00","mainEntityOfPage":{"@id":"https:\/\/www.delexodo.com.ar\/?p=8319"},"wordCount":498,"publisher":{"@id":"https:\/\/www.delexodo.com.ar\/#organization"},"image":{"@id":"https:\/\/www.delexodo.com.ar\/?p=8319#primaryimage"},"thumbnailUrl":"https:\/\/www.delexodo.com.ar\/wp-content\/uploads\/2021\/05\/GUSTAVO-BORDET.jpg","keywords":["destacar"],"articleSection":["Destacados","Nogoya","NOTICIAS","Salud"],"inLanguage":"es"},{"@type":"WebPage","@id":"https:\/\/www.delexodo.com.ar\/?p=8319","url":"https:\/\/www.delexodo.com.ar\/?p=8319","name":"ENTRE R\u00cdOS ADHIRI\u00d3 AL DECRETO NACIONAL Y LA MEDIDA RIGE PARA TODOS LOS DEPARTAMENTOS - Del \u00c9xodo Nogoy\u00e1","isPartOf":{"@id":"https:\/\/www.delexodo.com.ar\/#website"},"primaryImageOfPage":{"@id":"https:\/\/www.delexodo.com.ar\/?p=8319#primaryimage"},"image":{"@id":"https:\/\/www.delexodo.com.ar\/?p=8319#primaryimage"},"thumbnailUrl":"https:\/\/www.delexodo.com.ar\/wp-content\/uploads\/2021\/05\/GUSTAVO-BORDET.jpg","datePublished":"2021-05-22T17:37:04+00:00","dateModified":"2021-05-22T22:43:36+00:00","breadcrumb":{"@id":"https:\/\/www.delexodo.com.ar\/?p=8319#breadcrumb"},"inLanguage":"es","potentialAction":[{"@type":"ReadAction","target":["https:\/\/www.delexodo.com.ar\/?p=8319"]}]},{"@type":"ImageObject","inLanguage":"es","@id":"https:\/\/www.delexodo.com.ar\/?p=8319#primaryimage","url":"https:\/\/www.delexodo.com.ar\/wp-content\/uploads\/2021\/05\/GUSTAVO-BORDET.jpg","contentUrl":"https:\/\/www.delexodo.com.ar\/wp-content\/uploads\/2021\/05\/GUSTAVO-BORDET.jpg","width":956,"height":494},{"@type":"BreadcrumbList","@id":"https:\/\/www.delexodo.com.ar\/?p=8319#breadcrumb","itemListElement":[{"@type":"ListItem","position":1,"name":"Portada","item":"https:\/\/www.delexodo.com.ar\/"},{"@type":"ListItem","position":2,"name":"ENTRE R\u00cdOS ADHIRI\u00d3 AL DECRETO NACIONAL Y LA MEDIDA RIGE PARA TODOS LOS DEPARTAMENTOS"}]},{"@type":"WebSite","@id":"https:\/\/www.delexodo.com.ar\/#website","url":"https:\/\/www.delexodo.com.ar\/","name":"Del \u00c9xodo Nogoy\u00e1","description":"El Portal de Noticias de la Regi\u00f3n","publisher":{"@id":"https:\/\/www.delexodo.com.ar\/#organization"},"potentialAction":[{"@type":"SearchAction","target":{"@type":"EntryPoint","urlTemplate":"https:\/\/www.delexodo.com.ar\/?s={search_term_string}"},"query-input":{"@type":"PropertyValueSpecification","valueRequired":true,"valueName":"search_term_string"}}],"inLanguage":"es"},{"@type":"Organization","@id":"https:\/\/www.delexodo.com.ar\/#organization","name":"Del \u00c9xodo Nogoy\u00e1","url":"https:\/\/www.delexodo.com.ar\/","logo":{"@type":"ImageObject","inLanguage":"es","@id":"https:\/\/www.delexodo.com.ar\/#\/schema\/logo\/image\/","url":"https:\/\/www.delexodo.com.ar\/wp-content\/uploads\/2024\/10\/cropped-cropped-LOGO24.png","contentUrl":"https:\/\/www.delexodo.com.ar\/wp-content\/uploads\/2024\/10\/cropped-cropped-LOGO24.png","width":512,"height":349,"caption":"Del \u00c9xodo Nogoy\u00e1"},"image":{"@id":"https:\/\/www.delexodo.com.ar\/#\/schema\/logo\/image\/"}},{"@type":"Person","@id":"https:\/\/www.delexodo.com.ar\/#\/schema\/person\/bbed37f7da8e938660b34f2013ba449d","name":"admin","image":{"@type":"ImageObject","inLanguage":"es","@id":"https:\/\/www.delexodo.com.ar\/#\/schema\/person\/image\/","url":"https:\/\/secure.gravatar.com\/avatar\/6b1558d1b6df085f1901bd5bd98523d7?s=96&d=mm&r=g","contentUrl":"https:\/\/secure.gravatar.com\/avatar\/6b1558d1b6df085f1901bd5bd98523d7?s=96&d=mm&r=g","caption":"admin"},"url":"https:\/\/www.delexodo.com.ar\/?author=1"}]}},"_links":{"self":[{"href":"https:\/\/www.delexodo.com.ar\/index.php?rest_route=\/wp\/v2\/posts\/8319","targetHints":{"allow":["GET"]}}],"collection":[{"href":"https:\/\/www.delexodo.com.ar\/index.php?rest_route=\/wp\/v2\/posts"}],"about":[{"href":"https:\/\/www.delexodo.com.ar\/index.php?rest_route=\/wp\/v2\/types\/post"}],"author":[{"embeddable":true,"href":"https:\/\/www.delexodo.com.ar\/index.php?rest_route=\/wp\/v2\/users\/1"}],"replies":[{"embeddable":true,"href":"https:\/\/www.delexodo.com.ar\/index.php?rest_route=%2Fwp%2Fv2%2Fcomments&post=8319"}],"version-history":[{"count":0,"href":"https:\/\/www.delexodo.com.ar\/index.php?rest_route=\/wp\/v2\/posts\/8319\/revisions"}],"wp:featuredmedia":[{"embeddable":true,"href":"https:\/\/www.delexodo.com.ar\/index.php?rest_route=\/wp\/v2\/media\/8320"}],"wp:attachment":[{"href":"https:\/\/www.delexodo.com.ar\/index.php?rest_route=%2Fwp%2Fv2%2Fmedia&parent=8319"}],"wp:term":[{"taxonomy":"category","embeddable":true,"href":"https:\/\/www.delexodo.com.ar\/index.php?rest_route=%2Fwp%2Fv2%2Fcategories&post=8319"},{"taxonomy":"post_tag","embeddable":true,"href":"https:\/\/www.delexodo.com.ar\/index.php?rest_route=%2Fwp%2Fv2%2Ftags&post=8319"}],"curies":[{"name":"wp","href":"https:\/\/api.w.org\/{rel}","templated":true}]}}