{"id":8315,"date":"2021-05-21T22:21:08","date_gmt":"2021-05-22T01:21:08","guid":{"rendered":"http:\/\/www.delexodo.com.ar\/?p=8315"},"modified":"2021-05-21T22:21:09","modified_gmt":"2021-05-22T01:21:09","slug":"el-gobierno-nacional-publico-el-dnu-con-las-restricciones-dispuestas","status":"publish","type":"post","link":"https:\/\/www.delexodo.com.ar\/?p=8315","title":{"rendered":"EL GOBIERNO NACIONAL PUBLIC\u00d3 EL DNU CON LAS RESTRICCIONES DISPUESTAS"},"content":{"rendered":"\n<p>El Gobierno public\u00f3 el nuevo <strong>Decreto de Necesidad y Urgencia (DNU) (DECNU-2021-334-APN-PTE) <\/strong>con restricciones a la circulaci\u00f3n y suspensi\u00f3n de actividades que comenzar\u00e1 a regir desde este s\u00e1bado a las 0:00. La restricci\u00f3n para circular ser\u00e1 total a partir de las 18.<\/p>\n\n\n\n<p>En su art\u00edculo N\u00ba 4, dispone las excepciones para circular, con autorizaci\u00f3n para usar transporte p\u00fablico.<\/p>\n\n\n\n<p>Quedan exceptuadas de las restricciones y est\u00e1n autorizadas al uso del transporte p\u00fablico de pasajeros las personas que realizan las siguientes actividades y servicios, o se encuentran en las situaciones previstas en los siguientes incisos:<\/p>\n\n\n\n<p>1. Personal de Salud, Fuerzas de seguridad, Fuerzas Armadas, actividad migratoria, Servicio Meteorol\u00f3gico Nacional, bomberos y control de tr\u00e1fico a\u00e9reo.<\/p>\n\n\n\n<p>2. Autoridades superiores de los Gobiernos Nacional, Provinciales, Municipales y de la CABA; trabajadores y trabajadoras del Sector P\u00fablico Nacional, Provincial, Municipal y de la CABA, convocados y convocadas por las respectivas autoridades.<\/p>\n\n\n\n<p>3. Miembros del Poder Legislativo y las dotaciones de personal que dispongan sus autoridades respectivas. Integrantes de la Corte Suprema de Justicia de la Naci\u00f3n y las dotaciones de personal del Poder Judicial de la Naci\u00f3n que dispongan las autoridades correspondientes.<\/p>\n\n\n\n<p>4. Personal diplom\u00e1tico y consular extranjero acreditado ante el Gobierno argentino, en el marco de la Convenci\u00f3n de Viena sobre Relaciones Diplom\u00e1ticas y la Convenci\u00f3n de Viena de 1963 sobre Relaciones Consulares y personal de los organismos internacionales acreditados ante el Gobierno argentino, de la Cruz Roja y Cascos Blancos.<\/p>\n\n\n\n<p>5. Personas que deban asistir a otras con discapacidad, a familiares que necesiten asistencia, a personas mayores, a ni\u00f1os, a ni\u00f1as o a adolescentes.<\/p>\n\n\n\n<p>6. Personas que deban atender una situaci\u00f3n de fuerza mayor.<\/p>\n\n\n\n<p>7. Personas afectadas a la realizaci\u00f3n de servicios funerarios, entierros y cremaciones.<\/p>\n\n\n\n<p>8. Personas afectadas a la atenci\u00f3n de comedores escolares, comunitarios y merenderos.<\/p>\n\n\n\n<p>9. Personal que se desempe\u00f1a en los servicios de comunicaci\u00f3n audiovisuales, radiales y gr\u00e1ficos.<\/p>\n\n\n\n<p>10. Personal afectado a la obra p\u00fablica y a tareas de seguridad en demoliciones.<\/p>\n\n\n\n<p>11. Supermercados mayoristas y minoristas y comercios minoristas de proximidad, de alimentos, higiene personal y limpieza. Farmacias. Ferreter\u00edas. Veterinarias. Provisi\u00f3n de garrafas.<\/p>\n\n\n\n<p>12. Actividades vinculadas a la cadena de valor e insumos de la industria de la alimentaci\u00f3n; de higiene personal y limpieza; de equipamiento m\u00e9dico, medicamentos, vacunas y otros insumos sanitarios, en los t\u00e9rminos del art\u00edculo 3\u00b0 de la Decisi\u00f3n Administrativa N\u00b0 429\/20.<\/p>\n\n\n\n<p>13. Actividades vinculadas con la producci\u00f3n, distribuci\u00f3n y comercializaci\u00f3n agropecuaria y pesca.<\/p>\n\n\n\n<p>14. Actividades de telecomunicaciones, internet fija y m\u00f3vil; servicios digitales y las actividades de mantenimiento de servidores.<\/p>\n\n\n\n<p>15. Actividades vinculadas con el comercio exterior.<\/p>\n\n\n\n<p>16. Recolecci\u00f3n, transporte y tratamiento de residuos s\u00f3lidos urbanos, peligrosos y patog\u00e9nicos.<\/p>\n\n\n\n<p>17. Mantenimiento de los servicios b\u00e1sicos (agua, electricidad, gas, comunicaciones, etc.) y atenci\u00f3n de emergencias.<\/p>\n\n\n\n<p>18. Transporte p\u00fablico de pasajeros, transporte de mercader\u00edas, petr\u00f3leo, combustibles y GLP.<\/p>\n\n\n\n<p>19. Reparto a domicilio de alimentos, medicamentos, productos de higiene, de limpieza y otros insumos de necesidad.<\/p>\n\n\n\n<p>20. Servicios de lavander\u00eda.<\/p>\n\n\n\n<p>21. Servicios postales y de distribuci\u00f3n de paqueter\u00eda.<\/p>\n\n\n\n<p>22. Servicios esenciales de vigilancia, limpieza y guardia.<\/p>\n\n\n\n<p>23. Guardias m\u00ednimas que aseguren la operaci\u00f3n y mantenimiento de Yacimientos de Petr\u00f3leo y Gas, plantas de tratamiento y\/o refinaci\u00f3n de petr\u00f3leo y gas, transporte y distribuci\u00f3n de energ\u00eda el\u00e9ctrica, combustibles l\u00edquidos, petr\u00f3leo y gas, estaciones expendedoras de combustibles y generadores de energ\u00eda el\u00e9ctrica.<\/p>\n\n\n\n<p>24. Sociedad del Estado Casa de Moneda, servicios de cajeros autom\u00e1ticos, transporte de caudales y todas aquellas actividades que el BCRA autorice. Actividad bancaria con atenci\u00f3n al p\u00fablico, exclusivamente con sistema de turnos. Las autoridades de la Comisi\u00f3n Nacional de Valores podr\u00e1n autorizar la actividad de una dotaci\u00f3n m\u00ednima de personal y la de sus regulados en caso de resultar necesario.<\/p>\n\n\n\n<p>25. Operaci\u00f3n de Centrales Nucleares. Hoteles afectados al servicio de emergencia sanitaria. Operaci\u00f3n de aeropuertos. Operaci\u00f3n de garajes y estacionamientos con dotaciones m\u00ednimas.<\/p>\n\n\n\n<p>26. Inscripci\u00f3n, identificaci\u00f3n y documentaci\u00f3n de personas, en los t\u00e9rminos de la Decisi\u00f3n Administrativa N\u00b0 450\/20, art\u00edculo 1\u00b0, inciso 8.<\/p>\n\n\n\n<p>27. Prestaciones profesionales a domicilio destinadas a personas con discapacidad.<\/p>\n\n\n\n<p>28. Establecimientos para la atenci\u00f3n de personas v\u00edctimas de violencia de g\u00e9nero. Guardias m\u00e9dicas y odontol\u00f3gicas. Atenci\u00f3n m\u00e9dica y odontol\u00f3gica programada con sistema de turno previo. Laboratorios de an\u00e1lisis cl\u00ednicos y centros de diagn\u00f3stico por imagen, con sistema de turno previo.<\/p>\n\n\n\n<p>29. Traslado de ni\u00f1os, ni\u00f1as y adolescentes para vinculaci\u00f3n familiar, en los t\u00e9rminos de la Decisi\u00f3n Administrativa N\u00b0 703\/20.<\/p>\n\n\n\n<p>30. Personal de la ANSES en los t\u00e9rminos de la Decisi\u00f3n Administrativa N\u00b0 810\/20, art\u00edculo 2\u00b0, inciso 1. Personal de aduanas.<\/p>\n\n\n\n<p>31. Personas que deban concurrir a vacunarse con su acompa\u00f1ante, si fuere necesario.<\/p>\n\n\n\n<p>Todas las personas exceptuadas conforme este art\u00edculo deber\u00e1n portar el \u201cCertificado \u00danico Habilitante para Circulaci\u00f3n &#8211; Emergencia COVID-19\u201d que las habilite a circular y, en su caso, al uso de transporte p\u00fablico. Los desplazamientos de las personas exceptuadas deber\u00e1n limitarse al estricto cumplimiento de la actividad autorizada.<\/p>\n\n\n\n<p>En su art\u00edculo N\u00ba5, el decreto hace referencia a otras excepciones para circular, sin uso de transporte p\u00fablico.<\/p>\n\n\n\n<p>Quedan exceptuadas de las restricciones, sin autorizaci\u00f3n para el uso del transporte p\u00fablico de pasajeros, las personas que realizan las siguientes actividades y servicios, o se encuentran en las situaciones previstas en los siguientes incisos:<\/p>\n\n\n\n<p>1.Industrias que se realicen bajo procesos continuos cuya interrupci\u00f3n implique da\u00f1os estructurales en las l\u00edneas de producci\u00f3n y\/o maquinarias.<\/p>\n\n\n\n<p>2. Retiro de alimentos en locales gastron\u00f3micos de cercan\u00eda.<\/p>\n\n\n\n<p>3. Producci\u00f3n y distribuci\u00f3n de biocombustibles.<\/p>\n\n\n\n<p>4.Exploraci\u00f3n, prospecci\u00f3n, producci\u00f3n, transformaci\u00f3n y comercializaci\u00f3n de combustible nuclear, en los t\u00e9rminos de la Decisi\u00f3n Administrativa N\u00b0 450\/20.<\/p>\n\n\n\n<p>5. Servicios esenciales de sanitizaci\u00f3n, mantenimiento, fumigaciones y manejo integrado de plagas. Actividades vinculadas con la producci\u00f3n, distribuci\u00f3n y comercializaci\u00f3n forestal y minera. Actividades vinculadas a la protecci\u00f3n ambiental minera.<\/p>\n\n\n\n<p>6. Talleres para mantenimiento y reparaci\u00f3n de automotores y motocicletas exclusivamente para transporte p\u00fablico, veh\u00edculos de las fuerzas de seguridad y FFAA, veh\u00edculos afectados a las prestaciones de salud y al personal con autorizaci\u00f3n para circular, conforme la normativa vigente. Talleres para mantenimiento y reparaci\u00f3n de bicicletas.<\/p>\n\n\n\n<p>7. Ventas de repuestos, partes y piezas para automotores, motocicletas y bicicletas, \u00fanicamente bajo la modalidad de entrega puerta a puerta.<\/p>\n\n\n\n<p>8. Establecimientos que desarrollen actividades de cobranza de servicios e impuestos.<\/p>\n\n\n\n<p>9. Personas que deban trasladarse para realizar viajes al exterior.<\/p>\n\n\n\n<p>10. Venta de mercader\u00eda ya elaborada de comercios minoristas a trav\u00e9s de plataformas de comercio electr\u00f3nico, venta telef\u00f3nica y otros mecanismos que no requieran contacto personal con clientes y \u00fanicamente mediante la modalidad de entrega a domicilio o retiro. En ning\u00fan caso podr\u00e1n abrir sus puertas al p\u00fablico. Todo ello conforme la Decisi\u00f3n Administrativa N\u00b0 524\/20.<\/p>\n\n\n\n<p>11. Industrias que realicen producci\u00f3n para la exportaci\u00f3n. El Jefe de Gabinete de Ministros, en su car\u00e1cter de Coordinador de la \u201cUnidad de Coordinaci\u00f3n General del Plan Integral para la Prevenci\u00f3n de Eventos de Salud P\u00fablica de Importancia Internacional\u201d podr\u00e1 ampliar o restringir las excepciones dispuestas en este art\u00edculo.<\/p>\n\n\n\n<p>Todas las personas exceptuadas conforme este art\u00edculo, deber\u00e1n portar el \u201cCertificado \u00danico Habilitante para Circulaci\u00f3n &#8211; Emergencia COVID-19\u201d que las habilite a circular.<\/p>\n\n\n\n<figure class=\"wp-block-embed is-type-rich is-provider-scribd wp-block-embed-scribd wp-embed-aspect-9-16 wp-has-aspect-ratio\"><div class=\"wp-block-embed__wrapper\">\n<iframe loading=\"lazy\" title=\"DECRETO PRESIDENCIAL 21 DE MAYO\" class=\"scribd_iframe_embed\" src=\"https:\/\/www.scribd.com\/embeds\/508812239\/content\" data-aspect-ratio=\"0.7068965517241379\" scrolling=\"no\" id=\"508812239\" width=\"500\" height=\"750\" frameborder=\"0\"><\/iframe><script type=\"text\/javascript\">          (function() { var scribd = document.createElement(\"script\"); scribd.type = \"text\/javascript\"; scribd.async = true; scribd.src = \"https:\/\/www.scribd.com\/javascripts\/embed_code\/inject.js\"; var s = document.getElementsByTagName(\"script\")[0]; s.parentNode.insertBefore(scribd, s); })()        <\/script>\n<\/div><\/figure>\n","protected":false},"excerpt":{"rendered":"<p>El Gobierno public\u00f3 el nuevo Decreto de Necesidad y Urgencia (DNU) (DECNU-2021-334-APN-PTE) con restricciones a la circulaci\u00f3n y suspensi\u00f3n de&hellip;<\/p>\n","protected":false},"author":1,"featured_media":8303,"comment_status":"closed","ping_status":"closed","sticky":false,"template":"","format":"standard","meta":{"_joinchat":[],"footnotes":""},"categories":[65,69,352],"tags":[345],"class_list":["post-8315","post","type-post","status-publish","format-standard","has-post-thumbnail","hentry","category-destacados","category-noticias","category-salud","tag-destacar"],"yoast_head":"<!-- This site is optimized with the Yoast SEO plugin v25.1 - https:\/\/yoast.com\/wordpress\/plugins\/seo\/ -->\n<title>EL GOBIERNO NACIONAL PUBLIC\u00d3 EL DNU CON LAS RESTRICCIONES DISPUESTAS - Del \u00c9xodo Nogoy\u00e1<\/title>\n<meta name=\"robots\" content=\"index, follow, max-snippet:-1, max-image-preview:large, max-video-preview:-1\" \/>\n<link rel=\"canonical\" href=\"https:\/\/www.delexodo.com.ar\/?p=8315\" \/>\n<meta property=\"og:locale\" content=\"es_ES\" \/>\n<meta property=\"og:type\" content=\"article\" \/>\n<meta property=\"og:title\" content=\"EL GOBIERNO NACIONAL PUBLIC\u00d3 EL DNU CON LAS RESTRICCIONES DISPUESTAS - Del \u00c9xodo Nogoy\u00e1\" \/>\n<meta property=\"og:description\" content=\"El Gobierno public\u00f3 el nuevo Decreto de Necesidad y Urgencia (DNU) (DECNU-2021-334-APN-PTE) con restricciones a la circulaci\u00f3n y suspensi\u00f3n de&hellip;\" \/>\n<meta property=\"og:url\" content=\"https:\/\/www.delexodo.com.ar\/?p=8315\" \/>\n<meta property=\"og:site_name\" content=\"Del \u00c9xodo Nogoy\u00e1\" \/>\n<meta property=\"article:published_time\" content=\"2021-05-22T01:21:08+00:00\" \/>\n<meta property=\"article:modified_time\" content=\"2021-05-22T01:21:09+00:00\" \/>\n<meta property=\"og:image\" content=\"https:\/\/www.delexodo.com.ar\/wp-content\/uploads\/2021\/05\/A-FERNANDEZ.jpg\" \/>\n\t<meta property=\"og:image:width\" content=\"1366\" \/>\n\t<meta property=\"og:image:height\" content=\"768\" \/>\n\t<meta property=\"og:image:type\" content=\"image\/jpeg\" \/>\n<meta name=\"author\" content=\"admin\" \/>\n<meta name=\"twitter:card\" content=\"summary_large_image\" \/>\n<meta name=\"twitter:label1\" content=\"Escrito por\" \/>\n\t<meta name=\"twitter:data1\" content=\"admin\" \/>\n\t<meta name=\"twitter:label2\" content=\"Tiempo de lectura\" \/>\n\t<meta name=\"twitter:data2\" content=\"6 minutos\" \/>\n<script type=\"application\/ld+json\" class=\"yoast-schema-graph\">{\"@context\":\"https:\/\/schema.org\",\"@graph\":[{\"@type\":\"Article\",\"@id\":\"https:\/\/www.delexodo.com.ar\/?p=8315#article\",\"isPartOf\":{\"@id\":\"https:\/\/www.delexodo.com.ar\/?p=8315\"},\"author\":{\"name\":\"admin\",\"@id\":\"https:\/\/www.delexodo.com.ar\/#\/schema\/person\/bbed37f7da8e938660b34f2013ba449d\"},\"headline\":\"EL GOBIERNO NACIONAL PUBLIC\u00d3 EL DNU CON LAS RESTRICCIONES DISPUESTAS\",\"datePublished\":\"2021-05-22T01:21:08+00:00\",\"dateModified\":\"2021-05-22T01:21:09+00:00\",\"mainEntityOfPage\":{\"@id\":\"https:\/\/www.delexodo.com.ar\/?p=8315\"},\"wordCount\":1268,\"publisher\":{\"@id\":\"https:\/\/www.delexodo.com.ar\/#organization\"},\"image\":{\"@id\":\"https:\/\/www.delexodo.com.ar\/?p=8315#primaryimage\"},\"thumbnailUrl\":\"https:\/\/www.delexodo.com.ar\/wp-content\/uploads\/2021\/05\/A-FERNANDEZ.jpg\",\"keywords\":[\"destacar\"],\"articleSection\":[\"Destacados\",\"NOTICIAS\",\"Salud\"],\"inLanguage\":\"es\"},{\"@type\":\"WebPage\",\"@id\":\"https:\/\/www.delexodo.com.ar\/?p=8315\",\"url\":\"https:\/\/www.delexodo.com.ar\/?p=8315\",\"name\":\"EL GOBIERNO NACIONAL PUBLIC\u00d3 EL DNU CON LAS RESTRICCIONES DISPUESTAS - Del \u00c9xodo Nogoy\u00e1\",\"isPartOf\":{\"@id\":\"https:\/\/www.delexodo.com.ar\/#website\"},\"primaryImageOfPage\":{\"@id\":\"https:\/\/www.delexodo.com.ar\/?p=8315#primaryimage\"},\"image\":{\"@id\":\"https:\/\/www.delexodo.com.ar\/?p=8315#primaryimage\"},\"thumbnailUrl\":\"https:\/\/www.delexodo.com.ar\/wp-content\/uploads\/2021\/05\/A-FERNANDEZ.jpg\",\"datePublished\":\"2021-05-22T01:21:08+00:00\",\"dateModified\":\"2021-05-22T01:21:09+00:00\",\"breadcrumb\":{\"@id\":\"https:\/\/www.delexodo.com.ar\/?p=8315#breadcrumb\"},\"inLanguage\":\"es\",\"potentialAction\":[{\"@type\":\"ReadAction\",\"target\":[\"https:\/\/www.delexodo.com.ar\/?p=8315\"]}]},{\"@type\":\"ImageObject\",\"inLanguage\":\"es\",\"@id\":\"https:\/\/www.delexodo.com.ar\/?p=8315#primaryimage\",\"url\":\"https:\/\/www.delexodo.com.ar\/wp-content\/uploads\/2021\/05\/A-FERNANDEZ.jpg\",\"contentUrl\":\"https:\/\/www.delexodo.com.ar\/wp-content\/uploads\/2021\/05\/A-FERNANDEZ.jpg\",\"width\":1366,\"height\":768},{\"@type\":\"BreadcrumbList\",\"@id\":\"https:\/\/www.delexodo.com.ar\/?p=8315#breadcrumb\",\"itemListElement\":[{\"@type\":\"ListItem\",\"position\":1,\"name\":\"Portada\",\"item\":\"https:\/\/www.delexodo.com.ar\/\"},{\"@type\":\"ListItem\",\"position\":2,\"name\":\"EL GOBIERNO NACIONAL PUBLIC\u00d3 EL DNU CON LAS RESTRICCIONES DISPUESTAS\"}]},{\"@type\":\"WebSite\",\"@id\":\"https:\/\/www.delexodo.com.ar\/#website\",\"url\":\"https:\/\/www.delexodo.com.ar\/\",\"name\":\"Del \u00c9xodo Nogoy\u00e1\",\"description\":\"El Portal de Noticias de la Regi\u00f3n\",\"publisher\":{\"@id\":\"https:\/\/www.delexodo.com.ar\/#organization\"},\"potentialAction\":[{\"@type\":\"SearchAction\",\"target\":{\"@type\":\"EntryPoint\",\"urlTemplate\":\"https:\/\/www.delexodo.com.ar\/?s={search_term_string}\"},\"query-input\":{\"@type\":\"PropertyValueSpecification\",\"valueRequired\":true,\"valueName\":\"search_term_string\"}}],\"inLanguage\":\"es\"},{\"@type\":\"Organization\",\"@id\":\"https:\/\/www.delexodo.com.ar\/#organization\",\"name\":\"Del \u00c9xodo Nogoy\u00e1\",\"url\":\"https:\/\/www.delexodo.com.ar\/\",\"logo\":{\"@type\":\"ImageObject\",\"inLanguage\":\"es\",\"@id\":\"https:\/\/www.delexodo.com.ar\/#\/schema\/logo\/image\/\",\"url\":\"https:\/\/www.delexodo.com.ar\/wp-content\/uploads\/2024\/10\/cropped-cropped-LOGO24.png\",\"contentUrl\":\"https:\/\/www.delexodo.com.ar\/wp-content\/uploads\/2024\/10\/cropped-cropped-LOGO24.png\",\"width\":512,\"height\":349,\"caption\":\"Del \u00c9xodo Nogoy\u00e1\"},\"image\":{\"@id\":\"https:\/\/www.delexodo.com.ar\/#\/schema\/logo\/image\/\"}},{\"@type\":\"Person\",\"@id\":\"https:\/\/www.delexodo.com.ar\/#\/schema\/person\/bbed37f7da8e938660b34f2013ba449d\",\"name\":\"admin\",\"image\":{\"@type\":\"ImageObject\",\"inLanguage\":\"es\",\"@id\":\"https:\/\/www.delexodo.com.ar\/#\/schema\/person\/image\/\",\"url\":\"https:\/\/secure.gravatar.com\/avatar\/6b1558d1b6df085f1901bd5bd98523d7?s=96&d=mm&r=g\",\"contentUrl\":\"https:\/\/secure.gravatar.com\/avatar\/6b1558d1b6df085f1901bd5bd98523d7?s=96&d=mm&r=g\",\"caption\":\"admin\"},\"url\":\"https:\/\/www.delexodo.com.ar\/?author=1\"}]}<\/script>\n<!-- \/ Yoast SEO plugin. -->","yoast_head_json":{"title":"EL GOBIERNO NACIONAL PUBLIC\u00d3 EL DNU CON LAS RESTRICCIONES DISPUESTAS - Del \u00c9xodo Nogoy\u00e1","robots":{"index":"index","follow":"follow","max-snippet":"max-snippet:-1","max-image-preview":"max-image-preview:large","max-video-preview":"max-video-preview:-1"},"canonical":"https:\/\/www.delexodo.com.ar\/?p=8315","og_locale":"es_ES","og_type":"article","og_title":"EL GOBIERNO NACIONAL PUBLIC\u00d3 EL DNU CON LAS RESTRICCIONES DISPUESTAS - Del \u00c9xodo Nogoy\u00e1","og_description":"El Gobierno public\u00f3 el nuevo Decreto de Necesidad y Urgencia (DNU) (DECNU-2021-334-APN-PTE) con restricciones a la circulaci\u00f3n y suspensi\u00f3n de&hellip;","og_url":"https:\/\/www.delexodo.com.ar\/?p=8315","og_site_name":"Del \u00c9xodo Nogoy\u00e1","article_published_time":"2021-05-22T01:21:08+00:00","article_modified_time":"2021-05-22T01:21:09+00:00","og_image":[{"width":1366,"height":768,"url":"https:\/\/www.delexodo.com.ar\/wp-content\/uploads\/2021\/05\/A-FERNANDEZ.jpg","type":"image\/jpeg"}],"author":"admin","twitter_card":"summary_large_image","twitter_misc":{"Escrito por":"admin","Tiempo de lectura":"6 minutos"},"schema":{"@context":"https:\/\/schema.org","@graph":[{"@type":"Article","@id":"https:\/\/www.delexodo.com.ar\/?p=8315#article","isPartOf":{"@id":"https:\/\/www.delexodo.com.ar\/?p=8315"},"author":{"name":"admin","@id":"https:\/\/www.delexodo.com.ar\/#\/schema\/person\/bbed37f7da8e938660b34f2013ba449d"},"headline":"EL GOBIERNO NACIONAL PUBLIC\u00d3 EL DNU CON LAS RESTRICCIONES DISPUESTAS","datePublished":"2021-05-22T01:21:08+00:00","dateModified":"2021-05-22T01:21:09+00:00","mainEntityOfPage":{"@id":"https:\/\/www.delexodo.com.ar\/?p=8315"},"wordCount":1268,"publisher":{"@id":"https:\/\/www.delexodo.com.ar\/#organization"},"image":{"@id":"https:\/\/www.delexodo.com.ar\/?p=8315#primaryimage"},"thumbnailUrl":"https:\/\/www.delexodo.com.ar\/wp-content\/uploads\/2021\/05\/A-FERNANDEZ.jpg","keywords":["destacar"],"articleSection":["Destacados","NOTICIAS","Salud"],"inLanguage":"es"},{"@type":"WebPage","@id":"https:\/\/www.delexodo.com.ar\/?p=8315","url":"https:\/\/www.delexodo.com.ar\/?p=8315","name":"EL GOBIERNO NACIONAL PUBLIC\u00d3 EL DNU CON LAS RESTRICCIONES DISPUESTAS - Del \u00c9xodo Nogoy\u00e1","isPartOf":{"@id":"https:\/\/www.delexodo.com.ar\/#website"},"primaryImageOfPage":{"@id":"https:\/\/www.delexodo.com.ar\/?p=8315#primaryimage"},"image":{"@id":"https:\/\/www.delexodo.com.ar\/?p=8315#primaryimage"},"thumbnailUrl":"https:\/\/www.delexodo.com.ar\/wp-content\/uploads\/2021\/05\/A-FERNANDEZ.jpg","datePublished":"2021-05-22T01:21:08+00:00","dateModified":"2021-05-22T01:21:09+00:00","breadcrumb":{"@id":"https:\/\/www.delexodo.com.ar\/?p=8315#breadcrumb"},"inLanguage":"es","potentialAction":[{"@type":"ReadAction","target":["https:\/\/www.delexodo.com.ar\/?p=8315"]}]},{"@type":"ImageObject","inLanguage":"es","@id":"https:\/\/www.delexodo.com.ar\/?p=8315#primaryimage","url":"https:\/\/www.delexodo.com.ar\/wp-content\/uploads\/2021\/05\/A-FERNANDEZ.jpg","contentUrl":"https:\/\/www.delexodo.com.ar\/wp-content\/uploads\/2021\/05\/A-FERNANDEZ.jpg","width":1366,"height":768},{"@type":"BreadcrumbList","@id":"https:\/\/www.delexodo.com.ar\/?p=8315#breadcrumb","itemListElement":[{"@type":"ListItem","position":1,"name":"Portada","item":"https:\/\/www.delexodo.com.ar\/"},{"@type":"ListItem","position":2,"name":"EL GOBIERNO NACIONAL PUBLIC\u00d3 EL DNU CON LAS RESTRICCIONES DISPUESTAS"}]},{"@type":"WebSite","@id":"https:\/\/www.delexodo.com.ar\/#website","url":"https:\/\/www.delexodo.com.ar\/","name":"Del \u00c9xodo Nogoy\u00e1","description":"El Portal de Noticias de la Regi\u00f3n","publisher":{"@id":"https:\/\/www.delexodo.com.ar\/#organization"},"potentialAction":[{"@type":"SearchAction","target":{"@type":"EntryPoint","urlTemplate":"https:\/\/www.delexodo.com.ar\/?s={search_term_string}"},"query-input":{"@type":"PropertyValueSpecification","valueRequired":true,"valueName":"search_term_string"}}],"inLanguage":"es"},{"@type":"Organization","@id":"https:\/\/www.delexodo.com.ar\/#organization","name":"Del \u00c9xodo Nogoy\u00e1","url":"https:\/\/www.delexodo.com.ar\/","logo":{"@type":"ImageObject","inLanguage":"es","@id":"https:\/\/www.delexodo.com.ar\/#\/schema\/logo\/image\/","url":"https:\/\/www.delexodo.com.ar\/wp-content\/uploads\/2024\/10\/cropped-cropped-LOGO24.png","contentUrl":"https:\/\/www.delexodo.com.ar\/wp-content\/uploads\/2024\/10\/cropped-cropped-LOGO24.png","width":512,"height":349,"caption":"Del \u00c9xodo Nogoy\u00e1"},"image":{"@id":"https:\/\/www.delexodo.com.ar\/#\/schema\/logo\/image\/"}},{"@type":"Person","@id":"https:\/\/www.delexodo.com.ar\/#\/schema\/person\/bbed37f7da8e938660b34f2013ba449d","name":"admin","image":{"@type":"ImageObject","inLanguage":"es","@id":"https:\/\/www.delexodo.com.ar\/#\/schema\/person\/image\/","url":"https:\/\/secure.gravatar.com\/avatar\/6b1558d1b6df085f1901bd5bd98523d7?s=96&d=mm&r=g","contentUrl":"https:\/\/secure.gravatar.com\/avatar\/6b1558d1b6df085f1901bd5bd98523d7?s=96&d=mm&r=g","caption":"admin"},"url":"https:\/\/www.delexodo.com.ar\/?author=1"}]}},"_links":{"self":[{"href":"https:\/\/www.delexodo.com.ar\/index.php?rest_route=\/wp\/v2\/posts\/8315","targetHints":{"allow":["GET"]}}],"collection":[{"href":"https:\/\/www.delexodo.com.ar\/index.php?rest_route=\/wp\/v2\/posts"}],"about":[{"href":"https:\/\/www.delexodo.com.ar\/index.php?rest_route=\/wp\/v2\/types\/post"}],"author":[{"embeddable":true,"href":"https:\/\/www.delexodo.com.ar\/index.php?rest_route=\/wp\/v2\/users\/1"}],"replies":[{"embeddable":true,"href":"https:\/\/www.delexodo.com.ar\/index.php?rest_route=%2Fwp%2Fv2%2Fcomments&post=8315"}],"version-history":[{"count":0,"href":"https:\/\/www.delexodo.com.ar\/index.php?rest_route=\/wp\/v2\/posts\/8315\/revisions"}],"wp:featuredmedia":[{"embeddable":true,"href":"https:\/\/www.delexodo.com.ar\/index.php?rest_route=\/wp\/v2\/media\/8303"}],"wp:attachment":[{"href":"https:\/\/www.delexodo.com.ar\/index.php?rest_route=%2Fwp%2Fv2%2Fmedia&parent=8315"}],"wp:term":[{"taxonomy":"category","embeddable":true,"href":"https:\/\/www.delexodo.com.ar\/index.php?rest_route=%2Fwp%2Fv2%2Fcategories&post=8315"},{"taxonomy":"post_tag","embeddable":true,"href":"https:\/\/www.delexodo.com.ar\/index.php?rest_route=%2Fwp%2Fv2%2Ftags&post=8315"}],"curies":[{"name":"wp","href":"https:\/\/api.w.org\/{rel}","templated":true}]}}