{"id":8309,"date":"2021-05-21T22:07:08","date_gmt":"2021-05-22T01:07:08","guid":{"rendered":"http:\/\/www.delexodo.com.ar\/?p=8309"},"modified":"2021-05-21T22:07:09","modified_gmt":"2021-05-22T01:07:09","slug":"cooperativa-apicola-la-colmena-con-la-cultura-organizacional-de-las-abejas","status":"publish","type":"post","link":"https:\/\/www.delexodo.com.ar\/?p=8309","title":{"rendered":"COOPERATIVA APICOLA \u00abLA COLMENA\u00bb: CON LA CULTURA ORGANIZACIONAL DE LAS ABEJAS"},"content":{"rendered":"\n<p>Las abejas llevan a cabo la tarea en provecho \u00edntegro de la comunidad, jam\u00e1s en favor individual. Conocen sus metas, ordenan sus procesos productivos y\u00a0<strong>cooperan<\/strong>\u00a0con todas sus fuerzas para el logro de los objetivos que se imponen, indudablemente desde la Cooperativa \u00abLa Colmena\u00bb entendieron claramente como se deben desarrollar para crecer y permanecer.<\/p>\n\n\n\n<p>Fundada en el 2005, la <strong>Cooperativa Ap\u00edcola \u00abLa Colmena\u00bb Ltda.<\/strong> de la ciudad de <strong>Nogoy\u00e1<\/strong>, sigue creciendo y en la semana de la miel hicimos una recorrida por las instalaciones para conocer su funcionamiento y el franco crecimiento que viene desarrollando.<\/p>\n\n\n\n<figure class=\"wp-block-embed is-type-video is-provider-youtube wp-block-embed-youtube wp-embed-aspect-16-9 wp-has-aspect-ratio\"><div class=\"wp-block-embed__wrapper\">\n<iframe loading=\"lazy\" title=\"#ENTREVISTAS - COOPERATIVA APICOLA LA COLMENA LTDA.\" width=\"500\" height=\"281\" src=\"https:\/\/www.youtube.com\/embed\/JM4V9ZO-3tM?start=434&#038;feature=oembed\" frameborder=\"0\" allow=\"accelerometer; autoplay; clipboard-write; encrypted-media; gyroscope; picture-in-picture; web-share\" referrerpolicy=\"strict-origin-when-cross-origin\" allowfullscreen><\/iframe>\n<\/div><\/figure>\n\n\n\n<p>Acompa\u00f1ados por su presidente, el contador Jos\u00e9 Perell\u00f3 qui\u00e9n ofici\u00f3 de gu\u00eda para darnos un pormenorizado recorrido y funcionamiento de la cooperativa.<\/p>\n\n\n\n<div class=\"wp-block-image\"><figure class=\"alignright size-large is-resized\"><img loading=\"lazy\" decoding=\"async\" src=\"https:\/\/www.delexodo.com.ar\/wp-content\/uploads\/2021\/05\/LA-COLMENA-DESCARGA.jpg\" alt=\"\" class=\"wp-image-8312\" width=\"317\" height=\"176\" srcset=\"https:\/\/www.delexodo.com.ar\/wp-content\/uploads\/2021\/05\/LA-COLMENA-DESCARGA.jpg 716w, https:\/\/www.delexodo.com.ar\/wp-content\/uploads\/2021\/05\/LA-COLMENA-DESCARGA-300x167.jpg 300w\" sizes=\"auto, (max-width: 317px) 100vw, 317px\" \/><\/figure><\/div>\n\n\n\n<p><em>\u201cActualmente estamos haciendo una sala de 50 metros cuadrados, donde instalaremos una carpinter\u00eda para construir nuestros propios materiales, ya sean pisos, techos y asas, como as\u00ed tambi\u00e9n instalaremos una limpiadora de cuadros para evitar que nuestros productores se trasladen a otras ciudades para acceder a este servicio\u201d<\/em> comenz\u00f3 relatando Perell\u00f3 y continu\u00f3, \u201ca<em> partir del mes de junio, la limpiadora ya estar\u00e1 instalada para prestar servicios a asociados de la cooperativa y a otros productores tambi\u00e9n\u201d.<\/em><\/p>\n\n\n\n<p>La cooperativa actualmente cuenta con 45 socios, entre el departamento Nogoy\u00e1 y otros de la zona de Victoria que se est\u00e1n acercando ya que ellos no cuentan con una cooperativa que los nuclee.<\/p>\n\n\n\n<div class=\"wp-block-image\"><figure class=\"alignleft size-large is-resized\"><img decoding=\"async\" src=\"https:\/\/www.delexodo.com.ar\/wp-content\/uploads\/2021\/05\/LA-COLMENA-EXTRACCION-1024x578.jpg\" alt=\"\" class=\"wp-image-8310\" width=\"-200\" height=\"-113\" srcset=\"https:\/\/www.delexodo.com.ar\/wp-content\/uploads\/2021\/05\/LA-COLMENA-EXTRACCION-1024x578.jpg 1024w, https:\/\/www.delexodo.com.ar\/wp-content\/uploads\/2021\/05\/LA-COLMENA-EXTRACCION-300x169.jpg 300w, https:\/\/www.delexodo.com.ar\/wp-content\/uploads\/2021\/05\/LA-COLMENA-EXTRACCION-768x433.jpg 768w, https:\/\/www.delexodo.com.ar\/wp-content\/uploads\/2021\/05\/LA-COLMENA-EXTRACCION.jpg 1354w\" sizes=\"(max-width: 1024px) 100vw, 1024px\" \/><\/figure><\/div>\n\n\n\n<p><em>\u201cDe a poco vamos agregando estructura que sea \u00fatil en el tiempo, con los elementos de seguridad requeridos por SENASA y por la Secretar\u00eda de Producci\u00f3n de la provincia. Justamente, funcionarios del \u00faltimo organismos estuvieron d\u00edas atr\u00e1s y quedaron muy conformes con los avances logrados, corroborando que las instalaciones se est\u00e1n adecuando acorde a los reglamentos vigentes del mercado internacional\u201d.<\/em><\/p>\n\n\n\n<p>Perell\u00f3 cont\u00f3 que en la pandemia se tuvo que alterar un poco el funcionamiento institucional, a pesar de que las abejas continuaron con su trabajo<em>. \u201cSuspendimos las reuniones mensuales que estaban establecidas por estatuto, solo hicimos una durante el a\u00f1o. Pero el Consejo de la Administraci\u00f3n contin\u00faa reuni\u00e9ndose porque son pocas personas\u201d <\/em>manifest\u00f3<em>.<\/em><\/p>\n\n\n\n<div class=\"wp-block-image\"><figure class=\"alignright size-large is-resized\"><img loading=\"lazy\" decoding=\"async\" src=\"https:\/\/www.delexodo.com.ar\/wp-content\/uploads\/2021\/05\/LA-COLMENA-INTERIOR.jpg\" alt=\"\" class=\"wp-image-8311\" width=\"345\" height=\"258\" srcset=\"https:\/\/www.delexodo.com.ar\/wp-content\/uploads\/2021\/05\/LA-COLMENA-INTERIOR.jpg 536w, https:\/\/www.delexodo.com.ar\/wp-content\/uploads\/2021\/05\/LA-COLMENA-INTERIOR-300x224.jpg 300w\" sizes=\"auto, (max-width: 345px) 100vw, 345px\" \/><\/figure><\/div>\n\n\n\n<p><em>\u201cEstos logros se dan gracias a los dividendos de la venta de miel, eso ha permitido que a\u00f1o tras a\u00f1o tengamos un importe apto para inversiones y obras. Contamos con una galer\u00eda cerrada para que el veh\u00edculo ingrese a descargar su miel, tambi\u00e9n una sala de reserva que espera a la sala de extracci\u00f3n y ahora en este \u00faltimo tiempo comenzamos con la sala nueva para la carpinter\u00eda y maquinaria de limpieza\u201d.<\/em><\/p>\n","protected":false},"excerpt":{"rendered":"<p>Las abejas llevan a cabo la tarea en provecho \u00edntegro de la comunidad, jam\u00e1s en favor individual. Conocen sus metas,&hellip;<\/p>\n","protected":false},"author":1,"featured_media":8313,"comment_status":"closed","ping_status":"closed","sticky":false,"template":"","format":"standard","meta":{"_joinchat":[],"footnotes":""},"categories":[65,1,69],"tags":[],"class_list":["post-8309","post","type-post","status-publish","format-standard","has-post-thumbnail","hentry","category-destacados","category-sincategoria","category-noticias"],"yoast_head":"<!-- This site is optimized with the Yoast SEO plugin v25.1 - https:\/\/yoast.com\/wordpress\/plugins\/seo\/ -->\n<title>COOPERATIVA APICOLA &quot;LA COLMENA&quot;: CON LA CULTURA ORGANIZACIONAL DE LAS ABEJAS - Del \u00c9xodo Nogoy\u00e1<\/title>\n<meta name=\"robots\" content=\"index, follow, max-snippet:-1, max-image-preview:large, max-video-preview:-1\" \/>\n<link rel=\"canonical\" href=\"https:\/\/www.delexodo.com.ar\/?p=8309\" \/>\n<meta property=\"og:locale\" content=\"es_ES\" \/>\n<meta property=\"og:type\" content=\"article\" \/>\n<meta property=\"og:title\" content=\"COOPERATIVA APICOLA &quot;LA COLMENA&quot;: CON LA CULTURA ORGANIZACIONAL DE LAS ABEJAS - Del \u00c9xodo Nogoy\u00e1\" \/>\n<meta property=\"og:description\" content=\"Las abejas llevan a cabo la tarea en provecho \u00edntegro de la comunidad, jam\u00e1s en favor individual. Conocen sus metas,&hellip;\" \/>\n<meta property=\"og:url\" content=\"https:\/\/www.delexodo.com.ar\/?p=8309\" \/>\n<meta property=\"og:site_name\" content=\"Del \u00c9xodo Nogoy\u00e1\" \/>\n<meta property=\"article:published_time\" content=\"2021-05-22T01:07:08+00:00\" \/>\n<meta property=\"article:modified_time\" content=\"2021-05-22T01:07:09+00:00\" \/>\n<meta property=\"og:image\" content=\"https:\/\/www.delexodo.com.ar\/wp-content\/uploads\/2021\/05\/LA-COLMENA-PORTON.jpg\" \/>\n\t<meta property=\"og:image:width\" content=\"980\" \/>\n\t<meta property=\"og:image:height\" content=\"509\" \/>\n\t<meta property=\"og:image:type\" content=\"image\/jpeg\" \/>\n<meta name=\"author\" content=\"admin\" \/>\n<meta name=\"twitter:card\" content=\"summary_large_image\" \/>\n<meta name=\"twitter:label1\" content=\"Escrito por\" \/>\n\t<meta name=\"twitter:data1\" content=\"admin\" \/>\n\t<meta name=\"twitter:label2\" content=\"Tiempo de lectura\" \/>\n\t<meta name=\"twitter:data2\" content=\"2 minutos\" \/>\n<script type=\"application\/ld+json\" class=\"yoast-schema-graph\">{\"@context\":\"https:\/\/schema.org\",\"@graph\":[{\"@type\":\"Article\",\"@id\":\"https:\/\/www.delexodo.com.ar\/?p=8309#article\",\"isPartOf\":{\"@id\":\"https:\/\/www.delexodo.com.ar\/?p=8309\"},\"author\":{\"name\":\"admin\",\"@id\":\"https:\/\/www.delexodo.com.ar\/#\/schema\/person\/bbed37f7da8e938660b34f2013ba449d\"},\"headline\":\"COOPERATIVA APICOLA \u00abLA COLMENA\u00bb: CON LA CULTURA ORGANIZACIONAL DE LAS ABEJAS\",\"datePublished\":\"2021-05-22T01:07:08+00:00\",\"dateModified\":\"2021-05-22T01:07:09+00:00\",\"mainEntityOfPage\":{\"@id\":\"https:\/\/www.delexodo.com.ar\/?p=8309\"},\"wordCount\":458,\"publisher\":{\"@id\":\"https:\/\/www.delexodo.com.ar\/#organization\"},\"image\":{\"@id\":\"https:\/\/www.delexodo.com.ar\/?p=8309#primaryimage\"},\"thumbnailUrl\":\"https:\/\/www.delexodo.com.ar\/wp-content\/uploads\/2021\/05\/LA-COLMENA-PORTON.jpg\",\"articleSection\":[\"Destacados\",\"Nogoya\",\"NOTICIAS\"],\"inLanguage\":\"es\"},{\"@type\":\"WebPage\",\"@id\":\"https:\/\/www.delexodo.com.ar\/?p=8309\",\"url\":\"https:\/\/www.delexodo.com.ar\/?p=8309\",\"name\":\"COOPERATIVA APICOLA \\\"LA COLMENA\\\": CON LA CULTURA ORGANIZACIONAL DE LAS ABEJAS - Del \u00c9xodo Nogoy\u00e1\",\"isPartOf\":{\"@id\":\"https:\/\/www.delexodo.com.ar\/#website\"},\"primaryImageOfPage\":{\"@id\":\"https:\/\/www.delexodo.com.ar\/?p=8309#primaryimage\"},\"image\":{\"@id\":\"https:\/\/www.delexodo.com.ar\/?p=8309#primaryimage\"},\"thumbnailUrl\":\"https:\/\/www.delexodo.com.ar\/wp-content\/uploads\/2021\/05\/LA-COLMENA-PORTON.jpg\",\"datePublished\":\"2021-05-22T01:07:08+00:00\",\"dateModified\":\"2021-05-22T01:07:09+00:00\",\"breadcrumb\":{\"@id\":\"https:\/\/www.delexodo.com.ar\/?p=8309#breadcrumb\"},\"inLanguage\":\"es\",\"potentialAction\":[{\"@type\":\"ReadAction\",\"target\":[\"https:\/\/www.delexodo.com.ar\/?p=8309\"]}]},{\"@type\":\"ImageObject\",\"inLanguage\":\"es\",\"@id\":\"https:\/\/www.delexodo.com.ar\/?p=8309#primaryimage\",\"url\":\"https:\/\/www.delexodo.com.ar\/wp-content\/uploads\/2021\/05\/LA-COLMENA-PORTON.jpg\",\"contentUrl\":\"https:\/\/www.delexodo.com.ar\/wp-content\/uploads\/2021\/05\/LA-COLMENA-PORTON.jpg\",\"width\":980,\"height\":509},{\"@type\":\"BreadcrumbList\",\"@id\":\"https:\/\/www.delexodo.com.ar\/?p=8309#breadcrumb\",\"itemListElement\":[{\"@type\":\"ListItem\",\"position\":1,\"name\":\"Portada\",\"item\":\"https:\/\/www.delexodo.com.ar\/\"},{\"@type\":\"ListItem\",\"position\":2,\"name\":\"COOPERATIVA APICOLA \u00abLA COLMENA\u00bb: CON LA CULTURA ORGANIZACIONAL DE LAS ABEJAS\"}]},{\"@type\":\"WebSite\",\"@id\":\"https:\/\/www.delexodo.com.ar\/#website\",\"url\":\"https:\/\/www.delexodo.com.ar\/\",\"name\":\"Del \u00c9xodo Nogoy\u00e1\",\"description\":\"El Portal de Noticias de la Regi\u00f3n\",\"publisher\":{\"@id\":\"https:\/\/www.delexodo.com.ar\/#organization\"},\"potentialAction\":[{\"@type\":\"SearchAction\",\"target\":{\"@type\":\"EntryPoint\",\"urlTemplate\":\"https:\/\/www.delexodo.com.ar\/?s={search_term_string}\"},\"query-input\":{\"@type\":\"PropertyValueSpecification\",\"valueRequired\":true,\"valueName\":\"search_term_string\"}}],\"inLanguage\":\"es\"},{\"@type\":\"Organization\",\"@id\":\"https:\/\/www.delexodo.com.ar\/#organization\",\"name\":\"Del \u00c9xodo Nogoy\u00e1\",\"url\":\"https:\/\/www.delexodo.com.ar\/\",\"logo\":{\"@type\":\"ImageObject\",\"inLanguage\":\"es\",\"@id\":\"https:\/\/www.delexodo.com.ar\/#\/schema\/logo\/image\/\",\"url\":\"https:\/\/www.delexodo.com.ar\/wp-content\/uploads\/2024\/10\/cropped-cropped-LOGO24.png\",\"contentUrl\":\"https:\/\/www.delexodo.com.ar\/wp-content\/uploads\/2024\/10\/cropped-cropped-LOGO24.png\",\"width\":512,\"height\":349,\"caption\":\"Del \u00c9xodo Nogoy\u00e1\"},\"image\":{\"@id\":\"https:\/\/www.delexodo.com.ar\/#\/schema\/logo\/image\/\"}},{\"@type\":\"Person\",\"@id\":\"https:\/\/www.delexodo.com.ar\/#\/schema\/person\/bbed37f7da8e938660b34f2013ba449d\",\"name\":\"admin\",\"image\":{\"@type\":\"ImageObject\",\"inLanguage\":\"es\",\"@id\":\"https:\/\/www.delexodo.com.ar\/#\/schema\/person\/image\/\",\"url\":\"https:\/\/secure.gravatar.com\/avatar\/6b1558d1b6df085f1901bd5bd98523d7?s=96&d=mm&r=g\",\"contentUrl\":\"https:\/\/secure.gravatar.com\/avatar\/6b1558d1b6df085f1901bd5bd98523d7?s=96&d=mm&r=g\",\"caption\":\"admin\"},\"url\":\"https:\/\/www.delexodo.com.ar\/?author=1\"}]}<\/script>\n<!-- \/ Yoast SEO plugin. -->","yoast_head_json":{"title":"COOPERATIVA APICOLA \"LA COLMENA\": CON LA CULTURA ORGANIZACIONAL DE LAS ABEJAS - Del \u00c9xodo Nogoy\u00e1","robots":{"index":"index","follow":"follow","max-snippet":"max-snippet:-1","max-image-preview":"max-image-preview:large","max-video-preview":"max-video-preview:-1"},"canonical":"https:\/\/www.delexodo.com.ar\/?p=8309","og_locale":"es_ES","og_type":"article","og_title":"COOPERATIVA APICOLA \"LA COLMENA\": CON LA CULTURA ORGANIZACIONAL DE LAS ABEJAS - Del \u00c9xodo Nogoy\u00e1","og_description":"Las abejas llevan a cabo la tarea en provecho \u00edntegro de la comunidad, jam\u00e1s en favor individual. Conocen sus metas,&hellip;","og_url":"https:\/\/www.delexodo.com.ar\/?p=8309","og_site_name":"Del \u00c9xodo Nogoy\u00e1","article_published_time":"2021-05-22T01:07:08+00:00","article_modified_time":"2021-05-22T01:07:09+00:00","og_image":[{"width":980,"height":509,"url":"https:\/\/www.delexodo.com.ar\/wp-content\/uploads\/2021\/05\/LA-COLMENA-PORTON.jpg","type":"image\/jpeg"}],"author":"admin","twitter_card":"summary_large_image","twitter_misc":{"Escrito por":"admin","Tiempo de lectura":"2 minutos"},"schema":{"@context":"https:\/\/schema.org","@graph":[{"@type":"Article","@id":"https:\/\/www.delexodo.com.ar\/?p=8309#article","isPartOf":{"@id":"https:\/\/www.delexodo.com.ar\/?p=8309"},"author":{"name":"admin","@id":"https:\/\/www.delexodo.com.ar\/#\/schema\/person\/bbed37f7da8e938660b34f2013ba449d"},"headline":"COOPERATIVA APICOLA \u00abLA COLMENA\u00bb: CON LA CULTURA ORGANIZACIONAL DE LAS ABEJAS","datePublished":"2021-05-22T01:07:08+00:00","dateModified":"2021-05-22T01:07:09+00:00","mainEntityOfPage":{"@id":"https:\/\/www.delexodo.com.ar\/?p=8309"},"wordCount":458,"publisher":{"@id":"https:\/\/www.delexodo.com.ar\/#organization"},"image":{"@id":"https:\/\/www.delexodo.com.ar\/?p=8309#primaryimage"},"thumbnailUrl":"https:\/\/www.delexodo.com.ar\/wp-content\/uploads\/2021\/05\/LA-COLMENA-PORTON.jpg","articleSection":["Destacados","Nogoya","NOTICIAS"],"inLanguage":"es"},{"@type":"WebPage","@id":"https:\/\/www.delexodo.com.ar\/?p=8309","url":"https:\/\/www.delexodo.com.ar\/?p=8309","name":"COOPERATIVA APICOLA \"LA COLMENA\": CON LA CULTURA ORGANIZACIONAL DE LAS ABEJAS - Del \u00c9xodo Nogoy\u00e1","isPartOf":{"@id":"https:\/\/www.delexodo.com.ar\/#website"},"primaryImageOfPage":{"@id":"https:\/\/www.delexodo.com.ar\/?p=8309#primaryimage"},"image":{"@id":"https:\/\/www.delexodo.com.ar\/?p=8309#primaryimage"},"thumbnailUrl":"https:\/\/www.delexodo.com.ar\/wp-content\/uploads\/2021\/05\/LA-COLMENA-PORTON.jpg","datePublished":"2021-05-22T01:07:08+00:00","dateModified":"2021-05-22T01:07:09+00:00","breadcrumb":{"@id":"https:\/\/www.delexodo.com.ar\/?p=8309#breadcrumb"},"inLanguage":"es","potentialAction":[{"@type":"ReadAction","target":["https:\/\/www.delexodo.com.ar\/?p=8309"]}]},{"@type":"ImageObject","inLanguage":"es","@id":"https:\/\/www.delexodo.com.ar\/?p=8309#primaryimage","url":"https:\/\/www.delexodo.com.ar\/wp-content\/uploads\/2021\/05\/LA-COLMENA-PORTON.jpg","contentUrl":"https:\/\/www.delexodo.com.ar\/wp-content\/uploads\/2021\/05\/LA-COLMENA-PORTON.jpg","width":980,"height":509},{"@type":"BreadcrumbList","@id":"https:\/\/www.delexodo.com.ar\/?p=8309#breadcrumb","itemListElement":[{"@type":"ListItem","position":1,"name":"Portada","item":"https:\/\/www.delexodo.com.ar\/"},{"@type":"ListItem","position":2,"name":"COOPERATIVA APICOLA \u00abLA COLMENA\u00bb: CON LA CULTURA ORGANIZACIONAL DE LAS ABEJAS"}]},{"@type":"WebSite","@id":"https:\/\/www.delexodo.com.ar\/#website","url":"https:\/\/www.delexodo.com.ar\/","name":"Del \u00c9xodo Nogoy\u00e1","description":"El Portal de Noticias de la Regi\u00f3n","publisher":{"@id":"https:\/\/www.delexodo.com.ar\/#organization"},"potentialAction":[{"@type":"SearchAction","target":{"@type":"EntryPoint","urlTemplate":"https:\/\/www.delexodo.com.ar\/?s={search_term_string}"},"query-input":{"@type":"PropertyValueSpecification","valueRequired":true,"valueName":"search_term_string"}}],"inLanguage":"es"},{"@type":"Organization","@id":"https:\/\/www.delexodo.com.ar\/#organization","name":"Del \u00c9xodo Nogoy\u00e1","url":"https:\/\/www.delexodo.com.ar\/","logo":{"@type":"ImageObject","inLanguage":"es","@id":"https:\/\/www.delexodo.com.ar\/#\/schema\/logo\/image\/","url":"https:\/\/www.delexodo.com.ar\/wp-content\/uploads\/2024\/10\/cropped-cropped-LOGO24.png","contentUrl":"https:\/\/www.delexodo.com.ar\/wp-content\/uploads\/2024\/10\/cropped-cropped-LOGO24.png","width":512,"height":349,"caption":"Del \u00c9xodo Nogoy\u00e1"},"image":{"@id":"https:\/\/www.delexodo.com.ar\/#\/schema\/logo\/image\/"}},{"@type":"Person","@id":"https:\/\/www.delexodo.com.ar\/#\/schema\/person\/bbed37f7da8e938660b34f2013ba449d","name":"admin","image":{"@type":"ImageObject","inLanguage":"es","@id":"https:\/\/www.delexodo.com.ar\/#\/schema\/person\/image\/","url":"https:\/\/secure.gravatar.com\/avatar\/6b1558d1b6df085f1901bd5bd98523d7?s=96&d=mm&r=g","contentUrl":"https:\/\/secure.gravatar.com\/avatar\/6b1558d1b6df085f1901bd5bd98523d7?s=96&d=mm&r=g","caption":"admin"},"url":"https:\/\/www.delexodo.com.ar\/?author=1"}]}},"_links":{"self":[{"href":"https:\/\/www.delexodo.com.ar\/index.php?rest_route=\/wp\/v2\/posts\/8309","targetHints":{"allow":["GET"]}}],"collection":[{"href":"https:\/\/www.delexodo.com.ar\/index.php?rest_route=\/wp\/v2\/posts"}],"about":[{"href":"https:\/\/www.delexodo.com.ar\/index.php?rest_route=\/wp\/v2\/types\/post"}],"author":[{"embeddable":true,"href":"https:\/\/www.delexodo.com.ar\/index.php?rest_route=\/wp\/v2\/users\/1"}],"replies":[{"embeddable":true,"href":"https:\/\/www.delexodo.com.ar\/index.php?rest_route=%2Fwp%2Fv2%2Fcomments&post=8309"}],"version-history":[{"count":0,"href":"https:\/\/www.delexodo.com.ar\/index.php?rest_route=\/wp\/v2\/posts\/8309\/revisions"}],"wp:featuredmedia":[{"embeddable":true,"href":"https:\/\/www.delexodo.com.ar\/index.php?rest_route=\/wp\/v2\/media\/8313"}],"wp:attachment":[{"href":"https:\/\/www.delexodo.com.ar\/index.php?rest_route=%2Fwp%2Fv2%2Fmedia&parent=8309"}],"wp:term":[{"taxonomy":"category","embeddable":true,"href":"https:\/\/www.delexodo.com.ar\/index.php?rest_route=%2Fwp%2Fv2%2Fcategories&post=8309"},{"taxonomy":"post_tag","embeddable":true,"href":"https:\/\/www.delexodo.com.ar\/index.php?rest_route=%2Fwp%2Fv2%2Ftags&post=8309"}],"curies":[{"name":"wp","href":"https:\/\/api.w.org\/{rel}","templated":true}]}}