{"id":8298,"date":"2021-05-20T21:47:25","date_gmt":"2021-05-21T00:47:25","guid":{"rendered":"http:\/\/www.delexodo.com.ar\/?p=8298"},"modified":"2021-05-20T21:47:26","modified_gmt":"2021-05-21T00:47:26","slug":"el-gobierno-ordeno-un-confinamiento-estricto-en-casi-todo-el-pais-hasta-el-30-de-mayo","status":"publish","type":"post","link":"https:\/\/www.delexodo.com.ar\/?p=8298","title":{"rendered":"EL GOBIERNO ORDEN\u00d3 UN CONFINAMIENTO ESTRICTO EN CASI TODO EL PA\u00cdS HASTA EL 30 DE MAYO"},"content":{"rendered":"\n<p>La medida regir\u00e1 desde <strong>este s\u00e1bado 22 de mayo a las 0 horas hasta el domingo 30 de mayo<\/strong> inclusive. Adem\u00e1s, <strong>el fin de semana del 5 y 6 de junio tambi\u00e9n<\/strong> habr\u00e1 cuarentena estricta<\/p>\n\n\n\n<figure class=\"wp-block-embed is-type-video is-provider-youtube wp-block-embed-youtube wp-embed-aspect-16-9 wp-has-aspect-ratio\"><div class=\"wp-block-embed__wrapper\">\n<iframe loading=\"lazy\" title=\"Coronavirus COVID-19 | Nuevas medidas - Anuncio del presidente Alberto Fern\u00e1ndez\" width=\"500\" height=\"281\" src=\"https:\/\/www.youtube.com\/embed\/AWBEWBHOnSE?feature=oembed\" frameborder=\"0\" allow=\"accelerometer; autoplay; clipboard-write; encrypted-media; gyroscope; picture-in-picture; web-share\" referrerpolicy=\"strict-origin-when-cross-origin\" allowfullscreen><\/iframe>\n<\/div><\/figure>\n\n\n\n<p>Alberto Fern\u00e1ndez anunci\u00f3 por cadena nacional que habr\u00e1 nueve d\u00edas de <strong>confinamiento estricto<\/strong> para todos los distritos del pa\u00eds que est\u00e9n en <strong>Alto Riesgo o Alarma epidemiol\u00f3gica<\/strong>. Esto comprende al AMBA y a m\u00e1s de 100 distritos de todas las provincias de la Argentina con excepci\u00f3n de La Rioja.<\/p>\n\n\n\n<p>El anuncio se realiz\u00f3 cuando menos del 5% de la poblaci\u00f3n esta vacunada con las dos dosis. Seg\u00fan los \u00faltimos datos, son 2.200.123 personas las inoculadas completamente contra el coronavirus en la Argentina.<\/p>\n\n\n\n<div class=\"wp-block-image\"><figure class=\"aligncenter size-large\"><img decoding=\"async\" src=\"https:\/\/www.delexodo.com.ar\/wp-content\/uploads\/2021\/05\/INDICE2-1-1024x576.jpeg\" alt=\"\" class=\"wp-image-8300\"\/><\/figure><\/div>\n\n\n\n<p>La medida regir\u00e1 desde este s\u00e1bado 22 de mayo a las 0 horas hasta el domingo 30 de mayo inclusive. Solo involucra tres d\u00edas h\u00e1biles, ya que el Gobierno restableci\u00f3 el feriado puente del 24 de mayo. Con esta decisi\u00f3n, quedar\u00e1n suspendidas las actividades sociales, econ\u00f3micas, educativas, religiosas y deportivas en forma presencial.<\/p>\n\n\n\n<p>Por su parte<strong>, estar\u00e1n habilitados los comercios esenciales, los comercios con env\u00edo a domicilio y para llevar (take away). S\u00f3lo se podr\u00e1 circular en las cercan\u00edas del domicilio, entre las 6 de la ma\u00f1ana y las 18, o por razones especialmente autorizadas<\/strong>.<\/p>\n\n\n\n<p>Terminados estos 9 d\u00edas, desde el 31 de mayo hasta el 11 de junio inclusive se retomar\u00e1n las actividades en el marco de las medidas vigentes hasta el d\u00eda de hoy. Esto significa que se renueva el DNU firmado hace tres semanas ya que el Congreso no lleg\u00f3 a sancionar la ley enviada por el Ejecutivo para regular las medidas.<\/p>\n\n\n\n<p>Adem\u00e1s, el Presidente afirm\u00f3 que <strong><em>\u201cse implementar\u00e1n las restricciones que correspondan a cada zona seg\u00fan los indicadores epidemiol\u00f3gicos y sanitarios\u201d<\/em><\/strong> y que hay una <strong><em>\u201cfirme decisi\u00f3n de hacerlas cumplir estrictamente\u201d<\/em><\/strong>.<\/p>\n\n\n\n<p>Un dato clave es que, si bien el 31 de mayo se retoman las restricciones como reg\u00edan hasta hoy, el fin de semana del 5 y 6 de junio se volver\u00e1n a restringir las actividades en las zonas m\u00e1s cr\u00edticas, es decir, confinamiento estricto nuevamente, solamente por esos dos d\u00edas.<\/p>\n\n\n\n<div class=\"wp-block-image\"><figure class=\"aligncenter size-large\"><img decoding=\"async\" src=\"https:\/\/www.delexodo.com.ar\/wp-content\/uploads\/2021\/05\/INDICE1-1-1024x576.jpeg\" alt=\"\" class=\"wp-image-8302\"\/><\/figure><\/div>\n\n\n\n<p><strong>Las medidas intensivas y temporarias regir\u00e1n desde este s\u00e1bado 22 a las 00 horas hasta el domingo 30 de mayo inclusive. Son nueve d\u00edas y solo involucra tres d\u00edas h\u00e1biles.<\/strong><\/p>\n\n\n\n<p><span class=\"has-inline-color has-luminous-vivid-amber-color\"><strong>-Quedar\u00e1n suspendidas las actividades sociales, econ\u00f3micas, educativas, religiosas y deportivas en forma presencial.<\/strong><\/span><\/p>\n\n\n\n<p><span class=\"has-inline-color has-luminous-vivid-amber-color\"><strong>-Estar\u00e1n habilitados los comercios esenciales, los comercios con env\u00edo a domicilio y para llevar.<\/strong><\/span><\/p>\n\n\n\n<p><strong><span class=\"has-inline-color has-luminous-vivid-amber-color\">&#8211; Solo se podr\u00e1 circular en las cercan\u00edas del domicilio, entre las 6 de la ma\u00f1ana y las 18 horas, o por razones especialmente autorizadas.<\/span><\/strong><\/p>\n\n\n\n<p><strong>EN ENTRE R\u00cdOS:<\/strong><\/p>\n\n\n\n<p>Col\u00f3n \u2013 Concordia \u2013 Diamante \u2013 Gualeguay \u2013 Gualeguaych\u00fa &#8211; La Paz \u2013 <strong><span class=\"has-inline-color has-vivid-red-color\">Nogoy\u00e1 <\/span>\u2013 <\/strong>Paran\u00e1 &#8211; Concepci\u00f3n del Uruguay &#8211; Villaguay<\/p>\n","protected":false},"excerpt":{"rendered":"<p>La medida regir\u00e1 desde este s\u00e1bado 22 de mayo a las 0 horas hasta el domingo 30 de mayo inclusive.&hellip;<\/p>\n","protected":false},"author":1,"featured_media":8303,"comment_status":"closed","ping_status":"closed","sticky":false,"template":"","format":"standard","meta":{"_joinchat":[],"footnotes":""},"categories":[65,69,352],"tags":[345],"class_list":["post-8298","post","type-post","status-publish","format-standard","has-post-thumbnail","hentry","category-destacados","category-noticias","category-salud","tag-destacar"],"yoast_head":"<!-- This site is optimized with the Yoast SEO plugin v25.1 - https:\/\/yoast.com\/wordpress\/plugins\/seo\/ -->\n<title>EL GOBIERNO ORDEN\u00d3 UN CONFINAMIENTO ESTRICTO EN CASI TODO EL PA\u00cdS HASTA EL 30 DE MAYO - Del \u00c9xodo Nogoy\u00e1<\/title>\n<meta name=\"robots\" content=\"index, follow, max-snippet:-1, max-image-preview:large, max-video-preview:-1\" \/>\n<link rel=\"canonical\" href=\"https:\/\/www.delexodo.com.ar\/?p=8298\" \/>\n<meta property=\"og:locale\" content=\"es_ES\" \/>\n<meta property=\"og:type\" content=\"article\" \/>\n<meta property=\"og:title\" content=\"EL GOBIERNO ORDEN\u00d3 UN CONFINAMIENTO ESTRICTO EN CASI TODO EL PA\u00cdS HASTA EL 30 DE MAYO - Del \u00c9xodo Nogoy\u00e1\" \/>\n<meta property=\"og:description\" content=\"La medida regir\u00e1 desde este s\u00e1bado 22 de mayo a las 0 horas hasta el domingo 30 de mayo inclusive.&hellip;\" \/>\n<meta property=\"og:url\" content=\"https:\/\/www.delexodo.com.ar\/?p=8298\" \/>\n<meta property=\"og:site_name\" content=\"Del \u00c9xodo Nogoy\u00e1\" \/>\n<meta property=\"article:published_time\" content=\"2021-05-21T00:47:25+00:00\" \/>\n<meta property=\"article:modified_time\" content=\"2021-05-21T00:47:26+00:00\" \/>\n<meta property=\"og:image\" content=\"https:\/\/www.delexodo.com.ar\/wp-content\/uploads\/2021\/05\/A-FERNANDEZ.jpg\" \/>\n\t<meta property=\"og:image:width\" content=\"1366\" \/>\n\t<meta property=\"og:image:height\" content=\"768\" \/>\n\t<meta property=\"og:image:type\" content=\"image\/jpeg\" \/>\n<meta name=\"author\" content=\"admin\" \/>\n<meta name=\"twitter:card\" content=\"summary_large_image\" \/>\n<meta name=\"twitter:label1\" content=\"Escrito por\" \/>\n\t<meta name=\"twitter:data1\" content=\"admin\" \/>\n\t<meta name=\"twitter:label2\" content=\"Tiempo de lectura\" \/>\n\t<meta name=\"twitter:data2\" content=\"2 minutos\" \/>\n<script type=\"application\/ld+json\" class=\"yoast-schema-graph\">{\"@context\":\"https:\/\/schema.org\",\"@graph\":[{\"@type\":\"Article\",\"@id\":\"https:\/\/www.delexodo.com.ar\/?p=8298#article\",\"isPartOf\":{\"@id\":\"https:\/\/www.delexodo.com.ar\/?p=8298\"},\"author\":{\"name\":\"admin\",\"@id\":\"https:\/\/www.delexodo.com.ar\/#\/schema\/person\/bbed37f7da8e938660b34f2013ba449d\"},\"headline\":\"EL GOBIERNO ORDEN\u00d3 UN CONFINAMIENTO ESTRICTO EN CASI TODO EL PA\u00cdS HASTA EL 30 DE MAYO\",\"datePublished\":\"2021-05-21T00:47:25+00:00\",\"dateModified\":\"2021-05-21T00:47:26+00:00\",\"mainEntityOfPage\":{\"@id\":\"https:\/\/www.delexodo.com.ar\/?p=8298\"},\"wordCount\":501,\"publisher\":{\"@id\":\"https:\/\/www.delexodo.com.ar\/#organization\"},\"image\":{\"@id\":\"https:\/\/www.delexodo.com.ar\/?p=8298#primaryimage\"},\"thumbnailUrl\":\"https:\/\/www.delexodo.com.ar\/wp-content\/uploads\/2021\/05\/A-FERNANDEZ.jpg\",\"keywords\":[\"destacar\"],\"articleSection\":[\"Destacados\",\"NOTICIAS\",\"Salud\"],\"inLanguage\":\"es\"},{\"@type\":\"WebPage\",\"@id\":\"https:\/\/www.delexodo.com.ar\/?p=8298\",\"url\":\"https:\/\/www.delexodo.com.ar\/?p=8298\",\"name\":\"EL GOBIERNO ORDEN\u00d3 UN CONFINAMIENTO ESTRICTO EN CASI TODO EL PA\u00cdS HASTA EL 30 DE MAYO - Del \u00c9xodo Nogoy\u00e1\",\"isPartOf\":{\"@id\":\"https:\/\/www.delexodo.com.ar\/#website\"},\"primaryImageOfPage\":{\"@id\":\"https:\/\/www.delexodo.com.ar\/?p=8298#primaryimage\"},\"image\":{\"@id\":\"https:\/\/www.delexodo.com.ar\/?p=8298#primaryimage\"},\"thumbnailUrl\":\"https:\/\/www.delexodo.com.ar\/wp-content\/uploads\/2021\/05\/A-FERNANDEZ.jpg\",\"datePublished\":\"2021-05-21T00:47:25+00:00\",\"dateModified\":\"2021-05-21T00:47:26+00:00\",\"breadcrumb\":{\"@id\":\"https:\/\/www.delexodo.com.ar\/?p=8298#breadcrumb\"},\"inLanguage\":\"es\",\"potentialAction\":[{\"@type\":\"ReadAction\",\"target\":[\"https:\/\/www.delexodo.com.ar\/?p=8298\"]}]},{\"@type\":\"ImageObject\",\"inLanguage\":\"es\",\"@id\":\"https:\/\/www.delexodo.com.ar\/?p=8298#primaryimage\",\"url\":\"https:\/\/www.delexodo.com.ar\/wp-content\/uploads\/2021\/05\/A-FERNANDEZ.jpg\",\"contentUrl\":\"https:\/\/www.delexodo.com.ar\/wp-content\/uploads\/2021\/05\/A-FERNANDEZ.jpg\",\"width\":1366,\"height\":768},{\"@type\":\"BreadcrumbList\",\"@id\":\"https:\/\/www.delexodo.com.ar\/?p=8298#breadcrumb\",\"itemListElement\":[{\"@type\":\"ListItem\",\"position\":1,\"name\":\"Portada\",\"item\":\"https:\/\/www.delexodo.com.ar\/\"},{\"@type\":\"ListItem\",\"position\":2,\"name\":\"EL GOBIERNO ORDEN\u00d3 UN CONFINAMIENTO ESTRICTO EN CASI TODO EL PA\u00cdS HASTA EL 30 DE MAYO\"}]},{\"@type\":\"WebSite\",\"@id\":\"https:\/\/www.delexodo.com.ar\/#website\",\"url\":\"https:\/\/www.delexodo.com.ar\/\",\"name\":\"Del \u00c9xodo Nogoy\u00e1\",\"description\":\"El Portal de Noticias de la Regi\u00f3n\",\"publisher\":{\"@id\":\"https:\/\/www.delexodo.com.ar\/#organization\"},\"potentialAction\":[{\"@type\":\"SearchAction\",\"target\":{\"@type\":\"EntryPoint\",\"urlTemplate\":\"https:\/\/www.delexodo.com.ar\/?s={search_term_string}\"},\"query-input\":{\"@type\":\"PropertyValueSpecification\",\"valueRequired\":true,\"valueName\":\"search_term_string\"}}],\"inLanguage\":\"es\"},{\"@type\":\"Organization\",\"@id\":\"https:\/\/www.delexodo.com.ar\/#organization\",\"name\":\"Del \u00c9xodo Nogoy\u00e1\",\"url\":\"https:\/\/www.delexodo.com.ar\/\",\"logo\":{\"@type\":\"ImageObject\",\"inLanguage\":\"es\",\"@id\":\"https:\/\/www.delexodo.com.ar\/#\/schema\/logo\/image\/\",\"url\":\"https:\/\/www.delexodo.com.ar\/wp-content\/uploads\/2024\/10\/cropped-cropped-LOGO24.png\",\"contentUrl\":\"https:\/\/www.delexodo.com.ar\/wp-content\/uploads\/2024\/10\/cropped-cropped-LOGO24.png\",\"width\":512,\"height\":349,\"caption\":\"Del \u00c9xodo Nogoy\u00e1\"},\"image\":{\"@id\":\"https:\/\/www.delexodo.com.ar\/#\/schema\/logo\/image\/\"}},{\"@type\":\"Person\",\"@id\":\"https:\/\/www.delexodo.com.ar\/#\/schema\/person\/bbed37f7da8e938660b34f2013ba449d\",\"name\":\"admin\",\"image\":{\"@type\":\"ImageObject\",\"inLanguage\":\"es\",\"@id\":\"https:\/\/www.delexodo.com.ar\/#\/schema\/person\/image\/\",\"url\":\"https:\/\/secure.gravatar.com\/avatar\/6b1558d1b6df085f1901bd5bd98523d7?s=96&d=mm&r=g\",\"contentUrl\":\"https:\/\/secure.gravatar.com\/avatar\/6b1558d1b6df085f1901bd5bd98523d7?s=96&d=mm&r=g\",\"caption\":\"admin\"},\"url\":\"https:\/\/www.delexodo.com.ar\/?author=1\"}]}<\/script>\n<!-- \/ Yoast SEO plugin. -->","yoast_head_json":{"title":"EL GOBIERNO ORDEN\u00d3 UN CONFINAMIENTO ESTRICTO EN CASI TODO EL PA\u00cdS HASTA EL 30 DE MAYO - Del \u00c9xodo Nogoy\u00e1","robots":{"index":"index","follow":"follow","max-snippet":"max-snippet:-1","max-image-preview":"max-image-preview:large","max-video-preview":"max-video-preview:-1"},"canonical":"https:\/\/www.delexodo.com.ar\/?p=8298","og_locale":"es_ES","og_type":"article","og_title":"EL GOBIERNO ORDEN\u00d3 UN CONFINAMIENTO ESTRICTO EN CASI TODO EL PA\u00cdS HASTA EL 30 DE MAYO - Del \u00c9xodo Nogoy\u00e1","og_description":"La medida regir\u00e1 desde este s\u00e1bado 22 de mayo a las 0 horas hasta el domingo 30 de mayo inclusive.&hellip;","og_url":"https:\/\/www.delexodo.com.ar\/?p=8298","og_site_name":"Del \u00c9xodo Nogoy\u00e1","article_published_time":"2021-05-21T00:47:25+00:00","article_modified_time":"2021-05-21T00:47:26+00:00","og_image":[{"width":1366,"height":768,"url":"https:\/\/www.delexodo.com.ar\/wp-content\/uploads\/2021\/05\/A-FERNANDEZ.jpg","type":"image\/jpeg"}],"author":"admin","twitter_card":"summary_large_image","twitter_misc":{"Escrito por":"admin","Tiempo de lectura":"2 minutos"},"schema":{"@context":"https:\/\/schema.org","@graph":[{"@type":"Article","@id":"https:\/\/www.delexodo.com.ar\/?p=8298#article","isPartOf":{"@id":"https:\/\/www.delexodo.com.ar\/?p=8298"},"author":{"name":"admin","@id":"https:\/\/www.delexodo.com.ar\/#\/schema\/person\/bbed37f7da8e938660b34f2013ba449d"},"headline":"EL GOBIERNO ORDEN\u00d3 UN CONFINAMIENTO ESTRICTO EN CASI TODO EL PA\u00cdS HASTA EL 30 DE MAYO","datePublished":"2021-05-21T00:47:25+00:00","dateModified":"2021-05-21T00:47:26+00:00","mainEntityOfPage":{"@id":"https:\/\/www.delexodo.com.ar\/?p=8298"},"wordCount":501,"publisher":{"@id":"https:\/\/www.delexodo.com.ar\/#organization"},"image":{"@id":"https:\/\/www.delexodo.com.ar\/?p=8298#primaryimage"},"thumbnailUrl":"https:\/\/www.delexodo.com.ar\/wp-content\/uploads\/2021\/05\/A-FERNANDEZ.jpg","keywords":["destacar"],"articleSection":["Destacados","NOTICIAS","Salud"],"inLanguage":"es"},{"@type":"WebPage","@id":"https:\/\/www.delexodo.com.ar\/?p=8298","url":"https:\/\/www.delexodo.com.ar\/?p=8298","name":"EL GOBIERNO ORDEN\u00d3 UN CONFINAMIENTO ESTRICTO EN CASI TODO EL PA\u00cdS HASTA EL 30 DE MAYO - Del \u00c9xodo Nogoy\u00e1","isPartOf":{"@id":"https:\/\/www.delexodo.com.ar\/#website"},"primaryImageOfPage":{"@id":"https:\/\/www.delexodo.com.ar\/?p=8298#primaryimage"},"image":{"@id":"https:\/\/www.delexodo.com.ar\/?p=8298#primaryimage"},"thumbnailUrl":"https:\/\/www.delexodo.com.ar\/wp-content\/uploads\/2021\/05\/A-FERNANDEZ.jpg","datePublished":"2021-05-21T00:47:25+00:00","dateModified":"2021-05-21T00:47:26+00:00","breadcrumb":{"@id":"https:\/\/www.delexodo.com.ar\/?p=8298#breadcrumb"},"inLanguage":"es","potentialAction":[{"@type":"ReadAction","target":["https:\/\/www.delexodo.com.ar\/?p=8298"]}]},{"@type":"ImageObject","inLanguage":"es","@id":"https:\/\/www.delexodo.com.ar\/?p=8298#primaryimage","url":"https:\/\/www.delexodo.com.ar\/wp-content\/uploads\/2021\/05\/A-FERNANDEZ.jpg","contentUrl":"https:\/\/www.delexodo.com.ar\/wp-content\/uploads\/2021\/05\/A-FERNANDEZ.jpg","width":1366,"height":768},{"@type":"BreadcrumbList","@id":"https:\/\/www.delexodo.com.ar\/?p=8298#breadcrumb","itemListElement":[{"@type":"ListItem","position":1,"name":"Portada","item":"https:\/\/www.delexodo.com.ar\/"},{"@type":"ListItem","position":2,"name":"EL GOBIERNO ORDEN\u00d3 UN CONFINAMIENTO ESTRICTO EN CASI TODO EL PA\u00cdS HASTA EL 30 DE MAYO"}]},{"@type":"WebSite","@id":"https:\/\/www.delexodo.com.ar\/#website","url":"https:\/\/www.delexodo.com.ar\/","name":"Del \u00c9xodo Nogoy\u00e1","description":"El Portal de Noticias de la Regi\u00f3n","publisher":{"@id":"https:\/\/www.delexodo.com.ar\/#organization"},"potentialAction":[{"@type":"SearchAction","target":{"@type":"EntryPoint","urlTemplate":"https:\/\/www.delexodo.com.ar\/?s={search_term_string}"},"query-input":{"@type":"PropertyValueSpecification","valueRequired":true,"valueName":"search_term_string"}}],"inLanguage":"es"},{"@type":"Organization","@id":"https:\/\/www.delexodo.com.ar\/#organization","name":"Del \u00c9xodo Nogoy\u00e1","url":"https:\/\/www.delexodo.com.ar\/","logo":{"@type":"ImageObject","inLanguage":"es","@id":"https:\/\/www.delexodo.com.ar\/#\/schema\/logo\/image\/","url":"https:\/\/www.delexodo.com.ar\/wp-content\/uploads\/2024\/10\/cropped-cropped-LOGO24.png","contentUrl":"https:\/\/www.delexodo.com.ar\/wp-content\/uploads\/2024\/10\/cropped-cropped-LOGO24.png","width":512,"height":349,"caption":"Del \u00c9xodo Nogoy\u00e1"},"image":{"@id":"https:\/\/www.delexodo.com.ar\/#\/schema\/logo\/image\/"}},{"@type":"Person","@id":"https:\/\/www.delexodo.com.ar\/#\/schema\/person\/bbed37f7da8e938660b34f2013ba449d","name":"admin","image":{"@type":"ImageObject","inLanguage":"es","@id":"https:\/\/www.delexodo.com.ar\/#\/schema\/person\/image\/","url":"https:\/\/secure.gravatar.com\/avatar\/6b1558d1b6df085f1901bd5bd98523d7?s=96&d=mm&r=g","contentUrl":"https:\/\/secure.gravatar.com\/avatar\/6b1558d1b6df085f1901bd5bd98523d7?s=96&d=mm&r=g","caption":"admin"},"url":"https:\/\/www.delexodo.com.ar\/?author=1"}]}},"_links":{"self":[{"href":"https:\/\/www.delexodo.com.ar\/index.php?rest_route=\/wp\/v2\/posts\/8298","targetHints":{"allow":["GET"]}}],"collection":[{"href":"https:\/\/www.delexodo.com.ar\/index.php?rest_route=\/wp\/v2\/posts"}],"about":[{"href":"https:\/\/www.delexodo.com.ar\/index.php?rest_route=\/wp\/v2\/types\/post"}],"author":[{"embeddable":true,"href":"https:\/\/www.delexodo.com.ar\/index.php?rest_route=\/wp\/v2\/users\/1"}],"replies":[{"embeddable":true,"href":"https:\/\/www.delexodo.com.ar\/index.php?rest_route=%2Fwp%2Fv2%2Fcomments&post=8298"}],"version-history":[{"count":0,"href":"https:\/\/www.delexodo.com.ar\/index.php?rest_route=\/wp\/v2\/posts\/8298\/revisions"}],"wp:featuredmedia":[{"embeddable":true,"href":"https:\/\/www.delexodo.com.ar\/index.php?rest_route=\/wp\/v2\/media\/8303"}],"wp:attachment":[{"href":"https:\/\/www.delexodo.com.ar\/index.php?rest_route=%2Fwp%2Fv2%2Fmedia&parent=8298"}],"wp:term":[{"taxonomy":"category","embeddable":true,"href":"https:\/\/www.delexodo.com.ar\/index.php?rest_route=%2Fwp%2Fv2%2Fcategories&post=8298"},{"taxonomy":"post_tag","embeddable":true,"href":"https:\/\/www.delexodo.com.ar\/index.php?rest_route=%2Fwp%2Fv2%2Ftags&post=8298"}],"curies":[{"name":"wp","href":"https:\/\/api.w.org\/{rel}","templated":true}]}}