{"id":8286,"date":"2021-05-17T07:59:27","date_gmt":"2021-05-17T10:59:27","guid":{"rendered":"http:\/\/www.delexodo.com.ar\/?p=8286"},"modified":"2021-05-17T07:59:28","modified_gmt":"2021-05-17T10:59:28","slug":"nogoya-breves-policiales-6","status":"publish","type":"post","link":"https:\/\/www.delexodo.com.ar\/?p=8286","title":{"rendered":"NOGOY\u00c1: BREVES POLICIALES"},"content":{"rendered":"\n<p>La Polic\u00eda de Entre R\u00edos a trav\u00e9s de la Jefatura Departamental Nogoy\u00e1 informa a la ciudadan\u00eda en general las novedades de m\u00e1s importancia, que se puedan dar a conocer en forma p\u00fablica sin comprometer la identidad de las personas y\/o transgredir disposiciones legales vigentes, acaecidas en el \u00e1mbito jurisdiccional durante los \u00faltimos d\u00edas.<\/p>\n\n\n\n<p>MARTES 11\/05\/21:<br>SE RECUPERO BICICLETA DENUNCIADA COMO SUSTRAIDA: Comisaria Villa 3 de Febrero inici\u00f3 actuaciones pertinentes, por el Supuesto delito de Hurto, en perjuicio de masculino mayor de edad, debido a la faltante de su bicicleta marca SLP, Rodado 29, tipo mountain bike, la que hab\u00eda dejado sobre vereda frente a local comercial en calle Marchini. Tras tareas investigativas la bicicleta fue localizada en inmediaciones de plazoleta zona Oeste de la ciudad, se procedi\u00f3 al secuestro de la misma y posterior entrega a su propietario.<\/p>\n\n\n\n<p>SABADO 15\/05\/2021:<br>SE UBICO MOTOVEHICULO DENUNCIADO COMO SUSTRAIDO: Div. Investigaciones. En relaci\u00f3n a Actuaciones Prevencionales iniciadas en Cria., Villa 3 de Febrero, en fecha 15 del corriente mes y a\u00f1o, a ra\u00edz de denuncia Por Supuesto Delito de Hurto, de un moto veh\u00edculo marca Guerrero modelo GT70. Tras tareas investigativas, se logr\u00f3 ubicar horas mas tardes el rodado denunciado momentos antes; se dio a conocimiento a las autoridades Judiciales competentes, procedi\u00e9ndose al formal secuestro, e intervino personal del Gabinete Criminal\u00edstica.<\/p>\n\n\n\n<p>FOCO IGNEO EN CAMPO JURISDICCION DE COMISARIA ARANGUREN<\/p>\n\n\n\n<p>En horas pasadas del medio d\u00eda, se toma conocimiento que habr\u00eda originado incendio en un campo ubicado en cercan\u00edas de Ruta Nacional N\u00ba 12 altura Kilometro N\u00ba 382, camino vecinal, con rastrojo de Sorgo. En el lugar trabaj\u00f3 Personal de Dependencia de Jurisdicci\u00f3n, bomberos voluntarios de Villa Aranguren y bomberos voluntarios de General Ram\u00edrez. El siniestro fue sofocado, quem\u00e1ndose aproximadamente una superficie de una hect\u00e1rea, y se continua con la investigaci\u00f3n inherentes a fin de arribar cual podr\u00eda haber sido el origen del siniestro.-<\/p>\n\n\n\n<p>DOMINGO 16\/05\/21:<br>SECUESTRO DE ELEMENTO SUSTRAIDO: en el marco de Actuaciones Prevencionales iniciadas en Divisi\u00f3n Investigaciones, a ra\u00edz de la sustracci\u00f3n de una motosierra, es que personal de la misma, en horas de la ma\u00f1ana, logra recuperar el elemento en cuesti\u00f3n en virtud de an\u00e1lisis de material f\u00edlmico, procedi\u00e9ndose a su formal secuestro, dio a conocimiento a Fiscal\u00eda en turno, se dio intervenci\u00f3n a Personal de Gabinete Criminal\u00edstico, quedando supeditado a la causa un masculino de 21 a\u00f1os de edad.-<br>\uf0d8 INFRACCION A D.N.U. EN VIGENCIA: Se realizaron notificaciones de estilo con motivo de distinta \u00edndole, atento a normativas vigentes y disposiciones del Juzgado Federal.<\/p>\n\n\n\n<p>CONTRAVENCIONES<\/p>\n\n\n\n<p>Se registr\u00f3 el ingreso de una ( 01 ) persona a esta Jefatura Departamental por supuesta infracci\u00f3n a disposiciones contempladas en la Ley Org\u00e1nica Pcial. N\u00ba3.815 y modificatorias.-<br>\uf0d8 OPERATIVOS \u201cCONTROL DE MOTOS\u201d: Por aplicaci\u00f3n del Decreto M.G.J. N\u00ba2675 de fecha 27\/08\/14, en el transcurso de la semana se procedi\u00f3 a la retenci\u00f3n de cuatro ( 04 ) moto veh\u00edculos por no reunir las condiciones exigidas para poder circular, acorde a reglamentaci\u00f3n vigente.<\/p>\n\n\n\n<p>OPERATIVOS EN CONJUNTO CON EL AREA TRANSITO MUNICIPAL<\/p>\n\n\n\n<p>Se realizan operativos de control vehicular en el \u00e1mbito de nuestra ciudad, los cuales se llevan a cabo conjuntamente con personal del \u00c1rea Tr\u00e1nsito Municipal, requiriendo documentaci\u00f3n obligatoria a los conductores, con realizaci\u00f3n de test de alcoholemia, procediendo a la retenci\u00f3n vehicular si as\u00ed correspondiera.-<\/p>\n","protected":false},"excerpt":{"rendered":"<p>La Polic\u00eda de Entre R\u00edos a trav\u00e9s de la Jefatura Departamental Nogoy\u00e1 informa a la ciudadan\u00eda en general las novedades&hellip;<\/p>\n","protected":false},"author":1,"featured_media":6566,"comment_status":"closed","ping_status":"closed","sticky":false,"template":"","format":"standard","meta":{"_joinchat":[],"footnotes":""},"categories":[65,1,69,350],"tags":[],"class_list":["post-8286","post","type-post","status-publish","format-standard","has-post-thumbnail","hentry","category-destacados","category-sincategoria","category-noticias","category-policiales"],"yoast_head":"<!-- This site is optimized with the Yoast SEO plugin v25.1 - https:\/\/yoast.com\/wordpress\/plugins\/seo\/ -->\n<title>NOGOY\u00c1: BREVES POLICIALES - Del \u00c9xodo Nogoy\u00e1<\/title>\n<meta name=\"robots\" content=\"index, follow, max-snippet:-1, max-image-preview:large, max-video-preview:-1\" \/>\n<link rel=\"canonical\" href=\"https:\/\/www.delexodo.com.ar\/?p=8286\" \/>\n<meta property=\"og:locale\" content=\"es_ES\" \/>\n<meta property=\"og:type\" content=\"article\" \/>\n<meta property=\"og:title\" content=\"NOGOY\u00c1: BREVES POLICIALES - Del \u00c9xodo Nogoy\u00e1\" \/>\n<meta property=\"og:description\" content=\"La Polic\u00eda de Entre R\u00edos a trav\u00e9s de la Jefatura Departamental Nogoy\u00e1 informa a la ciudadan\u00eda en general las novedades&hellip;\" \/>\n<meta property=\"og:url\" content=\"https:\/\/www.delexodo.com.ar\/?p=8286\" \/>\n<meta property=\"og:site_name\" content=\"Del \u00c9xodo Nogoy\u00e1\" \/>\n<meta property=\"article:published_time\" content=\"2021-05-17T10:59:27+00:00\" \/>\n<meta property=\"article:modified_time\" content=\"2021-05-17T10:59:28+00:00\" \/>\n<meta property=\"og:image\" content=\"https:\/\/www.delexodo.com.ar\/wp-content\/uploads\/2020\/07\/policia-jefatura-760x450-1.jpg\" \/>\n\t<meta property=\"og:image:width\" content=\"760\" \/>\n\t<meta property=\"og:image:height\" content=\"450\" \/>\n\t<meta property=\"og:image:type\" content=\"image\/jpeg\" \/>\n<meta name=\"author\" content=\"admin\" \/>\n<meta name=\"twitter:card\" content=\"summary_large_image\" \/>\n<meta name=\"twitter:label1\" content=\"Escrito por\" \/>\n\t<meta name=\"twitter:data1\" content=\"admin\" \/>\n\t<meta name=\"twitter:label2\" content=\"Tiempo de lectura\" \/>\n\t<meta name=\"twitter:data2\" content=\"3 minutos\" \/>\n<script type=\"application\/ld+json\" class=\"yoast-schema-graph\">{\"@context\":\"https:\/\/schema.org\",\"@graph\":[{\"@type\":\"Article\",\"@id\":\"https:\/\/www.delexodo.com.ar\/?p=8286#article\",\"isPartOf\":{\"@id\":\"https:\/\/www.delexodo.com.ar\/?p=8286\"},\"author\":{\"name\":\"admin\",\"@id\":\"https:\/\/www.delexodo.com.ar\/#\/schema\/person\/bbed37f7da8e938660b34f2013ba449d\"},\"headline\":\"NOGOY\u00c1: BREVES POLICIALES\",\"datePublished\":\"2021-05-17T10:59:27+00:00\",\"dateModified\":\"2021-05-17T10:59:28+00:00\",\"mainEntityOfPage\":{\"@id\":\"https:\/\/www.delexodo.com.ar\/?p=8286\"},\"wordCount\":579,\"publisher\":{\"@id\":\"https:\/\/www.delexodo.com.ar\/#organization\"},\"image\":{\"@id\":\"https:\/\/www.delexodo.com.ar\/?p=8286#primaryimage\"},\"thumbnailUrl\":\"https:\/\/www.delexodo.com.ar\/wp-content\/uploads\/2020\/07\/policia-jefatura-760x450-1.jpg\",\"articleSection\":[\"Destacados\",\"Nogoya\",\"NOTICIAS\",\"Policiales\"],\"inLanguage\":\"es\"},{\"@type\":\"WebPage\",\"@id\":\"https:\/\/www.delexodo.com.ar\/?p=8286\",\"url\":\"https:\/\/www.delexodo.com.ar\/?p=8286\",\"name\":\"NOGOY\u00c1: BREVES POLICIALES - Del \u00c9xodo Nogoy\u00e1\",\"isPartOf\":{\"@id\":\"https:\/\/www.delexodo.com.ar\/#website\"},\"primaryImageOfPage\":{\"@id\":\"https:\/\/www.delexodo.com.ar\/?p=8286#primaryimage\"},\"image\":{\"@id\":\"https:\/\/www.delexodo.com.ar\/?p=8286#primaryimage\"},\"thumbnailUrl\":\"https:\/\/www.delexodo.com.ar\/wp-content\/uploads\/2020\/07\/policia-jefatura-760x450-1.jpg\",\"datePublished\":\"2021-05-17T10:59:27+00:00\",\"dateModified\":\"2021-05-17T10:59:28+00:00\",\"breadcrumb\":{\"@id\":\"https:\/\/www.delexodo.com.ar\/?p=8286#breadcrumb\"},\"inLanguage\":\"es\",\"potentialAction\":[{\"@type\":\"ReadAction\",\"target\":[\"https:\/\/www.delexodo.com.ar\/?p=8286\"]}]},{\"@type\":\"ImageObject\",\"inLanguage\":\"es\",\"@id\":\"https:\/\/www.delexodo.com.ar\/?p=8286#primaryimage\",\"url\":\"https:\/\/www.delexodo.com.ar\/wp-content\/uploads\/2020\/07\/policia-jefatura-760x450-1.jpg\",\"contentUrl\":\"https:\/\/www.delexodo.com.ar\/wp-content\/uploads\/2020\/07\/policia-jefatura-760x450-1.jpg\",\"width\":760,\"height\":450},{\"@type\":\"BreadcrumbList\",\"@id\":\"https:\/\/www.delexodo.com.ar\/?p=8286#breadcrumb\",\"itemListElement\":[{\"@type\":\"ListItem\",\"position\":1,\"name\":\"Portada\",\"item\":\"https:\/\/www.delexodo.com.ar\/\"},{\"@type\":\"ListItem\",\"position\":2,\"name\":\"NOGOY\u00c1: BREVES POLICIALES\"}]},{\"@type\":\"WebSite\",\"@id\":\"https:\/\/www.delexodo.com.ar\/#website\",\"url\":\"https:\/\/www.delexodo.com.ar\/\",\"name\":\"Del \u00c9xodo Nogoy\u00e1\",\"description\":\"El Portal de Noticias de la Regi\u00f3n\",\"publisher\":{\"@id\":\"https:\/\/www.delexodo.com.ar\/#organization\"},\"potentialAction\":[{\"@type\":\"SearchAction\",\"target\":{\"@type\":\"EntryPoint\",\"urlTemplate\":\"https:\/\/www.delexodo.com.ar\/?s={search_term_string}\"},\"query-input\":{\"@type\":\"PropertyValueSpecification\",\"valueRequired\":true,\"valueName\":\"search_term_string\"}}],\"inLanguage\":\"es\"},{\"@type\":\"Organization\",\"@id\":\"https:\/\/www.delexodo.com.ar\/#organization\",\"name\":\"Del \u00c9xodo Nogoy\u00e1\",\"url\":\"https:\/\/www.delexodo.com.ar\/\",\"logo\":{\"@type\":\"ImageObject\",\"inLanguage\":\"es\",\"@id\":\"https:\/\/www.delexodo.com.ar\/#\/schema\/logo\/image\/\",\"url\":\"https:\/\/www.delexodo.com.ar\/wp-content\/uploads\/2024\/10\/cropped-cropped-LOGO24.png\",\"contentUrl\":\"https:\/\/www.delexodo.com.ar\/wp-content\/uploads\/2024\/10\/cropped-cropped-LOGO24.png\",\"width\":512,\"height\":349,\"caption\":\"Del \u00c9xodo Nogoy\u00e1\"},\"image\":{\"@id\":\"https:\/\/www.delexodo.com.ar\/#\/schema\/logo\/image\/\"}},{\"@type\":\"Person\",\"@id\":\"https:\/\/www.delexodo.com.ar\/#\/schema\/person\/bbed37f7da8e938660b34f2013ba449d\",\"name\":\"admin\",\"image\":{\"@type\":\"ImageObject\",\"inLanguage\":\"es\",\"@id\":\"https:\/\/www.delexodo.com.ar\/#\/schema\/person\/image\/\",\"url\":\"https:\/\/secure.gravatar.com\/avatar\/6b1558d1b6df085f1901bd5bd98523d7?s=96&d=mm&r=g\",\"contentUrl\":\"https:\/\/secure.gravatar.com\/avatar\/6b1558d1b6df085f1901bd5bd98523d7?s=96&d=mm&r=g\",\"caption\":\"admin\"},\"url\":\"https:\/\/www.delexodo.com.ar\/?author=1\"}]}<\/script>\n<!-- \/ Yoast SEO plugin. -->","yoast_head_json":{"title":"NOGOY\u00c1: BREVES POLICIALES - Del \u00c9xodo Nogoy\u00e1","robots":{"index":"index","follow":"follow","max-snippet":"max-snippet:-1","max-image-preview":"max-image-preview:large","max-video-preview":"max-video-preview:-1"},"canonical":"https:\/\/www.delexodo.com.ar\/?p=8286","og_locale":"es_ES","og_type":"article","og_title":"NOGOY\u00c1: BREVES POLICIALES - Del \u00c9xodo Nogoy\u00e1","og_description":"La Polic\u00eda de Entre R\u00edos a trav\u00e9s de la Jefatura Departamental Nogoy\u00e1 informa a la ciudadan\u00eda en general las novedades&hellip;","og_url":"https:\/\/www.delexodo.com.ar\/?p=8286","og_site_name":"Del \u00c9xodo Nogoy\u00e1","article_published_time":"2021-05-17T10:59:27+00:00","article_modified_time":"2021-05-17T10:59:28+00:00","og_image":[{"width":760,"height":450,"url":"https:\/\/www.delexodo.com.ar\/wp-content\/uploads\/2020\/07\/policia-jefatura-760x450-1.jpg","type":"image\/jpeg"}],"author":"admin","twitter_card":"summary_large_image","twitter_misc":{"Escrito por":"admin","Tiempo de lectura":"3 minutos"},"schema":{"@context":"https:\/\/schema.org","@graph":[{"@type":"Article","@id":"https:\/\/www.delexodo.com.ar\/?p=8286#article","isPartOf":{"@id":"https:\/\/www.delexodo.com.ar\/?p=8286"},"author":{"name":"admin","@id":"https:\/\/www.delexodo.com.ar\/#\/schema\/person\/bbed37f7da8e938660b34f2013ba449d"},"headline":"NOGOY\u00c1: BREVES POLICIALES","datePublished":"2021-05-17T10:59:27+00:00","dateModified":"2021-05-17T10:59:28+00:00","mainEntityOfPage":{"@id":"https:\/\/www.delexodo.com.ar\/?p=8286"},"wordCount":579,"publisher":{"@id":"https:\/\/www.delexodo.com.ar\/#organization"},"image":{"@id":"https:\/\/www.delexodo.com.ar\/?p=8286#primaryimage"},"thumbnailUrl":"https:\/\/www.delexodo.com.ar\/wp-content\/uploads\/2020\/07\/policia-jefatura-760x450-1.jpg","articleSection":["Destacados","Nogoya","NOTICIAS","Policiales"],"inLanguage":"es"},{"@type":"WebPage","@id":"https:\/\/www.delexodo.com.ar\/?p=8286","url":"https:\/\/www.delexodo.com.ar\/?p=8286","name":"NOGOY\u00c1: BREVES POLICIALES - Del \u00c9xodo Nogoy\u00e1","isPartOf":{"@id":"https:\/\/www.delexodo.com.ar\/#website"},"primaryImageOfPage":{"@id":"https:\/\/www.delexodo.com.ar\/?p=8286#primaryimage"},"image":{"@id":"https:\/\/www.delexodo.com.ar\/?p=8286#primaryimage"},"thumbnailUrl":"https:\/\/www.delexodo.com.ar\/wp-content\/uploads\/2020\/07\/policia-jefatura-760x450-1.jpg","datePublished":"2021-05-17T10:59:27+00:00","dateModified":"2021-05-17T10:59:28+00:00","breadcrumb":{"@id":"https:\/\/www.delexodo.com.ar\/?p=8286#breadcrumb"},"inLanguage":"es","potentialAction":[{"@type":"ReadAction","target":["https:\/\/www.delexodo.com.ar\/?p=8286"]}]},{"@type":"ImageObject","inLanguage":"es","@id":"https:\/\/www.delexodo.com.ar\/?p=8286#primaryimage","url":"https:\/\/www.delexodo.com.ar\/wp-content\/uploads\/2020\/07\/policia-jefatura-760x450-1.jpg","contentUrl":"https:\/\/www.delexodo.com.ar\/wp-content\/uploads\/2020\/07\/policia-jefatura-760x450-1.jpg","width":760,"height":450},{"@type":"BreadcrumbList","@id":"https:\/\/www.delexodo.com.ar\/?p=8286#breadcrumb","itemListElement":[{"@type":"ListItem","position":1,"name":"Portada","item":"https:\/\/www.delexodo.com.ar\/"},{"@type":"ListItem","position":2,"name":"NOGOY\u00c1: BREVES POLICIALES"}]},{"@type":"WebSite","@id":"https:\/\/www.delexodo.com.ar\/#website","url":"https:\/\/www.delexodo.com.ar\/","name":"Del \u00c9xodo Nogoy\u00e1","description":"El Portal de Noticias de la Regi\u00f3n","publisher":{"@id":"https:\/\/www.delexodo.com.ar\/#organization"},"potentialAction":[{"@type":"SearchAction","target":{"@type":"EntryPoint","urlTemplate":"https:\/\/www.delexodo.com.ar\/?s={search_term_string}"},"query-input":{"@type":"PropertyValueSpecification","valueRequired":true,"valueName":"search_term_string"}}],"inLanguage":"es"},{"@type":"Organization","@id":"https:\/\/www.delexodo.com.ar\/#organization","name":"Del \u00c9xodo Nogoy\u00e1","url":"https:\/\/www.delexodo.com.ar\/","logo":{"@type":"ImageObject","inLanguage":"es","@id":"https:\/\/www.delexodo.com.ar\/#\/schema\/logo\/image\/","url":"https:\/\/www.delexodo.com.ar\/wp-content\/uploads\/2024\/10\/cropped-cropped-LOGO24.png","contentUrl":"https:\/\/www.delexodo.com.ar\/wp-content\/uploads\/2024\/10\/cropped-cropped-LOGO24.png","width":512,"height":349,"caption":"Del \u00c9xodo Nogoy\u00e1"},"image":{"@id":"https:\/\/www.delexodo.com.ar\/#\/schema\/logo\/image\/"}},{"@type":"Person","@id":"https:\/\/www.delexodo.com.ar\/#\/schema\/person\/bbed37f7da8e938660b34f2013ba449d","name":"admin","image":{"@type":"ImageObject","inLanguage":"es","@id":"https:\/\/www.delexodo.com.ar\/#\/schema\/person\/image\/","url":"https:\/\/secure.gravatar.com\/avatar\/6b1558d1b6df085f1901bd5bd98523d7?s=96&d=mm&r=g","contentUrl":"https:\/\/secure.gravatar.com\/avatar\/6b1558d1b6df085f1901bd5bd98523d7?s=96&d=mm&r=g","caption":"admin"},"url":"https:\/\/www.delexodo.com.ar\/?author=1"}]}},"_links":{"self":[{"href":"https:\/\/www.delexodo.com.ar\/index.php?rest_route=\/wp\/v2\/posts\/8286","targetHints":{"allow":["GET"]}}],"collection":[{"href":"https:\/\/www.delexodo.com.ar\/index.php?rest_route=\/wp\/v2\/posts"}],"about":[{"href":"https:\/\/www.delexodo.com.ar\/index.php?rest_route=\/wp\/v2\/types\/post"}],"author":[{"embeddable":true,"href":"https:\/\/www.delexodo.com.ar\/index.php?rest_route=\/wp\/v2\/users\/1"}],"replies":[{"embeddable":true,"href":"https:\/\/www.delexodo.com.ar\/index.php?rest_route=%2Fwp%2Fv2%2Fcomments&post=8286"}],"version-history":[{"count":0,"href":"https:\/\/www.delexodo.com.ar\/index.php?rest_route=\/wp\/v2\/posts\/8286\/revisions"}],"wp:featuredmedia":[{"embeddable":true,"href":"https:\/\/www.delexodo.com.ar\/index.php?rest_route=\/wp\/v2\/media\/6566"}],"wp:attachment":[{"href":"https:\/\/www.delexodo.com.ar\/index.php?rest_route=%2Fwp%2Fv2%2Fmedia&parent=8286"}],"wp:term":[{"taxonomy":"category","embeddable":true,"href":"https:\/\/www.delexodo.com.ar\/index.php?rest_route=%2Fwp%2Fv2%2Fcategories&post=8286"},{"taxonomy":"post_tag","embeddable":true,"href":"https:\/\/www.delexodo.com.ar\/index.php?rest_route=%2Fwp%2Fv2%2Ftags&post=8286"}],"curies":[{"name":"wp","href":"https:\/\/api.w.org\/{rel}","templated":true}]}}