{"id":8272,"date":"2021-05-14T21:08:15","date_gmt":"2021-05-15T00:08:15","guid":{"rendered":"http:\/\/www.delexodo.com.ar\/?p=8272"},"modified":"2021-05-14T21:08:15","modified_gmt":"2021-05-15T00:08:15","slug":"maidana-delineo-acciones-con-los-jefes-comunales-del-departamento","status":"publish","type":"post","link":"https:\/\/www.delexodo.com.ar\/?p=8272","title":{"rendered":"MAIDANA DELINE\u00d3 ACCIONES CON LOS JEFES COMUNALES DEL DEPARTAMENTO"},"content":{"rendered":"\n<p>La legisladora provincial por el departamento Nogoy\u00e1, <strong>Dra. Flavia Maidana<\/strong>, encabez\u00f3 el jueves un encuentro de trabajo junto a Adriana Hern\u00e1ndez, Ram\u00f3n Lanfranco y Victor Fern\u00e1ndez, presidentes comunales de XX de Septiembre, Gobernador Febre y Don Crist\u00f3bal Segunda respectivamente.<\/p>\n\n\n\n<p>Tambi\u00e9n participaron de la jornada, los equipos t\u00e9cnicos de las comunas para delinear objetivos comunes en cuanto a gestiones que permitan la llegada de nuevas obras y beneficios para las tres comunas del departamento Nogoy\u00e1.<\/p>\n\n\n\n<div class=\"wp-block-image\"><figure class=\"aligncenter size-large\"><img loading=\"lazy\" decoding=\"async\" width=\"735\" height=\"365\" src=\"https:\/\/www.delexodo.com.ar\/wp-content\/uploads\/2021\/05\/MAIDANA-DPTO.jpeg\" alt=\"\" class=\"wp-image-8274\" srcset=\"https:\/\/www.delexodo.com.ar\/wp-content\/uploads\/2021\/05\/MAIDANA-DPTO.jpeg 735w, https:\/\/www.delexodo.com.ar\/wp-content\/uploads\/2021\/05\/MAIDANA-DPTO-300x149.jpeg 300w\" sizes=\"auto, (max-width: 735px) 100vw, 735px\" \/><\/figure><\/div>\n\n\n\n<p>Al concluir la reuni\u00f3n, la senadora se mostr\u00f3 satisfecha por los puntos en com\u00fan y objetivos colectivos celebrados con los presidentes comunales: \u201ces muy positivo lograr este tipo de acuerdos, que van a permitir que avancemos con proyectos y objetivos que faciliten el desarrollo y el progreso de las comunas que vienen creciendo de manera notable\u201d se\u00f1al\u00f3.<\/p>\n\n\n\n<p>Por \u00faltimo, Maidana agradeci\u00f3 a los presidentes y sus equipos por la disposici\u00f3n y compromiso de gesti\u00f3n para encarar estos proyectos que apuntan al crecimiento del departamento Nogoy\u00e1.<\/p>\n","protected":false},"excerpt":{"rendered":"<p>La legisladora provincial por el departamento Nogoy\u00e1, Dra. Flavia Maidana, encabez\u00f3 el jueves un encuentro de trabajo junto a Adriana&hellip;<\/p>\n","protected":false},"author":1,"featured_media":8273,"comment_status":"closed","ping_status":"closed","sticky":false,"template":"","format":"standard","meta":{"_joinchat":[],"footnotes":""},"categories":[65,1,69,349],"tags":[],"class_list":["post-8272","post","type-post","status-publish","format-standard","has-post-thumbnail","hentry","category-destacados","category-sincategoria","category-noticias","category-politica"],"yoast_head":"<!-- This site is optimized with the Yoast SEO plugin v25.1 - https:\/\/yoast.com\/wordpress\/plugins\/seo\/ -->\n<title>MAIDANA DELINE\u00d3 ACCIONES CON LOS JEFES COMUNALES DEL DEPARTAMENTO - Del \u00c9xodo Nogoy\u00e1<\/title>\n<meta name=\"robots\" content=\"index, follow, max-snippet:-1, max-image-preview:large, max-video-preview:-1\" \/>\n<link rel=\"canonical\" href=\"https:\/\/www.delexodo.com.ar\/?p=8272\" \/>\n<meta property=\"og:locale\" content=\"es_ES\" \/>\n<meta property=\"og:type\" content=\"article\" \/>\n<meta property=\"og:title\" content=\"MAIDANA DELINE\u00d3 ACCIONES CON LOS JEFES COMUNALES DEL DEPARTAMENTO - Del \u00c9xodo Nogoy\u00e1\" \/>\n<meta property=\"og:description\" content=\"La legisladora provincial por el departamento Nogoy\u00e1, Dra. Flavia Maidana, encabez\u00f3 el jueves un encuentro de trabajo junto a Adriana&hellip;\" \/>\n<meta property=\"og:url\" content=\"https:\/\/www.delexodo.com.ar\/?p=8272\" \/>\n<meta property=\"og:site_name\" content=\"Del \u00c9xodo Nogoy\u00e1\" \/>\n<meta property=\"article:published_time\" content=\"2021-05-15T00:08:15+00:00\" \/>\n<meta property=\"og:image\" content=\"https:\/\/www.delexodo.com.ar\/wp-content\/uploads\/2021\/05\/MAIDANA-DPTO-PORTADA.jpeg\" \/>\n\t<meta property=\"og:image:width\" content=\"929\" \/>\n\t<meta property=\"og:image:height\" content=\"460\" \/>\n\t<meta property=\"og:image:type\" content=\"image\/jpeg\" \/>\n<meta name=\"author\" content=\"admin\" \/>\n<meta name=\"twitter:card\" content=\"summary_large_image\" \/>\n<meta name=\"twitter:label1\" content=\"Escrito por\" \/>\n\t<meta name=\"twitter:data1\" content=\"admin\" \/>\n\t<meta name=\"twitter:label2\" content=\"Tiempo de lectura\" \/>\n\t<meta name=\"twitter:data2\" content=\"1 minuto\" \/>\n<script type=\"application\/ld+json\" class=\"yoast-schema-graph\">{\"@context\":\"https:\/\/schema.org\",\"@graph\":[{\"@type\":\"Article\",\"@id\":\"https:\/\/www.delexodo.com.ar\/?p=8272#article\",\"isPartOf\":{\"@id\":\"https:\/\/www.delexodo.com.ar\/?p=8272\"},\"author\":{\"name\":\"admin\",\"@id\":\"https:\/\/www.delexodo.com.ar\/#\/schema\/person\/bbed37f7da8e938660b34f2013ba449d\"},\"headline\":\"MAIDANA DELINE\u00d3 ACCIONES CON LOS JEFES COMUNALES DEL DEPARTAMENTO\",\"datePublished\":\"2021-05-15T00:08:15+00:00\",\"mainEntityOfPage\":{\"@id\":\"https:\/\/www.delexodo.com.ar\/?p=8272\"},\"wordCount\":179,\"publisher\":{\"@id\":\"https:\/\/www.delexodo.com.ar\/#organization\"},\"image\":{\"@id\":\"https:\/\/www.delexodo.com.ar\/?p=8272#primaryimage\"},\"thumbnailUrl\":\"https:\/\/www.delexodo.com.ar\/wp-content\/uploads\/2021\/05\/MAIDANA-DPTO-PORTADA.jpeg\",\"articleSection\":[\"Destacados\",\"Nogoya\",\"NOTICIAS\",\"Politica\"],\"inLanguage\":\"es\"},{\"@type\":\"WebPage\",\"@id\":\"https:\/\/www.delexodo.com.ar\/?p=8272\",\"url\":\"https:\/\/www.delexodo.com.ar\/?p=8272\",\"name\":\"MAIDANA DELINE\u00d3 ACCIONES CON LOS JEFES COMUNALES DEL DEPARTAMENTO - Del \u00c9xodo Nogoy\u00e1\",\"isPartOf\":{\"@id\":\"https:\/\/www.delexodo.com.ar\/#website\"},\"primaryImageOfPage\":{\"@id\":\"https:\/\/www.delexodo.com.ar\/?p=8272#primaryimage\"},\"image\":{\"@id\":\"https:\/\/www.delexodo.com.ar\/?p=8272#primaryimage\"},\"thumbnailUrl\":\"https:\/\/www.delexodo.com.ar\/wp-content\/uploads\/2021\/05\/MAIDANA-DPTO-PORTADA.jpeg\",\"datePublished\":\"2021-05-15T00:08:15+00:00\",\"breadcrumb\":{\"@id\":\"https:\/\/www.delexodo.com.ar\/?p=8272#breadcrumb\"},\"inLanguage\":\"es\",\"potentialAction\":[{\"@type\":\"ReadAction\",\"target\":[\"https:\/\/www.delexodo.com.ar\/?p=8272\"]}]},{\"@type\":\"ImageObject\",\"inLanguage\":\"es\",\"@id\":\"https:\/\/www.delexodo.com.ar\/?p=8272#primaryimage\",\"url\":\"https:\/\/www.delexodo.com.ar\/wp-content\/uploads\/2021\/05\/MAIDANA-DPTO-PORTADA.jpeg\",\"contentUrl\":\"https:\/\/www.delexodo.com.ar\/wp-content\/uploads\/2021\/05\/MAIDANA-DPTO-PORTADA.jpeg\",\"width\":929,\"height\":460},{\"@type\":\"BreadcrumbList\",\"@id\":\"https:\/\/www.delexodo.com.ar\/?p=8272#breadcrumb\",\"itemListElement\":[{\"@type\":\"ListItem\",\"position\":1,\"name\":\"Portada\",\"item\":\"https:\/\/www.delexodo.com.ar\/\"},{\"@type\":\"ListItem\",\"position\":2,\"name\":\"MAIDANA DELINE\u00d3 ACCIONES CON LOS JEFES COMUNALES DEL DEPARTAMENTO\"}]},{\"@type\":\"WebSite\",\"@id\":\"https:\/\/www.delexodo.com.ar\/#website\",\"url\":\"https:\/\/www.delexodo.com.ar\/\",\"name\":\"Del \u00c9xodo Nogoy\u00e1\",\"description\":\"El Portal de Noticias de la Regi\u00f3n\",\"publisher\":{\"@id\":\"https:\/\/www.delexodo.com.ar\/#organization\"},\"potentialAction\":[{\"@type\":\"SearchAction\",\"target\":{\"@type\":\"EntryPoint\",\"urlTemplate\":\"https:\/\/www.delexodo.com.ar\/?s={search_term_string}\"},\"query-input\":{\"@type\":\"PropertyValueSpecification\",\"valueRequired\":true,\"valueName\":\"search_term_string\"}}],\"inLanguage\":\"es\"},{\"@type\":\"Organization\",\"@id\":\"https:\/\/www.delexodo.com.ar\/#organization\",\"name\":\"Del \u00c9xodo Nogoy\u00e1\",\"url\":\"https:\/\/www.delexodo.com.ar\/\",\"logo\":{\"@type\":\"ImageObject\",\"inLanguage\":\"es\",\"@id\":\"https:\/\/www.delexodo.com.ar\/#\/schema\/logo\/image\/\",\"url\":\"https:\/\/www.delexodo.com.ar\/wp-content\/uploads\/2024\/10\/cropped-cropped-LOGO24.png\",\"contentUrl\":\"https:\/\/www.delexodo.com.ar\/wp-content\/uploads\/2024\/10\/cropped-cropped-LOGO24.png\",\"width\":512,\"height\":349,\"caption\":\"Del \u00c9xodo Nogoy\u00e1\"},\"image\":{\"@id\":\"https:\/\/www.delexodo.com.ar\/#\/schema\/logo\/image\/\"}},{\"@type\":\"Person\",\"@id\":\"https:\/\/www.delexodo.com.ar\/#\/schema\/person\/bbed37f7da8e938660b34f2013ba449d\",\"name\":\"admin\",\"image\":{\"@type\":\"ImageObject\",\"inLanguage\":\"es\",\"@id\":\"https:\/\/www.delexodo.com.ar\/#\/schema\/person\/image\/\",\"url\":\"https:\/\/secure.gravatar.com\/avatar\/6b1558d1b6df085f1901bd5bd98523d7?s=96&d=mm&r=g\",\"contentUrl\":\"https:\/\/secure.gravatar.com\/avatar\/6b1558d1b6df085f1901bd5bd98523d7?s=96&d=mm&r=g\",\"caption\":\"admin\"},\"url\":\"https:\/\/www.delexodo.com.ar\/?author=1\"}]}<\/script>\n<!-- \/ Yoast SEO plugin. -->","yoast_head_json":{"title":"MAIDANA DELINE\u00d3 ACCIONES CON LOS JEFES COMUNALES DEL DEPARTAMENTO - Del \u00c9xodo Nogoy\u00e1","robots":{"index":"index","follow":"follow","max-snippet":"max-snippet:-1","max-image-preview":"max-image-preview:large","max-video-preview":"max-video-preview:-1"},"canonical":"https:\/\/www.delexodo.com.ar\/?p=8272","og_locale":"es_ES","og_type":"article","og_title":"MAIDANA DELINE\u00d3 ACCIONES CON LOS JEFES COMUNALES DEL DEPARTAMENTO - Del \u00c9xodo Nogoy\u00e1","og_description":"La legisladora provincial por el departamento Nogoy\u00e1, Dra. Flavia Maidana, encabez\u00f3 el jueves un encuentro de trabajo junto a Adriana&hellip;","og_url":"https:\/\/www.delexodo.com.ar\/?p=8272","og_site_name":"Del \u00c9xodo Nogoy\u00e1","article_published_time":"2021-05-15T00:08:15+00:00","og_image":[{"width":929,"height":460,"url":"https:\/\/www.delexodo.com.ar\/wp-content\/uploads\/2021\/05\/MAIDANA-DPTO-PORTADA.jpeg","type":"image\/jpeg"}],"author":"admin","twitter_card":"summary_large_image","twitter_misc":{"Escrito por":"admin","Tiempo de lectura":"1 minuto"},"schema":{"@context":"https:\/\/schema.org","@graph":[{"@type":"Article","@id":"https:\/\/www.delexodo.com.ar\/?p=8272#article","isPartOf":{"@id":"https:\/\/www.delexodo.com.ar\/?p=8272"},"author":{"name":"admin","@id":"https:\/\/www.delexodo.com.ar\/#\/schema\/person\/bbed37f7da8e938660b34f2013ba449d"},"headline":"MAIDANA DELINE\u00d3 ACCIONES CON LOS JEFES COMUNALES DEL DEPARTAMENTO","datePublished":"2021-05-15T00:08:15+00:00","mainEntityOfPage":{"@id":"https:\/\/www.delexodo.com.ar\/?p=8272"},"wordCount":179,"publisher":{"@id":"https:\/\/www.delexodo.com.ar\/#organization"},"image":{"@id":"https:\/\/www.delexodo.com.ar\/?p=8272#primaryimage"},"thumbnailUrl":"https:\/\/www.delexodo.com.ar\/wp-content\/uploads\/2021\/05\/MAIDANA-DPTO-PORTADA.jpeg","articleSection":["Destacados","Nogoya","NOTICIAS","Politica"],"inLanguage":"es"},{"@type":"WebPage","@id":"https:\/\/www.delexodo.com.ar\/?p=8272","url":"https:\/\/www.delexodo.com.ar\/?p=8272","name":"MAIDANA DELINE\u00d3 ACCIONES CON LOS JEFES COMUNALES DEL DEPARTAMENTO - Del \u00c9xodo Nogoy\u00e1","isPartOf":{"@id":"https:\/\/www.delexodo.com.ar\/#website"},"primaryImageOfPage":{"@id":"https:\/\/www.delexodo.com.ar\/?p=8272#primaryimage"},"image":{"@id":"https:\/\/www.delexodo.com.ar\/?p=8272#primaryimage"},"thumbnailUrl":"https:\/\/www.delexodo.com.ar\/wp-content\/uploads\/2021\/05\/MAIDANA-DPTO-PORTADA.jpeg","datePublished":"2021-05-15T00:08:15+00:00","breadcrumb":{"@id":"https:\/\/www.delexodo.com.ar\/?p=8272#breadcrumb"},"inLanguage":"es","potentialAction":[{"@type":"ReadAction","target":["https:\/\/www.delexodo.com.ar\/?p=8272"]}]},{"@type":"ImageObject","inLanguage":"es","@id":"https:\/\/www.delexodo.com.ar\/?p=8272#primaryimage","url":"https:\/\/www.delexodo.com.ar\/wp-content\/uploads\/2021\/05\/MAIDANA-DPTO-PORTADA.jpeg","contentUrl":"https:\/\/www.delexodo.com.ar\/wp-content\/uploads\/2021\/05\/MAIDANA-DPTO-PORTADA.jpeg","width":929,"height":460},{"@type":"BreadcrumbList","@id":"https:\/\/www.delexodo.com.ar\/?p=8272#breadcrumb","itemListElement":[{"@type":"ListItem","position":1,"name":"Portada","item":"https:\/\/www.delexodo.com.ar\/"},{"@type":"ListItem","position":2,"name":"MAIDANA DELINE\u00d3 ACCIONES CON LOS JEFES COMUNALES DEL DEPARTAMENTO"}]},{"@type":"WebSite","@id":"https:\/\/www.delexodo.com.ar\/#website","url":"https:\/\/www.delexodo.com.ar\/","name":"Del \u00c9xodo Nogoy\u00e1","description":"El Portal de Noticias de la Regi\u00f3n","publisher":{"@id":"https:\/\/www.delexodo.com.ar\/#organization"},"potentialAction":[{"@type":"SearchAction","target":{"@type":"EntryPoint","urlTemplate":"https:\/\/www.delexodo.com.ar\/?s={search_term_string}"},"query-input":{"@type":"PropertyValueSpecification","valueRequired":true,"valueName":"search_term_string"}}],"inLanguage":"es"},{"@type":"Organization","@id":"https:\/\/www.delexodo.com.ar\/#organization","name":"Del \u00c9xodo Nogoy\u00e1","url":"https:\/\/www.delexodo.com.ar\/","logo":{"@type":"ImageObject","inLanguage":"es","@id":"https:\/\/www.delexodo.com.ar\/#\/schema\/logo\/image\/","url":"https:\/\/www.delexodo.com.ar\/wp-content\/uploads\/2024\/10\/cropped-cropped-LOGO24.png","contentUrl":"https:\/\/www.delexodo.com.ar\/wp-content\/uploads\/2024\/10\/cropped-cropped-LOGO24.png","width":512,"height":349,"caption":"Del \u00c9xodo Nogoy\u00e1"},"image":{"@id":"https:\/\/www.delexodo.com.ar\/#\/schema\/logo\/image\/"}},{"@type":"Person","@id":"https:\/\/www.delexodo.com.ar\/#\/schema\/person\/bbed37f7da8e938660b34f2013ba449d","name":"admin","image":{"@type":"ImageObject","inLanguage":"es","@id":"https:\/\/www.delexodo.com.ar\/#\/schema\/person\/image\/","url":"https:\/\/secure.gravatar.com\/avatar\/6b1558d1b6df085f1901bd5bd98523d7?s=96&d=mm&r=g","contentUrl":"https:\/\/secure.gravatar.com\/avatar\/6b1558d1b6df085f1901bd5bd98523d7?s=96&d=mm&r=g","caption":"admin"},"url":"https:\/\/www.delexodo.com.ar\/?author=1"}]}},"_links":{"self":[{"href":"https:\/\/www.delexodo.com.ar\/index.php?rest_route=\/wp\/v2\/posts\/8272","targetHints":{"allow":["GET"]}}],"collection":[{"href":"https:\/\/www.delexodo.com.ar\/index.php?rest_route=\/wp\/v2\/posts"}],"about":[{"href":"https:\/\/www.delexodo.com.ar\/index.php?rest_route=\/wp\/v2\/types\/post"}],"author":[{"embeddable":true,"href":"https:\/\/www.delexodo.com.ar\/index.php?rest_route=\/wp\/v2\/users\/1"}],"replies":[{"embeddable":true,"href":"https:\/\/www.delexodo.com.ar\/index.php?rest_route=%2Fwp%2Fv2%2Fcomments&post=8272"}],"version-history":[{"count":0,"href":"https:\/\/www.delexodo.com.ar\/index.php?rest_route=\/wp\/v2\/posts\/8272\/revisions"}],"wp:featuredmedia":[{"embeddable":true,"href":"https:\/\/www.delexodo.com.ar\/index.php?rest_route=\/wp\/v2\/media\/8273"}],"wp:attachment":[{"href":"https:\/\/www.delexodo.com.ar\/index.php?rest_route=%2Fwp%2Fv2%2Fmedia&parent=8272"}],"wp:term":[{"taxonomy":"category","embeddable":true,"href":"https:\/\/www.delexodo.com.ar\/index.php?rest_route=%2Fwp%2Fv2%2Fcategories&post=8272"},{"taxonomy":"post_tag","embeddable":true,"href":"https:\/\/www.delexodo.com.ar\/index.php?rest_route=%2Fwp%2Fv2%2Ftags&post=8272"}],"curies":[{"name":"wp","href":"https:\/\/api.w.org\/{rel}","templated":true}]}}