{"id":8264,"date":"2021-05-14T20:58:18","date_gmt":"2021-05-14T23:58:18","guid":{"rendered":"http:\/\/www.delexodo.com.ar\/?p=8264"},"modified":"2021-05-14T20:59:56","modified_gmt":"2021-05-14T23:59:56","slug":"marcio-facello-estoy-muy-feliz-de-poder-volver","status":"publish","type":"post","link":"https:\/\/www.delexodo.com.ar\/?p=8264","title":{"rendered":"MARCIO FACELLO: \u201cESTOY MUY FELIZ DE PODER VOLVER\u201d"},"content":{"rendered":"\n<p>A d\u00edas de haber anunciado en su red social de facebook el retorno a la pista en la Formula3 Metropolitana, <strong>Marcio Facello<\/strong> nos dio ingreso a boxes para conocer el renovado auto que lo acompa\u00f1ar\u00e1 en este 2021.<\/p>\n\n\n\n<figure class=\"wp-block-embed is-type-video is-provider-youtube wp-block-embed-youtube wp-embed-aspect-16-9 wp-has-aspect-ratio\"><div class=\"wp-block-embed__wrapper\">\n<iframe loading=\"lazy\" title=\"#ENTREVISTA - MARCIO FACELLO Piloto de Formula3 Metropolitana\" width=\"500\" height=\"281\" src=\"https:\/\/www.youtube.com\/embed\/3_0x3CBeMsc?feature=oembed\" frameborder=\"0\" allow=\"accelerometer; autoplay; clipboard-write; encrypted-media; gyroscope; picture-in-picture; web-share\" referrerpolicy=\"strict-origin-when-cross-origin\" allowfullscreen><\/iframe>\n<\/div><\/figure>\n\n\n\n<p><em>\u201cDesde el 2019 que estaba en inactividad, corrimos en f\u00f3rmula en el a\u00f1o 2018, luego por temas personales dejamos la competencia en 2019 y en 2020 por la pandemia no estuvimos en carrera\u201d<\/em>, comenz\u00f3 contando el joven piloto y agreg\u00f3, <em>\u201cestoy muy feliz de poder volver, ingresamos un poco tarde a la categor\u00eda pero quer\u00edamos cumplir el objetivo de volver\u201d<\/em>.<\/p>\n\n\n\n<div class=\"wp-block-image\"><figure class=\"alignleft size-large is-resized\"><img loading=\"lazy\" decoding=\"async\" src=\"https:\/\/www.delexodo.com.ar\/wp-content\/uploads\/2021\/05\/MARCIO-AUTO.jpg\" alt=\"\" class=\"wp-image-8265\" width=\"302\" height=\"425\" srcset=\"https:\/\/www.delexodo.com.ar\/wp-content\/uploads\/2021\/05\/MARCIO-AUTO.jpg 513w, https:\/\/www.delexodo.com.ar\/wp-content\/uploads\/2021\/05\/MARCIO-AUTO-213x300.jpg 213w\" sizes=\"auto, (max-width: 302px) 100vw, 302px\" \/><\/figure><\/div>\n\n\n\n<p><em>\u201cEl auto es el mismo de hace dos a\u00f1os, se cambiaron los planos de la trompa y del aler\u00f3n trasero por reglamento que le dan m\u00e1s velocidad, as\u00ed que tendremos que adaptarnos a estas modificaciones y conocer el auto\u201d<\/em> nos cont\u00f3 Marcio destacando que la gente va a notar es el cambio de dise\u00f1o del veh\u00edculo en cuanto a los colores como as\u00ed que la pr\u00f3xima semana, (por el jueves 20), tal vez estar\u00e1n probando el auto en una prueba particular para ingresar en las pruebas oficiales del d\u00eda viernes.<\/p>\n\n\n\n<p>Marci\u00f3 manifest\u00f3 estar con muchas ganas y agradecido por poder volver; <em>\u201ccomo principal objetivo tengo para esta primera fecha volver con el auto entero y con un buen resultado\u201d<\/em> y agreg\u00f3 que <em>\u201chace dos a\u00f1os que estoy sin subirme a un auto, esperemos entrar en ritmo r\u00e1pidamente\u201d<\/em>.<\/p>\n\n\n\n<div class=\"wp-block-image\"><figure class=\"alignright size-large is-resized\"><img loading=\"lazy\" decoding=\"async\" src=\"https:\/\/www.delexodo.com.ar\/wp-content\/uploads\/2021\/05\/MARCIO-AUTO-1.jpg\" alt=\"\" class=\"wp-image-8266\" width=\"319\" height=\"421\" srcset=\"https:\/\/www.delexodo.com.ar\/wp-content\/uploads\/2021\/05\/MARCIO-AUTO-1.jpg 440w, https:\/\/www.delexodo.com.ar\/wp-content\/uploads\/2021\/05\/MARCIO-AUTO-1-228x300.jpg 228w\" sizes=\"auto, (max-width: 319px) 100vw, 319px\" \/><\/figure><\/div>\n\n\n\n<p><em>\u201cHacemos todo en familia, mi viejo y mi hermano arman el auto. Mi hermano hizo la pintura, mi viejo la mec\u00e1nica y el resto es todo familiar, mi hermana y mi vieja tambi\u00e9n colaborando siempre\u201d<\/em> nos relat\u00f3 respecto al trabajo que les demanda volver y estar en carrera.<\/p>\n\n\n\n<p><em>\u201cHoy los costos son muy elevados, han cambiado a la \u00faltima vez que estuvimos en competencia. Trabajamos de otra manera y alcanzamos el presupuesto para estar en la pr\u00f3xima fecha. Sin dudas que cuesta mucho, los repuestos y el viaje no son f\u00e1ciles de solventar\u201d<\/em>.<\/p>\n\n\n\n<div class=\"wp-block-image\"><figure class=\"alignleft size-large is-resized\"><img loading=\"lazy\" decoding=\"async\" src=\"https:\/\/www.delexodo.com.ar\/wp-content\/uploads\/2021\/05\/MotorHome-1024x627.jpg\" alt=\"\" class=\"wp-image-8267\" width=\"317\" height=\"194\" srcset=\"https:\/\/www.delexodo.com.ar\/wp-content\/uploads\/2021\/05\/MotorHome-1024x627.jpg 1024w, https:\/\/www.delexodo.com.ar\/wp-content\/uploads\/2021\/05\/MotorHome-300x184.jpg 300w, https:\/\/www.delexodo.com.ar\/wp-content\/uploads\/2021\/05\/MotorHome-768x470.jpg 768w, https:\/\/www.delexodo.com.ar\/wp-content\/uploads\/2021\/05\/MotorHome.jpg 1166w\" sizes=\"auto, (max-width: 317px) 100vw, 317px\" \/><\/figure><\/div>\n\n\n\n<p><em>\u201cEn 2019 \u00edbamos en el colectivo de unos familiares y luego nos quedamos sin ese veh\u00edculo y quedamos a pata, adquirimos un colectivo de pasajeros y durante dos a\u00f1os fuimos trabajando para convertirlo en casa rodante y poder llevar el auto a las competencias\u201d<\/em>.<\/p>\n\n\n\n<p><strong><em>La primera fecha tiene un gran significado, terminamos el auto y terminamos el colectivo.<\/em><\/strong><\/p>\n\n\n\n<p>La categor\u00eda ha cambiado mucho, cuenta con el doble de autos que cuando Facello dej\u00f3 de competir y en ese escenario es donde quieren girar un poco y saber d\u00f3nde est\u00e1n parados.<\/p>\n\n\n\n<div class=\"wp-block-image\"><figure class=\"aligncenter size-large\"><img loading=\"lazy\" decoding=\"async\" width=\"593\" height=\"438\" src=\"https:\/\/www.delexodo.com.ar\/wp-content\/uploads\/2021\/05\/MARCIO-AUTO1.jpg\" alt=\"\" class=\"wp-image-8268\" srcset=\"https:\/\/www.delexodo.com.ar\/wp-content\/uploads\/2021\/05\/MARCIO-AUTO1.jpg 593w, https:\/\/www.delexodo.com.ar\/wp-content\/uploads\/2021\/05\/MARCIO-AUTO1-300x222.jpg 300w\" sizes=\"auto, (max-width: 593px) 100vw, 593px\" \/><\/figure><\/div>\n\n\n\n<p><\/p>\n","protected":false},"excerpt":{"rendered":"<p>A d\u00edas de haber anunciado en su red social de facebook el retorno a la pista en la Formula3 Metropolitana,&hellip;<\/p>\n","protected":false},"author":1,"featured_media":8269,"comment_status":"closed","ping_status":"closed","sticky":false,"template":"","format":"standard","meta":{"_joinchat":[],"footnotes":""},"categories":[353,65,1,69],"tags":[345],"class_list":["post-8264","post","type-post","status-publish","format-standard","has-post-thumbnail","hentry","category-deportes","category-destacados","category-sincategoria","category-noticias","tag-destacar"],"yoast_head":"<!-- This site is optimized with the Yoast SEO plugin v25.1 - https:\/\/yoast.com\/wordpress\/plugins\/seo\/ -->\n<title>MARCIO FACELLO: \u201cESTOY MUY FELIZ DE PODER VOLVER\u201d - Del \u00c9xodo Nogoy\u00e1<\/title>\n<meta name=\"robots\" content=\"index, follow, max-snippet:-1, max-image-preview:large, max-video-preview:-1\" \/>\n<link rel=\"canonical\" href=\"https:\/\/www.delexodo.com.ar\/?p=8264\" \/>\n<meta property=\"og:locale\" content=\"es_ES\" \/>\n<meta property=\"og:type\" content=\"article\" \/>\n<meta property=\"og:title\" content=\"MARCIO FACELLO: \u201cESTOY MUY FELIZ DE PODER VOLVER\u201d - Del \u00c9xodo Nogoy\u00e1\" \/>\n<meta property=\"og:description\" content=\"A d\u00edas de haber anunciado en su red social de facebook el retorno a la pista en la Formula3 Metropolitana,&hellip;\" \/>\n<meta property=\"og:url\" content=\"https:\/\/www.delexodo.com.ar\/?p=8264\" \/>\n<meta property=\"og:site_name\" content=\"Del \u00c9xodo Nogoy\u00e1\" \/>\n<meta property=\"article:published_time\" content=\"2021-05-14T23:58:18+00:00\" \/>\n<meta property=\"article:modified_time\" content=\"2021-05-14T23:59:56+00:00\" \/>\n<meta property=\"og:image\" content=\"https:\/\/www.delexodo.com.ar\/wp-content\/uploads\/2021\/05\/MARCIO-PORTADA.jpg\" \/>\n\t<meta property=\"og:image:width\" content=\"956\" \/>\n\t<meta property=\"og:image:height\" content=\"709\" \/>\n\t<meta property=\"og:image:type\" content=\"image\/jpeg\" \/>\n<meta name=\"author\" content=\"admin\" \/>\n<meta name=\"twitter:card\" content=\"summary_large_image\" \/>\n<meta name=\"twitter:label1\" content=\"Escrito por\" \/>\n\t<meta name=\"twitter:data1\" content=\"admin\" \/>\n\t<meta name=\"twitter:label2\" content=\"Tiempo de lectura\" \/>\n\t<meta name=\"twitter:data2\" content=\"2 minutos\" \/>\n<script type=\"application\/ld+json\" class=\"yoast-schema-graph\">{\"@context\":\"https:\/\/schema.org\",\"@graph\":[{\"@type\":\"Article\",\"@id\":\"https:\/\/www.delexodo.com.ar\/?p=8264#article\",\"isPartOf\":{\"@id\":\"https:\/\/www.delexodo.com.ar\/?p=8264\"},\"author\":{\"name\":\"admin\",\"@id\":\"https:\/\/www.delexodo.com.ar\/#\/schema\/person\/bbed37f7da8e938660b34f2013ba449d\"},\"headline\":\"MARCIO FACELLO: \u201cESTOY MUY FELIZ DE PODER VOLVER\u201d\",\"datePublished\":\"2021-05-14T23:58:18+00:00\",\"dateModified\":\"2021-05-14T23:59:56+00:00\",\"mainEntityOfPage\":{\"@id\":\"https:\/\/www.delexodo.com.ar\/?p=8264\"},\"wordCount\":452,\"publisher\":{\"@id\":\"https:\/\/www.delexodo.com.ar\/#organization\"},\"image\":{\"@id\":\"https:\/\/www.delexodo.com.ar\/?p=8264#primaryimage\"},\"thumbnailUrl\":\"https:\/\/www.delexodo.com.ar\/wp-content\/uploads\/2021\/05\/MARCIO-PORTADA.jpg\",\"keywords\":[\"destacar\"],\"articleSection\":[\"Deportes\",\"Destacados\",\"Nogoya\",\"NOTICIAS\"],\"inLanguage\":\"es\"},{\"@type\":\"WebPage\",\"@id\":\"https:\/\/www.delexodo.com.ar\/?p=8264\",\"url\":\"https:\/\/www.delexodo.com.ar\/?p=8264\",\"name\":\"MARCIO FACELLO: \u201cESTOY MUY FELIZ DE PODER VOLVER\u201d - Del \u00c9xodo Nogoy\u00e1\",\"isPartOf\":{\"@id\":\"https:\/\/www.delexodo.com.ar\/#website\"},\"primaryImageOfPage\":{\"@id\":\"https:\/\/www.delexodo.com.ar\/?p=8264#primaryimage\"},\"image\":{\"@id\":\"https:\/\/www.delexodo.com.ar\/?p=8264#primaryimage\"},\"thumbnailUrl\":\"https:\/\/www.delexodo.com.ar\/wp-content\/uploads\/2021\/05\/MARCIO-PORTADA.jpg\",\"datePublished\":\"2021-05-14T23:58:18+00:00\",\"dateModified\":\"2021-05-14T23:59:56+00:00\",\"breadcrumb\":{\"@id\":\"https:\/\/www.delexodo.com.ar\/?p=8264#breadcrumb\"},\"inLanguage\":\"es\",\"potentialAction\":[{\"@type\":\"ReadAction\",\"target\":[\"https:\/\/www.delexodo.com.ar\/?p=8264\"]}]},{\"@type\":\"ImageObject\",\"inLanguage\":\"es\",\"@id\":\"https:\/\/www.delexodo.com.ar\/?p=8264#primaryimage\",\"url\":\"https:\/\/www.delexodo.com.ar\/wp-content\/uploads\/2021\/05\/MARCIO-PORTADA.jpg\",\"contentUrl\":\"https:\/\/www.delexodo.com.ar\/wp-content\/uploads\/2021\/05\/MARCIO-PORTADA.jpg\",\"width\":956,\"height\":709},{\"@type\":\"BreadcrumbList\",\"@id\":\"https:\/\/www.delexodo.com.ar\/?p=8264#breadcrumb\",\"itemListElement\":[{\"@type\":\"ListItem\",\"position\":1,\"name\":\"Portada\",\"item\":\"https:\/\/www.delexodo.com.ar\/\"},{\"@type\":\"ListItem\",\"position\":2,\"name\":\"MARCIO FACELLO: \u201cESTOY MUY FELIZ DE PODER VOLVER\u201d\"}]},{\"@type\":\"WebSite\",\"@id\":\"https:\/\/www.delexodo.com.ar\/#website\",\"url\":\"https:\/\/www.delexodo.com.ar\/\",\"name\":\"Del \u00c9xodo Nogoy\u00e1\",\"description\":\"El Portal de Noticias de la Regi\u00f3n\",\"publisher\":{\"@id\":\"https:\/\/www.delexodo.com.ar\/#organization\"},\"potentialAction\":[{\"@type\":\"SearchAction\",\"target\":{\"@type\":\"EntryPoint\",\"urlTemplate\":\"https:\/\/www.delexodo.com.ar\/?s={search_term_string}\"},\"query-input\":{\"@type\":\"PropertyValueSpecification\",\"valueRequired\":true,\"valueName\":\"search_term_string\"}}],\"inLanguage\":\"es\"},{\"@type\":\"Organization\",\"@id\":\"https:\/\/www.delexodo.com.ar\/#organization\",\"name\":\"Del \u00c9xodo Nogoy\u00e1\",\"url\":\"https:\/\/www.delexodo.com.ar\/\",\"logo\":{\"@type\":\"ImageObject\",\"inLanguage\":\"es\",\"@id\":\"https:\/\/www.delexodo.com.ar\/#\/schema\/logo\/image\/\",\"url\":\"https:\/\/www.delexodo.com.ar\/wp-content\/uploads\/2024\/10\/cropped-cropped-LOGO24.png\",\"contentUrl\":\"https:\/\/www.delexodo.com.ar\/wp-content\/uploads\/2024\/10\/cropped-cropped-LOGO24.png\",\"width\":512,\"height\":349,\"caption\":\"Del \u00c9xodo Nogoy\u00e1\"},\"image\":{\"@id\":\"https:\/\/www.delexodo.com.ar\/#\/schema\/logo\/image\/\"}},{\"@type\":\"Person\",\"@id\":\"https:\/\/www.delexodo.com.ar\/#\/schema\/person\/bbed37f7da8e938660b34f2013ba449d\",\"name\":\"admin\",\"image\":{\"@type\":\"ImageObject\",\"inLanguage\":\"es\",\"@id\":\"https:\/\/www.delexodo.com.ar\/#\/schema\/person\/image\/\",\"url\":\"https:\/\/secure.gravatar.com\/avatar\/6b1558d1b6df085f1901bd5bd98523d7?s=96&d=mm&r=g\",\"contentUrl\":\"https:\/\/secure.gravatar.com\/avatar\/6b1558d1b6df085f1901bd5bd98523d7?s=96&d=mm&r=g\",\"caption\":\"admin\"},\"url\":\"https:\/\/www.delexodo.com.ar\/?author=1\"}]}<\/script>\n<!-- \/ Yoast SEO plugin. -->","yoast_head_json":{"title":"MARCIO FACELLO: \u201cESTOY MUY FELIZ DE PODER VOLVER\u201d - Del \u00c9xodo Nogoy\u00e1","robots":{"index":"index","follow":"follow","max-snippet":"max-snippet:-1","max-image-preview":"max-image-preview:large","max-video-preview":"max-video-preview:-1"},"canonical":"https:\/\/www.delexodo.com.ar\/?p=8264","og_locale":"es_ES","og_type":"article","og_title":"MARCIO FACELLO: \u201cESTOY MUY FELIZ DE PODER VOLVER\u201d - Del \u00c9xodo Nogoy\u00e1","og_description":"A d\u00edas de haber anunciado en su red social de facebook el retorno a la pista en la Formula3 Metropolitana,&hellip;","og_url":"https:\/\/www.delexodo.com.ar\/?p=8264","og_site_name":"Del \u00c9xodo Nogoy\u00e1","article_published_time":"2021-05-14T23:58:18+00:00","article_modified_time":"2021-05-14T23:59:56+00:00","og_image":[{"width":956,"height":709,"url":"https:\/\/www.delexodo.com.ar\/wp-content\/uploads\/2021\/05\/MARCIO-PORTADA.jpg","type":"image\/jpeg"}],"author":"admin","twitter_card":"summary_large_image","twitter_misc":{"Escrito por":"admin","Tiempo de lectura":"2 minutos"},"schema":{"@context":"https:\/\/schema.org","@graph":[{"@type":"Article","@id":"https:\/\/www.delexodo.com.ar\/?p=8264#article","isPartOf":{"@id":"https:\/\/www.delexodo.com.ar\/?p=8264"},"author":{"name":"admin","@id":"https:\/\/www.delexodo.com.ar\/#\/schema\/person\/bbed37f7da8e938660b34f2013ba449d"},"headline":"MARCIO FACELLO: \u201cESTOY MUY FELIZ DE PODER VOLVER\u201d","datePublished":"2021-05-14T23:58:18+00:00","dateModified":"2021-05-14T23:59:56+00:00","mainEntityOfPage":{"@id":"https:\/\/www.delexodo.com.ar\/?p=8264"},"wordCount":452,"publisher":{"@id":"https:\/\/www.delexodo.com.ar\/#organization"},"image":{"@id":"https:\/\/www.delexodo.com.ar\/?p=8264#primaryimage"},"thumbnailUrl":"https:\/\/www.delexodo.com.ar\/wp-content\/uploads\/2021\/05\/MARCIO-PORTADA.jpg","keywords":["destacar"],"articleSection":["Deportes","Destacados","Nogoya","NOTICIAS"],"inLanguage":"es"},{"@type":"WebPage","@id":"https:\/\/www.delexodo.com.ar\/?p=8264","url":"https:\/\/www.delexodo.com.ar\/?p=8264","name":"MARCIO FACELLO: \u201cESTOY MUY FELIZ DE PODER VOLVER\u201d - Del \u00c9xodo Nogoy\u00e1","isPartOf":{"@id":"https:\/\/www.delexodo.com.ar\/#website"},"primaryImageOfPage":{"@id":"https:\/\/www.delexodo.com.ar\/?p=8264#primaryimage"},"image":{"@id":"https:\/\/www.delexodo.com.ar\/?p=8264#primaryimage"},"thumbnailUrl":"https:\/\/www.delexodo.com.ar\/wp-content\/uploads\/2021\/05\/MARCIO-PORTADA.jpg","datePublished":"2021-05-14T23:58:18+00:00","dateModified":"2021-05-14T23:59:56+00:00","breadcrumb":{"@id":"https:\/\/www.delexodo.com.ar\/?p=8264#breadcrumb"},"inLanguage":"es","potentialAction":[{"@type":"ReadAction","target":["https:\/\/www.delexodo.com.ar\/?p=8264"]}]},{"@type":"ImageObject","inLanguage":"es","@id":"https:\/\/www.delexodo.com.ar\/?p=8264#primaryimage","url":"https:\/\/www.delexodo.com.ar\/wp-content\/uploads\/2021\/05\/MARCIO-PORTADA.jpg","contentUrl":"https:\/\/www.delexodo.com.ar\/wp-content\/uploads\/2021\/05\/MARCIO-PORTADA.jpg","width":956,"height":709},{"@type":"BreadcrumbList","@id":"https:\/\/www.delexodo.com.ar\/?p=8264#breadcrumb","itemListElement":[{"@type":"ListItem","position":1,"name":"Portada","item":"https:\/\/www.delexodo.com.ar\/"},{"@type":"ListItem","position":2,"name":"MARCIO FACELLO: \u201cESTOY MUY FELIZ DE PODER VOLVER\u201d"}]},{"@type":"WebSite","@id":"https:\/\/www.delexodo.com.ar\/#website","url":"https:\/\/www.delexodo.com.ar\/","name":"Del \u00c9xodo Nogoy\u00e1","description":"El Portal de Noticias de la Regi\u00f3n","publisher":{"@id":"https:\/\/www.delexodo.com.ar\/#organization"},"potentialAction":[{"@type":"SearchAction","target":{"@type":"EntryPoint","urlTemplate":"https:\/\/www.delexodo.com.ar\/?s={search_term_string}"},"query-input":{"@type":"PropertyValueSpecification","valueRequired":true,"valueName":"search_term_string"}}],"inLanguage":"es"},{"@type":"Organization","@id":"https:\/\/www.delexodo.com.ar\/#organization","name":"Del \u00c9xodo Nogoy\u00e1","url":"https:\/\/www.delexodo.com.ar\/","logo":{"@type":"ImageObject","inLanguage":"es","@id":"https:\/\/www.delexodo.com.ar\/#\/schema\/logo\/image\/","url":"https:\/\/www.delexodo.com.ar\/wp-content\/uploads\/2024\/10\/cropped-cropped-LOGO24.png","contentUrl":"https:\/\/www.delexodo.com.ar\/wp-content\/uploads\/2024\/10\/cropped-cropped-LOGO24.png","width":512,"height":349,"caption":"Del \u00c9xodo Nogoy\u00e1"},"image":{"@id":"https:\/\/www.delexodo.com.ar\/#\/schema\/logo\/image\/"}},{"@type":"Person","@id":"https:\/\/www.delexodo.com.ar\/#\/schema\/person\/bbed37f7da8e938660b34f2013ba449d","name":"admin","image":{"@type":"ImageObject","inLanguage":"es","@id":"https:\/\/www.delexodo.com.ar\/#\/schema\/person\/image\/","url":"https:\/\/secure.gravatar.com\/avatar\/6b1558d1b6df085f1901bd5bd98523d7?s=96&d=mm&r=g","contentUrl":"https:\/\/secure.gravatar.com\/avatar\/6b1558d1b6df085f1901bd5bd98523d7?s=96&d=mm&r=g","caption":"admin"},"url":"https:\/\/www.delexodo.com.ar\/?author=1"}]}},"_links":{"self":[{"href":"https:\/\/www.delexodo.com.ar\/index.php?rest_route=\/wp\/v2\/posts\/8264","targetHints":{"allow":["GET"]}}],"collection":[{"href":"https:\/\/www.delexodo.com.ar\/index.php?rest_route=\/wp\/v2\/posts"}],"about":[{"href":"https:\/\/www.delexodo.com.ar\/index.php?rest_route=\/wp\/v2\/types\/post"}],"author":[{"embeddable":true,"href":"https:\/\/www.delexodo.com.ar\/index.php?rest_route=\/wp\/v2\/users\/1"}],"replies":[{"embeddable":true,"href":"https:\/\/www.delexodo.com.ar\/index.php?rest_route=%2Fwp%2Fv2%2Fcomments&post=8264"}],"version-history":[{"count":0,"href":"https:\/\/www.delexodo.com.ar\/index.php?rest_route=\/wp\/v2\/posts\/8264\/revisions"}],"wp:featuredmedia":[{"embeddable":true,"href":"https:\/\/www.delexodo.com.ar\/index.php?rest_route=\/wp\/v2\/media\/8269"}],"wp:attachment":[{"href":"https:\/\/www.delexodo.com.ar\/index.php?rest_route=%2Fwp%2Fv2%2Fmedia&parent=8264"}],"wp:term":[{"taxonomy":"category","embeddable":true,"href":"https:\/\/www.delexodo.com.ar\/index.php?rest_route=%2Fwp%2Fv2%2Fcategories&post=8264"},{"taxonomy":"post_tag","embeddable":true,"href":"https:\/\/www.delexodo.com.ar\/index.php?rest_route=%2Fwp%2Fv2%2Ftags&post=8264"}],"curies":[{"name":"wp","href":"https:\/\/api.w.org\/{rel}","templated":true}]}}