{"id":8257,"date":"2021-05-11T21:05:24","date_gmt":"2021-05-12T00:05:24","guid":{"rendered":"http:\/\/www.delexodo.com.ar\/?p=8257"},"modified":"2021-05-11T21:05:26","modified_gmt":"2021-05-12T00:05:26","slug":"vicentin-un-jugador-de-seleccion","status":"publish","type":"post","link":"https:\/\/www.delexodo.com.ar\/?p=8257","title":{"rendered":"VICENT\u00cdN, UN JUGADOR DE SELECCI\u00d3N"},"content":{"rendered":"\n<p>Por <strong>Gonzalo Cornago<\/strong><\/p>\n\n\n\n<p>El paranaense, <strong>Luciano Vicentin<\/strong>, el punta surgido en Argentinos Juniors, Paracao, ex River Plate y actual jugador del BBTS Bielsko-Biala de la Liga Polaca habl\u00f3 con Zona Mixta por FM Del \u00c9xodo 88.5 sobre su primer temporada en Europa, los objetivos con el seleccionado argentino y mucho m\u00e1s:<\/p>\n\n\n\n<div class=\"wp-block-image\"><figure class=\"alignleft size-large is-resized\"><img loading=\"lazy\" decoding=\"async\" src=\"https:\/\/www.delexodo.com.ar\/wp-content\/uploads\/2021\/05\/Luciano-Vicentin-BBTS.jpg\" alt=\"\" class=\"wp-image-8259\" width=\"332\" height=\"247\" srcset=\"https:\/\/www.delexodo.com.ar\/wp-content\/uploads\/2021\/05\/Luciano-Vicentin-BBTS.jpg 485w, https:\/\/www.delexodo.com.ar\/wp-content\/uploads\/2021\/05\/Luciano-Vicentin-BBTS-300x223.jpg 300w\" sizes=\"auto, (max-width: 332px) 100vw, 332px\" \/><\/figure><\/div>\n\n\n\n<p><em>\u201cEl idioma fue lo que m\u00e1s me cost\u00f3 en la adaptaci\u00f3n, el polaco es muy dif\u00edcil. Fui mejorando mi ingles antes de venir, porque todos lo manejan de la mejor manera y sab\u00eda que iba a ser la forma de comunicarme. El club me pagaba las clases de polaco y aprend\u00ed lo b\u00e1sico. Iba todos los lunes y al estar rodeado de gente que hablaba el idioma lo iba implementando, no lo entiendo a la perfecci\u00f3n, pero me defiendo\u201d<\/em><\/p>\n\n\n\n<p><em>\u201cSiempre so\u00f1\u00e9 con esto, pero cuando era chico no lo tomaba como un trabajo. Pasaba m\u00e1s tiempo jugando al futbol que al v\u00f3ley. A los 16 tuve que elegir y me decid\u00ed por el v\u00f3ley porque ya hab\u00eda formado parte de la selecci\u00f3n. Cuando termin\u00e9 el secundario me fui a estudiar a Bs As y ah\u00ed ya supe que esto ser\u00eda mi medio de vida\u201d<\/em><\/p>\n\n\n\n<div class=\"wp-block-image\"><figure class=\"alignright size-large is-resized\"><img loading=\"lazy\" decoding=\"async\" src=\"https:\/\/www.delexodo.com.ar\/wp-content\/uploads\/2021\/05\/L-Vice-ata.jpg\" alt=\"\" class=\"wp-image-8261\" width=\"321\" height=\"180\" srcset=\"https:\/\/www.delexodo.com.ar\/wp-content\/uploads\/2021\/05\/L-Vice-ata.jpg 959w, https:\/\/www.delexodo.com.ar\/wp-content\/uploads\/2021\/05\/L-Vice-ata-300x169.jpg 300w, https:\/\/www.delexodo.com.ar\/wp-content\/uploads\/2021\/05\/L-Vice-ata-768x432.jpg 768w\" sizes=\"auto, (max-width: 321px) 100vw, 321px\" \/><\/figure><\/div>\n\n\n\n<p><em>\u201cEl balance es positivo en mi primer temporada en Europa. Ganamos dos copas de la liga, jugu\u00e9 bastante y me dio un roce que me sirvi\u00f3 para mejorar un mont\u00f3n. Todav\u00eda no decidimos si seguiremos la pr\u00f3xima temporada ac\u00e1 o buscaremos otro destino\u201d<\/em><\/p>\n\n\n\n<p><em>\u201cTengo muchos recuerdos de Nogoy\u00e1 porque mis hermanos jugaban tambi\u00e9n al v\u00f3ley y los seleccionados entrerrianos entrenaba siempre ah\u00ed. y pasaban muchos fines de semana con la selecci\u00f3n entrerriana. Despu\u00e9s cuando me toc\u00f3 a m\u00ed, tambi\u00e9n pas\u00e9 mucho tiempo en Nogoy\u00e1 entrenando con la selecci\u00f3n\u201d<\/em><\/p>\n\n\n\n<div class=\"wp-block-image\"><figure class=\"aligncenter size-large\"><img decoding=\"async\" src=\"https:\/\/www.delexodo.com.ar\/wp-content\/uploads\/2021\/05\/Luci-V-pol-1.jpg\" alt=\"\" class=\"wp-image-8262\"\/><\/figure><\/div>\n\n\n\n<p><\/p>\n","protected":false},"excerpt":{"rendered":"<p>Por Gonzalo Cornago El paranaense, Luciano Vicentin, el punta surgido en Argentinos Juniors, Paracao, ex River Plate y actual jugador&hellip;<\/p>\n","protected":false},"author":1,"featured_media":8258,"comment_status":"closed","ping_status":"closed","sticky":false,"template":"","format":"standard","meta":{"_joinchat":[],"footnotes":""},"categories":[353,65,69],"tags":[],"class_list":["post-8257","post","type-post","status-publish","format-standard","has-post-thumbnail","hentry","category-deportes","category-destacados","category-noticias"],"yoast_head":"<!-- This site is optimized with the Yoast SEO plugin v25.1 - https:\/\/yoast.com\/wordpress\/plugins\/seo\/ -->\n<title>VICENT\u00cdN, UN JUGADOR DE SELECCI\u00d3N - Del \u00c9xodo Nogoy\u00e1<\/title>\n<meta name=\"robots\" content=\"index, follow, max-snippet:-1, max-image-preview:large, max-video-preview:-1\" \/>\n<link rel=\"canonical\" href=\"https:\/\/www.delexodo.com.ar\/?p=8257\" \/>\n<meta property=\"og:locale\" content=\"es_ES\" \/>\n<meta property=\"og:type\" content=\"article\" \/>\n<meta property=\"og:title\" content=\"VICENT\u00cdN, UN JUGADOR DE SELECCI\u00d3N - Del \u00c9xodo Nogoy\u00e1\" \/>\n<meta property=\"og:description\" content=\"Por Gonzalo Cornago El paranaense, Luciano Vicentin, el punta surgido en Argentinos Juniors, Paracao, ex River Plate y actual jugador&hellip;\" \/>\n<meta property=\"og:url\" content=\"https:\/\/www.delexodo.com.ar\/?p=8257\" \/>\n<meta property=\"og:site_name\" content=\"Del \u00c9xodo Nogoy\u00e1\" \/>\n<meta property=\"article:published_time\" content=\"2021-05-12T00:05:24+00:00\" \/>\n<meta property=\"article:modified_time\" content=\"2021-05-12T00:05:26+00:00\" \/>\n<meta property=\"og:image\" content=\"https:\/\/www.delexodo.com.ar\/wp-content\/uploads\/2021\/05\/L-Vic.jpg\" \/>\n\t<meta property=\"og:image:width\" content=\"962\" \/>\n\t<meta property=\"og:image:height\" content=\"838\" \/>\n\t<meta property=\"og:image:type\" content=\"image\/jpeg\" \/>\n<meta name=\"author\" content=\"admin\" \/>\n<meta name=\"twitter:card\" content=\"summary_large_image\" \/>\n<meta name=\"twitter:label1\" content=\"Escrito por\" \/>\n\t<meta name=\"twitter:data1\" content=\"admin\" \/>\n\t<meta name=\"twitter:label2\" content=\"Tiempo de lectura\" \/>\n\t<meta name=\"twitter:data2\" content=\"2 minutos\" \/>\n<script type=\"application\/ld+json\" class=\"yoast-schema-graph\">{\"@context\":\"https:\/\/schema.org\",\"@graph\":[{\"@type\":\"Article\",\"@id\":\"https:\/\/www.delexodo.com.ar\/?p=8257#article\",\"isPartOf\":{\"@id\":\"https:\/\/www.delexodo.com.ar\/?p=8257\"},\"author\":{\"name\":\"admin\",\"@id\":\"https:\/\/www.delexodo.com.ar\/#\/schema\/person\/bbed37f7da8e938660b34f2013ba449d\"},\"headline\":\"VICENT\u00cdN, UN JUGADOR DE SELECCI\u00d3N\",\"datePublished\":\"2021-05-12T00:05:24+00:00\",\"dateModified\":\"2021-05-12T00:05:26+00:00\",\"mainEntityOfPage\":{\"@id\":\"https:\/\/www.delexodo.com.ar\/?p=8257\"},\"wordCount\":310,\"publisher\":{\"@id\":\"https:\/\/www.delexodo.com.ar\/#organization\"},\"image\":{\"@id\":\"https:\/\/www.delexodo.com.ar\/?p=8257#primaryimage\"},\"thumbnailUrl\":\"https:\/\/www.delexodo.com.ar\/wp-content\/uploads\/2021\/05\/L-Vic.jpg\",\"articleSection\":[\"Deportes\",\"Destacados\",\"NOTICIAS\"],\"inLanguage\":\"es\"},{\"@type\":\"WebPage\",\"@id\":\"https:\/\/www.delexodo.com.ar\/?p=8257\",\"url\":\"https:\/\/www.delexodo.com.ar\/?p=8257\",\"name\":\"VICENT\u00cdN, UN JUGADOR DE SELECCI\u00d3N - Del \u00c9xodo Nogoy\u00e1\",\"isPartOf\":{\"@id\":\"https:\/\/www.delexodo.com.ar\/#website\"},\"primaryImageOfPage\":{\"@id\":\"https:\/\/www.delexodo.com.ar\/?p=8257#primaryimage\"},\"image\":{\"@id\":\"https:\/\/www.delexodo.com.ar\/?p=8257#primaryimage\"},\"thumbnailUrl\":\"https:\/\/www.delexodo.com.ar\/wp-content\/uploads\/2021\/05\/L-Vic.jpg\",\"datePublished\":\"2021-05-12T00:05:24+00:00\",\"dateModified\":\"2021-05-12T00:05:26+00:00\",\"breadcrumb\":{\"@id\":\"https:\/\/www.delexodo.com.ar\/?p=8257#breadcrumb\"},\"inLanguage\":\"es\",\"potentialAction\":[{\"@type\":\"ReadAction\",\"target\":[\"https:\/\/www.delexodo.com.ar\/?p=8257\"]}]},{\"@type\":\"ImageObject\",\"inLanguage\":\"es\",\"@id\":\"https:\/\/www.delexodo.com.ar\/?p=8257#primaryimage\",\"url\":\"https:\/\/www.delexodo.com.ar\/wp-content\/uploads\/2021\/05\/L-Vic.jpg\",\"contentUrl\":\"https:\/\/www.delexodo.com.ar\/wp-content\/uploads\/2021\/05\/L-Vic.jpg\",\"width\":962,\"height\":838},{\"@type\":\"BreadcrumbList\",\"@id\":\"https:\/\/www.delexodo.com.ar\/?p=8257#breadcrumb\",\"itemListElement\":[{\"@type\":\"ListItem\",\"position\":1,\"name\":\"Portada\",\"item\":\"https:\/\/www.delexodo.com.ar\/\"},{\"@type\":\"ListItem\",\"position\":2,\"name\":\"VICENT\u00cdN, UN JUGADOR DE SELECCI\u00d3N\"}]},{\"@type\":\"WebSite\",\"@id\":\"https:\/\/www.delexodo.com.ar\/#website\",\"url\":\"https:\/\/www.delexodo.com.ar\/\",\"name\":\"Del \u00c9xodo Nogoy\u00e1\",\"description\":\"El Portal de Noticias de la Regi\u00f3n\",\"publisher\":{\"@id\":\"https:\/\/www.delexodo.com.ar\/#organization\"},\"potentialAction\":[{\"@type\":\"SearchAction\",\"target\":{\"@type\":\"EntryPoint\",\"urlTemplate\":\"https:\/\/www.delexodo.com.ar\/?s={search_term_string}\"},\"query-input\":{\"@type\":\"PropertyValueSpecification\",\"valueRequired\":true,\"valueName\":\"search_term_string\"}}],\"inLanguage\":\"es\"},{\"@type\":\"Organization\",\"@id\":\"https:\/\/www.delexodo.com.ar\/#organization\",\"name\":\"Del \u00c9xodo Nogoy\u00e1\",\"url\":\"https:\/\/www.delexodo.com.ar\/\",\"logo\":{\"@type\":\"ImageObject\",\"inLanguage\":\"es\",\"@id\":\"https:\/\/www.delexodo.com.ar\/#\/schema\/logo\/image\/\",\"url\":\"https:\/\/www.delexodo.com.ar\/wp-content\/uploads\/2024\/10\/cropped-cropped-LOGO24.png\",\"contentUrl\":\"https:\/\/www.delexodo.com.ar\/wp-content\/uploads\/2024\/10\/cropped-cropped-LOGO24.png\",\"width\":512,\"height\":349,\"caption\":\"Del \u00c9xodo Nogoy\u00e1\"},\"image\":{\"@id\":\"https:\/\/www.delexodo.com.ar\/#\/schema\/logo\/image\/\"}},{\"@type\":\"Person\",\"@id\":\"https:\/\/www.delexodo.com.ar\/#\/schema\/person\/bbed37f7da8e938660b34f2013ba449d\",\"name\":\"admin\",\"image\":{\"@type\":\"ImageObject\",\"inLanguage\":\"es\",\"@id\":\"https:\/\/www.delexodo.com.ar\/#\/schema\/person\/image\/\",\"url\":\"https:\/\/secure.gravatar.com\/avatar\/6b1558d1b6df085f1901bd5bd98523d7?s=96&d=mm&r=g\",\"contentUrl\":\"https:\/\/secure.gravatar.com\/avatar\/6b1558d1b6df085f1901bd5bd98523d7?s=96&d=mm&r=g\",\"caption\":\"admin\"},\"url\":\"https:\/\/www.delexodo.com.ar\/?author=1\"}]}<\/script>\n<!-- \/ Yoast SEO plugin. -->","yoast_head_json":{"title":"VICENT\u00cdN, UN JUGADOR DE SELECCI\u00d3N - Del \u00c9xodo Nogoy\u00e1","robots":{"index":"index","follow":"follow","max-snippet":"max-snippet:-1","max-image-preview":"max-image-preview:large","max-video-preview":"max-video-preview:-1"},"canonical":"https:\/\/www.delexodo.com.ar\/?p=8257","og_locale":"es_ES","og_type":"article","og_title":"VICENT\u00cdN, UN JUGADOR DE SELECCI\u00d3N - Del \u00c9xodo Nogoy\u00e1","og_description":"Por Gonzalo Cornago El paranaense, Luciano Vicentin, el punta surgido en Argentinos Juniors, Paracao, ex River Plate y actual jugador&hellip;","og_url":"https:\/\/www.delexodo.com.ar\/?p=8257","og_site_name":"Del \u00c9xodo Nogoy\u00e1","article_published_time":"2021-05-12T00:05:24+00:00","article_modified_time":"2021-05-12T00:05:26+00:00","og_image":[{"width":962,"height":838,"url":"https:\/\/www.delexodo.com.ar\/wp-content\/uploads\/2021\/05\/L-Vic.jpg","type":"image\/jpeg"}],"author":"admin","twitter_card":"summary_large_image","twitter_misc":{"Escrito por":"admin","Tiempo de lectura":"2 minutos"},"schema":{"@context":"https:\/\/schema.org","@graph":[{"@type":"Article","@id":"https:\/\/www.delexodo.com.ar\/?p=8257#article","isPartOf":{"@id":"https:\/\/www.delexodo.com.ar\/?p=8257"},"author":{"name":"admin","@id":"https:\/\/www.delexodo.com.ar\/#\/schema\/person\/bbed37f7da8e938660b34f2013ba449d"},"headline":"VICENT\u00cdN, UN JUGADOR DE SELECCI\u00d3N","datePublished":"2021-05-12T00:05:24+00:00","dateModified":"2021-05-12T00:05:26+00:00","mainEntityOfPage":{"@id":"https:\/\/www.delexodo.com.ar\/?p=8257"},"wordCount":310,"publisher":{"@id":"https:\/\/www.delexodo.com.ar\/#organization"},"image":{"@id":"https:\/\/www.delexodo.com.ar\/?p=8257#primaryimage"},"thumbnailUrl":"https:\/\/www.delexodo.com.ar\/wp-content\/uploads\/2021\/05\/L-Vic.jpg","articleSection":["Deportes","Destacados","NOTICIAS"],"inLanguage":"es"},{"@type":"WebPage","@id":"https:\/\/www.delexodo.com.ar\/?p=8257","url":"https:\/\/www.delexodo.com.ar\/?p=8257","name":"VICENT\u00cdN, UN JUGADOR DE SELECCI\u00d3N - Del \u00c9xodo Nogoy\u00e1","isPartOf":{"@id":"https:\/\/www.delexodo.com.ar\/#website"},"primaryImageOfPage":{"@id":"https:\/\/www.delexodo.com.ar\/?p=8257#primaryimage"},"image":{"@id":"https:\/\/www.delexodo.com.ar\/?p=8257#primaryimage"},"thumbnailUrl":"https:\/\/www.delexodo.com.ar\/wp-content\/uploads\/2021\/05\/L-Vic.jpg","datePublished":"2021-05-12T00:05:24+00:00","dateModified":"2021-05-12T00:05:26+00:00","breadcrumb":{"@id":"https:\/\/www.delexodo.com.ar\/?p=8257#breadcrumb"},"inLanguage":"es","potentialAction":[{"@type":"ReadAction","target":["https:\/\/www.delexodo.com.ar\/?p=8257"]}]},{"@type":"ImageObject","inLanguage":"es","@id":"https:\/\/www.delexodo.com.ar\/?p=8257#primaryimage","url":"https:\/\/www.delexodo.com.ar\/wp-content\/uploads\/2021\/05\/L-Vic.jpg","contentUrl":"https:\/\/www.delexodo.com.ar\/wp-content\/uploads\/2021\/05\/L-Vic.jpg","width":962,"height":838},{"@type":"BreadcrumbList","@id":"https:\/\/www.delexodo.com.ar\/?p=8257#breadcrumb","itemListElement":[{"@type":"ListItem","position":1,"name":"Portada","item":"https:\/\/www.delexodo.com.ar\/"},{"@type":"ListItem","position":2,"name":"VICENT\u00cdN, UN JUGADOR DE SELECCI\u00d3N"}]},{"@type":"WebSite","@id":"https:\/\/www.delexodo.com.ar\/#website","url":"https:\/\/www.delexodo.com.ar\/","name":"Del \u00c9xodo Nogoy\u00e1","description":"El Portal de Noticias de la Regi\u00f3n","publisher":{"@id":"https:\/\/www.delexodo.com.ar\/#organization"},"potentialAction":[{"@type":"SearchAction","target":{"@type":"EntryPoint","urlTemplate":"https:\/\/www.delexodo.com.ar\/?s={search_term_string}"},"query-input":{"@type":"PropertyValueSpecification","valueRequired":true,"valueName":"search_term_string"}}],"inLanguage":"es"},{"@type":"Organization","@id":"https:\/\/www.delexodo.com.ar\/#organization","name":"Del \u00c9xodo Nogoy\u00e1","url":"https:\/\/www.delexodo.com.ar\/","logo":{"@type":"ImageObject","inLanguage":"es","@id":"https:\/\/www.delexodo.com.ar\/#\/schema\/logo\/image\/","url":"https:\/\/www.delexodo.com.ar\/wp-content\/uploads\/2024\/10\/cropped-cropped-LOGO24.png","contentUrl":"https:\/\/www.delexodo.com.ar\/wp-content\/uploads\/2024\/10\/cropped-cropped-LOGO24.png","width":512,"height":349,"caption":"Del \u00c9xodo Nogoy\u00e1"},"image":{"@id":"https:\/\/www.delexodo.com.ar\/#\/schema\/logo\/image\/"}},{"@type":"Person","@id":"https:\/\/www.delexodo.com.ar\/#\/schema\/person\/bbed37f7da8e938660b34f2013ba449d","name":"admin","image":{"@type":"ImageObject","inLanguage":"es","@id":"https:\/\/www.delexodo.com.ar\/#\/schema\/person\/image\/","url":"https:\/\/secure.gravatar.com\/avatar\/6b1558d1b6df085f1901bd5bd98523d7?s=96&d=mm&r=g","contentUrl":"https:\/\/secure.gravatar.com\/avatar\/6b1558d1b6df085f1901bd5bd98523d7?s=96&d=mm&r=g","caption":"admin"},"url":"https:\/\/www.delexodo.com.ar\/?author=1"}]}},"_links":{"self":[{"href":"https:\/\/www.delexodo.com.ar\/index.php?rest_route=\/wp\/v2\/posts\/8257","targetHints":{"allow":["GET"]}}],"collection":[{"href":"https:\/\/www.delexodo.com.ar\/index.php?rest_route=\/wp\/v2\/posts"}],"about":[{"href":"https:\/\/www.delexodo.com.ar\/index.php?rest_route=\/wp\/v2\/types\/post"}],"author":[{"embeddable":true,"href":"https:\/\/www.delexodo.com.ar\/index.php?rest_route=\/wp\/v2\/users\/1"}],"replies":[{"embeddable":true,"href":"https:\/\/www.delexodo.com.ar\/index.php?rest_route=%2Fwp%2Fv2%2Fcomments&post=8257"}],"version-history":[{"count":0,"href":"https:\/\/www.delexodo.com.ar\/index.php?rest_route=\/wp\/v2\/posts\/8257\/revisions"}],"wp:featuredmedia":[{"embeddable":true,"href":"https:\/\/www.delexodo.com.ar\/index.php?rest_route=\/wp\/v2\/media\/8258"}],"wp:attachment":[{"href":"https:\/\/www.delexodo.com.ar\/index.php?rest_route=%2Fwp%2Fv2%2Fmedia&parent=8257"}],"wp:term":[{"taxonomy":"category","embeddable":true,"href":"https:\/\/www.delexodo.com.ar\/index.php?rest_route=%2Fwp%2Fv2%2Fcategories&post=8257"},{"taxonomy":"post_tag","embeddable":true,"href":"https:\/\/www.delexodo.com.ar\/index.php?rest_route=%2Fwp%2Fv2%2Ftags&post=8257"}],"curies":[{"name":"wp","href":"https:\/\/api.w.org\/{rel}","templated":true}]}}