{"id":8255,"date":"2021-05-11T18:52:16","date_gmt":"2021-05-11T21:52:16","guid":{"rendered":"http:\/\/www.delexodo.com.ar\/?p=8255"},"modified":"2021-05-11T18:52:17","modified_gmt":"2021-05-11T21:52:17","slug":"movilidad-jubilatoria-el-aumento-del-trimestre-sera-del-1212","status":"publish","type":"post","link":"https:\/\/www.delexodo.com.ar\/?p=8255","title":{"rendered":"MOVILIDAD JUBILATORIA: \u201cEL AUMENTO DEL TRIMESTRE SER\u00c1 DEL 12,12%\u201d"},"content":{"rendered":"\n<p>El Gobierno Nacional, a trav\u00e9s de la directora ejecutiva de la ANSES, Fernanda Raverta, anunci\u00f3 que el aumento trimestral para las jubilaciones, pensiones y asignaciones ser\u00e1 del 12,12 por ciento.<\/p>\n\n\n\n<p>Este es el segundo aumento otorgado mediante la Ley de Movilidad N\u00b0 27.609 impulsada por el Presidente de la Naci\u00f3n, Alberto Fern\u00e1ndez. Ley que otorga una f\u00f3rmula que le gana a la inflaci\u00f3n de la mano de los aumentos salariales y del incremento de la recaudaci\u00f3n en t\u00e9rminos interanuales.<\/p>\n\n\n\n<p>Raverta dijo que <em>\u201cesta f\u00f3rmula comienza a dar sus frutos. El <strong>aumento de 12,12 por ciento<\/strong> permitir\u00e1 que en el segundo trimestre del 2021 la totalidad de las prestaciones se vean incrementadas por encima de la inflaci\u00f3n del per\u00edodo\u201d<\/em>.<\/p>\n\n\n\n<p>Tanto el aumento del <strong>primer trimestre del 8,07 por ciento<\/strong> como el actual del 12,12 por ciento se encuentran por encima de los aumentos que hubiese otorgado la reemplazada ley del gobierno anterior (7,18 por ciento y 10,33 por ciento, respectivamente). Lo que comprueba que un modelo de pa\u00eds que apuesta al trabajo, al consumo y a la producci\u00f3n mediante un formula que pondera salarios y distribuci\u00f3n otorga aumentos por encima de aquella ley del gobierno anterior que contemplaba principalmente la inflaci\u00f3n.<\/p>\n\n\n\n<p>Este incremento se otorgar\u00e1 a 8,3 millones de jubilaciones y pensiones, a 9,3 millones de ni\u00f1os, ni\u00f1as y adolescentes y a m\u00e1s de 800 mil conyugues que perciben asignaciones. Asimismo, este aumento tambi\u00e9n impacta en otras Asignaciones Familiares, como la de embarazo, prenatal, nacimiento, adopci\u00f3n y matrimonio.<\/p>\n\n\n\n<p>Con este incremento, <strong>el haber jubilatorio m\u00ednimo a partir de junio ascender\u00e1 a 23.064,70<\/strong> pesos (al asumir el Gobierno era de 14.067,93 pesos). Por su parte, <strong>el haber m\u00e1ximo aumentar\u00e1 a 155.203,65 pesos<\/strong> (al asumir el Gobierno era de 103.064,23 pesos). Y la <strong>Asignaci\u00f3n por Hijo y la Asignaci\u00f3n por Embarazo aumentar\u00e1n a 4504 pesos <\/strong>(al asumir el Gobierno eran de 2746 pesos).<\/p>\n","protected":false},"excerpt":{"rendered":"<p>El Gobierno Nacional, a trav\u00e9s de la directora ejecutiva de la ANSES, Fernanda Raverta, anunci\u00f3 que el aumento trimestral para&hellip;<\/p>\n","protected":false},"author":1,"featured_media":2806,"comment_status":"closed","ping_status":"closed","sticky":false,"template":"","format":"standard","meta":{"_joinchat":[],"footnotes":""},"categories":[65,69],"tags":[],"class_list":["post-8255","post","type-post","status-publish","format-standard","has-post-thumbnail","hentry","category-destacados","category-noticias"],"yoast_head":"<!-- This site is optimized with the Yoast SEO plugin v25.1 - https:\/\/yoast.com\/wordpress\/plugins\/seo\/ -->\n<title>MOVILIDAD JUBILATORIA: \u201cEL AUMENTO DEL TRIMESTRE SER\u00c1 DEL 12,12%\u201d - Del \u00c9xodo Nogoy\u00e1<\/title>\n<meta name=\"robots\" content=\"index, follow, max-snippet:-1, max-image-preview:large, max-video-preview:-1\" \/>\n<link rel=\"canonical\" href=\"https:\/\/www.delexodo.com.ar\/?p=8255\" \/>\n<meta property=\"og:locale\" content=\"es_ES\" \/>\n<meta property=\"og:type\" content=\"article\" \/>\n<meta property=\"og:title\" content=\"MOVILIDAD JUBILATORIA: \u201cEL AUMENTO DEL TRIMESTRE SER\u00c1 DEL 12,12%\u201d - Del \u00c9xodo Nogoy\u00e1\" \/>\n<meta property=\"og:description\" content=\"El Gobierno Nacional, a trav\u00e9s de la directora ejecutiva de la ANSES, Fernanda Raverta, anunci\u00f3 que el aumento trimestral para&hellip;\" \/>\n<meta property=\"og:url\" content=\"https:\/\/www.delexodo.com.ar\/?p=8255\" \/>\n<meta property=\"og:site_name\" content=\"Del \u00c9xodo Nogoy\u00e1\" \/>\n<meta property=\"article:published_time\" content=\"2021-05-11T21:52:16+00:00\" \/>\n<meta property=\"article:modified_time\" content=\"2021-05-11T21:52:17+00:00\" \/>\n<meta property=\"og:image\" content=\"https:\/\/www.delexodo.com.ar\/wp-content\/uploads\/2019\/05\/Anses.jpg\" \/>\n\t<meta property=\"og:image:width\" content=\"448\" \/>\n\t<meta property=\"og:image:height\" content=\"266\" \/>\n\t<meta property=\"og:image:type\" content=\"image\/jpeg\" \/>\n<meta name=\"author\" content=\"admin\" \/>\n<meta name=\"twitter:card\" content=\"summary_large_image\" \/>\n<meta name=\"twitter:label1\" content=\"Escrito por\" \/>\n\t<meta name=\"twitter:data1\" content=\"admin\" \/>\n\t<meta name=\"twitter:label2\" content=\"Tiempo de lectura\" \/>\n\t<meta name=\"twitter:data2\" content=\"2 minutos\" \/>\n<script type=\"application\/ld+json\" class=\"yoast-schema-graph\">{\"@context\":\"https:\/\/schema.org\",\"@graph\":[{\"@type\":\"Article\",\"@id\":\"https:\/\/www.delexodo.com.ar\/?p=8255#article\",\"isPartOf\":{\"@id\":\"https:\/\/www.delexodo.com.ar\/?p=8255\"},\"author\":{\"name\":\"admin\",\"@id\":\"https:\/\/www.delexodo.com.ar\/#\/schema\/person\/bbed37f7da8e938660b34f2013ba449d\"},\"headline\":\"MOVILIDAD JUBILATORIA: \u201cEL AUMENTO DEL TRIMESTRE SER\u00c1 DEL 12,12%\u201d\",\"datePublished\":\"2021-05-11T21:52:16+00:00\",\"dateModified\":\"2021-05-11T21:52:17+00:00\",\"mainEntityOfPage\":{\"@id\":\"https:\/\/www.delexodo.com.ar\/?p=8255\"},\"wordCount\":325,\"publisher\":{\"@id\":\"https:\/\/www.delexodo.com.ar\/#organization\"},\"image\":{\"@id\":\"https:\/\/www.delexodo.com.ar\/?p=8255#primaryimage\"},\"thumbnailUrl\":\"https:\/\/www.delexodo.com.ar\/wp-content\/uploads\/2019\/05\/Anses.jpg\",\"articleSection\":[\"Destacados\",\"NOTICIAS\"],\"inLanguage\":\"es\"},{\"@type\":\"WebPage\",\"@id\":\"https:\/\/www.delexodo.com.ar\/?p=8255\",\"url\":\"https:\/\/www.delexodo.com.ar\/?p=8255\",\"name\":\"MOVILIDAD JUBILATORIA: \u201cEL AUMENTO DEL TRIMESTRE SER\u00c1 DEL 12,12%\u201d - Del \u00c9xodo Nogoy\u00e1\",\"isPartOf\":{\"@id\":\"https:\/\/www.delexodo.com.ar\/#website\"},\"primaryImageOfPage\":{\"@id\":\"https:\/\/www.delexodo.com.ar\/?p=8255#primaryimage\"},\"image\":{\"@id\":\"https:\/\/www.delexodo.com.ar\/?p=8255#primaryimage\"},\"thumbnailUrl\":\"https:\/\/www.delexodo.com.ar\/wp-content\/uploads\/2019\/05\/Anses.jpg\",\"datePublished\":\"2021-05-11T21:52:16+00:00\",\"dateModified\":\"2021-05-11T21:52:17+00:00\",\"breadcrumb\":{\"@id\":\"https:\/\/www.delexodo.com.ar\/?p=8255#breadcrumb\"},\"inLanguage\":\"es\",\"potentialAction\":[{\"@type\":\"ReadAction\",\"target\":[\"https:\/\/www.delexodo.com.ar\/?p=8255\"]}]},{\"@type\":\"ImageObject\",\"inLanguage\":\"es\",\"@id\":\"https:\/\/www.delexodo.com.ar\/?p=8255#primaryimage\",\"url\":\"https:\/\/www.delexodo.com.ar\/wp-content\/uploads\/2019\/05\/Anses.jpg\",\"contentUrl\":\"https:\/\/www.delexodo.com.ar\/wp-content\/uploads\/2019\/05\/Anses.jpg\",\"width\":448,\"height\":266},{\"@type\":\"BreadcrumbList\",\"@id\":\"https:\/\/www.delexodo.com.ar\/?p=8255#breadcrumb\",\"itemListElement\":[{\"@type\":\"ListItem\",\"position\":1,\"name\":\"Portada\",\"item\":\"https:\/\/www.delexodo.com.ar\/\"},{\"@type\":\"ListItem\",\"position\":2,\"name\":\"MOVILIDAD JUBILATORIA: \u201cEL AUMENTO DEL TRIMESTRE SER\u00c1 DEL 12,12%\u201d\"}]},{\"@type\":\"WebSite\",\"@id\":\"https:\/\/www.delexodo.com.ar\/#website\",\"url\":\"https:\/\/www.delexodo.com.ar\/\",\"name\":\"Del \u00c9xodo Nogoy\u00e1\",\"description\":\"El Portal de Noticias de la Regi\u00f3n\",\"publisher\":{\"@id\":\"https:\/\/www.delexodo.com.ar\/#organization\"},\"potentialAction\":[{\"@type\":\"SearchAction\",\"target\":{\"@type\":\"EntryPoint\",\"urlTemplate\":\"https:\/\/www.delexodo.com.ar\/?s={search_term_string}\"},\"query-input\":{\"@type\":\"PropertyValueSpecification\",\"valueRequired\":true,\"valueName\":\"search_term_string\"}}],\"inLanguage\":\"es\"},{\"@type\":\"Organization\",\"@id\":\"https:\/\/www.delexodo.com.ar\/#organization\",\"name\":\"Del \u00c9xodo Nogoy\u00e1\",\"url\":\"https:\/\/www.delexodo.com.ar\/\",\"logo\":{\"@type\":\"ImageObject\",\"inLanguage\":\"es\",\"@id\":\"https:\/\/www.delexodo.com.ar\/#\/schema\/logo\/image\/\",\"url\":\"https:\/\/www.delexodo.com.ar\/wp-content\/uploads\/2024\/10\/cropped-cropped-LOGO24.png\",\"contentUrl\":\"https:\/\/www.delexodo.com.ar\/wp-content\/uploads\/2024\/10\/cropped-cropped-LOGO24.png\",\"width\":512,\"height\":349,\"caption\":\"Del \u00c9xodo Nogoy\u00e1\"},\"image\":{\"@id\":\"https:\/\/www.delexodo.com.ar\/#\/schema\/logo\/image\/\"}},{\"@type\":\"Person\",\"@id\":\"https:\/\/www.delexodo.com.ar\/#\/schema\/person\/bbed37f7da8e938660b34f2013ba449d\",\"name\":\"admin\",\"image\":{\"@type\":\"ImageObject\",\"inLanguage\":\"es\",\"@id\":\"https:\/\/www.delexodo.com.ar\/#\/schema\/person\/image\/\",\"url\":\"https:\/\/secure.gravatar.com\/avatar\/6b1558d1b6df085f1901bd5bd98523d7?s=96&d=mm&r=g\",\"contentUrl\":\"https:\/\/secure.gravatar.com\/avatar\/6b1558d1b6df085f1901bd5bd98523d7?s=96&d=mm&r=g\",\"caption\":\"admin\"},\"url\":\"https:\/\/www.delexodo.com.ar\/?author=1\"}]}<\/script>\n<!-- \/ Yoast SEO plugin. -->","yoast_head_json":{"title":"MOVILIDAD JUBILATORIA: \u201cEL AUMENTO DEL TRIMESTRE SER\u00c1 DEL 12,12%\u201d - Del \u00c9xodo Nogoy\u00e1","robots":{"index":"index","follow":"follow","max-snippet":"max-snippet:-1","max-image-preview":"max-image-preview:large","max-video-preview":"max-video-preview:-1"},"canonical":"https:\/\/www.delexodo.com.ar\/?p=8255","og_locale":"es_ES","og_type":"article","og_title":"MOVILIDAD JUBILATORIA: \u201cEL AUMENTO DEL TRIMESTRE SER\u00c1 DEL 12,12%\u201d - Del \u00c9xodo Nogoy\u00e1","og_description":"El Gobierno Nacional, a trav\u00e9s de la directora ejecutiva de la ANSES, Fernanda Raverta, anunci\u00f3 que el aumento trimestral para&hellip;","og_url":"https:\/\/www.delexodo.com.ar\/?p=8255","og_site_name":"Del \u00c9xodo Nogoy\u00e1","article_published_time":"2021-05-11T21:52:16+00:00","article_modified_time":"2021-05-11T21:52:17+00:00","og_image":[{"width":448,"height":266,"url":"https:\/\/www.delexodo.com.ar\/wp-content\/uploads\/2019\/05\/Anses.jpg","type":"image\/jpeg"}],"author":"admin","twitter_card":"summary_large_image","twitter_misc":{"Escrito por":"admin","Tiempo de lectura":"2 minutos"},"schema":{"@context":"https:\/\/schema.org","@graph":[{"@type":"Article","@id":"https:\/\/www.delexodo.com.ar\/?p=8255#article","isPartOf":{"@id":"https:\/\/www.delexodo.com.ar\/?p=8255"},"author":{"name":"admin","@id":"https:\/\/www.delexodo.com.ar\/#\/schema\/person\/bbed37f7da8e938660b34f2013ba449d"},"headline":"MOVILIDAD JUBILATORIA: \u201cEL AUMENTO DEL TRIMESTRE SER\u00c1 DEL 12,12%\u201d","datePublished":"2021-05-11T21:52:16+00:00","dateModified":"2021-05-11T21:52:17+00:00","mainEntityOfPage":{"@id":"https:\/\/www.delexodo.com.ar\/?p=8255"},"wordCount":325,"publisher":{"@id":"https:\/\/www.delexodo.com.ar\/#organization"},"image":{"@id":"https:\/\/www.delexodo.com.ar\/?p=8255#primaryimage"},"thumbnailUrl":"https:\/\/www.delexodo.com.ar\/wp-content\/uploads\/2019\/05\/Anses.jpg","articleSection":["Destacados","NOTICIAS"],"inLanguage":"es"},{"@type":"WebPage","@id":"https:\/\/www.delexodo.com.ar\/?p=8255","url":"https:\/\/www.delexodo.com.ar\/?p=8255","name":"MOVILIDAD JUBILATORIA: \u201cEL AUMENTO DEL TRIMESTRE SER\u00c1 DEL 12,12%\u201d - Del \u00c9xodo Nogoy\u00e1","isPartOf":{"@id":"https:\/\/www.delexodo.com.ar\/#website"},"primaryImageOfPage":{"@id":"https:\/\/www.delexodo.com.ar\/?p=8255#primaryimage"},"image":{"@id":"https:\/\/www.delexodo.com.ar\/?p=8255#primaryimage"},"thumbnailUrl":"https:\/\/www.delexodo.com.ar\/wp-content\/uploads\/2019\/05\/Anses.jpg","datePublished":"2021-05-11T21:52:16+00:00","dateModified":"2021-05-11T21:52:17+00:00","breadcrumb":{"@id":"https:\/\/www.delexodo.com.ar\/?p=8255#breadcrumb"},"inLanguage":"es","potentialAction":[{"@type":"ReadAction","target":["https:\/\/www.delexodo.com.ar\/?p=8255"]}]},{"@type":"ImageObject","inLanguage":"es","@id":"https:\/\/www.delexodo.com.ar\/?p=8255#primaryimage","url":"https:\/\/www.delexodo.com.ar\/wp-content\/uploads\/2019\/05\/Anses.jpg","contentUrl":"https:\/\/www.delexodo.com.ar\/wp-content\/uploads\/2019\/05\/Anses.jpg","width":448,"height":266},{"@type":"BreadcrumbList","@id":"https:\/\/www.delexodo.com.ar\/?p=8255#breadcrumb","itemListElement":[{"@type":"ListItem","position":1,"name":"Portada","item":"https:\/\/www.delexodo.com.ar\/"},{"@type":"ListItem","position":2,"name":"MOVILIDAD JUBILATORIA: \u201cEL AUMENTO DEL TRIMESTRE SER\u00c1 DEL 12,12%\u201d"}]},{"@type":"WebSite","@id":"https:\/\/www.delexodo.com.ar\/#website","url":"https:\/\/www.delexodo.com.ar\/","name":"Del \u00c9xodo Nogoy\u00e1","description":"El Portal de Noticias de la Regi\u00f3n","publisher":{"@id":"https:\/\/www.delexodo.com.ar\/#organization"},"potentialAction":[{"@type":"SearchAction","target":{"@type":"EntryPoint","urlTemplate":"https:\/\/www.delexodo.com.ar\/?s={search_term_string}"},"query-input":{"@type":"PropertyValueSpecification","valueRequired":true,"valueName":"search_term_string"}}],"inLanguage":"es"},{"@type":"Organization","@id":"https:\/\/www.delexodo.com.ar\/#organization","name":"Del \u00c9xodo Nogoy\u00e1","url":"https:\/\/www.delexodo.com.ar\/","logo":{"@type":"ImageObject","inLanguage":"es","@id":"https:\/\/www.delexodo.com.ar\/#\/schema\/logo\/image\/","url":"https:\/\/www.delexodo.com.ar\/wp-content\/uploads\/2024\/10\/cropped-cropped-LOGO24.png","contentUrl":"https:\/\/www.delexodo.com.ar\/wp-content\/uploads\/2024\/10\/cropped-cropped-LOGO24.png","width":512,"height":349,"caption":"Del \u00c9xodo Nogoy\u00e1"},"image":{"@id":"https:\/\/www.delexodo.com.ar\/#\/schema\/logo\/image\/"}},{"@type":"Person","@id":"https:\/\/www.delexodo.com.ar\/#\/schema\/person\/bbed37f7da8e938660b34f2013ba449d","name":"admin","image":{"@type":"ImageObject","inLanguage":"es","@id":"https:\/\/www.delexodo.com.ar\/#\/schema\/person\/image\/","url":"https:\/\/secure.gravatar.com\/avatar\/6b1558d1b6df085f1901bd5bd98523d7?s=96&d=mm&r=g","contentUrl":"https:\/\/secure.gravatar.com\/avatar\/6b1558d1b6df085f1901bd5bd98523d7?s=96&d=mm&r=g","caption":"admin"},"url":"https:\/\/www.delexodo.com.ar\/?author=1"}]}},"_links":{"self":[{"href":"https:\/\/www.delexodo.com.ar\/index.php?rest_route=\/wp\/v2\/posts\/8255","targetHints":{"allow":["GET"]}}],"collection":[{"href":"https:\/\/www.delexodo.com.ar\/index.php?rest_route=\/wp\/v2\/posts"}],"about":[{"href":"https:\/\/www.delexodo.com.ar\/index.php?rest_route=\/wp\/v2\/types\/post"}],"author":[{"embeddable":true,"href":"https:\/\/www.delexodo.com.ar\/index.php?rest_route=\/wp\/v2\/users\/1"}],"replies":[{"embeddable":true,"href":"https:\/\/www.delexodo.com.ar\/index.php?rest_route=%2Fwp%2Fv2%2Fcomments&post=8255"}],"version-history":[{"count":0,"href":"https:\/\/www.delexodo.com.ar\/index.php?rest_route=\/wp\/v2\/posts\/8255\/revisions"}],"wp:featuredmedia":[{"embeddable":true,"href":"https:\/\/www.delexodo.com.ar\/index.php?rest_route=\/wp\/v2\/media\/2806"}],"wp:attachment":[{"href":"https:\/\/www.delexodo.com.ar\/index.php?rest_route=%2Fwp%2Fv2%2Fmedia&parent=8255"}],"wp:term":[{"taxonomy":"category","embeddable":true,"href":"https:\/\/www.delexodo.com.ar\/index.php?rest_route=%2Fwp%2Fv2%2Fcategories&post=8255"},{"taxonomy":"post_tag","embeddable":true,"href":"https:\/\/www.delexodo.com.ar\/index.php?rest_route=%2Fwp%2Fv2%2Ftags&post=8255"}],"curies":[{"name":"wp","href":"https:\/\/api.w.org\/{rel}","templated":true}]}}