{"id":8248,"date":"2021-05-11T18:36:49","date_gmt":"2021-05-11T21:36:49","guid":{"rendered":"http:\/\/www.delexodo.com.ar\/?p=8248"},"modified":"2021-05-11T18:40:56","modified_gmt":"2021-05-11T21:40:56","slug":"mattiauda-bordet-debe-demostrar-que-no-tiene-injerencia-en-el-poder-judicial","status":"publish","type":"post","link":"https:\/\/www.delexodo.com.ar\/?p=8248","title":{"rendered":"MATTIAUDA: \u201cBORDET DEBE DEMOSTRAR QUE NO TIENE INJERENCIA EN EL PODER JUDICIAL\u201d"},"content":{"rendered":"\n<p>El diputado provincial, <strong>Nicol\u00e1s Mattiauda<\/strong> (Pro-Cambiemos), asegur\u00f3 que quien ocupe la vocal\u00eda del Superior Tribunal de Justicia (STJ), en reemplazo de Emilio Castrill\u00f3n, <em>\u201cno debe responder a los intereses de la gesti\u00f3n de turno\u201d <\/em>y plante\u00f3 que<em> \u201ces una nueva oportunidad\u201d <\/em>para que el Ejecutivo demuestre que <strong><em>\u201cno tiene injerencia en el Poder Judicial\u201d<\/em><\/strong>.<\/p>\n\n\n\n<p>Para el legislador de Gualeguaych\u00fa, el lugar vacante por la jubilaci\u00f3n expr\u00e9s de Castrill\u00f3n <em>\u201cno debe ser ocupado por alguien vinculado directamente a la gesti\u00f3n actual\u201d<\/em>, sino que el gobernador, Gustavo Bordet<em>, \u201cdispone de un momento oportuno para demostrar con hechos la apertura que en sus discursos dice tener\u201d<\/em>.<\/p>\n\n\n\n<p><em>\u201cSi el Ejecutivo impone al reemplazante de Castrill\u00f3n dejar\u00eda en clara evidencia su intenci\u00f3n de sumar poder y de esa manera no solo tendr\u00e1 el control sobre la Justicia, sino sobre todas las \u00e1reas y organismos del Estado\u201d<\/em>, advirti\u00f3 Mattiauda.<\/p>\n\n\n\n<p>Y remarc\u00f3 que <strong><em>\u201ces una oportunidad para Entre R\u00edos\u201d<\/em><\/strong> que el gobernador demuestre <em>\u201cun gesto de amplitud y participaci\u00f3n de todos los sectores\u201d<\/em> al proponer a una persona que no sea de su espacio para ocupar el cargo de Vocal del STJ. <em>\u201cA Bordet se le presenta una situaci\u00f3n ideal para demostrar que no tiene injerencia en el Poder Judicial\u201d<\/em>, dijo el diputado del Pro integrante del interbloque Cambiemos.<\/p>\n\n\n\n<p>En tanto, y en sinton\u00eda con la propuesta p\u00fablica efectuada por el Colegio de la Abogac\u00eda, Mattiauda destac\u00f3 que el reemplazo de Castrill\u00f3n <em>\u201ctambi\u00e9n es una oportunidad para considerar a quienes actualmente ejercen la profesi\u00f3n libremente y no forman parte de ninguna estructura pol\u00edtica\u201d<\/em>.<\/p>\n\n\n\n<p>Por otro lado el diputado provincial <strong>Gustavo Cusinato <\/strong>(UCR-Cambiemos) se pronunci\u00f3 al respecto desde su perfil de facebook con un duro escrito en el que cuestiona no solo el accionar del ex vocal del STJ sino tambi\u00e9n la rapidez con la que fue tramitada su jubilaci\u00f3n.<\/p>\n\n\n\n<div class=\"wp-block-image\"><figure class=\"alignleft size-large is-resized\"><img loading=\"lazy\" decoding=\"async\" src=\"https:\/\/www.delexodo.com.ar\/wp-content\/uploads\/2021\/05\/CASTRILLON-Cusinato.jpg\" alt=\"\" class=\"wp-image-8251\" width=\"318\" height=\"271\" srcset=\"https:\/\/www.delexodo.com.ar\/wp-content\/uploads\/2021\/05\/CASTRILLON-Cusinato.jpg 525w, https:\/\/www.delexodo.com.ar\/wp-content\/uploads\/2021\/05\/CASTRILLON-Cusinato-300x255.jpg 300w\" sizes=\"auto, (max-width: 318px) 100vw, 318px\" \/><\/figure><\/div>\n\n\n\n<p><strong>CUSINATO: SALDAR UN JUICIO POL\u00cdTICO CON UNA JUBILACI\u00d3N EXPR\u00c9S ES IN\u00c9DITO<\/strong><\/p>\n\n\n\n<p>No salimos de nuestro asombro, seguramente como tantos, de conocer que en apenas una semana le fue otorgada la jubilaci\u00f3n al vocal del Superior Tribunal de Justicia Emilio Castrill\u00f3n.&nbsp;<\/p>\n\n\n\n<p>Los integrantes del <strong>bloque de Diputados Cambiemos<\/strong> consideramos que esta decisi\u00f3n es realmente una burla para todos los entrerrianos que, estando en condiciones de jubilarse, tienen que esperar m\u00e1s de un a\u00f1o para que les otorguen el beneficio. El vocal tiene habilitado por la C\u00e1mara el proceso de juicio pol\u00edtico por episodios de violencia en la ciudad de La Paz y en su \u00e1mbito laboral.<\/p>\n\n\n\n<p>Sin dudas el gobernador y su partido&nbsp; no quieren ahora hacerse responsables ni asumir el costo pol\u00edtico de la designaci\u00f3n de Castrill\u00f3n, que se realiz\u00f3 en la Gobernaci\u00f3n de Jorge Busti cuando Sergio Urribarri y Gustavo Bordet eran ministros de su gabinete, y&nbsp; a pesar de las varias impugnaciones que ten\u00eda su pliego.<\/p>\n\n\n\n<p>Como diputados de todos los entrerrianos nos han confiado la responsabilidad de controlar y acusar eventualmente ante el Senado a las m\u00e1ximas autoridades provinciales. Por eso no podemos dejar de expresar nuestra indignaci\u00f3n y rechazo ante actos como este que sustraen una competencia de la Legislatura y violentando en consecuencia lo que es un mandato constitucional.<\/p>\n","protected":false},"excerpt":{"rendered":"<p>El diputado provincial, Nicol\u00e1s Mattiauda (Pro-Cambiemos), asegur\u00f3 que quien ocupe la vocal\u00eda del Superior Tribunal de Justicia (STJ), en reemplazo&hellip;<\/p>\n","protected":false},"author":1,"featured_media":8253,"comment_status":"closed","ping_status":"closed","sticky":false,"template":"","format":"standard","meta":{"_joinchat":[],"footnotes":""},"categories":[65,69,349],"tags":[345],"class_list":["post-8248","post","type-post","status-publish","format-standard","has-post-thumbnail","hentry","category-destacados","category-noticias","category-politica","tag-destacar"],"yoast_head":"<!-- This site is optimized with the Yoast SEO plugin v25.1 - https:\/\/yoast.com\/wordpress\/plugins\/seo\/ -->\n<title>MATTIAUDA: \u201cBORDET DEBE DEMOSTRAR QUE NO TIENE INJERENCIA EN EL PODER JUDICIAL\u201d - Del \u00c9xodo Nogoy\u00e1<\/title>\n<meta name=\"robots\" content=\"index, follow, max-snippet:-1, max-image-preview:large, max-video-preview:-1\" \/>\n<link rel=\"canonical\" href=\"https:\/\/www.delexodo.com.ar\/?p=8248\" \/>\n<meta property=\"og:locale\" content=\"es_ES\" \/>\n<meta property=\"og:type\" content=\"article\" \/>\n<meta property=\"og:title\" content=\"MATTIAUDA: \u201cBORDET DEBE DEMOSTRAR QUE NO TIENE INJERENCIA EN EL PODER JUDICIAL\u201d - Del \u00c9xodo Nogoy\u00e1\" \/>\n<meta property=\"og:description\" content=\"El diputado provincial, Nicol\u00e1s Mattiauda (Pro-Cambiemos), asegur\u00f3 que quien ocupe la vocal\u00eda del Superior Tribunal de Justicia (STJ), en reemplazo&hellip;\" \/>\n<meta property=\"og:url\" content=\"https:\/\/www.delexodo.com.ar\/?p=8248\" \/>\n<meta property=\"og:site_name\" content=\"Del \u00c9xodo Nogoy\u00e1\" \/>\n<meta property=\"article:published_time\" content=\"2021-05-11T21:36:49+00:00\" \/>\n<meta property=\"article:modified_time\" content=\"2021-05-11T21:40:56+00:00\" \/>\n<meta property=\"og:image\" content=\"https:\/\/www.delexodo.com.ar\/wp-content\/uploads\/2021\/05\/CASTRILLON-VOCAL.jpg\" \/>\n\t<meta property=\"og:image:width\" content=\"895\" \/>\n\t<meta property=\"og:image:height\" content=\"573\" \/>\n\t<meta property=\"og:image:type\" content=\"image\/jpeg\" \/>\n<meta name=\"author\" content=\"admin\" \/>\n<meta name=\"twitter:card\" content=\"summary_large_image\" \/>\n<meta name=\"twitter:label1\" content=\"Escrito por\" \/>\n\t<meta name=\"twitter:data1\" content=\"admin\" \/>\n\t<meta name=\"twitter:label2\" content=\"Tiempo de lectura\" \/>\n\t<meta name=\"twitter:data2\" content=\"3 minutos\" \/>\n<script type=\"application\/ld+json\" class=\"yoast-schema-graph\">{\"@context\":\"https:\/\/schema.org\",\"@graph\":[{\"@type\":\"Article\",\"@id\":\"https:\/\/www.delexodo.com.ar\/?p=8248#article\",\"isPartOf\":{\"@id\":\"https:\/\/www.delexodo.com.ar\/?p=8248\"},\"author\":{\"name\":\"admin\",\"@id\":\"https:\/\/www.delexodo.com.ar\/#\/schema\/person\/bbed37f7da8e938660b34f2013ba449d\"},\"headline\":\"MATTIAUDA: \u201cBORDET DEBE DEMOSTRAR QUE NO TIENE INJERENCIA EN EL PODER JUDICIAL\u201d\",\"datePublished\":\"2021-05-11T21:36:49+00:00\",\"dateModified\":\"2021-05-11T21:40:56+00:00\",\"mainEntityOfPage\":{\"@id\":\"https:\/\/www.delexodo.com.ar\/?p=8248\"},\"wordCount\":572,\"publisher\":{\"@id\":\"https:\/\/www.delexodo.com.ar\/#organization\"},\"image\":{\"@id\":\"https:\/\/www.delexodo.com.ar\/?p=8248#primaryimage\"},\"thumbnailUrl\":\"https:\/\/www.delexodo.com.ar\/wp-content\/uploads\/2021\/05\/CASTRILLON-VOCAL.jpg\",\"keywords\":[\"destacar\"],\"articleSection\":[\"Destacados\",\"NOTICIAS\",\"Politica\"],\"inLanguage\":\"es\"},{\"@type\":\"WebPage\",\"@id\":\"https:\/\/www.delexodo.com.ar\/?p=8248\",\"url\":\"https:\/\/www.delexodo.com.ar\/?p=8248\",\"name\":\"MATTIAUDA: \u201cBORDET DEBE DEMOSTRAR QUE NO TIENE INJERENCIA EN EL PODER JUDICIAL\u201d - Del \u00c9xodo Nogoy\u00e1\",\"isPartOf\":{\"@id\":\"https:\/\/www.delexodo.com.ar\/#website\"},\"primaryImageOfPage\":{\"@id\":\"https:\/\/www.delexodo.com.ar\/?p=8248#primaryimage\"},\"image\":{\"@id\":\"https:\/\/www.delexodo.com.ar\/?p=8248#primaryimage\"},\"thumbnailUrl\":\"https:\/\/www.delexodo.com.ar\/wp-content\/uploads\/2021\/05\/CASTRILLON-VOCAL.jpg\",\"datePublished\":\"2021-05-11T21:36:49+00:00\",\"dateModified\":\"2021-05-11T21:40:56+00:00\",\"breadcrumb\":{\"@id\":\"https:\/\/www.delexodo.com.ar\/?p=8248#breadcrumb\"},\"inLanguage\":\"es\",\"potentialAction\":[{\"@type\":\"ReadAction\",\"target\":[\"https:\/\/www.delexodo.com.ar\/?p=8248\"]}]},{\"@type\":\"ImageObject\",\"inLanguage\":\"es\",\"@id\":\"https:\/\/www.delexodo.com.ar\/?p=8248#primaryimage\",\"url\":\"https:\/\/www.delexodo.com.ar\/wp-content\/uploads\/2021\/05\/CASTRILLON-VOCAL.jpg\",\"contentUrl\":\"https:\/\/www.delexodo.com.ar\/wp-content\/uploads\/2021\/05\/CASTRILLON-VOCAL.jpg\",\"width\":895,\"height\":573},{\"@type\":\"BreadcrumbList\",\"@id\":\"https:\/\/www.delexodo.com.ar\/?p=8248#breadcrumb\",\"itemListElement\":[{\"@type\":\"ListItem\",\"position\":1,\"name\":\"Portada\",\"item\":\"https:\/\/www.delexodo.com.ar\/\"},{\"@type\":\"ListItem\",\"position\":2,\"name\":\"MATTIAUDA: \u201cBORDET DEBE DEMOSTRAR QUE NO TIENE INJERENCIA EN EL PODER JUDICIAL\u201d\"}]},{\"@type\":\"WebSite\",\"@id\":\"https:\/\/www.delexodo.com.ar\/#website\",\"url\":\"https:\/\/www.delexodo.com.ar\/\",\"name\":\"Del \u00c9xodo Nogoy\u00e1\",\"description\":\"El Portal de Noticias de la Regi\u00f3n\",\"publisher\":{\"@id\":\"https:\/\/www.delexodo.com.ar\/#organization\"},\"potentialAction\":[{\"@type\":\"SearchAction\",\"target\":{\"@type\":\"EntryPoint\",\"urlTemplate\":\"https:\/\/www.delexodo.com.ar\/?s={search_term_string}\"},\"query-input\":{\"@type\":\"PropertyValueSpecification\",\"valueRequired\":true,\"valueName\":\"search_term_string\"}}],\"inLanguage\":\"es\"},{\"@type\":\"Organization\",\"@id\":\"https:\/\/www.delexodo.com.ar\/#organization\",\"name\":\"Del \u00c9xodo Nogoy\u00e1\",\"url\":\"https:\/\/www.delexodo.com.ar\/\",\"logo\":{\"@type\":\"ImageObject\",\"inLanguage\":\"es\",\"@id\":\"https:\/\/www.delexodo.com.ar\/#\/schema\/logo\/image\/\",\"url\":\"https:\/\/www.delexodo.com.ar\/wp-content\/uploads\/2024\/10\/cropped-cropped-LOGO24.png\",\"contentUrl\":\"https:\/\/www.delexodo.com.ar\/wp-content\/uploads\/2024\/10\/cropped-cropped-LOGO24.png\",\"width\":512,\"height\":349,\"caption\":\"Del \u00c9xodo Nogoy\u00e1\"},\"image\":{\"@id\":\"https:\/\/www.delexodo.com.ar\/#\/schema\/logo\/image\/\"}},{\"@type\":\"Person\",\"@id\":\"https:\/\/www.delexodo.com.ar\/#\/schema\/person\/bbed37f7da8e938660b34f2013ba449d\",\"name\":\"admin\",\"image\":{\"@type\":\"ImageObject\",\"inLanguage\":\"es\",\"@id\":\"https:\/\/www.delexodo.com.ar\/#\/schema\/person\/image\/\",\"url\":\"https:\/\/secure.gravatar.com\/avatar\/6b1558d1b6df085f1901bd5bd98523d7?s=96&d=mm&r=g\",\"contentUrl\":\"https:\/\/secure.gravatar.com\/avatar\/6b1558d1b6df085f1901bd5bd98523d7?s=96&d=mm&r=g\",\"caption\":\"admin\"},\"url\":\"https:\/\/www.delexodo.com.ar\/?author=1\"}]}<\/script>\n<!-- \/ Yoast SEO plugin. -->","yoast_head_json":{"title":"MATTIAUDA: \u201cBORDET DEBE DEMOSTRAR QUE NO TIENE INJERENCIA EN EL PODER JUDICIAL\u201d - Del \u00c9xodo Nogoy\u00e1","robots":{"index":"index","follow":"follow","max-snippet":"max-snippet:-1","max-image-preview":"max-image-preview:large","max-video-preview":"max-video-preview:-1"},"canonical":"https:\/\/www.delexodo.com.ar\/?p=8248","og_locale":"es_ES","og_type":"article","og_title":"MATTIAUDA: \u201cBORDET DEBE DEMOSTRAR QUE NO TIENE INJERENCIA EN EL PODER JUDICIAL\u201d - Del \u00c9xodo Nogoy\u00e1","og_description":"El diputado provincial, Nicol\u00e1s Mattiauda (Pro-Cambiemos), asegur\u00f3 que quien ocupe la vocal\u00eda del Superior Tribunal de Justicia (STJ), en reemplazo&hellip;","og_url":"https:\/\/www.delexodo.com.ar\/?p=8248","og_site_name":"Del \u00c9xodo Nogoy\u00e1","article_published_time":"2021-05-11T21:36:49+00:00","article_modified_time":"2021-05-11T21:40:56+00:00","og_image":[{"width":895,"height":573,"url":"https:\/\/www.delexodo.com.ar\/wp-content\/uploads\/2021\/05\/CASTRILLON-VOCAL.jpg","type":"image\/jpeg"}],"author":"admin","twitter_card":"summary_large_image","twitter_misc":{"Escrito por":"admin","Tiempo de lectura":"3 minutos"},"schema":{"@context":"https:\/\/schema.org","@graph":[{"@type":"Article","@id":"https:\/\/www.delexodo.com.ar\/?p=8248#article","isPartOf":{"@id":"https:\/\/www.delexodo.com.ar\/?p=8248"},"author":{"name":"admin","@id":"https:\/\/www.delexodo.com.ar\/#\/schema\/person\/bbed37f7da8e938660b34f2013ba449d"},"headline":"MATTIAUDA: \u201cBORDET DEBE DEMOSTRAR QUE NO TIENE INJERENCIA EN EL PODER JUDICIAL\u201d","datePublished":"2021-05-11T21:36:49+00:00","dateModified":"2021-05-11T21:40:56+00:00","mainEntityOfPage":{"@id":"https:\/\/www.delexodo.com.ar\/?p=8248"},"wordCount":572,"publisher":{"@id":"https:\/\/www.delexodo.com.ar\/#organization"},"image":{"@id":"https:\/\/www.delexodo.com.ar\/?p=8248#primaryimage"},"thumbnailUrl":"https:\/\/www.delexodo.com.ar\/wp-content\/uploads\/2021\/05\/CASTRILLON-VOCAL.jpg","keywords":["destacar"],"articleSection":["Destacados","NOTICIAS","Politica"],"inLanguage":"es"},{"@type":"WebPage","@id":"https:\/\/www.delexodo.com.ar\/?p=8248","url":"https:\/\/www.delexodo.com.ar\/?p=8248","name":"MATTIAUDA: \u201cBORDET DEBE DEMOSTRAR QUE NO TIENE INJERENCIA EN EL PODER JUDICIAL\u201d - Del \u00c9xodo Nogoy\u00e1","isPartOf":{"@id":"https:\/\/www.delexodo.com.ar\/#website"},"primaryImageOfPage":{"@id":"https:\/\/www.delexodo.com.ar\/?p=8248#primaryimage"},"image":{"@id":"https:\/\/www.delexodo.com.ar\/?p=8248#primaryimage"},"thumbnailUrl":"https:\/\/www.delexodo.com.ar\/wp-content\/uploads\/2021\/05\/CASTRILLON-VOCAL.jpg","datePublished":"2021-05-11T21:36:49+00:00","dateModified":"2021-05-11T21:40:56+00:00","breadcrumb":{"@id":"https:\/\/www.delexodo.com.ar\/?p=8248#breadcrumb"},"inLanguage":"es","potentialAction":[{"@type":"ReadAction","target":["https:\/\/www.delexodo.com.ar\/?p=8248"]}]},{"@type":"ImageObject","inLanguage":"es","@id":"https:\/\/www.delexodo.com.ar\/?p=8248#primaryimage","url":"https:\/\/www.delexodo.com.ar\/wp-content\/uploads\/2021\/05\/CASTRILLON-VOCAL.jpg","contentUrl":"https:\/\/www.delexodo.com.ar\/wp-content\/uploads\/2021\/05\/CASTRILLON-VOCAL.jpg","width":895,"height":573},{"@type":"BreadcrumbList","@id":"https:\/\/www.delexodo.com.ar\/?p=8248#breadcrumb","itemListElement":[{"@type":"ListItem","position":1,"name":"Portada","item":"https:\/\/www.delexodo.com.ar\/"},{"@type":"ListItem","position":2,"name":"MATTIAUDA: \u201cBORDET DEBE DEMOSTRAR QUE NO TIENE INJERENCIA EN EL PODER JUDICIAL\u201d"}]},{"@type":"WebSite","@id":"https:\/\/www.delexodo.com.ar\/#website","url":"https:\/\/www.delexodo.com.ar\/","name":"Del \u00c9xodo Nogoy\u00e1","description":"El Portal de Noticias de la Regi\u00f3n","publisher":{"@id":"https:\/\/www.delexodo.com.ar\/#organization"},"potentialAction":[{"@type":"SearchAction","target":{"@type":"EntryPoint","urlTemplate":"https:\/\/www.delexodo.com.ar\/?s={search_term_string}"},"query-input":{"@type":"PropertyValueSpecification","valueRequired":true,"valueName":"search_term_string"}}],"inLanguage":"es"},{"@type":"Organization","@id":"https:\/\/www.delexodo.com.ar\/#organization","name":"Del \u00c9xodo Nogoy\u00e1","url":"https:\/\/www.delexodo.com.ar\/","logo":{"@type":"ImageObject","inLanguage":"es","@id":"https:\/\/www.delexodo.com.ar\/#\/schema\/logo\/image\/","url":"https:\/\/www.delexodo.com.ar\/wp-content\/uploads\/2024\/10\/cropped-cropped-LOGO24.png","contentUrl":"https:\/\/www.delexodo.com.ar\/wp-content\/uploads\/2024\/10\/cropped-cropped-LOGO24.png","width":512,"height":349,"caption":"Del \u00c9xodo Nogoy\u00e1"},"image":{"@id":"https:\/\/www.delexodo.com.ar\/#\/schema\/logo\/image\/"}},{"@type":"Person","@id":"https:\/\/www.delexodo.com.ar\/#\/schema\/person\/bbed37f7da8e938660b34f2013ba449d","name":"admin","image":{"@type":"ImageObject","inLanguage":"es","@id":"https:\/\/www.delexodo.com.ar\/#\/schema\/person\/image\/","url":"https:\/\/secure.gravatar.com\/avatar\/6b1558d1b6df085f1901bd5bd98523d7?s=96&d=mm&r=g","contentUrl":"https:\/\/secure.gravatar.com\/avatar\/6b1558d1b6df085f1901bd5bd98523d7?s=96&d=mm&r=g","caption":"admin"},"url":"https:\/\/www.delexodo.com.ar\/?author=1"}]}},"_links":{"self":[{"href":"https:\/\/www.delexodo.com.ar\/index.php?rest_route=\/wp\/v2\/posts\/8248","targetHints":{"allow":["GET"]}}],"collection":[{"href":"https:\/\/www.delexodo.com.ar\/index.php?rest_route=\/wp\/v2\/posts"}],"about":[{"href":"https:\/\/www.delexodo.com.ar\/index.php?rest_route=\/wp\/v2\/types\/post"}],"author":[{"embeddable":true,"href":"https:\/\/www.delexodo.com.ar\/index.php?rest_route=\/wp\/v2\/users\/1"}],"replies":[{"embeddable":true,"href":"https:\/\/www.delexodo.com.ar\/index.php?rest_route=%2Fwp%2Fv2%2Fcomments&post=8248"}],"version-history":[{"count":0,"href":"https:\/\/www.delexodo.com.ar\/index.php?rest_route=\/wp\/v2\/posts\/8248\/revisions"}],"wp:featuredmedia":[{"embeddable":true,"href":"https:\/\/www.delexodo.com.ar\/index.php?rest_route=\/wp\/v2\/media\/8253"}],"wp:attachment":[{"href":"https:\/\/www.delexodo.com.ar\/index.php?rest_route=%2Fwp%2Fv2%2Fmedia&parent=8248"}],"wp:term":[{"taxonomy":"category","embeddable":true,"href":"https:\/\/www.delexodo.com.ar\/index.php?rest_route=%2Fwp%2Fv2%2Fcategories&post=8248"},{"taxonomy":"post_tag","embeddable":true,"href":"https:\/\/www.delexodo.com.ar\/index.php?rest_route=%2Fwp%2Fv2%2Ftags&post=8248"}],"curies":[{"name":"wp","href":"https:\/\/api.w.org\/{rel}","templated":true}]}}