{"id":8241,"date":"2021-05-09T19:29:25","date_gmt":"2021-05-09T22:29:25","guid":{"rendered":"http:\/\/www.delexodo.com.ar\/?p=8241"},"modified":"2021-05-09T19:29:26","modified_gmt":"2021-05-09T22:29:26","slug":"avance-en-la-gestion-ambiental-sobre-las-islas-de-victoria","status":"publish","type":"post","link":"https:\/\/www.delexodo.com.ar\/?p=8241","title":{"rendered":"AVANCE EN LA GESTI\u00d3N AMBIENTAL SOBRE LAS ISLAS DE VICTORIA"},"content":{"rendered":"\n<p>La vicegobernadora Laura Stratta se reuni\u00f3 con la Comit\u00e9 de Promoci\u00f3n del Ordenamiento Territorial y Gesti\u00f3n de la Reserva de Usos M\u00faltiples del Sector Islas para promover acciones positivas sobre el territorio.<\/p>\n\n\n\n<p>Este s\u00e1bado la presidenta del Senado entrerriano particip\u00f3 en la ciudad de Victoria de la reuni\u00f3n de trabajo del <strong>Comit\u00e9 de Promoci\u00f3n del Ordenamiento Territorial y Gesti\u00f3n de la Reserva de Usos M\u00faltiples del Sector Islas<\/strong>.<\/p>\n\n\n\n<p>El objetivo del encuentro fue pautar l\u00edneas de acci\u00f3n en pos de la conservaci\u00f3n de los humedales del sector de islas, para asegurar el desarrollo sustentable en esa reserva natural.<\/p>\n\n\n\n<div class=\"wp-block-image\"><figure class=\"aligncenter size-large\"><img loading=\"lazy\" decoding=\"async\" width=\"651\" height=\"385\" src=\"https:\/\/www.delexodo.com.ar\/wp-content\/uploads\/2021\/05\/Gestion-ambiental-Islas-de-Victoria2.jpeg\" alt=\"\" class=\"wp-image-8243\" srcset=\"https:\/\/www.delexodo.com.ar\/wp-content\/uploads\/2021\/05\/Gestion-ambiental-Islas-de-Victoria2.jpeg 651w, https:\/\/www.delexodo.com.ar\/wp-content\/uploads\/2021\/05\/Gestion-ambiental-Islas-de-Victoria2-300x177.jpeg 300w\" sizes=\"auto, (max-width: 651px) 100vw, 651px\" \/><\/figure><\/div>\n\n\n\n<p>La actividad cont\u00f3 con la participaci\u00f3n el senador provincial Gast\u00f3n Bagnat; la diputada provincial Gracia Jaroslavsky; la subsecretaria provincial de Ambiente Valeria Wetzel; el director de \u00c1reas Protegidas Naturales, Alfredo Berduc; el intendente Domingo Maiocco; la viceintendenta Ana Schuth; la secretaria de Producci\u00f3n y Ambiente municipal, Paula Vicari, el director de Turismo municipal Mart\u00edn Lima; el delegado municipal de Islas, Gustavo Andino; la concejal Carla Almada; y Beatriz Giacosa, de la Fundaci\u00f3n Humedales.<\/p>\n\n\n\n<div class=\"wp-block-image\"><figure class=\"aligncenter size-large\"><img loading=\"lazy\" decoding=\"async\" width=\"670\" height=\"423\" src=\"https:\/\/www.delexodo.com.ar\/wp-content\/uploads\/2021\/05\/Gestion-ambiental-Islas-de-Victoria1.jpeg\" alt=\"\" class=\"wp-image-8244\" srcset=\"https:\/\/www.delexodo.com.ar\/wp-content\/uploads\/2021\/05\/Gestion-ambiental-Islas-de-Victoria1.jpeg 670w, https:\/\/www.delexodo.com.ar\/wp-content\/uploads\/2021\/05\/Gestion-ambiental-Islas-de-Victoria1-300x189.jpeg 300w, https:\/\/www.delexodo.com.ar\/wp-content\/uploads\/2021\/05\/Gestion-ambiental-Islas-de-Victoria1-95x60.jpeg 95w\" sizes=\"auto, (max-width: 670px) 100vw, 670px\" \/><\/figure><\/div>\n\n\n\n<p>Una vez finalizada la reuni\u00f3n, la vicegobernadora destac\u00f3 la labor de la comisi\u00f3n y los objetivos que persigue: <em>\u201cEs un trabajo que se viene desarrollando entre provincia, municipio, las organizaciones de la comunidad y, fundamentalmente, con quienes viven en la zona de islas, respetando su condici\u00f3n e identidad con la zona. Esta comisi\u00f3n apunta a ordenar, planificar, con ver qu\u00e9 se puede producir y que sea todo amigable con el ambiente\u201d<\/em>.<\/p>\n\n\n\n<p><em>\u201cVenimos de un a\u00f1o donde el Delta en una gran superficie se incendi\u00f3, donde hubo que tomar decisi\u00f3n al respecto como la creaci\u00f3n de foros de conservaci\u00f3n, se est\u00e1 trabajando en articulaci\u00f3n con la polic\u00eda, los bomberos y el gobierno nacional. Hay varias l\u00edneas de acci\u00f3n que hay que trabajar en conjunto para poder prever ciertas cuestiones que nos permitan evitar la situaci\u00f3n que hemos vivido.\u201d<\/em>, agreg\u00f3.<\/p>\n","protected":false},"excerpt":{"rendered":"<p>La vicegobernadora Laura Stratta se reuni\u00f3 con la Comit\u00e9 de Promoci\u00f3n del Ordenamiento Territorial y Gesti\u00f3n de la Reserva de&hellip;<\/p>\n","protected":false},"author":1,"featured_media":8242,"comment_status":"closed","ping_status":"closed","sticky":false,"template":"","format":"standard","meta":{"_joinchat":[],"footnotes":""},"categories":[65,69,349],"tags":[],"class_list":["post-8241","post","type-post","status-publish","format-standard","has-post-thumbnail","hentry","category-destacados","category-noticias","category-politica"],"yoast_head":"<!-- This site is optimized with the Yoast SEO plugin v25.1 - https:\/\/yoast.com\/wordpress\/plugins\/seo\/ -->\n<title>AVANCE EN LA GESTI\u00d3N AMBIENTAL SOBRE LAS ISLAS DE VICTORIA - Del \u00c9xodo Nogoy\u00e1<\/title>\n<meta name=\"robots\" content=\"index, follow, max-snippet:-1, max-image-preview:large, max-video-preview:-1\" \/>\n<link rel=\"canonical\" href=\"https:\/\/www.delexodo.com.ar\/?p=8241\" \/>\n<meta property=\"og:locale\" content=\"es_ES\" \/>\n<meta property=\"og:type\" content=\"article\" \/>\n<meta property=\"og:title\" content=\"AVANCE EN LA GESTI\u00d3N AMBIENTAL SOBRE LAS ISLAS DE VICTORIA - Del \u00c9xodo Nogoy\u00e1\" \/>\n<meta property=\"og:description\" content=\"La vicegobernadora Laura Stratta se reuni\u00f3 con la Comit\u00e9 de Promoci\u00f3n del Ordenamiento Territorial y Gesti\u00f3n de la Reserva de&hellip;\" \/>\n<meta property=\"og:url\" content=\"https:\/\/www.delexodo.com.ar\/?p=8241\" \/>\n<meta property=\"og:site_name\" content=\"Del \u00c9xodo Nogoy\u00e1\" \/>\n<meta property=\"article:published_time\" content=\"2021-05-09T22:29:25+00:00\" \/>\n<meta property=\"article:modified_time\" content=\"2021-05-09T22:29:26+00:00\" \/>\n<meta property=\"og:image\" content=\"https:\/\/www.delexodo.com.ar\/wp-content\/uploads\/2021\/05\/Gestion-ambiental-Islas-de-Victoria-STRATTA.jpeg\" \/>\n\t<meta property=\"og:image:width\" content=\"960\" \/>\n\t<meta property=\"og:image:height\" content=\"447\" \/>\n\t<meta property=\"og:image:type\" content=\"image\/jpeg\" \/>\n<meta name=\"author\" content=\"admin\" \/>\n<meta name=\"twitter:card\" content=\"summary_large_image\" \/>\n<meta name=\"twitter:label1\" content=\"Escrito por\" \/>\n\t<meta name=\"twitter:data1\" content=\"admin\" \/>\n\t<meta name=\"twitter:label2\" content=\"Tiempo de lectura\" \/>\n\t<meta name=\"twitter:data2\" content=\"2 minutos\" \/>\n<script type=\"application\/ld+json\" class=\"yoast-schema-graph\">{\"@context\":\"https:\/\/schema.org\",\"@graph\":[{\"@type\":\"Article\",\"@id\":\"https:\/\/www.delexodo.com.ar\/?p=8241#article\",\"isPartOf\":{\"@id\":\"https:\/\/www.delexodo.com.ar\/?p=8241\"},\"author\":{\"name\":\"admin\",\"@id\":\"https:\/\/www.delexodo.com.ar\/#\/schema\/person\/bbed37f7da8e938660b34f2013ba449d\"},\"headline\":\"AVANCE EN LA GESTI\u00d3N AMBIENTAL SOBRE LAS ISLAS DE VICTORIA\",\"datePublished\":\"2021-05-09T22:29:25+00:00\",\"dateModified\":\"2021-05-09T22:29:26+00:00\",\"mainEntityOfPage\":{\"@id\":\"https:\/\/www.delexodo.com.ar\/?p=8241\"},\"wordCount\":349,\"publisher\":{\"@id\":\"https:\/\/www.delexodo.com.ar\/#organization\"},\"image\":{\"@id\":\"https:\/\/www.delexodo.com.ar\/?p=8241#primaryimage\"},\"thumbnailUrl\":\"https:\/\/www.delexodo.com.ar\/wp-content\/uploads\/2021\/05\/Gestion-ambiental-Islas-de-Victoria-STRATTA.jpeg\",\"articleSection\":[\"Destacados\",\"NOTICIAS\",\"Politica\"],\"inLanguage\":\"es\"},{\"@type\":\"WebPage\",\"@id\":\"https:\/\/www.delexodo.com.ar\/?p=8241\",\"url\":\"https:\/\/www.delexodo.com.ar\/?p=8241\",\"name\":\"AVANCE EN LA GESTI\u00d3N AMBIENTAL SOBRE LAS ISLAS DE VICTORIA - Del \u00c9xodo Nogoy\u00e1\",\"isPartOf\":{\"@id\":\"https:\/\/www.delexodo.com.ar\/#website\"},\"primaryImageOfPage\":{\"@id\":\"https:\/\/www.delexodo.com.ar\/?p=8241#primaryimage\"},\"image\":{\"@id\":\"https:\/\/www.delexodo.com.ar\/?p=8241#primaryimage\"},\"thumbnailUrl\":\"https:\/\/www.delexodo.com.ar\/wp-content\/uploads\/2021\/05\/Gestion-ambiental-Islas-de-Victoria-STRATTA.jpeg\",\"datePublished\":\"2021-05-09T22:29:25+00:00\",\"dateModified\":\"2021-05-09T22:29:26+00:00\",\"breadcrumb\":{\"@id\":\"https:\/\/www.delexodo.com.ar\/?p=8241#breadcrumb\"},\"inLanguage\":\"es\",\"potentialAction\":[{\"@type\":\"ReadAction\",\"target\":[\"https:\/\/www.delexodo.com.ar\/?p=8241\"]}]},{\"@type\":\"ImageObject\",\"inLanguage\":\"es\",\"@id\":\"https:\/\/www.delexodo.com.ar\/?p=8241#primaryimage\",\"url\":\"https:\/\/www.delexodo.com.ar\/wp-content\/uploads\/2021\/05\/Gestion-ambiental-Islas-de-Victoria-STRATTA.jpeg\",\"contentUrl\":\"https:\/\/www.delexodo.com.ar\/wp-content\/uploads\/2021\/05\/Gestion-ambiental-Islas-de-Victoria-STRATTA.jpeg\",\"width\":960,\"height\":447},{\"@type\":\"BreadcrumbList\",\"@id\":\"https:\/\/www.delexodo.com.ar\/?p=8241#breadcrumb\",\"itemListElement\":[{\"@type\":\"ListItem\",\"position\":1,\"name\":\"Portada\",\"item\":\"https:\/\/www.delexodo.com.ar\/\"},{\"@type\":\"ListItem\",\"position\":2,\"name\":\"AVANCE EN LA GESTI\u00d3N AMBIENTAL SOBRE LAS ISLAS DE VICTORIA\"}]},{\"@type\":\"WebSite\",\"@id\":\"https:\/\/www.delexodo.com.ar\/#website\",\"url\":\"https:\/\/www.delexodo.com.ar\/\",\"name\":\"Del \u00c9xodo Nogoy\u00e1\",\"description\":\"El Portal de Noticias de la Regi\u00f3n\",\"publisher\":{\"@id\":\"https:\/\/www.delexodo.com.ar\/#organization\"},\"potentialAction\":[{\"@type\":\"SearchAction\",\"target\":{\"@type\":\"EntryPoint\",\"urlTemplate\":\"https:\/\/www.delexodo.com.ar\/?s={search_term_string}\"},\"query-input\":{\"@type\":\"PropertyValueSpecification\",\"valueRequired\":true,\"valueName\":\"search_term_string\"}}],\"inLanguage\":\"es\"},{\"@type\":\"Organization\",\"@id\":\"https:\/\/www.delexodo.com.ar\/#organization\",\"name\":\"Del \u00c9xodo Nogoy\u00e1\",\"url\":\"https:\/\/www.delexodo.com.ar\/\",\"logo\":{\"@type\":\"ImageObject\",\"inLanguage\":\"es\",\"@id\":\"https:\/\/www.delexodo.com.ar\/#\/schema\/logo\/image\/\",\"url\":\"https:\/\/www.delexodo.com.ar\/wp-content\/uploads\/2024\/10\/cropped-cropped-LOGO24.png\",\"contentUrl\":\"https:\/\/www.delexodo.com.ar\/wp-content\/uploads\/2024\/10\/cropped-cropped-LOGO24.png\",\"width\":512,\"height\":349,\"caption\":\"Del \u00c9xodo Nogoy\u00e1\"},\"image\":{\"@id\":\"https:\/\/www.delexodo.com.ar\/#\/schema\/logo\/image\/\"}},{\"@type\":\"Person\",\"@id\":\"https:\/\/www.delexodo.com.ar\/#\/schema\/person\/bbed37f7da8e938660b34f2013ba449d\",\"name\":\"admin\",\"image\":{\"@type\":\"ImageObject\",\"inLanguage\":\"es\",\"@id\":\"https:\/\/www.delexodo.com.ar\/#\/schema\/person\/image\/\",\"url\":\"https:\/\/secure.gravatar.com\/avatar\/6b1558d1b6df085f1901bd5bd98523d7?s=96&d=mm&r=g\",\"contentUrl\":\"https:\/\/secure.gravatar.com\/avatar\/6b1558d1b6df085f1901bd5bd98523d7?s=96&d=mm&r=g\",\"caption\":\"admin\"},\"url\":\"https:\/\/www.delexodo.com.ar\/?author=1\"}]}<\/script>\n<!-- \/ Yoast SEO plugin. -->","yoast_head_json":{"title":"AVANCE EN LA GESTI\u00d3N AMBIENTAL SOBRE LAS ISLAS DE VICTORIA - Del \u00c9xodo Nogoy\u00e1","robots":{"index":"index","follow":"follow","max-snippet":"max-snippet:-1","max-image-preview":"max-image-preview:large","max-video-preview":"max-video-preview:-1"},"canonical":"https:\/\/www.delexodo.com.ar\/?p=8241","og_locale":"es_ES","og_type":"article","og_title":"AVANCE EN LA GESTI\u00d3N AMBIENTAL SOBRE LAS ISLAS DE VICTORIA - Del \u00c9xodo Nogoy\u00e1","og_description":"La vicegobernadora Laura Stratta se reuni\u00f3 con la Comit\u00e9 de Promoci\u00f3n del Ordenamiento Territorial y Gesti\u00f3n de la Reserva de&hellip;","og_url":"https:\/\/www.delexodo.com.ar\/?p=8241","og_site_name":"Del \u00c9xodo Nogoy\u00e1","article_published_time":"2021-05-09T22:29:25+00:00","article_modified_time":"2021-05-09T22:29:26+00:00","og_image":[{"width":960,"height":447,"url":"https:\/\/www.delexodo.com.ar\/wp-content\/uploads\/2021\/05\/Gestion-ambiental-Islas-de-Victoria-STRATTA.jpeg","type":"image\/jpeg"}],"author":"admin","twitter_card":"summary_large_image","twitter_misc":{"Escrito por":"admin","Tiempo de lectura":"2 minutos"},"schema":{"@context":"https:\/\/schema.org","@graph":[{"@type":"Article","@id":"https:\/\/www.delexodo.com.ar\/?p=8241#article","isPartOf":{"@id":"https:\/\/www.delexodo.com.ar\/?p=8241"},"author":{"name":"admin","@id":"https:\/\/www.delexodo.com.ar\/#\/schema\/person\/bbed37f7da8e938660b34f2013ba449d"},"headline":"AVANCE EN LA GESTI\u00d3N AMBIENTAL SOBRE LAS ISLAS DE VICTORIA","datePublished":"2021-05-09T22:29:25+00:00","dateModified":"2021-05-09T22:29:26+00:00","mainEntityOfPage":{"@id":"https:\/\/www.delexodo.com.ar\/?p=8241"},"wordCount":349,"publisher":{"@id":"https:\/\/www.delexodo.com.ar\/#organization"},"image":{"@id":"https:\/\/www.delexodo.com.ar\/?p=8241#primaryimage"},"thumbnailUrl":"https:\/\/www.delexodo.com.ar\/wp-content\/uploads\/2021\/05\/Gestion-ambiental-Islas-de-Victoria-STRATTA.jpeg","articleSection":["Destacados","NOTICIAS","Politica"],"inLanguage":"es"},{"@type":"WebPage","@id":"https:\/\/www.delexodo.com.ar\/?p=8241","url":"https:\/\/www.delexodo.com.ar\/?p=8241","name":"AVANCE EN LA GESTI\u00d3N AMBIENTAL SOBRE LAS ISLAS DE VICTORIA - Del \u00c9xodo Nogoy\u00e1","isPartOf":{"@id":"https:\/\/www.delexodo.com.ar\/#website"},"primaryImageOfPage":{"@id":"https:\/\/www.delexodo.com.ar\/?p=8241#primaryimage"},"image":{"@id":"https:\/\/www.delexodo.com.ar\/?p=8241#primaryimage"},"thumbnailUrl":"https:\/\/www.delexodo.com.ar\/wp-content\/uploads\/2021\/05\/Gestion-ambiental-Islas-de-Victoria-STRATTA.jpeg","datePublished":"2021-05-09T22:29:25+00:00","dateModified":"2021-05-09T22:29:26+00:00","breadcrumb":{"@id":"https:\/\/www.delexodo.com.ar\/?p=8241#breadcrumb"},"inLanguage":"es","potentialAction":[{"@type":"ReadAction","target":["https:\/\/www.delexodo.com.ar\/?p=8241"]}]},{"@type":"ImageObject","inLanguage":"es","@id":"https:\/\/www.delexodo.com.ar\/?p=8241#primaryimage","url":"https:\/\/www.delexodo.com.ar\/wp-content\/uploads\/2021\/05\/Gestion-ambiental-Islas-de-Victoria-STRATTA.jpeg","contentUrl":"https:\/\/www.delexodo.com.ar\/wp-content\/uploads\/2021\/05\/Gestion-ambiental-Islas-de-Victoria-STRATTA.jpeg","width":960,"height":447},{"@type":"BreadcrumbList","@id":"https:\/\/www.delexodo.com.ar\/?p=8241#breadcrumb","itemListElement":[{"@type":"ListItem","position":1,"name":"Portada","item":"https:\/\/www.delexodo.com.ar\/"},{"@type":"ListItem","position":2,"name":"AVANCE EN LA GESTI\u00d3N AMBIENTAL SOBRE LAS ISLAS DE VICTORIA"}]},{"@type":"WebSite","@id":"https:\/\/www.delexodo.com.ar\/#website","url":"https:\/\/www.delexodo.com.ar\/","name":"Del \u00c9xodo Nogoy\u00e1","description":"El Portal de Noticias de la Regi\u00f3n","publisher":{"@id":"https:\/\/www.delexodo.com.ar\/#organization"},"potentialAction":[{"@type":"SearchAction","target":{"@type":"EntryPoint","urlTemplate":"https:\/\/www.delexodo.com.ar\/?s={search_term_string}"},"query-input":{"@type":"PropertyValueSpecification","valueRequired":true,"valueName":"search_term_string"}}],"inLanguage":"es"},{"@type":"Organization","@id":"https:\/\/www.delexodo.com.ar\/#organization","name":"Del \u00c9xodo Nogoy\u00e1","url":"https:\/\/www.delexodo.com.ar\/","logo":{"@type":"ImageObject","inLanguage":"es","@id":"https:\/\/www.delexodo.com.ar\/#\/schema\/logo\/image\/","url":"https:\/\/www.delexodo.com.ar\/wp-content\/uploads\/2024\/10\/cropped-cropped-LOGO24.png","contentUrl":"https:\/\/www.delexodo.com.ar\/wp-content\/uploads\/2024\/10\/cropped-cropped-LOGO24.png","width":512,"height":349,"caption":"Del \u00c9xodo Nogoy\u00e1"},"image":{"@id":"https:\/\/www.delexodo.com.ar\/#\/schema\/logo\/image\/"}},{"@type":"Person","@id":"https:\/\/www.delexodo.com.ar\/#\/schema\/person\/bbed37f7da8e938660b34f2013ba449d","name":"admin","image":{"@type":"ImageObject","inLanguage":"es","@id":"https:\/\/www.delexodo.com.ar\/#\/schema\/person\/image\/","url":"https:\/\/secure.gravatar.com\/avatar\/6b1558d1b6df085f1901bd5bd98523d7?s=96&d=mm&r=g","contentUrl":"https:\/\/secure.gravatar.com\/avatar\/6b1558d1b6df085f1901bd5bd98523d7?s=96&d=mm&r=g","caption":"admin"},"url":"https:\/\/www.delexodo.com.ar\/?author=1"}]}},"_links":{"self":[{"href":"https:\/\/www.delexodo.com.ar\/index.php?rest_route=\/wp\/v2\/posts\/8241","targetHints":{"allow":["GET"]}}],"collection":[{"href":"https:\/\/www.delexodo.com.ar\/index.php?rest_route=\/wp\/v2\/posts"}],"about":[{"href":"https:\/\/www.delexodo.com.ar\/index.php?rest_route=\/wp\/v2\/types\/post"}],"author":[{"embeddable":true,"href":"https:\/\/www.delexodo.com.ar\/index.php?rest_route=\/wp\/v2\/users\/1"}],"replies":[{"embeddable":true,"href":"https:\/\/www.delexodo.com.ar\/index.php?rest_route=%2Fwp%2Fv2%2Fcomments&post=8241"}],"version-history":[{"count":0,"href":"https:\/\/www.delexodo.com.ar\/index.php?rest_route=\/wp\/v2\/posts\/8241\/revisions"}],"wp:featuredmedia":[{"embeddable":true,"href":"https:\/\/www.delexodo.com.ar\/index.php?rest_route=\/wp\/v2\/media\/8242"}],"wp:attachment":[{"href":"https:\/\/www.delexodo.com.ar\/index.php?rest_route=%2Fwp%2Fv2%2Fmedia&parent=8241"}],"wp:term":[{"taxonomy":"category","embeddable":true,"href":"https:\/\/www.delexodo.com.ar\/index.php?rest_route=%2Fwp%2Fv2%2Fcategories&post=8241"},{"taxonomy":"post_tag","embeddable":true,"href":"https:\/\/www.delexodo.com.ar\/index.php?rest_route=%2Fwp%2Fv2%2Ftags&post=8241"}],"curies":[{"name":"wp","href":"https:\/\/api.w.org\/{rel}","templated":true}]}}