{"id":8235,"date":"2021-05-08T14:01:40","date_gmt":"2021-05-08T17:01:40","guid":{"rendered":"http:\/\/www.delexodo.com.ar\/?p=8235"},"modified":"2021-05-09T19:04:55","modified_gmt":"2021-05-09T22:04:55","slug":"ayrton-londero-acelera-el-ford-en-parana","status":"publish","type":"post","link":"https:\/\/www.delexodo.com.ar\/?p=8235","title":{"rendered":"AYRTON LONDERO ACELERA EL FORD EN PARAN\u00c1"},"content":{"rendered":"\n<p>En el Aut\u00f3dromo Ciudad de Paran\u00e1 se disputar\u00e1 la quinta cita del calendario del Turismo de Carretera y el TC Pista lo que marcar\u00e1 un punto de inflexi\u00f3n en el campeonato camino a la Copa de Oro y de Plata R\u00edo Uruguay Seguros.<\/p>\n\n\n\n<p>El trazado entrerriano, en el que el Turismo Carretera se present\u00f3 por \u00faltima vez en 2019 (en el retiro de Omar Mart\u00ednez), tiene a Chevrolet como la m\u00e1xima marca ganadora en dicho escenario con 13 triunfos, Ford, es la segunda marca con mayor cantidad de triunfos, exhibe once festejos en lo m\u00e1s alto del podio. Justamente un Ford estar\u00e1 acelerando el piloto de Ram\u00edrez, <strong>Ayrton Londero<\/strong>, y no es cualquier Ford, sino el del equipo <strong>Martinez Competici\u00f3n<\/strong>, estructura que lidera<strong> Omar \u201cGur\u00ed\u201d Martinez<\/strong>.<\/p>\n\n\n\n<div class=\"wp-block-image\"><figure class=\"alignleft size-large\"><img loading=\"lazy\" decoding=\"async\" width=\"266\" height=\"138\" src=\"https:\/\/www.delexodo.com.ar\/wp-content\/uploads\/2021\/05\/ayr-au177.jpg\" alt=\"\" class=\"wp-image-8238\"\/><\/figure><\/div>\n\n\n\n<p>De esto y mucho m\u00e1s habl\u00f3 el piloto del \u201ccanario\u201d 177 en dialogo con Zona Mixta, programa que se emite por FM del \u00c9xodo, lunes y jueves a las 20 horas.<\/p>\n\n\n\n<p><em>\u201cLa semana previas a las carreras son agitadas. Ten\u00e9s que juntar el presupuesto para estar en la grilla de largada. Desde que te bajas del auto en la \u00faltima fecha, empezas a trabajar para la fecha siguiente. Todo el equipo hace un esfuerzo enorme y es muy profesional, como lo requiere la principal categor\u00eda de nuestro automovilismo\u201d<\/em><\/p>\n\n\n\n<p><em>\u201cEste fin de semana lo \u201cjugamos\u201d casi de locales, es una l\u00e1stima que el p\u00fablico va a estar ausente ya que es una plaza de mucha convocatoria, nos va a faltar esa cuota de apoyo que nos da el p\u00fablico fierrero, pero no queda otra alternativa, mas que esperar que pase todo esto y volver a la normalidad\u201d<\/em><\/p>\n\n\n\n<p><em>\u201cEsta va a ser una fecha muy especial en lo personal porque voy a estar cumpliendo un sue\u00f1o que es correr en Paran\u00e1 siendo piloto del TC. Un sue\u00f1o que ten\u00eda desde peque\u00f1o cuando ven\u00eda a ver el TC junto a mi pap\u00e1, sus amigos y los m\u00edos desde atr\u00e1s del alambrado. Va a ser una fecha muy emotiva para m\u00ed, por lo que estoy muy agradecido con todos mis sponsors de darme esta oportunidad de poder concretarlo\u201d.<\/em><\/p>\n\n\n\n<figure class=\"wp-block-image size-large\"><img loading=\"lazy\" decoding=\"async\" width=\"600\" height=\"400\" src=\"https:\/\/www.delexodo.com.ar\/wp-content\/uploads\/2021\/05\/ayr-gur.jpg\" alt=\"\" class=\"wp-image-8237\" srcset=\"https:\/\/www.delexodo.com.ar\/wp-content\/uploads\/2021\/05\/ayr-gur.jpg 600w, https:\/\/www.delexodo.com.ar\/wp-content\/uploads\/2021\/05\/ayr-gur-300x200.jpg 300w\" sizes=\"auto, (max-width: 600px) 100vw, 600px\" \/><\/figure>\n\n\n\n<p><em>\u201cHoy puedo decir que tengo una relaci\u00f3n de amistad con Omar hablamos de muchas cosas, pero desde el primer d\u00eda tuvo un trato especial hacia m\u00ed y lo valoro much\u00edsimo, charlamos de varias cosas, pero siempre enfocado en lo que tenemos que hacer para ir mejorando d\u00eda a d\u00eda\u201d<\/em><\/p>\n","protected":false},"excerpt":{"rendered":"<p>En el Aut\u00f3dromo Ciudad de Paran\u00e1 se disputar\u00e1 la quinta cita del calendario del Turismo de Carretera y el TC&hellip;<\/p>\n","protected":false},"author":1,"featured_media":8236,"comment_status":"closed","ping_status":"closed","sticky":false,"template":"","format":"standard","meta":{"_joinchat":[],"footnotes":""},"categories":[353,65,69],"tags":[],"class_list":["post-8235","post","type-post","status-publish","format-standard","has-post-thumbnail","hentry","category-deportes","category-destacados","category-noticias"],"yoast_head":"<!-- This site is optimized with the Yoast SEO plugin v25.1 - https:\/\/yoast.com\/wordpress\/plugins\/seo\/ -->\n<title>AYRTON LONDERO ACELERA EL FORD EN PARAN\u00c1 - Del \u00c9xodo Nogoy\u00e1<\/title>\n<meta name=\"robots\" content=\"index, follow, max-snippet:-1, max-image-preview:large, max-video-preview:-1\" \/>\n<link rel=\"canonical\" href=\"https:\/\/www.delexodo.com.ar\/?p=8235\" \/>\n<meta property=\"og:locale\" content=\"es_ES\" \/>\n<meta property=\"og:type\" content=\"article\" \/>\n<meta property=\"og:title\" content=\"AYRTON LONDERO ACELERA EL FORD EN PARAN\u00c1 - Del \u00c9xodo Nogoy\u00e1\" \/>\n<meta property=\"og:description\" content=\"En el Aut\u00f3dromo Ciudad de Paran\u00e1 se disputar\u00e1 la quinta cita del calendario del Turismo de Carretera y el TC&hellip;\" \/>\n<meta property=\"og:url\" content=\"https:\/\/www.delexodo.com.ar\/?p=8235\" \/>\n<meta property=\"og:site_name\" content=\"Del \u00c9xodo Nogoy\u00e1\" \/>\n<meta property=\"article:published_time\" content=\"2021-05-08T17:01:40+00:00\" \/>\n<meta property=\"article:modified_time\" content=\"2021-05-09T22:04:55+00:00\" \/>\n<meta property=\"og:image\" content=\"https:\/\/www.delexodo.com.ar\/wp-content\/uploads\/2021\/05\/ayr-au.jpg\" \/>\n\t<meta property=\"og:image:width\" content=\"640\" \/>\n\t<meta property=\"og:image:height\" content=\"360\" \/>\n\t<meta property=\"og:image:type\" content=\"image\/jpeg\" \/>\n<meta name=\"author\" content=\"admin\" \/>\n<meta name=\"twitter:card\" content=\"summary_large_image\" \/>\n<meta name=\"twitter:label1\" content=\"Escrito por\" \/>\n\t<meta name=\"twitter:data1\" content=\"admin\" \/>\n\t<meta name=\"twitter:label2\" content=\"Tiempo de lectura\" \/>\n\t<meta name=\"twitter:data2\" content=\"2 minutos\" \/>\n<script type=\"application\/ld+json\" class=\"yoast-schema-graph\">{\"@context\":\"https:\/\/schema.org\",\"@graph\":[{\"@type\":\"Article\",\"@id\":\"https:\/\/www.delexodo.com.ar\/?p=8235#article\",\"isPartOf\":{\"@id\":\"https:\/\/www.delexodo.com.ar\/?p=8235\"},\"author\":{\"name\":\"admin\",\"@id\":\"https:\/\/www.delexodo.com.ar\/#\/schema\/person\/bbed37f7da8e938660b34f2013ba449d\"},\"headline\":\"AYRTON LONDERO ACELERA EL FORD EN PARAN\u00c1\",\"datePublished\":\"2021-05-08T17:01:40+00:00\",\"dateModified\":\"2021-05-09T22:04:55+00:00\",\"mainEntityOfPage\":{\"@id\":\"https:\/\/www.delexodo.com.ar\/?p=8235\"},\"wordCount\":428,\"publisher\":{\"@id\":\"https:\/\/www.delexodo.com.ar\/#organization\"},\"image\":{\"@id\":\"https:\/\/www.delexodo.com.ar\/?p=8235#primaryimage\"},\"thumbnailUrl\":\"https:\/\/www.delexodo.com.ar\/wp-content\/uploads\/2021\/05\/ayr-au.jpg\",\"articleSection\":[\"Deportes\",\"Destacados\",\"NOTICIAS\"],\"inLanguage\":\"es\"},{\"@type\":\"WebPage\",\"@id\":\"https:\/\/www.delexodo.com.ar\/?p=8235\",\"url\":\"https:\/\/www.delexodo.com.ar\/?p=8235\",\"name\":\"AYRTON LONDERO ACELERA EL FORD EN PARAN\u00c1 - Del \u00c9xodo Nogoy\u00e1\",\"isPartOf\":{\"@id\":\"https:\/\/www.delexodo.com.ar\/#website\"},\"primaryImageOfPage\":{\"@id\":\"https:\/\/www.delexodo.com.ar\/?p=8235#primaryimage\"},\"image\":{\"@id\":\"https:\/\/www.delexodo.com.ar\/?p=8235#primaryimage\"},\"thumbnailUrl\":\"https:\/\/www.delexodo.com.ar\/wp-content\/uploads\/2021\/05\/ayr-au.jpg\",\"datePublished\":\"2021-05-08T17:01:40+00:00\",\"dateModified\":\"2021-05-09T22:04:55+00:00\",\"breadcrumb\":{\"@id\":\"https:\/\/www.delexodo.com.ar\/?p=8235#breadcrumb\"},\"inLanguage\":\"es\",\"potentialAction\":[{\"@type\":\"ReadAction\",\"target\":[\"https:\/\/www.delexodo.com.ar\/?p=8235\"]}]},{\"@type\":\"ImageObject\",\"inLanguage\":\"es\",\"@id\":\"https:\/\/www.delexodo.com.ar\/?p=8235#primaryimage\",\"url\":\"https:\/\/www.delexodo.com.ar\/wp-content\/uploads\/2021\/05\/ayr-au.jpg\",\"contentUrl\":\"https:\/\/www.delexodo.com.ar\/wp-content\/uploads\/2021\/05\/ayr-au.jpg\",\"width\":640,\"height\":360},{\"@type\":\"BreadcrumbList\",\"@id\":\"https:\/\/www.delexodo.com.ar\/?p=8235#breadcrumb\",\"itemListElement\":[{\"@type\":\"ListItem\",\"position\":1,\"name\":\"Portada\",\"item\":\"https:\/\/www.delexodo.com.ar\/\"},{\"@type\":\"ListItem\",\"position\":2,\"name\":\"AYRTON LONDERO ACELERA EL FORD EN PARAN\u00c1\"}]},{\"@type\":\"WebSite\",\"@id\":\"https:\/\/www.delexodo.com.ar\/#website\",\"url\":\"https:\/\/www.delexodo.com.ar\/\",\"name\":\"Del \u00c9xodo Nogoy\u00e1\",\"description\":\"El Portal de Noticias de la Regi\u00f3n\",\"publisher\":{\"@id\":\"https:\/\/www.delexodo.com.ar\/#organization\"},\"potentialAction\":[{\"@type\":\"SearchAction\",\"target\":{\"@type\":\"EntryPoint\",\"urlTemplate\":\"https:\/\/www.delexodo.com.ar\/?s={search_term_string}\"},\"query-input\":{\"@type\":\"PropertyValueSpecification\",\"valueRequired\":true,\"valueName\":\"search_term_string\"}}],\"inLanguage\":\"es\"},{\"@type\":\"Organization\",\"@id\":\"https:\/\/www.delexodo.com.ar\/#organization\",\"name\":\"Del \u00c9xodo Nogoy\u00e1\",\"url\":\"https:\/\/www.delexodo.com.ar\/\",\"logo\":{\"@type\":\"ImageObject\",\"inLanguage\":\"es\",\"@id\":\"https:\/\/www.delexodo.com.ar\/#\/schema\/logo\/image\/\",\"url\":\"https:\/\/www.delexodo.com.ar\/wp-content\/uploads\/2024\/10\/cropped-cropped-LOGO24.png\",\"contentUrl\":\"https:\/\/www.delexodo.com.ar\/wp-content\/uploads\/2024\/10\/cropped-cropped-LOGO24.png\",\"width\":512,\"height\":349,\"caption\":\"Del \u00c9xodo Nogoy\u00e1\"},\"image\":{\"@id\":\"https:\/\/www.delexodo.com.ar\/#\/schema\/logo\/image\/\"}},{\"@type\":\"Person\",\"@id\":\"https:\/\/www.delexodo.com.ar\/#\/schema\/person\/bbed37f7da8e938660b34f2013ba449d\",\"name\":\"admin\",\"image\":{\"@type\":\"ImageObject\",\"inLanguage\":\"es\",\"@id\":\"https:\/\/www.delexodo.com.ar\/#\/schema\/person\/image\/\",\"url\":\"https:\/\/secure.gravatar.com\/avatar\/6b1558d1b6df085f1901bd5bd98523d7?s=96&d=mm&r=g\",\"contentUrl\":\"https:\/\/secure.gravatar.com\/avatar\/6b1558d1b6df085f1901bd5bd98523d7?s=96&d=mm&r=g\",\"caption\":\"admin\"},\"url\":\"https:\/\/www.delexodo.com.ar\/?author=1\"}]}<\/script>\n<!-- \/ Yoast SEO plugin. -->","yoast_head_json":{"title":"AYRTON LONDERO ACELERA EL FORD EN PARAN\u00c1 - Del \u00c9xodo Nogoy\u00e1","robots":{"index":"index","follow":"follow","max-snippet":"max-snippet:-1","max-image-preview":"max-image-preview:large","max-video-preview":"max-video-preview:-1"},"canonical":"https:\/\/www.delexodo.com.ar\/?p=8235","og_locale":"es_ES","og_type":"article","og_title":"AYRTON LONDERO ACELERA EL FORD EN PARAN\u00c1 - Del \u00c9xodo Nogoy\u00e1","og_description":"En el Aut\u00f3dromo Ciudad de Paran\u00e1 se disputar\u00e1 la quinta cita del calendario del Turismo de Carretera y el TC&hellip;","og_url":"https:\/\/www.delexodo.com.ar\/?p=8235","og_site_name":"Del \u00c9xodo Nogoy\u00e1","article_published_time":"2021-05-08T17:01:40+00:00","article_modified_time":"2021-05-09T22:04:55+00:00","og_image":[{"width":640,"height":360,"url":"https:\/\/www.delexodo.com.ar\/wp-content\/uploads\/2021\/05\/ayr-au.jpg","type":"image\/jpeg"}],"author":"admin","twitter_card":"summary_large_image","twitter_misc":{"Escrito por":"admin","Tiempo de lectura":"2 minutos"},"schema":{"@context":"https:\/\/schema.org","@graph":[{"@type":"Article","@id":"https:\/\/www.delexodo.com.ar\/?p=8235#article","isPartOf":{"@id":"https:\/\/www.delexodo.com.ar\/?p=8235"},"author":{"name":"admin","@id":"https:\/\/www.delexodo.com.ar\/#\/schema\/person\/bbed37f7da8e938660b34f2013ba449d"},"headline":"AYRTON LONDERO ACELERA EL FORD EN PARAN\u00c1","datePublished":"2021-05-08T17:01:40+00:00","dateModified":"2021-05-09T22:04:55+00:00","mainEntityOfPage":{"@id":"https:\/\/www.delexodo.com.ar\/?p=8235"},"wordCount":428,"publisher":{"@id":"https:\/\/www.delexodo.com.ar\/#organization"},"image":{"@id":"https:\/\/www.delexodo.com.ar\/?p=8235#primaryimage"},"thumbnailUrl":"https:\/\/www.delexodo.com.ar\/wp-content\/uploads\/2021\/05\/ayr-au.jpg","articleSection":["Deportes","Destacados","NOTICIAS"],"inLanguage":"es"},{"@type":"WebPage","@id":"https:\/\/www.delexodo.com.ar\/?p=8235","url":"https:\/\/www.delexodo.com.ar\/?p=8235","name":"AYRTON LONDERO ACELERA EL FORD EN PARAN\u00c1 - Del \u00c9xodo Nogoy\u00e1","isPartOf":{"@id":"https:\/\/www.delexodo.com.ar\/#website"},"primaryImageOfPage":{"@id":"https:\/\/www.delexodo.com.ar\/?p=8235#primaryimage"},"image":{"@id":"https:\/\/www.delexodo.com.ar\/?p=8235#primaryimage"},"thumbnailUrl":"https:\/\/www.delexodo.com.ar\/wp-content\/uploads\/2021\/05\/ayr-au.jpg","datePublished":"2021-05-08T17:01:40+00:00","dateModified":"2021-05-09T22:04:55+00:00","breadcrumb":{"@id":"https:\/\/www.delexodo.com.ar\/?p=8235#breadcrumb"},"inLanguage":"es","potentialAction":[{"@type":"ReadAction","target":["https:\/\/www.delexodo.com.ar\/?p=8235"]}]},{"@type":"ImageObject","inLanguage":"es","@id":"https:\/\/www.delexodo.com.ar\/?p=8235#primaryimage","url":"https:\/\/www.delexodo.com.ar\/wp-content\/uploads\/2021\/05\/ayr-au.jpg","contentUrl":"https:\/\/www.delexodo.com.ar\/wp-content\/uploads\/2021\/05\/ayr-au.jpg","width":640,"height":360},{"@type":"BreadcrumbList","@id":"https:\/\/www.delexodo.com.ar\/?p=8235#breadcrumb","itemListElement":[{"@type":"ListItem","position":1,"name":"Portada","item":"https:\/\/www.delexodo.com.ar\/"},{"@type":"ListItem","position":2,"name":"AYRTON LONDERO ACELERA EL FORD EN PARAN\u00c1"}]},{"@type":"WebSite","@id":"https:\/\/www.delexodo.com.ar\/#website","url":"https:\/\/www.delexodo.com.ar\/","name":"Del \u00c9xodo Nogoy\u00e1","description":"El Portal de Noticias de la Regi\u00f3n","publisher":{"@id":"https:\/\/www.delexodo.com.ar\/#organization"},"potentialAction":[{"@type":"SearchAction","target":{"@type":"EntryPoint","urlTemplate":"https:\/\/www.delexodo.com.ar\/?s={search_term_string}"},"query-input":{"@type":"PropertyValueSpecification","valueRequired":true,"valueName":"search_term_string"}}],"inLanguage":"es"},{"@type":"Organization","@id":"https:\/\/www.delexodo.com.ar\/#organization","name":"Del \u00c9xodo Nogoy\u00e1","url":"https:\/\/www.delexodo.com.ar\/","logo":{"@type":"ImageObject","inLanguage":"es","@id":"https:\/\/www.delexodo.com.ar\/#\/schema\/logo\/image\/","url":"https:\/\/www.delexodo.com.ar\/wp-content\/uploads\/2024\/10\/cropped-cropped-LOGO24.png","contentUrl":"https:\/\/www.delexodo.com.ar\/wp-content\/uploads\/2024\/10\/cropped-cropped-LOGO24.png","width":512,"height":349,"caption":"Del \u00c9xodo Nogoy\u00e1"},"image":{"@id":"https:\/\/www.delexodo.com.ar\/#\/schema\/logo\/image\/"}},{"@type":"Person","@id":"https:\/\/www.delexodo.com.ar\/#\/schema\/person\/bbed37f7da8e938660b34f2013ba449d","name":"admin","image":{"@type":"ImageObject","inLanguage":"es","@id":"https:\/\/www.delexodo.com.ar\/#\/schema\/person\/image\/","url":"https:\/\/secure.gravatar.com\/avatar\/6b1558d1b6df085f1901bd5bd98523d7?s=96&d=mm&r=g","contentUrl":"https:\/\/secure.gravatar.com\/avatar\/6b1558d1b6df085f1901bd5bd98523d7?s=96&d=mm&r=g","caption":"admin"},"url":"https:\/\/www.delexodo.com.ar\/?author=1"}]}},"_links":{"self":[{"href":"https:\/\/www.delexodo.com.ar\/index.php?rest_route=\/wp\/v2\/posts\/8235","targetHints":{"allow":["GET"]}}],"collection":[{"href":"https:\/\/www.delexodo.com.ar\/index.php?rest_route=\/wp\/v2\/posts"}],"about":[{"href":"https:\/\/www.delexodo.com.ar\/index.php?rest_route=\/wp\/v2\/types\/post"}],"author":[{"embeddable":true,"href":"https:\/\/www.delexodo.com.ar\/index.php?rest_route=\/wp\/v2\/users\/1"}],"replies":[{"embeddable":true,"href":"https:\/\/www.delexodo.com.ar\/index.php?rest_route=%2Fwp%2Fv2%2Fcomments&post=8235"}],"version-history":[{"count":0,"href":"https:\/\/www.delexodo.com.ar\/index.php?rest_route=\/wp\/v2\/posts\/8235\/revisions"}],"wp:featuredmedia":[{"embeddable":true,"href":"https:\/\/www.delexodo.com.ar\/index.php?rest_route=\/wp\/v2\/media\/8236"}],"wp:attachment":[{"href":"https:\/\/www.delexodo.com.ar\/index.php?rest_route=%2Fwp%2Fv2%2Fmedia&parent=8235"}],"wp:term":[{"taxonomy":"category","embeddable":true,"href":"https:\/\/www.delexodo.com.ar\/index.php?rest_route=%2Fwp%2Fv2%2Fcategories&post=8235"},{"taxonomy":"post_tag","embeddable":true,"href":"https:\/\/www.delexodo.com.ar\/index.php?rest_route=%2Fwp%2Fv2%2Ftags&post=8235"}],"curies":[{"name":"wp","href":"https:\/\/api.w.org\/{rel}","templated":true}]}}